{"id":12212,"date":"2017-04-21T11:16:51","date_gmt":"2017-04-21T09:16:51","guid":{"rendered":"https:\/\/www.spagnacasa.it\/info\/?p=12212"},"modified":"2023-01-10T18:55:39","modified_gmt":"2023-01-10T17:55:39","slug":"eleconomista-intervista-purificacion-mancebo-responsabile-proprieta-vinicole-rimontgo-invest","status":"publish","type":"post","link":"https:\/\/www.rimontgowineries.com\/blog\/it\/eleconomista-intervista-purificacion-mancebo-responsabile-proprieta-vinicole-rimontgo-invest\/","title":{"rendered":"El Economista intervista Purificaci\u00f3n Mancebo, responsabile delle propriet\u00e0 vinicole di Rimontg\u00f3 Invest"},"content":{"rendered":"<p>L\u2019ultimo numero pubblicato il mese di aprile della rivista online <em>El Economista Comunidad Valenciana<\/em>, include un\u2019intervista con Purificaci\u00f3n Mancebo, responsabile delle propriet\u00e0 vinicole di Rimontg\u00f3 Invest, dipartimento di Rimontg\u00f3 incaricato di gestire l\u2019interesse internazionale nell\u2019investire in immobili trofeo in Spagna.<\/p>\n<p>Il reportage, firmato dalla giornalista Olivia Fontanillo, rispecchia l\u2019attrazione esercitata dal settore vitivinicolo spagnolo sugli investitori stranieri, specialmente nelle Denominazioni di Origine Controllata della Rioja e Ribera del Duero. A queste zone si \u00e8 aggiunta recentemente la Denominazione di Origine Controllata Utiel-Requena grazie ad una proiezione internazionale sempre maggiore, basata sulla qualit\u00e0 dei suoi vini, la relazione qualit\u00e0-prezzo, il potenziale di crescita e il fatto di puntare all\u2019elaborazione del Cava.<\/p>\n<p>Nell\u2019intervista, Purificaci\u00f3n Mancebo passa in rassegna le ragioni per le quali in Spagna non c\u2019\u00e8 stato, per il momento, un grande afflusso di investitori internazionali nel settore vitivinicolo, a differenza di ci\u00f2 che \u00e8 successo invece a Bordeaux. Mancebo spiega in questo articolo le diverse motivazioni degli investitori che li spingono ad acquistare parzialmente o interamente un\u2019azienda vinicola, cos\u00ec come le caratteristiche pi\u00f9 richieste da tali acquirenti nel momento in cui valutano un possibile investimento.<\/p>\n<p><img loading=\"lazy\" decoding=\"async\" class=\"aligncenter wp-image-19371 size-large\" title=\"Cantina nella D.O. Rioja\" src=\"https:\/\/www.rimontgowineries.com\/blog\/wp-content\/uploads\/2020\/03\/26.-cual-es-el-perfil-de-las-bodegas-que-interesan-al-inversor-internacional-3-e1585043119565-1024x576.jpg\" alt=\"Cantina in vendita nella D.O. Rioja\" width=\"780\" height=\"439\" srcset=\"https:\/\/www.rimontgowineries.com\/blog\/wp-content\/uploads\/2020\/03\/26.-cual-es-el-perfil-de-las-bodegas-que-interesan-al-inversor-internacional-3-e1585043119565-1024x576.jpg 1024w, https:\/\/www.rimontgowineries.com\/blog\/wp-content\/uploads\/2020\/03\/26.-cual-es-el-perfil-de-las-bodegas-que-interesan-al-inversor-internacional-3-e1585043119565-300x169.jpg 300w, https:\/\/www.rimontgowineries.com\/blog\/wp-content\/uploads\/2020\/03\/26.-cual-es-el-perfil-de-las-bodegas-que-interesan-al-inversor-internacional-3-e1585043119565-768x432.jpg 768w, https:\/\/www.rimontgowineries.com\/blog\/wp-content\/uploads\/2020\/03\/26.-cual-es-el-perfil-de-las-bodegas-que-interesan-al-inversor-internacional-3-e1585043119565.jpg 1280w\" sizes=\"(max-width: 780px) 100vw, 780px\" \/><\/p>\n<p>L\u2019articolo contiene anche la filosofia alla base del lavoro di <a href=\"http:\/\/www.rimontgoinvest.com\/\" target=\"_blank\" rel=\"noopener noreferrer\">Rimontg\u00f3 Invest<\/a> nella gestione degli investimenti in propriet\u00e0 vinicole, un lungo processo che esige una conoscenza approfondita del mercato, un\u2019agenda di importanti contatti internazionali e massima riservatezza. Inoltre, Zilu Wang, responsabile delle operazioni coi clienti cinesi di Rimontg\u00f3 Invest, espone la sua visione sugli investitori provenienti da quel paese in relazione al settore vitivinicolo spagnolo.<\/p>\n<p>L\u2019articolo completo \u00e8 disponibile cliccando su questo <a href=\"http:\/\/diario.eleconomista.es\/i\/805494-eleconomista-comunitat-valenciana-31-marzo-2017?token=\" target=\"_blank\" rel=\"noopener noreferrer\">link<\/a>, dal quale \u00e8 anche possibile scaricare la pubblicazione (solo in versione spagnola).<\/p>\n","protected":false},"excerpt":{"rendered":"<p>El Economista intervista Purificaci\u00f3n Mancebo di Rimontg\u00f3 Invest, sul rapporto tra investitori internazionali e immobili trofeo vinicoli spagnoli.<\/p>\n","protected":false},"author":1,"featured_media":19410,"comment_status":"closed","ping_status":"closed","sticky":false,"template":"","format":"standard","meta":{"_mi_skip_tracking":false,"_monsterinsights_sitenote_active":false,"_monsterinsights_sitenote_note":"","_monsterinsights_sitenote_category":0,"footnotes":""},"categories":[3086],"tags":[],"yoast_head":"<!-- This site is optimized with the Yoast SEO plugin v21.5 - https:\/\/yoast.com\/wordpress\/plugins\/seo\/ -->\n<title>Purificaci\u00f3n Mancebo intervistata da El Economista | Rimontg\u00f3 Bodegas<\/title>\n<meta name=\"description\" content=\"Purificaci\u00f3n Mancebo, responsabile del dipartimento di vendita di cantine e vigneti a Rimontg\u00f3, offre un&#039;intervista per El Economista Comunidad Valenciana.\" \/>\n<meta name=\"robots\" content=\"index, follow, max-snippet:-1, max-image-preview:large, max-video-preview:-1\" \/>\n<link rel=\"canonical\" href=\"https:\/\/www.rimontgowineries.com\/blog\/it\/eleconomista-intervista-purificacion-mancebo-responsabile-proprieta-vinicole-rimontgo-invest\/\" \/>\n<meta property=\"og:locale\" content=\"es_ES\" \/>\n<meta property=\"og:type\" content=\"article\" \/>\n<meta property=\"og:title\" content=\"Purificaci\u00f3n Mancebo intervistata da El Economista | Rimontg\u00f3 Bodegas\" \/>\n<meta property=\"og:description\" content=\"Purificaci\u00f3n Mancebo, responsabile del dipartimento di vendita di cantine e vigneti a Rimontg\u00f3, offre un&#039;intervista per El Economista Comunidad Valenciana.\" \/>\n<meta property=\"og:url\" content=\"https:\/\/www.rimontgowineries.com\/blog\/it\/eleconomista-intervista-purificacion-mancebo-responsabile-proprieta-vinicole-rimontgo-invest\/\" \/>\n<meta property=\"og:site_name\" content=\"Rimontgo Wineries\" \/>\n<meta property=\"article:published_time\" content=\"2017-04-21T09:16:51+00:00\" \/>\n<meta property=\"article:modified_time\" content=\"2023-01-10T17:55:39+00:00\" \/>\n<meta property=\"og:image\" content=\"https:\/\/www.rimontgowineries.com\/blog\/wp-content\/uploads\/2020\/03\/24.-el-economista-entrevista-a-purificacion-mancebo-responsable-de-bodegas-en-rimontgo-invest2-e1585046417611.jpg\" \/>\n\t<meta property=\"og:image:width\" content=\"1280\" \/>\n\t<meta property=\"og:image:height\" content=\"720\" \/>\n\t<meta property=\"og:image:type\" content=\"image\/jpeg\" \/>\n<meta name=\"author\" content=\"Rimontg\u00f3\" \/>\n<meta name=\"twitter:card\" content=\"summary_large_image\" \/>\n<meta name=\"twitter:label1\" content=\"Written by\" \/>\n\t<meta name=\"twitter:data1\" content=\"Rimontg\u00f3\" \/>\n\t<meta name=\"twitter:label2\" content=\"Est. reading time\" \/>\n\t<meta name=\"twitter:data2\" content=\"1 minuto\" \/>\n<script type=\"application\/ld+json\" class=\"yoast-schema-graph\">{\"@context\":\"https:\/\/schema.org\",\"@graph\":[{\"@type\":\"Article\",\"@id\":\"https:\/\/www.rimontgowineries.com\/blog\/it\/eleconomista-intervista-purificacion-mancebo-responsabile-proprieta-vinicole-rimontgo-invest\/#article\",\"isPartOf\":{\"@id\":\"https:\/\/www.rimontgowineries.com\/blog\/it\/eleconomista-intervista-purificacion-mancebo-responsabile-proprieta-vinicole-rimontgo-invest\/\"},\"author\":{\"name\":\"Rimontg\u00f3\",\"@id\":\"https:\/\/www.rimontgowineries.com\/blog\/#\/schema\/person\/6a5818c38bd30c858e2236707d38658d\"},\"headline\":\"El Economista intervista Purificaci\u00f3n Mancebo, responsabile delle propriet\u00e0 vinicole di Rimontg\u00f3 Invest\",\"datePublished\":\"2017-04-21T09:16:51+00:00\",\"dateModified\":\"2023-01-10T17:55:39+00:00\",\"mainEntityOfPage\":{\"@id\":\"https:\/\/www.rimontgowineries.com\/blog\/it\/eleconomista-intervista-purificacion-mancebo-responsabile-proprieta-vinicole-rimontgo-invest\/\"},\"wordCount\":293,\"publisher\":{\"@id\":\"https:\/\/www.rimontgowineries.com\/blog\/#organization\"},\"articleSection\":[\"Attualit\u00e0\"],\"inLanguage\":\"es\"},{\"@type\":\"WebPage\",\"@id\":\"https:\/\/www.rimontgowineries.com\/blog\/it\/eleconomista-intervista-purificacion-mancebo-responsabile-proprieta-vinicole-rimontgo-invest\/\",\"url\":\"https:\/\/www.rimontgowineries.com\/blog\/it\/eleconomista-intervista-purificacion-mancebo-responsabile-proprieta-vinicole-rimontgo-invest\/\",\"name\":\"Purificaci\u00f3n Mancebo intervistata da El Economista | Rimontg\u00f3 Bodegas\",\"isPartOf\":{\"@id\":\"https:\/\/www.rimontgowineries.com\/blog\/#website\"},\"datePublished\":\"2017-04-21T09:16:51+00:00\",\"dateModified\":\"2023-01-10T17:55:39+00:00\",\"description\":\"Purificaci\u00f3n Mancebo, responsabile del dipartimento di vendita di cantine e vigneti a Rimontg\u00f3, offre un'intervista per El Economista Comunidad Valenciana.\",\"breadcrumb\":{\"@id\":\"https:\/\/www.rimontgowineries.com\/blog\/it\/eleconomista-intervista-purificacion-mancebo-responsabile-proprieta-vinicole-rimontgo-invest\/#breadcrumb\"},\"inLanguage\":\"es\",\"potentialAction\":[{\"@type\":\"ReadAction\",\"target\":[\"https:\/\/www.rimontgowineries.com\/blog\/it\/eleconomista-intervista-purificacion-mancebo-responsabile-proprieta-vinicole-rimontgo-invest\/\"]}]},{\"@type\":\"BreadcrumbList\",\"@id\":\"https:\/\/www.rimontgowineries.com\/blog\/it\/eleconomista-intervista-purificacion-mancebo-responsabile-proprieta-vinicole-rimontgo-invest\/#breadcrumb\",\"itemListElement\":[{\"@type\":\"ListItem\",\"position\":1,\"name\":\"Home\",\"item\":\"https:\/\/www.rimontgowineries.com\/blog\/es\/\"},{\"@type\":\"ListItem\",\"position\":2,\"name\":\"El Economista intervista Purificaci\u00f3n Mancebo, responsabile delle propriet\u00e0 vinicole di Rimontg\u00f3 Invest\"}]},{\"@type\":\"WebSite\",\"@id\":\"https:\/\/www.rimontgowineries.com\/blog\/#website\",\"url\":\"https:\/\/www.rimontgowineries.com\/blog\/\",\"name\":\"Rimontgo Wineries\",\"description\":\"Rimontgo Wineries\",\"publisher\":{\"@id\":\"https:\/\/www.rimontgowineries.com\/blog\/#organization\"},\"potentialAction\":[{\"@type\":\"SearchAction\",\"target\":{\"@type\":\"EntryPoint\",\"urlTemplate\":\"https:\/\/www.rimontgowineries.com\/blog\/?s={search_term_string}\"},\"query-input\":\"required name=search_term_string\"}],\"inLanguage\":\"es\"},{\"@type\":\"Organization\",\"@id\":\"https:\/\/www.rimontgowineries.com\/blog\/#organization\",\"name\":\"Rimontgo Wineries\",\"url\":\"https:\/\/www.rimontgowineries.com\/blog\/\",\"logo\":{\"@type\":\"ImageObject\",\"inLanguage\":\"es\",\"@id\":\"https:\/\/www.rimontgowineries.com\/blog\/#\/schema\/logo\/image\/\",\"url\":\"https:\/\/www.rimontgowineries.com\/blog\/wp-content\/uploads\/2020\/03\/logo_bodegas_wineries_EN.svg\",\"contentUrl\":\"https:\/\/www.rimontgowineries.com\/blog\/wp-content\/uploads\/2020\/03\/logo_bodegas_wineries_EN.svg\",\"width\":134,\"height\":34,\"caption\":\"Rimontgo Wineries\"},\"image\":{\"@id\":\"https:\/\/www.rimontgowineries.com\/blog\/#\/schema\/logo\/image\/\"}},{\"@type\":\"Person\",\"@id\":\"https:\/\/www.rimontgowineries.com\/blog\/#\/schema\/person\/6a5818c38bd30c858e2236707d38658d\",\"name\":\"Rimontg\u00f3\",\"image\":{\"@type\":\"ImageObject\",\"inLanguage\":\"es\",\"@id\":\"https:\/\/www.rimontgowineries.com\/blog\/#\/schema\/person\/image\/\",\"url\":\"https:\/\/secure.gravatar.com\/avatar\/13d3e33b6bb55067dd20ab7a5d23c488?s=96&d=mm&r=g\",\"contentUrl\":\"https:\/\/secure.gravatar.com\/avatar\/13d3e33b6bb55067dd20ab7a5d23c488?s=96&d=mm&r=g\",\"caption\":\"Rimontg\u00f3\"},\"url\":\"https:\/\/www.rimontgowineries.com\/blog\/author\/tecnicos\/\"}]}<\/script>\n<!-- \/ Yoast SEO plugin. -->","yoast_head_json":{"title":"Purificaci\u00f3n Mancebo intervistata da El Economista | Rimontg\u00f3 Bodegas","description":"Purificaci\u00f3n Mancebo, responsabile del dipartimento di vendita di cantine e vigneti a Rimontg\u00f3, offre un'intervista per El Economista Comunidad Valenciana.","robots":{"index":"index","follow":"follow","max-snippet":"max-snippet:-1","max-image-preview":"max-image-preview:large","max-video-preview":"max-video-preview:-1"},"canonical":"https:\/\/www.rimontgowineries.com\/blog\/it\/eleconomista-intervista-purificacion-mancebo-responsabile-proprieta-vinicole-rimontgo-invest\/","og_locale":"es_ES","og_type":"article","og_title":"Purificaci\u00f3n Mancebo intervistata da El Economista | Rimontg\u00f3 Bodegas","og_description":"Purificaci\u00f3n Mancebo, responsabile del dipartimento di vendita di cantine e vigneti a Rimontg\u00f3, offre un'intervista per El Economista Comunidad Valenciana.","og_url":"https:\/\/www.rimontgowineries.com\/blog\/it\/eleconomista-intervista-purificacion-mancebo-responsabile-proprieta-vinicole-rimontgo-invest\/","og_site_name":"Rimontgo Wineries","article_published_time":"2017-04-21T09:16:51+00:00","article_modified_time":"2023-01-10T17:55:39+00:00","og_image":[{"width":1280,"height":720,"url":"https:\/\/www.rimontgowineries.com\/blog\/wp-content\/uploads\/2020\/03\/24.-el-economista-entrevista-a-purificacion-mancebo-responsable-de-bodegas-en-rimontgo-invest2-e1585046417611.jpg","type":"image\/jpeg"}],"author":"Rimontg\u00f3","twitter_card":"summary_large_image","twitter_misc":{"Written by":"Rimontg\u00f3","Est. reading time":"1 minuto"},"schema":{"@context":"https:\/\/schema.org","@graph":[{"@type":"Article","@id":"https:\/\/www.rimontgowineries.com\/blog\/it\/eleconomista-intervista-purificacion-mancebo-responsabile-proprieta-vinicole-rimontgo-invest\/#article","isPartOf":{"@id":"https:\/\/www.rimontgowineries.com\/blog\/it\/eleconomista-intervista-purificacion-mancebo-responsabile-proprieta-vinicole-rimontgo-invest\/"},"author":{"name":"Rimontg\u00f3","@id":"https:\/\/www.rimontgowineries.com\/blog\/#\/schema\/person\/6a5818c38bd30c858e2236707d38658d"},"headline":"El Economista intervista Purificaci\u00f3n Mancebo, responsabile delle propriet\u00e0 vinicole di Rimontg\u00f3 Invest","datePublished":"2017-04-21T09:16:51+00:00","dateModified":"2023-01-10T17:55:39+00:00","mainEntityOfPage":{"@id":"https:\/\/www.rimontgowineries.com\/blog\/it\/eleconomista-intervista-purificacion-mancebo-responsabile-proprieta-vinicole-rimontgo-invest\/"},"wordCount":293,"publisher":{"@id":"https:\/\/www.rimontgowineries.com\/blog\/#organization"},"articleSection":["Attualit\u00e0"],"inLanguage":"es"},{"@type":"WebPage","@id":"https:\/\/www.rimontgowineries.com\/blog\/it\/eleconomista-intervista-purificacion-mancebo-responsabile-proprieta-vinicole-rimontgo-invest\/","url":"https:\/\/www.rimontgowineries.com\/blog\/it\/eleconomista-intervista-purificacion-mancebo-responsabile-proprieta-vinicole-rimontgo-invest\/","name":"Purificaci\u00f3n Mancebo intervistata da El Economista | Rimontg\u00f3 Bodegas","isPartOf":{"@id":"https:\/\/www.rimontgowineries.com\/blog\/#website"},"datePublished":"2017-04-21T09:16:51+00:00","dateModified":"2023-01-10T17:55:39+00:00","description":"Purificaci\u00f3n Mancebo, responsabile del dipartimento di vendita di cantine e vigneti a Rimontg\u00f3, offre un'intervista per El Economista Comunidad Valenciana.","breadcrumb":{"@id":"https:\/\/www.rimontgowineries.com\/blog\/it\/eleconomista-intervista-purificacion-mancebo-responsabile-proprieta-vinicole-rimontgo-invest\/#breadcrumb"},"inLanguage":"es","potentialAction":[{"@type":"ReadAction","target":["https:\/\/www.rimontgowineries.com\/blog\/it\/eleconomista-intervista-purificacion-mancebo-responsabile-proprieta-vinicole-rimontgo-invest\/"]}]},{"@type":"BreadcrumbList","@id":"https:\/\/www.rimontgowineries.com\/blog\/it\/eleconomista-intervista-purificacion-mancebo-responsabile-proprieta-vinicole-rimontgo-invest\/#breadcrumb","itemListElement":[{"@type":"ListItem","position":1,"name":"Home","item":"https:\/\/www.rimontgowineries.com\/blog\/es\/"},{"@type":"ListItem","position":2,"name":"El Economista intervista Purificaci\u00f3n Mancebo, responsabile delle propriet\u00e0 vinicole di Rimontg\u00f3 Invest"}]},{"@type":"WebSite","@id":"https:\/\/www.rimontgowineries.com\/blog\/#website","url":"https:\/\/www.rimontgowineries.com\/blog\/","name":"Rimontgo Wineries","description":"Rimontgo Wineries","publisher":{"@id":"https:\/\/www.rimontgowineries.com\/blog\/#organization"},"potentialAction":[{"@type":"SearchAction","target":{"@type":"EntryPoint","urlTemplate":"https:\/\/www.rimontgowineries.com\/blog\/?s={search_term_string}"},"query-input":"required name=search_term_string"}],"inLanguage":"es"},{"@type":"Organization","@id":"https:\/\/www.rimontgowineries.com\/blog\/#organization","name":"Rimontgo Wineries","url":"https:\/\/www.rimontgowineries.com\/blog\/","logo":{"@type":"ImageObject","inLanguage":"es","@id":"https:\/\/www.rimontgowineries.com\/blog\/#\/schema\/logo\/image\/","url":"https:\/\/www.rimontgowineries.com\/blog\/wp-content\/uploads\/2020\/03\/logo_bodegas_wineries_EN.svg","contentUrl":"https:\/\/www.rimontgowineries.com\/blog\/wp-content\/uploads\/2020\/03\/logo_bodegas_wineries_EN.svg","width":134,"height":34,"caption":"Rimontgo Wineries"},"image":{"@id":"https:\/\/www.rimontgowineries.com\/blog\/#\/schema\/logo\/image\/"}},{"@type":"Person","@id":"https:\/\/www.rimontgowineries.com\/blog\/#\/schema\/person\/6a5818c38bd30c858e2236707d38658d","name":"Rimontg\u00f3","image":{"@type":"ImageObject","inLanguage":"es","@id":"https:\/\/www.rimontgowineries.com\/blog\/#\/schema\/person\/image\/","url":"https:\/\/secure.gravatar.com\/avatar\/13d3e33b6bb55067dd20ab7a5d23c488?s=96&d=mm&r=g","contentUrl":"https:\/\/secure.gravatar.com\/avatar\/13d3e33b6bb55067dd20ab7a5d23c488?s=96&d=mm&r=g","caption":"Rimontg\u00f3"},"url":"https:\/\/www.rimontgowineries.com\/blog\/author\/tecnicos\/"}]}},"_links":{"self":[{"href":"https:\/\/www.rimontgowineries.com\/blog\/wp-json\/wp\/v2\/posts\/12212"}],"collection":[{"href":"https:\/\/www.rimontgowineries.com\/blog\/wp-json\/wp\/v2\/posts"}],"about":[{"href":"https:\/\/www.rimontgowineries.com\/blog\/wp-json\/wp\/v2\/types\/post"}],"author":[{"embeddable":true,"href":"https:\/\/www.rimontgowineries.com\/blog\/wp-json\/wp\/v2\/users\/1"}],"replies":[{"embeddable":true,"href":"https:\/\/www.rimontgowineries.com\/blog\/wp-json\/wp\/v2\/comments?post=12212"}],"version-history":[{"count":3,"href":"https:\/\/www.rimontgowineries.com\/blog\/wp-json\/wp\/v2\/posts\/12212\/revisions"}],"predecessor-version":[{"id":20147,"href":"https:\/\/www.rimontgowineries.com\/blog\/wp-json\/wp\/v2\/posts\/12212\/revisions\/20147"}],"wp:featuredmedia":[{"embeddable":true,"href":"https:\/\/www.rimontgowineries.com\/blog\/wp-json\/wp\/v2\/media\/19410"}],"wp:attachment":[{"href":"https:\/\/www.rimontgowineries.com\/blog\/wp-json\/wp\/v2\/media?parent=12212"}],"wp:term":[{"taxonomy":"category","embeddable":true,"href":"https:\/\/www.rimontgowineries.com\/blog\/wp-json\/wp\/v2\/categories?post=12212"},{"taxonomy":"post_tag","embeddable":true,"href":"https:\/\/www.rimontgowineries.com\/blog\/wp-json\/wp\/v2\/tags?post=12212"}],"curies":[{"name":"wp","href":"https:\/\/api.w.org\/{rel}","templated":true}]}}