{"id":12285,"date":"2017-07-11T11:48:38","date_gmt":"2017-07-11T09:48:38","guid":{"rendered":"https:\/\/www.spagnacasa.it\/info\/?p=12285"},"modified":"2023-01-10T18:55:16","modified_gmt":"2023-01-10T17:55:16","slug":"valencia-brinda-mostra-vins-fine-settimana","status":"publish","type":"post","link":"https:\/\/www.rimontgowineries.com\/blog\/it\/valencia-brinda-mostra-vins-fine-settimana\/","title":{"rendered":"Valencia brinda alla Mostra de Vins questo fine settimana"},"content":{"rendered":"<h2>La citt\u00e0 ospita la Mostra de Vins d\u2019Estiu nelle notti del 14, 15 e 16 luglio.<\/h2>\n<p>\u00c8 arrivato il momento di ricordare al mondo il prestigio dei vini valenciani con un evento aperto al pubblico. Si tratta della <strong>Mostra de Vins d\u2019Estiu<\/strong>, inclusa nel programma della <strong>Gran Fira di Valencia<\/strong>, che avr\u00e0 luogo le notti del 14, 15 e 16 luglio nella Plaza del Ayuntamiento. Gastronomia, workshop e buona musica regaleranno momenti d\u2019intrattenimento per tutta la famiglia nelle serate di questo fine settimana.<\/p>\n<p>Cos\u00ec, l\u2019evento inizier\u00e0 <strong>venerd\u00ec 14<\/strong>, alle 20.00, con la premiazione del II Concorso Officiale di cava e altri spumanti, che ormai sta acquistando sempre pi\u00f9 importanza, affermandosi come appuntamento del settore. Il ritmo della notte sar\u00e0 marcato da un concerto di <em>jazz<\/em> classico, con sfumature di <em>swing<\/em> e <em>bossa nova<\/em>.<\/p>\n<p><strong>Sabato 15<\/strong> sar\u00e0 una giornata dedicata alle famiglie, con un fitto programma di attivit\u00e0 per bambini dirette dal Centro de Artesan\u00eda de la Comunitat (ente che si occupa dello sviluppo dell\u2019artigianato a Valencia). Dalle 20.00, si svolgeranno i workshop con l\u2019obiettivo di far conoscere il tema dell\u2019alimentazione ai bambini mentre essi potranno realizzare lavoretti artistici. Nessuna rinuncia alla musica serale, in questa occasione si esibir\u00e0 Cicco Ti\u00f1one, con testi <em>pop-rock<\/em> su temi internazionali.<\/p>\n<p>Il grande evento del vino terminer\u00e0 <strong>domenica 16<\/strong>, quando si svolger\u00e0 anche un laboratorio di ceramica per i bambini e un nuovo concerto, questa volta tenuto da Mala Conciencia ed incentrato sulla musica degli anni \u201880. Durante tutto il fine settimana, inoltre, si brinder\u00e0 con i migliori marchi della Comunitat, in modo che i partecipanti possano conoscere la qualit\u00e0 del prodotto locale.<\/p>\n<p>Coloro che desiderano ulteriori informazioni sulla Mostra de Vins possono trovarle <a href=\"http:\/\/www.visitvalencia.com\/it\/home\" target=\"_blank\" rel=\"noopener noreferrer\">nel sito web turistico di Valencia<\/a>.<\/p>\n","protected":false},"excerpt":{"rendered":"<p>La citt\u00e0 ospita la Mostra de Vins d\u2019Estiu nelle notti del 14, 15 e 16 luglio.<\/p>\n","protected":false},"author":1,"featured_media":19435,"comment_status":"closed","ping_status":"closed","sticky":false,"template":"","format":"standard","meta":{"_mi_skip_tracking":false,"_monsterinsights_sitenote_active":false,"_monsterinsights_sitenote_note":"","_monsterinsights_sitenote_category":0,"footnotes":""},"categories":[3039],"tags":[],"yoast_head":"<!-- This site is optimized with the Yoast SEO plugin v21.5 - https:\/\/yoast.com\/wordpress\/plugins\/seo\/ -->\n<title>La Fiera del vino d&#039;estate comincia nella citt\u00e0 di Valencia | Rimontg\u00f3<\/title>\n<meta name=\"description\" content=\"La citt\u00e0 di Valencia ospita ancora una volta la Mostra de Vins d&#039;Estiu, un evento aperto al pubblico dedicato ai vini valenciani.\" \/>\n<meta name=\"robots\" content=\"index, follow, max-snippet:-1, max-image-preview:large, max-video-preview:-1\" \/>\n<link rel=\"canonical\" href=\"https:\/\/www.rimontgowineries.com\/blog\/it\/valencia-brinda-mostra-vins-fine-settimana\/\" \/>\n<meta property=\"og:locale\" content=\"es_ES\" \/>\n<meta property=\"og:type\" content=\"article\" \/>\n<meta property=\"og:title\" content=\"La Fiera del vino d&#039;estate comincia nella citt\u00e0 di Valencia | Rimontg\u00f3\" \/>\n<meta property=\"og:description\" content=\"La citt\u00e0 di Valencia ospita ancora una volta la Mostra de Vins d&#039;Estiu, un evento aperto al pubblico dedicato ai vini valenciani.\" \/>\n<meta property=\"og:url\" content=\"https:\/\/www.rimontgowineries.com\/blog\/it\/valencia-brinda-mostra-vins-fine-settimana\/\" \/>\n<meta property=\"og:site_name\" content=\"Rimontgo Wineries\" \/>\n<meta property=\"article:published_time\" content=\"2017-07-11T09:48:38+00:00\" \/>\n<meta property=\"article:modified_time\" content=\"2023-01-10T17:55:16+00:00\" \/>\n<meta property=\"og:image\" content=\"https:\/\/www.rimontgowineries.com\/blog\/wp-content\/uploads\/2020\/03\/22.-valencia-brinda-en-la-mostra-de-vins-este-fin-de-semana.jpg\" \/>\n\t<meta property=\"og:image:width\" content=\"1201\" \/>\n\t<meta property=\"og:image:height\" content=\"445\" \/>\n\t<meta property=\"og:image:type\" content=\"image\/jpeg\" \/>\n<meta name=\"author\" content=\"Rimontg\u00f3\" \/>\n<meta name=\"twitter:card\" content=\"summary_large_image\" \/>\n<meta name=\"twitter:label1\" content=\"Written by\" \/>\n\t<meta name=\"twitter:data1\" content=\"Rimontg\u00f3\" \/>\n\t<meta name=\"twitter:label2\" content=\"Est. reading time\" \/>\n\t<meta name=\"twitter:data2\" content=\"1 minuto\" \/>\n<script type=\"application\/ld+json\" class=\"yoast-schema-graph\">{\"@context\":\"https:\/\/schema.org\",\"@graph\":[{\"@type\":\"Article\",\"@id\":\"https:\/\/www.rimontgowineries.com\/blog\/it\/valencia-brinda-mostra-vins-fine-settimana\/#article\",\"isPartOf\":{\"@id\":\"https:\/\/www.rimontgowineries.com\/blog\/it\/valencia-brinda-mostra-vins-fine-settimana\/\"},\"author\":{\"name\":\"Rimontg\u00f3\",\"@id\":\"https:\/\/www.rimontgowineries.com\/blog\/#\/schema\/person\/6a5818c38bd30c858e2236707d38658d\"},\"headline\":\"Valencia brinda alla Mostra de Vins questo fine settimana\",\"datePublished\":\"2017-07-11T09:48:38+00:00\",\"dateModified\":\"2023-01-10T17:55:16+00:00\",\"mainEntityOfPage\":{\"@id\":\"https:\/\/www.rimontgowineries.com\/blog\/it\/valencia-brinda-mostra-vins-fine-settimana\/\"},\"wordCount\":290,\"publisher\":{\"@id\":\"https:\/\/www.rimontgowineries.com\/blog\/#organization\"},\"articleSection\":[\"Fiere ed eventi\"],\"inLanguage\":\"es\"},{\"@type\":\"WebPage\",\"@id\":\"https:\/\/www.rimontgowineries.com\/blog\/it\/valencia-brinda-mostra-vins-fine-settimana\/\",\"url\":\"https:\/\/www.rimontgowineries.com\/blog\/it\/valencia-brinda-mostra-vins-fine-settimana\/\",\"name\":\"La Fiera del vino d'estate comincia nella citt\u00e0 di Valencia | Rimontg\u00f3\",\"isPartOf\":{\"@id\":\"https:\/\/www.rimontgowineries.com\/blog\/#website\"},\"datePublished\":\"2017-07-11T09:48:38+00:00\",\"dateModified\":\"2023-01-10T17:55:16+00:00\",\"description\":\"La citt\u00e0 di Valencia ospita ancora una volta la Mostra de Vins d'Estiu, un evento aperto al pubblico dedicato ai vini valenciani.\",\"breadcrumb\":{\"@id\":\"https:\/\/www.rimontgowineries.com\/blog\/it\/valencia-brinda-mostra-vins-fine-settimana\/#breadcrumb\"},\"inLanguage\":\"es\",\"potentialAction\":[{\"@type\":\"ReadAction\",\"target\":[\"https:\/\/www.rimontgowineries.com\/blog\/it\/valencia-brinda-mostra-vins-fine-settimana\/\"]}]},{\"@type\":\"BreadcrumbList\",\"@id\":\"https:\/\/www.rimontgowineries.com\/blog\/it\/valencia-brinda-mostra-vins-fine-settimana\/#breadcrumb\",\"itemListElement\":[{\"@type\":\"ListItem\",\"position\":1,\"name\":\"Home\",\"item\":\"https:\/\/www.rimontgowineries.com\/blog\/es\/\"},{\"@type\":\"ListItem\",\"position\":2,\"name\":\"Valencia brinda alla Mostra de Vins questo fine settimana\"}]},{\"@type\":\"WebSite\",\"@id\":\"https:\/\/www.rimontgowineries.com\/blog\/#website\",\"url\":\"https:\/\/www.rimontgowineries.com\/blog\/\",\"name\":\"Rimontgo Wineries\",\"description\":\"Rimontgo Wineries\",\"publisher\":{\"@id\":\"https:\/\/www.rimontgowineries.com\/blog\/#organization\"},\"potentialAction\":[{\"@type\":\"SearchAction\",\"target\":{\"@type\":\"EntryPoint\",\"urlTemplate\":\"https:\/\/www.rimontgowineries.com\/blog\/?s={search_term_string}\"},\"query-input\":\"required name=search_term_string\"}],\"inLanguage\":\"es\"},{\"@type\":\"Organization\",\"@id\":\"https:\/\/www.rimontgowineries.com\/blog\/#organization\",\"name\":\"Rimontgo Wineries\",\"url\":\"https:\/\/www.rimontgowineries.com\/blog\/\",\"logo\":{\"@type\":\"ImageObject\",\"inLanguage\":\"es\",\"@id\":\"https:\/\/www.rimontgowineries.com\/blog\/#\/schema\/logo\/image\/\",\"url\":\"https:\/\/www.rimontgowineries.com\/blog\/wp-content\/uploads\/2020\/03\/logo_bodegas_wineries_EN.svg\",\"contentUrl\":\"https:\/\/www.rimontgowineries.com\/blog\/wp-content\/uploads\/2020\/03\/logo_bodegas_wineries_EN.svg\",\"width\":134,\"height\":34,\"caption\":\"Rimontgo Wineries\"},\"image\":{\"@id\":\"https:\/\/www.rimontgowineries.com\/blog\/#\/schema\/logo\/image\/\"}},{\"@type\":\"Person\",\"@id\":\"https:\/\/www.rimontgowineries.com\/blog\/#\/schema\/person\/6a5818c38bd30c858e2236707d38658d\",\"name\":\"Rimontg\u00f3\",\"image\":{\"@type\":\"ImageObject\",\"inLanguage\":\"es\",\"@id\":\"https:\/\/www.rimontgowineries.com\/blog\/#\/schema\/person\/image\/\",\"url\":\"https:\/\/secure.gravatar.com\/avatar\/13d3e33b6bb55067dd20ab7a5d23c488?s=96&d=mm&r=g\",\"contentUrl\":\"https:\/\/secure.gravatar.com\/avatar\/13d3e33b6bb55067dd20ab7a5d23c488?s=96&d=mm&r=g\",\"caption\":\"Rimontg\u00f3\"},\"url\":\"https:\/\/www.rimontgowineries.com\/blog\/author\/tecnicos\/\"}]}<\/script>\n<!-- \/ Yoast SEO plugin. -->","yoast_head_json":{"title":"La Fiera del vino d'estate comincia nella citt\u00e0 di Valencia | Rimontg\u00f3","description":"La citt\u00e0 di Valencia ospita ancora una volta la Mostra de Vins d'Estiu, un evento aperto al pubblico dedicato ai vini valenciani.","robots":{"index":"index","follow":"follow","max-snippet":"max-snippet:-1","max-image-preview":"max-image-preview:large","max-video-preview":"max-video-preview:-1"},"canonical":"https:\/\/www.rimontgowineries.com\/blog\/it\/valencia-brinda-mostra-vins-fine-settimana\/","og_locale":"es_ES","og_type":"article","og_title":"La Fiera del vino d'estate comincia nella citt\u00e0 di Valencia | Rimontg\u00f3","og_description":"La citt\u00e0 di Valencia ospita ancora una volta la Mostra de Vins d'Estiu, un evento aperto al pubblico dedicato ai vini valenciani.","og_url":"https:\/\/www.rimontgowineries.com\/blog\/it\/valencia-brinda-mostra-vins-fine-settimana\/","og_site_name":"Rimontgo Wineries","article_published_time":"2017-07-11T09:48:38+00:00","article_modified_time":"2023-01-10T17:55:16+00:00","og_image":[{"width":1201,"height":445,"url":"https:\/\/www.rimontgowineries.com\/blog\/wp-content\/uploads\/2020\/03\/22.-valencia-brinda-en-la-mostra-de-vins-este-fin-de-semana.jpg","type":"image\/jpeg"}],"author":"Rimontg\u00f3","twitter_card":"summary_large_image","twitter_misc":{"Written by":"Rimontg\u00f3","Est. reading time":"1 minuto"},"schema":{"@context":"https:\/\/schema.org","@graph":[{"@type":"Article","@id":"https:\/\/www.rimontgowineries.com\/blog\/it\/valencia-brinda-mostra-vins-fine-settimana\/#article","isPartOf":{"@id":"https:\/\/www.rimontgowineries.com\/blog\/it\/valencia-brinda-mostra-vins-fine-settimana\/"},"author":{"name":"Rimontg\u00f3","@id":"https:\/\/www.rimontgowineries.com\/blog\/#\/schema\/person\/6a5818c38bd30c858e2236707d38658d"},"headline":"Valencia brinda alla Mostra de Vins questo fine settimana","datePublished":"2017-07-11T09:48:38+00:00","dateModified":"2023-01-10T17:55:16+00:00","mainEntityOfPage":{"@id":"https:\/\/www.rimontgowineries.com\/blog\/it\/valencia-brinda-mostra-vins-fine-settimana\/"},"wordCount":290,"publisher":{"@id":"https:\/\/www.rimontgowineries.com\/blog\/#organization"},"articleSection":["Fiere ed eventi"],"inLanguage":"es"},{"@type":"WebPage","@id":"https:\/\/www.rimontgowineries.com\/blog\/it\/valencia-brinda-mostra-vins-fine-settimana\/","url":"https:\/\/www.rimontgowineries.com\/blog\/it\/valencia-brinda-mostra-vins-fine-settimana\/","name":"La Fiera del vino d'estate comincia nella citt\u00e0 di Valencia | Rimontg\u00f3","isPartOf":{"@id":"https:\/\/www.rimontgowineries.com\/blog\/#website"},"datePublished":"2017-07-11T09:48:38+00:00","dateModified":"2023-01-10T17:55:16+00:00","description":"La citt\u00e0 di Valencia ospita ancora una volta la Mostra de Vins d'Estiu, un evento aperto al pubblico dedicato ai vini valenciani.","breadcrumb":{"@id":"https:\/\/www.rimontgowineries.com\/blog\/it\/valencia-brinda-mostra-vins-fine-settimana\/#breadcrumb"},"inLanguage":"es","potentialAction":[{"@type":"ReadAction","target":["https:\/\/www.rimontgowineries.com\/blog\/it\/valencia-brinda-mostra-vins-fine-settimana\/"]}]},{"@type":"BreadcrumbList","@id":"https:\/\/www.rimontgowineries.com\/blog\/it\/valencia-brinda-mostra-vins-fine-settimana\/#breadcrumb","itemListElement":[{"@type":"ListItem","position":1,"name":"Home","item":"https:\/\/www.rimontgowineries.com\/blog\/es\/"},{"@type":"ListItem","position":2,"name":"Valencia brinda alla Mostra de Vins questo fine settimana"}]},{"@type":"WebSite","@id":"https:\/\/www.rimontgowineries.com\/blog\/#website","url":"https:\/\/www.rimontgowineries.com\/blog\/","name":"Rimontgo Wineries","description":"Rimontgo Wineries","publisher":{"@id":"https:\/\/www.rimontgowineries.com\/blog\/#organization"},"potentialAction":[{"@type":"SearchAction","target":{"@type":"EntryPoint","urlTemplate":"https:\/\/www.rimontgowineries.com\/blog\/?s={search_term_string}"},"query-input":"required name=search_term_string"}],"inLanguage":"es"},{"@type":"Organization","@id":"https:\/\/www.rimontgowineries.com\/blog\/#organization","name":"Rimontgo Wineries","url":"https:\/\/www.rimontgowineries.com\/blog\/","logo":{"@type":"ImageObject","inLanguage":"es","@id":"https:\/\/www.rimontgowineries.com\/blog\/#\/schema\/logo\/image\/","url":"https:\/\/www.rimontgowineries.com\/blog\/wp-content\/uploads\/2020\/03\/logo_bodegas_wineries_EN.svg","contentUrl":"https:\/\/www.rimontgowineries.com\/blog\/wp-content\/uploads\/2020\/03\/logo_bodegas_wineries_EN.svg","width":134,"height":34,"caption":"Rimontgo Wineries"},"image":{"@id":"https:\/\/www.rimontgowineries.com\/blog\/#\/schema\/logo\/image\/"}},{"@type":"Person","@id":"https:\/\/www.rimontgowineries.com\/blog\/#\/schema\/person\/6a5818c38bd30c858e2236707d38658d","name":"Rimontg\u00f3","image":{"@type":"ImageObject","inLanguage":"es","@id":"https:\/\/www.rimontgowineries.com\/blog\/#\/schema\/person\/image\/","url":"https:\/\/secure.gravatar.com\/avatar\/13d3e33b6bb55067dd20ab7a5d23c488?s=96&d=mm&r=g","contentUrl":"https:\/\/secure.gravatar.com\/avatar\/13d3e33b6bb55067dd20ab7a5d23c488?s=96&d=mm&r=g","caption":"Rimontg\u00f3"},"url":"https:\/\/www.rimontgowineries.com\/blog\/author\/tecnicos\/"}]}},"_links":{"self":[{"href":"https:\/\/www.rimontgowineries.com\/blog\/wp-json\/wp\/v2\/posts\/12285"}],"collection":[{"href":"https:\/\/www.rimontgowineries.com\/blog\/wp-json\/wp\/v2\/posts"}],"about":[{"href":"https:\/\/www.rimontgowineries.com\/blog\/wp-json\/wp\/v2\/types\/post"}],"author":[{"embeddable":true,"href":"https:\/\/www.rimontgowineries.com\/blog\/wp-json\/wp\/v2\/users\/1"}],"replies":[{"embeddable":true,"href":"https:\/\/www.rimontgowineries.com\/blog\/wp-json\/wp\/v2\/comments?post=12285"}],"version-history":[{"count":3,"href":"https:\/\/www.rimontgowineries.com\/blog\/wp-json\/wp\/v2\/posts\/12285\/revisions"}],"predecessor-version":[{"id":20144,"href":"https:\/\/www.rimontgowineries.com\/blog\/wp-json\/wp\/v2\/posts\/12285\/revisions\/20144"}],"wp:featuredmedia":[{"embeddable":true,"href":"https:\/\/www.rimontgowineries.com\/blog\/wp-json\/wp\/v2\/media\/19435"}],"wp:attachment":[{"href":"https:\/\/www.rimontgowineries.com\/blog\/wp-json\/wp\/v2\/media?parent=12285"}],"wp:term":[{"taxonomy":"category","embeddable":true,"href":"https:\/\/www.rimontgowineries.com\/blog\/wp-json\/wp\/v2\/categories?post=12285"},{"taxonomy":"post_tag","embeddable":true,"href":"https:\/\/www.rimontgowineries.com\/blog\/wp-json\/wp\/v2\/tags?post=12285"}],"curies":[{"name":"wp","href":"https:\/\/api.w.org\/{rel}","templated":true}]}}