{"id":13435,"date":"2017-09-07T16:26:17","date_gmt":"2017-09-07T14:26:17","guid":{"rendered":"https:\/\/www.rimontgo.es\/info\/?p=13435"},"modified":"2023-03-13T14:06:59","modified_gmt":"2023-03-13T13:06:59","slug":"debes-saber-vendimia-2017","status":"publish","type":"post","link":"https:\/\/www.rimontgowineries.com\/blog\/es\/debes-saber-vendimia-2017\/","title":{"rendered":"Lo que debes saber sobre la vendimia 2017"},"content":{"rendered":"<p><span style=\"font-size: 1.0625rem;\">Uno de los cuadros m\u00e1s famosos de <\/span><strong style=\"font-size: 1.0625rem;\">Francisco de Goya<\/strong><span style=\"font-size: 1.0625rem;\"> es el que precede a estas l\u00edneas, titulado <\/span><strong style=\"font-size: 1.0625rem;\"><em>La Vendimia<\/em><\/strong><span style=\"font-size: 1.0625rem;\"> o <\/span><em style=\"font-size: 1.0625rem;\"><strong>El Oto\u00f1o<\/strong><\/em><span style=\"font-size: 1.0625rem;\">. La \u00e9poca del a\u00f1o es inseparable de este culto a la vid, que cada a\u00f1o profesan miles de agricultores, en medio de un hermoso paisaje que se va ti\u00f1endo de colores. As\u00ed como la dama de la imagen carga con los racimos, los productores recogen el fruto de su esfuerzo, destinado a un mercado cambiante. Porque lo cierto es que el sector del vino vive un momento agridulce, marcado por las condiciones clim\u00e1ticas y los vaivenes en su distribuci\u00f3n, pero promete salir reforzado, y hasta reinventado, como tantas veces a lo largo de la historia. Los productores y <\/span><a style=\"font-size: 1.0625rem;\" href=\"https:\/\/www.rimontgo.es\/inversion-venta-bodegas-vi%C3%B1edos\/\" target=\"_blank\" rel=\"noopener noreferrer\">propietarios de bodegas<\/a><span style=\"font-size: 1.0625rem;\"> son&nbsp;personas de acci\u00f3n. En Espa\u00f1a, el pa\u00eds que m\u00e1s vino exporta del mundo, <\/span><strong style=\"font-size: 1.0625rem;\">la vendimia de 2017<\/strong><span style=\"font-size: 1.0625rem;\"> arranca envuelta en incertidumbres, \u00bfpero acaso hay algo en esta vida que sea seguro? El vino es pasi\u00f3n, y por lo tanto, los problemas son desaf\u00edos.<\/span><\/p>\n<h3><strong>Adelanto en las fechas<\/strong><\/h3>\n<p>Dec\u00edamos que oto\u00f1o es tiempo de vendimia. En el hemisferio norte el proceso recolector se lleva a cabo entre agosto y octubre, mientras que en el hemisferio&nbsp;sur tiene lugar de febrero a abril. Pese a los plazos establecidos, en Espa\u00f1a casi todas las comarcas han empezado a vendimiar ya. El momento \u00f3ptimo para la recogida de la uva depende de las condiciones climatol\u00f3gicas, un factor que este a\u00f1o ha llevado a adelantar el proceso <strong>una media de 20 d\u00edas<\/strong>. Los primeros trabajos arrancaron en agosto en Montilla-Moriles, mientras que esta semana se ha puesto en marcha La Rioja. Muchos se preguntan si estamos ante los efectos del cambio clim\u00e1tico.<\/p>\n<h3><strong>Ca\u00edda de los vol\u00famenes<\/strong><\/h3>\n<p>Si Italia ha recogido una de las menores vendimias de las \u00faltimas seis d\u00e9cadas, Francia tambi\u00e9n prev\u00e9 cerrar la suya con un descenso del 18% con respecto al a\u00f1o pasado. Atendiendo a las estimaciones de las cooperativas agro-alimentarias, en Espa\u00f1a se espera<strong> una bajada del 10%,<\/strong> hasta una producci\u00f3n de <strong>39 millones de hectolitros<\/strong>. \u00bfA qu\u00e9 responde este hecho? Las heladas se llevaron por delante entre un 40% y un 60% de la producci\u00f3n, pero como no hay mal que por bien no venga, los agricultores tienen algo que agradecerles.<\/p>\n<h3><strong>Mucho m\u00e1s sabor<\/strong><\/h3>\n<p>Habr\u00e1 poco vino, pero ser\u00e1 de mejor calidad, a tenor de los fuertes contrastes clim\u00e1ticos que Espa\u00f1a ha vivido durante esta \u00faltima temporada. Desde heladas a granizo, pasando por \u00e9pocas de gran calor y sequ\u00eda. Son precisamente los <strong>climas extremos<\/strong> los que fomentan la mejor maduraci\u00f3n de la uva, que adem\u00e1s adquiere notas de sabor m\u00e1s marcadas para el vino.<\/p>\n<h3><strong>\u00bfY repunte de precios?<\/strong><\/h3>\n<p>Como consecuencia del menor volumen de vino, las firmas tambi\u00e9n podr\u00e1n elevar sus precios, especialmente las denominaciones de origen de mayor calidad. Es el caso de Rioja o Ribera de Duero, que llevaban varios a\u00f1os con <strong>tarifas<\/strong> congeladas. Cuando se vende mucho vino, que en ocasiones suele ser de categor\u00edas inferiores o a granel, se corre el riesgo de que los precios se abaraten. Asimismo se espera que tambi\u00e9n se incrementen las <strong>exportaciones<\/strong>, en las que Espa\u00f1a es l\u00edder mundial, como ya sucedi\u00f3 en otras campa\u00f1as. Sin ir m\u00e1s lejos, Francia ha llegado a comprar hasta cinco millones de hectolitros en condiciones similares.<\/p>\n<h3><strong>El reto de los j\u00f3venes<\/strong><\/h3>\n<p>Cuando se habla de la ca\u00edda del consumo de vino, las estad\u00edsticas apuntan a un p\u00fablico muy concreto como epicentro&nbsp;del problema: el p\u00fablico joven. Si bien las marcas trabajan en conferir una imagen m\u00e1s moderna a sus productos, al tiempo que simplifican sus mensajes publicitarios, no parece una estrategia efectiva para llegar a los futuros consumidores. Las intentonas m\u00e1s recientes pasan por <strong>educar en la cultura vin\u00edcola<\/strong>: talleres, formaciones y catas para invitar a levantar las copas. Es tiempo de vendimia, y seguro que lo seguir\u00e1 siendo.<\/p>\n","protected":false},"excerpt":{"rendered":"<p>Soplan vientos oto\u00f1ales que anuncian, no solo el momento m\u00e1s bello para los campos, sino la \u00e9poca clave para un sector preocupado por el mercado<\/p>\n","protected":false},"author":1,"featured_media":19487,"comment_status":"closed","ping_status":"closed","sticky":false,"template":"","format":"standard","meta":{"_mi_skip_tracking":false,"_monsterinsights_sitenote_active":false,"_monsterinsights_sitenote_note":"","_monsterinsights_sitenote_category":0,"footnotes":""},"categories":[3078,3052],"tags":[],"yoast_head":"<!-- This site is optimized with the Yoast SEO plugin v21.5 - https:\/\/yoast.com\/wordpress\/plugins\/seo\/ -->\n<title>La vendimia 2017: que saber sobre este culto anual a la vid | Rimontg\u00f3 Wineries<\/title>\n<meta name=\"description\" content=\"Con el comienzo de la \u00e9poca oto\u00f1al llega la temporada de la vendimia: todo lo que debes saber sobre este ritual anual a la vid.\" \/>\n<meta name=\"robots\" content=\"index, follow, max-snippet:-1, max-image-preview:large, max-video-preview:-1\" \/>\n<link rel=\"canonical\" href=\"https:\/\/www.rimontgowineries.com\/blog\/es\/debes-saber-vendimia-2017\/\" \/>\n<meta property=\"og:locale\" content=\"es_ES\" \/>\n<meta property=\"og:type\" content=\"article\" \/>\n<meta property=\"og:title\" content=\"La vendimia 2017: que saber sobre este culto anual a la vid | Rimontg\u00f3 Wineries\" \/>\n<meta property=\"og:description\" content=\"Con el comienzo de la \u00e9poca oto\u00f1al llega la temporada de la vendimia: todo lo que debes saber sobre este ritual anual a la vid.\" \/>\n<meta property=\"og:url\" content=\"https:\/\/www.rimontgowineries.com\/blog\/es\/debes-saber-vendimia-2017\/\" \/>\n<meta property=\"og:site_name\" content=\"Rimontgo Wineries\" \/>\n<meta property=\"article:published_time\" content=\"2017-09-07T14:26:17+00:00\" \/>\n<meta property=\"article:modified_time\" content=\"2023-03-13T13:06:59+00:00\" \/>\n<meta property=\"og:image\" content=\"https:\/\/www.rimontgowineries.com\/blog\/wp-content\/uploads\/2020\/03\/20.-lo-que-debes-saber-sobre-la-vendimia-2017.jpg\" \/>\n\t<meta property=\"og:image:width\" content=\"1280\" \/>\n\t<meta property=\"og:image:height\" content=\"720\" \/>\n\t<meta property=\"og:image:type\" content=\"image\/jpeg\" \/>\n<meta name=\"author\" content=\"Rimontg\u00f3\" \/>\n<meta name=\"twitter:card\" content=\"summary_large_image\" \/>\n<meta name=\"twitter:label1\" content=\"Written by\" \/>\n\t<meta name=\"twitter:data1\" content=\"Rimontg\u00f3\" \/>\n\t<meta name=\"twitter:label2\" content=\"Est. reading time\" \/>\n\t<meta name=\"twitter:data2\" content=\"3 minutos\" \/>\n<script type=\"application\/ld+json\" class=\"yoast-schema-graph\">{\"@context\":\"https:\/\/schema.org\",\"@graph\":[{\"@type\":\"Article\",\"@id\":\"https:\/\/www.rimontgowineries.com\/blog\/es\/debes-saber-vendimia-2017\/#article\",\"isPartOf\":{\"@id\":\"https:\/\/www.rimontgowineries.com\/blog\/es\/debes-saber-vendimia-2017\/\"},\"author\":{\"name\":\"Rimontg\u00f3\",\"@id\":\"https:\/\/www.rimontgowineries.com\/blog\/#\/schema\/person\/6a5818c38bd30c858e2236707d38658d\"},\"headline\":\"Lo que debes saber sobre la vendimia 2017\",\"datePublished\":\"2017-09-07T14:26:17+00:00\",\"dateModified\":\"2023-03-13T13:06:59+00:00\",\"mainEntityOfPage\":{\"@id\":\"https:\/\/www.rimontgowineries.com\/blog\/es\/debes-saber-vendimia-2017\/\"},\"wordCount\":695,\"publisher\":{\"@id\":\"https:\/\/www.rimontgowineries.com\/blog\/#organization\"},\"articleSection\":[\"Actualidad\",\"Viticultura y tecnolog\u00eda\"],\"inLanguage\":\"es\"},{\"@type\":\"WebPage\",\"@id\":\"https:\/\/www.rimontgowineries.com\/blog\/es\/debes-saber-vendimia-2017\/\",\"url\":\"https:\/\/www.rimontgowineries.com\/blog\/es\/debes-saber-vendimia-2017\/\",\"name\":\"La vendimia 2017: que saber sobre este culto anual a la vid | Rimontg\u00f3 Wineries\",\"isPartOf\":{\"@id\":\"https:\/\/www.rimontgowineries.com\/blog\/#website\"},\"datePublished\":\"2017-09-07T14:26:17+00:00\",\"dateModified\":\"2023-03-13T13:06:59+00:00\",\"description\":\"Con el comienzo de la \u00e9poca oto\u00f1al llega la temporada de la vendimia: todo lo que debes saber sobre este ritual anual a la vid.\",\"breadcrumb\":{\"@id\":\"https:\/\/www.rimontgowineries.com\/blog\/es\/debes-saber-vendimia-2017\/#breadcrumb\"},\"inLanguage\":\"es\",\"potentialAction\":[{\"@type\":\"ReadAction\",\"target\":[\"https:\/\/www.rimontgowineries.com\/blog\/es\/debes-saber-vendimia-2017\/\"]}]},{\"@type\":\"BreadcrumbList\",\"@id\":\"https:\/\/www.rimontgowineries.com\/blog\/es\/debes-saber-vendimia-2017\/#breadcrumb\",\"itemListElement\":[{\"@type\":\"ListItem\",\"position\":1,\"name\":\"Home\",\"item\":\"https:\/\/www.rimontgowineries.com\/blog\/es\/\"},{\"@type\":\"ListItem\",\"position\":2,\"name\":\"Lo que debes saber sobre la vendimia 2017\"}]},{\"@type\":\"WebSite\",\"@id\":\"https:\/\/www.rimontgowineries.com\/blog\/#website\",\"url\":\"https:\/\/www.rimontgowineries.com\/blog\/\",\"name\":\"Rimontgo Wineries\",\"description\":\"Rimontgo Wineries\",\"publisher\":{\"@id\":\"https:\/\/www.rimontgowineries.com\/blog\/#organization\"},\"potentialAction\":[{\"@type\":\"SearchAction\",\"target\":{\"@type\":\"EntryPoint\",\"urlTemplate\":\"https:\/\/www.rimontgowineries.com\/blog\/?s={search_term_string}\"},\"query-input\":\"required name=search_term_string\"}],\"inLanguage\":\"es\"},{\"@type\":\"Organization\",\"@id\":\"https:\/\/www.rimontgowineries.com\/blog\/#organization\",\"name\":\"Rimontgo Wineries\",\"url\":\"https:\/\/www.rimontgowineries.com\/blog\/\",\"logo\":{\"@type\":\"ImageObject\",\"inLanguage\":\"es\",\"@id\":\"https:\/\/www.rimontgowineries.com\/blog\/#\/schema\/logo\/image\/\",\"url\":\"https:\/\/www.rimontgowineries.com\/blog\/wp-content\/uploads\/2020\/03\/logo_bodegas_wineries_EN.svg\",\"contentUrl\":\"https:\/\/www.rimontgowineries.com\/blog\/wp-content\/uploads\/2020\/03\/logo_bodegas_wineries_EN.svg\",\"width\":134,\"height\":34,\"caption\":\"Rimontgo Wineries\"},\"image\":{\"@id\":\"https:\/\/www.rimontgowineries.com\/blog\/#\/schema\/logo\/image\/\"}},{\"@type\":\"Person\",\"@id\":\"https:\/\/www.rimontgowineries.com\/blog\/#\/schema\/person\/6a5818c38bd30c858e2236707d38658d\",\"name\":\"Rimontg\u00f3\",\"image\":{\"@type\":\"ImageObject\",\"inLanguage\":\"es\",\"@id\":\"https:\/\/www.rimontgowineries.com\/blog\/#\/schema\/person\/image\/\",\"url\":\"https:\/\/secure.gravatar.com\/avatar\/13d3e33b6bb55067dd20ab7a5d23c488?s=96&d=mm&r=g\",\"contentUrl\":\"https:\/\/secure.gravatar.com\/avatar\/13d3e33b6bb55067dd20ab7a5d23c488?s=96&d=mm&r=g\",\"caption\":\"Rimontg\u00f3\"},\"url\":\"https:\/\/www.rimontgowineries.com\/blog\/author\/tecnicos\/\"}]}<\/script>\n<!-- \/ Yoast SEO plugin. -->","yoast_head_json":{"title":"La vendimia 2017: que saber sobre este culto anual a la vid | Rimontg\u00f3 Wineries","description":"Con el comienzo de la \u00e9poca oto\u00f1al llega la temporada de la vendimia: todo lo que debes saber sobre este ritual anual a la vid.","robots":{"index":"index","follow":"follow","max-snippet":"max-snippet:-1","max-image-preview":"max-image-preview:large","max-video-preview":"max-video-preview:-1"},"canonical":"https:\/\/www.rimontgowineries.com\/blog\/es\/debes-saber-vendimia-2017\/","og_locale":"es_ES","og_type":"article","og_title":"La vendimia 2017: que saber sobre este culto anual a la vid | Rimontg\u00f3 Wineries","og_description":"Con el comienzo de la \u00e9poca oto\u00f1al llega la temporada de la vendimia: todo lo que debes saber sobre este ritual anual a la vid.","og_url":"https:\/\/www.rimontgowineries.com\/blog\/es\/debes-saber-vendimia-2017\/","og_site_name":"Rimontgo Wineries","article_published_time":"2017-09-07T14:26:17+00:00","article_modified_time":"2023-03-13T13:06:59+00:00","og_image":[{"width":1280,"height":720,"url":"https:\/\/www.rimontgowineries.com\/blog\/wp-content\/uploads\/2020\/03\/20.-lo-que-debes-saber-sobre-la-vendimia-2017.jpg","type":"image\/jpeg"}],"author":"Rimontg\u00f3","twitter_card":"summary_large_image","twitter_misc":{"Written by":"Rimontg\u00f3","Est. reading time":"3 minutos"},"schema":{"@context":"https:\/\/schema.org","@graph":[{"@type":"Article","@id":"https:\/\/www.rimontgowineries.com\/blog\/es\/debes-saber-vendimia-2017\/#article","isPartOf":{"@id":"https:\/\/www.rimontgowineries.com\/blog\/es\/debes-saber-vendimia-2017\/"},"author":{"name":"Rimontg\u00f3","@id":"https:\/\/www.rimontgowineries.com\/blog\/#\/schema\/person\/6a5818c38bd30c858e2236707d38658d"},"headline":"Lo que debes saber sobre la vendimia 2017","datePublished":"2017-09-07T14:26:17+00:00","dateModified":"2023-03-13T13:06:59+00:00","mainEntityOfPage":{"@id":"https:\/\/www.rimontgowineries.com\/blog\/es\/debes-saber-vendimia-2017\/"},"wordCount":695,"publisher":{"@id":"https:\/\/www.rimontgowineries.com\/blog\/#organization"},"articleSection":["Actualidad","Viticultura y tecnolog\u00eda"],"inLanguage":"es"},{"@type":"WebPage","@id":"https:\/\/www.rimontgowineries.com\/blog\/es\/debes-saber-vendimia-2017\/","url":"https:\/\/www.rimontgowineries.com\/blog\/es\/debes-saber-vendimia-2017\/","name":"La vendimia 2017: que saber sobre este culto anual a la vid | Rimontg\u00f3 Wineries","isPartOf":{"@id":"https:\/\/www.rimontgowineries.com\/blog\/#website"},"datePublished":"2017-09-07T14:26:17+00:00","dateModified":"2023-03-13T13:06:59+00:00","description":"Con el comienzo de la \u00e9poca oto\u00f1al llega la temporada de la vendimia: todo lo que debes saber sobre este ritual anual a la vid.","breadcrumb":{"@id":"https:\/\/www.rimontgowineries.com\/blog\/es\/debes-saber-vendimia-2017\/#breadcrumb"},"inLanguage":"es","potentialAction":[{"@type":"ReadAction","target":["https:\/\/www.rimontgowineries.com\/blog\/es\/debes-saber-vendimia-2017\/"]}]},{"@type":"BreadcrumbList","@id":"https:\/\/www.rimontgowineries.com\/blog\/es\/debes-saber-vendimia-2017\/#breadcrumb","itemListElement":[{"@type":"ListItem","position":1,"name":"Home","item":"https:\/\/www.rimontgowineries.com\/blog\/es\/"},{"@type":"ListItem","position":2,"name":"Lo que debes saber sobre la vendimia 2017"}]},{"@type":"WebSite","@id":"https:\/\/www.rimontgowineries.com\/blog\/#website","url":"https:\/\/www.rimontgowineries.com\/blog\/","name":"Rimontgo Wineries","description":"Rimontgo Wineries","publisher":{"@id":"https:\/\/www.rimontgowineries.com\/blog\/#organization"},"potentialAction":[{"@type":"SearchAction","target":{"@type":"EntryPoint","urlTemplate":"https:\/\/www.rimontgowineries.com\/blog\/?s={search_term_string}"},"query-input":"required name=search_term_string"}],"inLanguage":"es"},{"@type":"Organization","@id":"https:\/\/www.rimontgowineries.com\/blog\/#organization","name":"Rimontgo Wineries","url":"https:\/\/www.rimontgowineries.com\/blog\/","logo":{"@type":"ImageObject","inLanguage":"es","@id":"https:\/\/www.rimontgowineries.com\/blog\/#\/schema\/logo\/image\/","url":"https:\/\/www.rimontgowineries.com\/blog\/wp-content\/uploads\/2020\/03\/logo_bodegas_wineries_EN.svg","contentUrl":"https:\/\/www.rimontgowineries.com\/blog\/wp-content\/uploads\/2020\/03\/logo_bodegas_wineries_EN.svg","width":134,"height":34,"caption":"Rimontgo Wineries"},"image":{"@id":"https:\/\/www.rimontgowineries.com\/blog\/#\/schema\/logo\/image\/"}},{"@type":"Person","@id":"https:\/\/www.rimontgowineries.com\/blog\/#\/schema\/person\/6a5818c38bd30c858e2236707d38658d","name":"Rimontg\u00f3","image":{"@type":"ImageObject","inLanguage":"es","@id":"https:\/\/www.rimontgowineries.com\/blog\/#\/schema\/person\/image\/","url":"https:\/\/secure.gravatar.com\/avatar\/13d3e33b6bb55067dd20ab7a5d23c488?s=96&d=mm&r=g","contentUrl":"https:\/\/secure.gravatar.com\/avatar\/13d3e33b6bb55067dd20ab7a5d23c488?s=96&d=mm&r=g","caption":"Rimontg\u00f3"},"url":"https:\/\/www.rimontgowineries.com\/blog\/author\/tecnicos\/"}]}},"_links":{"self":[{"href":"https:\/\/www.rimontgowineries.com\/blog\/wp-json\/wp\/v2\/posts\/13435"}],"collection":[{"href":"https:\/\/www.rimontgowineries.com\/blog\/wp-json\/wp\/v2\/posts"}],"about":[{"href":"https:\/\/www.rimontgowineries.com\/blog\/wp-json\/wp\/v2\/types\/post"}],"author":[{"embeddable":true,"href":"https:\/\/www.rimontgowineries.com\/blog\/wp-json\/wp\/v2\/users\/1"}],"replies":[{"embeddable":true,"href":"https:\/\/www.rimontgowineries.com\/blog\/wp-json\/wp\/v2\/comments?post=13435"}],"version-history":[{"count":5,"href":"https:\/\/www.rimontgowineries.com\/blog\/wp-json\/wp\/v2\/posts\/13435\/revisions"}],"predecessor-version":[{"id":21742,"href":"https:\/\/www.rimontgowineries.com\/blog\/wp-json\/wp\/v2\/posts\/13435\/revisions\/21742"}],"wp:featuredmedia":[{"embeddable":true,"href":"https:\/\/www.rimontgowineries.com\/blog\/wp-json\/wp\/v2\/media\/19487"}],"wp:attachment":[{"href":"https:\/\/www.rimontgowineries.com\/blog\/wp-json\/wp\/v2\/media?parent=13435"}],"wp:term":[{"taxonomy":"category","embeddable":true,"href":"https:\/\/www.rimontgowineries.com\/blog\/wp-json\/wp\/v2\/categories?post=13435"},{"taxonomy":"post_tag","embeddable":true,"href":"https:\/\/www.rimontgowineries.com\/blog\/wp-json\/wp\/v2\/tags?post=13435"}],"curies":[{"name":"wp","href":"https:\/\/api.w.org\/{rel}","templated":true}]}}