{"id":19875,"date":"2019-09-17T10:50:35","date_gmt":"2019-09-17T08:50:35","guid":{"rendered":"http:\/\/dev.rimontgowineries.com\/blog\/?p=19875"},"modified":"2020-07-23T14:03:23","modified_gmt":"2020-07-23T12:03:23","slug":"piec-festiwalow-wina-ktorych-w-jesieni-nie-mozesz-przegapic","status":"publish","type":"post","link":"https:\/\/www.rimontgowineries.com\/blog\/pl\/piec-festiwalow-wina-ktorych-w-jesieni-nie-mozesz-przegapic\/","title":{"rendered":"Pi\u0119\u0107 festiwal\u00f3w wina, kt\u00f3rych w jesieni nie mo\u017cesz przegapi\u0107"},"content":{"rendered":"<p>Je\u015bli jeste\u015b mi\u0142o\u015bnikiem wina i chcesz poeksperymentowa\u0107 z nowymi smakami b\u0105d\u017a po prostu planujesz kr\u00f3tki urlop we wrze\u015bniu czy pa\u017adzierniku i nie masz plan\u00f3w, powiniene\u015b rozwa\u017cy\u0107 wizyt\u0119 na jednym z tych festiwali, by prze\u017cy\u0107 prawdziw\u0105 przygod\u0119.<\/p>\n<p>Dobre wino, zabawa i Hiszpania to trzy perfekcyjnie wsp\u00f3\u0142graj\u0105ce ze sob\u0105 czynniki i wszyscy s\u0142yszeli\u015bmy o miejscach takich jak La Rioja czy Jerez. Na P\u00f3\u0142wyspie Iberyjskim wino produkuje si\u0119 od czas\u00f3w rzymskich, a w niekt\u00f3rych rejonach nawet d\u0142u\u017cej. Tyle<strong> wiek\u00f3w tradycji<\/strong> zaowocowa\u0142o festiwalami i \u015bwi\u0119tami wina, kt\u00f3re sprawiaj\u0105, \u017ce mo\u017cna tam prze\u017cy\u0107 prawdziw\u0105 hiszpa\u0144sk\u0105 przygod\u0119. Istnieje wiele imprez podczas zbior\u00f3w, z r\u00f3\u017cnymi rodzajami wina, wszystkie warte odwiedzenia. Oto pi\u0119\u0107 ciekawych przyk\u0142ad\u00f3w.<\/p>\n<h2><\/h2>\n<h2>1.\u00a0\u00a0\u00a0\u00a0\u00a0Festiwal San Mateo w Logro\u00f1o<\/h2>\n<p>Ka\u017cdego 21 wrze\u015bnia w Logro\u00f1o organizuje si\u0119 festiwal wina. Stolica La Rioja znajduje si\u0119 na p\u00f3\u0142nocy P\u00f3\u0142wyspu. <a href=\"https:\/\/www.rimontgo.pl\/sprzedaz-winiarnie-winnice\/doc-rioja\/\" target=\"_blank\" rel=\"noopener noreferrer\"><u>Nazwa pochodzenia DOC w Rioja (DOCa)<\/u><\/a> jest najstarsz\u0105 w Hiszpanii; wi\u0119c je\u015bli zdecydujesz si\u0119 przyjecha\u0107 tu w Festiwal San Mateo, b\u0119dziesz mia\u0142 mo\u017cliwo\u015b\u0107 spr\u00f3bowania tutejszego wina. Skromne pochodzenie tego festiwalu zwi\u0105zanego z winem si\u0119ga XII wieku, jako forma <strong>doceniania \u017cniw. <\/strong><\/p>\n<p>Miasto posiada r\u00f3\u017cnorodn\u0105 ofert\u0119 kulturaln\u0105 podczas wydarzenia, oto kilka przyk\u0142ad\u00f3w:<\/p>\n<ul>\n<li>Koncerty<\/li>\n<li>Szcztuczne ognie<\/li>\n<li>Korrida<\/li>\n<li>Parada karoc<\/li>\n<li>Mistrzostwa w pelot\u0119<\/li>\n<\/ul>\n<p>Oczywi\u015bcie nie by\u0142oby prawdziwej imprezy winiarskiej bez degustacji wina i stragan\u00f3w z jedzeniem dla uczestnik\u00f3w, kt\u00f3rzy mog\u0105 skosztowa\u0107 lokalnej kuchni podczas picia wina. Je\u015bli jeszcze nie odwiedzi\u0142e\u015b Festiwal San Mateo, powiniene\u015b rozwa\u017cy\u0107 to na nast\u0119pny wypad.<\/p>\n<h2>2.\u00a0\u00a0\u00a0\u00a0\u00a0 Festiwal zbior\u00f3w w Jerez<\/h2>\n<p><em>Sherry<\/em> to niepoprawna wymowa s\u0142owa Jerez w j\u0119zyku angielskim, ale czy wiesz, \u017ce ta impreza jest najstarsza w kraju? To wa\u017cna cz\u0119\u015b\u0107 jego historii, poniewa\u017c wino produkowane jest tu od 1100 roku pne.<\/p>\n<p>Pod koniec zbior\u00f3w, mniej wi\u0119cej w pierwszej po\u0142owie wrze\u015bnia, w mie\u015bcie po\u0142o\u017conym na po\u0142udniu Andaluzji odbywa si\u0119<a href=\"https:\/\/www.rimontgo.pl\/sprzedaz-winiarnie-winnice\/do-jerez\/\" target=\"_blank\" rel=\"noopener noreferrer\"><u> \u015bwi\u0119to po\u015bwi\u0119cone winie jerez<\/u><\/a>, podczas kt\u00f3rego odbywaj\u0105 si\u0119 niezliczone imprezy i wydarzenia:<\/p>\n<ul>\n<li>Targ \u015bredniowieczny<\/li>\n<li>Ugniatanie winogron<\/li>\n<li>Pokaz konne<\/li>\n<li>Teatr i muzyka na \u017cywo<\/li>\n<li>Spektakl marionetkowy<\/li>\n<\/ul>\n<p>Podobnie jak w Logro\u00f1o, podczas trwania imprezy mo\u017cna degustowa\u0107 lokalnych win i potraw. W rzeczywisyo\u015bci niekt\u00f3rzy twierdz\u0105 nawet, \u017ce kosztowanie jedzenia jest najwa\u017cniejsz\u0105 cz\u0119\u015bci\u0105 festiwalu.<\/p>\n<h2>3.\u00a0\u00a0\u00a0\u00a0\u00a0 Festiwal zbior\u00f3w w Requenie<\/h2>\n<p>Ci, kt\u00f3rzy wol\u0105 <strong>wybrze\u017ce Morza \u015ar\u00f3dziemnego<\/strong>, zdecydowanie powinni odwiedzi\u0107 Festiwal zbior\u00f3w w Requenie niedaleko Walencji. Gmina ta obchodzi \u015bwi\u0119to zbior\u00f3w na pocz\u0105tku wrze\u015bnia od 1948 roku, dodaj\u0105c je do istniej\u0105cych ju\u017c uroczysto\u015bci inspirowanych \u015bredniowieczem.<\/p>\n<p>Ten festiwal wina w <a href=\"https:\/\/www.rimontgo.pl\/sprzedaz-winiarnie-winnice\/do-utiel-requena\/\" target=\"_blank\" rel=\"noopener noreferrer\"><u>nazwie pochodzenia DO Utiel-Requena<\/u><\/a> obejmuje mi\u0119dzy innymi walki byk\u00f3w, koncerty, tradycyjne ta\u0144ce oraz fajerwerki. Je\u015bli szukasz dobrej zabawy z dobrym winem i doskona\u0142\u0105 lokaln\u0105 gastronomi\u0105, jest to miejsce, do kt\u00f3rego powiniene\u015b si\u0119 uda\u0107.<\/p>\n<h2>4.\u00a0\u00a0\u00a0\u00a0\u00a0 Festiwal zbior\u00f3w w Ruedzie<\/h2>\n<p>Rueda znajduje si\u0119 w p\u00f3\u0142nocnej cz\u0119sci \u015brodkowej Hiszpanii. Regio Kastylia i Le\u00f3n najprawdopodobjnie nie jest znany na arenie mi\u0119dzynarodowej tak jak inne regiony, ale jest to miejsce z bogactwem kulturowym, historycznym, gastronomicznym i oczywi\u015bcie sektorem winiarskim. <strong>Posiada pi\u0119\u0107 oznacze\u0144 denominaci\u00f3n de origen <\/strong>po\u0142o\u017conych w jednym, najbardziej presti\u017cowym rejonie, jakim jest Rueda.<\/p>\n<p>Ta raczej nowoczesna impreza, rozpocz\u0119ta w latach 90., odbywa si\u0119 na prze\u0142omie wrze\u015bnia i pa\u017adziernika, a jej dzia\u0142alno\u015b\u0107 obejmuje warsztaty rzemie\u015blnicze, wieczorne pokazy muzyki lub wystawy. Opr\u00f3cz degustacji wina z r\u00f3\u017cnych winnic <a href=\"https:\/\/www.rimontgo.pl\/sprzedaz-winiarnie-winnice\/do-rueda\/\" target=\"_blank\" rel=\"noopener noreferrer\"><u>D.O. Rueda<\/u><\/a>, pod koniec ka\u017cdej imprezy organizatorzy przygotowuj\u0105 dla uczestnik\u00f3w paell\u0119, co jest fantastycznym sposobem na uko\u0144czenie tego niezwyk\u0142ego wydarzenia.<\/p>\n<h2>5.\u00a0\u00a0\u00a0\u00a0\u00a0 Festiwal zbior\u00f3w i wina w Valdepe\u00f1as<\/h2>\n<p>Ostatni, ale niemniej wa\u017cny, to festiwal zbior\u00f3w w Valdepe\u00f1as, odbywaj\u0105cy si\u0119 w pierwszym tygodniu wrze\u015bnia. Oznaczenie DO Valdepe\u00f1as otoczone jest DO La Mancha, ale, ale istniej\u0105 r\u00f3\u017cnice w produktach oferowanych przez ka\u017cdy z nich. W Valdepe\u00f1as wyr\u00f3\u017cnia si\u0119 wino ciemnoczerwone wino o kolorze bordowym, b\u0119d\u0105ce wynikiem <strong>mieszanki bia\u0142ych i czarnych winogron.<\/strong><\/p>\n<p>Od 1953 roku mieszka\u0144cy Valdepe\u00f1as \u015bwi\u0119towali festiwal zbior\u00f3w winogron, organizuj\u0105c r\u00f3\u017cne imprezy kulturalne, takie jak mistrzostwa sportowe, koncerty, konkursy artystyczne, czytanie poezji czy zaj\u0119cia dla dzieci. Spo\u015br\u00f3d innych \u015bwi\u0105t wina wyr\u00f3\u017cnia go konkurs limon\u00e1 &#8211; mieszanka bia\u0142ego wina z sokiem z cytryny, kt\u00f3rej smak trudno zapomnie\u0107.<\/p>\n<p>Je\u015bli pasjonuje Ci\u0119 \u015bwiat wina, a te festiwalee wydaj\u0105 si\u0119 ciekawe, dlaczego nie rozpocz\u0105\u0107 w\u0142asnego projektu? <strong>Rimontg\u00f3 specjalizuje <a href=\"https:\/\/www.rimontgo.pl\/sprzedaz-winiarnie-winnice\/\" target=\"_blank\" rel=\"noopener noreferrer\">si\u0119 w sprzeda\u017cy winiarni<\/a><\/strong> w ka\u017cdej z tym nazw pochodzenia denominaci\u00f3n de origen.<\/p>\n","protected":false},"excerpt":{"rendered":"<p>Hiszpanie s\u0105 dumni ze swoich win \u2013 co roku w jesie\u0144 na ca\u0142ym P\u00f3\u0142wyspie Iberysjkim odbywaj\u0105 si\u0119 festiwale wina, by uczci\u0107 zbiory winogron i lokaln\u0105 produkcj\u0119 wina.<\/p>\n","protected":false},"author":1,"featured_media":20135,"comment_status":"closed","ping_status":"closed","sticky":false,"template":"","format":"standard","meta":{"_mi_skip_tracking":false,"_monsterinsights_sitenote_active":false,"_monsterinsights_sitenote_note":"","_monsterinsights_sitenote_category":0,"footnotes":""},"categories":[3050],"tags":[],"yoast_head":"<!-- This site is optimized with the Yoast SEO plugin v21.5 - https:\/\/yoast.com\/wordpress\/plugins\/seo\/ -->\n<title>5 Fiestas del vino en Espa\u00f1a que deber\u00edas conocer \u2013 Rimontg\u00f3<\/title>\n<meta name=\"description\" content=\"Visite el blog de Rimontg\u00f3 y descubra los enclaves espa\u00f1oles m\u00e1s pintorescos y las fiestas del vino que se celebran en septiembre desde La Rioja hasta Jerez.\" \/>\n<meta name=\"robots\" content=\"index, follow, max-snippet:-1, max-image-preview:large, max-video-preview:-1\" \/>\n<link rel=\"canonical\" href=\"https:\/\/www.rimontgowineries.com\/blog\/pl\/piec-festiwalow-wina-ktorych-w-jesieni-nie-mozesz-przegapic\/\" \/>\n<meta property=\"og:locale\" content=\"es_ES\" \/>\n<meta property=\"og:type\" content=\"article\" \/>\n<meta property=\"og:title\" content=\"5 Fiestas del vino en Espa\u00f1a que deber\u00edas conocer \u2013 Rimontg\u00f3\" \/>\n<meta property=\"og:description\" content=\"Visite el blog de Rimontg\u00f3 y descubra los enclaves espa\u00f1oles m\u00e1s pintorescos y las fiestas del vino que se celebran en septiembre desde La Rioja hasta Jerez.\" \/>\n<meta property=\"og:url\" content=\"https:\/\/www.rimontgowineries.com\/blog\/pl\/piec-festiwalow-wina-ktorych-w-jesieni-nie-mozesz-przegapic\/\" \/>\n<meta property=\"og:site_name\" content=\"Rimontgo Wineries\" \/>\n<meta property=\"article:published_time\" content=\"2019-09-17T08:50:35+00:00\" \/>\n<meta property=\"article:modified_time\" content=\"2020-07-23T12:03:23+00:00\" \/>\n<meta property=\"og:image\" content=\"https:\/\/www.rimontgowineries.com\/blog\/wp-content\/uploads\/2020\/07\/4.-cinco-fiestas-del-vino-que-no-te-puedes-perder-en-otono.jpg\" \/>\n\t<meta property=\"og:image:width\" content=\"1024\" \/>\n\t<meta property=\"og:image:height\" content=\"576\" \/>\n\t<meta property=\"og:image:type\" content=\"image\/jpeg\" \/>\n<meta name=\"author\" content=\"Rimontg\u00f3\" \/>\n<meta name=\"twitter:card\" content=\"summary_large_image\" \/>\n<meta name=\"twitter:label1\" content=\"Written by\" \/>\n\t<meta name=\"twitter:data1\" content=\"Rimontg\u00f3\" \/>\n\t<meta name=\"twitter:label2\" content=\"Est. reading time\" \/>\n\t<meta name=\"twitter:data2\" content=\"4 minutos\" \/>\n<script type=\"application\/ld+json\" class=\"yoast-schema-graph\">{\"@context\":\"https:\/\/schema.org\",\"@graph\":[{\"@type\":\"Article\",\"@id\":\"https:\/\/www.rimontgowineries.com\/blog\/pl\/piec-festiwalow-wina-ktorych-w-jesieni-nie-mozesz-przegapic\/#article\",\"isPartOf\":{\"@id\":\"https:\/\/www.rimontgowineries.com\/blog\/pl\/piec-festiwalow-wina-ktorych-w-jesieni-nie-mozesz-przegapic\/\"},\"author\":{\"name\":\"Rimontg\u00f3\",\"@id\":\"https:\/\/www.rimontgowineries.com\/blog\/#\/schema\/person\/6a5818c38bd30c858e2236707d38658d\"},\"headline\":\"Pi\u0119\u0107 festiwal\u00f3w wina, kt\u00f3rych w jesieni nie mo\u017cesz przegapi\u0107\",\"datePublished\":\"2019-09-17T08:50:35+00:00\",\"dateModified\":\"2020-07-23T12:03:23+00:00\",\"mainEntityOfPage\":{\"@id\":\"https:\/\/www.rimontgowineries.com\/blog\/pl\/piec-festiwalow-wina-ktorych-w-jesieni-nie-mozesz-przegapic\/\"},\"wordCount\":801,\"publisher\":{\"@id\":\"https:\/\/www.rimontgowineries.com\/blog\/#organization\"},\"articleSection\":[\"Imprezy i wydarzenia\"],\"inLanguage\":\"es\"},{\"@type\":\"WebPage\",\"@id\":\"https:\/\/www.rimontgowineries.com\/blog\/pl\/piec-festiwalow-wina-ktorych-w-jesieni-nie-mozesz-przegapic\/\",\"url\":\"https:\/\/www.rimontgowineries.com\/blog\/pl\/piec-festiwalow-wina-ktorych-w-jesieni-nie-mozesz-przegapic\/\",\"name\":\"5 Fiestas del vino en Espa\u00f1a que deber\u00edas conocer \u2013 Rimontg\u00f3\",\"isPartOf\":{\"@id\":\"https:\/\/www.rimontgowineries.com\/blog\/#website\"},\"datePublished\":\"2019-09-17T08:50:35+00:00\",\"dateModified\":\"2020-07-23T12:03:23+00:00\",\"description\":\"Visite el blog de Rimontg\u00f3 y descubra los enclaves espa\u00f1oles m\u00e1s pintorescos y las fiestas del vino que se celebran en septiembre desde La Rioja hasta Jerez.\",\"breadcrumb\":{\"@id\":\"https:\/\/www.rimontgowineries.com\/blog\/pl\/piec-festiwalow-wina-ktorych-w-jesieni-nie-mozesz-przegapic\/#breadcrumb\"},\"inLanguage\":\"es\",\"potentialAction\":[{\"@type\":\"ReadAction\",\"target\":[\"https:\/\/www.rimontgowineries.com\/blog\/pl\/piec-festiwalow-wina-ktorych-w-jesieni-nie-mozesz-przegapic\/\"]}]},{\"@type\":\"BreadcrumbList\",\"@id\":\"https:\/\/www.rimontgowineries.com\/blog\/pl\/piec-festiwalow-wina-ktorych-w-jesieni-nie-mozesz-przegapic\/#breadcrumb\",\"itemListElement\":[{\"@type\":\"ListItem\",\"position\":1,\"name\":\"Home\",\"item\":\"https:\/\/www.rimontgowineries.com\/blog\/es\/\"},{\"@type\":\"ListItem\",\"position\":2,\"name\":\"Pi\u0119\u0107 festiwal\u00f3w wina, kt\u00f3rych w jesieni nie mo\u017cesz przegapi\u0107\"}]},{\"@type\":\"WebSite\",\"@id\":\"https:\/\/www.rimontgowineries.com\/blog\/#website\",\"url\":\"https:\/\/www.rimontgowineries.com\/blog\/\",\"name\":\"Rimontgo Wineries\",\"description\":\"Rimontgo Wineries\",\"publisher\":{\"@id\":\"https:\/\/www.rimontgowineries.com\/blog\/#organization\"},\"potentialAction\":[{\"@type\":\"SearchAction\",\"target\":{\"@type\":\"EntryPoint\",\"urlTemplate\":\"https:\/\/www.rimontgowineries.com\/blog\/?s={search_term_string}\"},\"query-input\":\"required name=search_term_string\"}],\"inLanguage\":\"es\"},{\"@type\":\"Organization\",\"@id\":\"https:\/\/www.rimontgowineries.com\/blog\/#organization\",\"name\":\"Rimontgo Wineries\",\"url\":\"https:\/\/www.rimontgowineries.com\/blog\/\",\"logo\":{\"@type\":\"ImageObject\",\"inLanguage\":\"es\",\"@id\":\"https:\/\/www.rimontgowineries.com\/blog\/#\/schema\/logo\/image\/\",\"url\":\"https:\/\/www.rimontgowineries.com\/blog\/wp-content\/uploads\/2020\/03\/logo_bodegas_wineries_EN.svg\",\"contentUrl\":\"https:\/\/www.rimontgowineries.com\/blog\/wp-content\/uploads\/2020\/03\/logo_bodegas_wineries_EN.svg\",\"width\":134,\"height\":34,\"caption\":\"Rimontgo Wineries\"},\"image\":{\"@id\":\"https:\/\/www.rimontgowineries.com\/blog\/#\/schema\/logo\/image\/\"}},{\"@type\":\"Person\",\"@id\":\"https:\/\/www.rimontgowineries.com\/blog\/#\/schema\/person\/6a5818c38bd30c858e2236707d38658d\",\"name\":\"Rimontg\u00f3\",\"image\":{\"@type\":\"ImageObject\",\"inLanguage\":\"es\",\"@id\":\"https:\/\/www.rimontgowineries.com\/blog\/#\/schema\/person\/image\/\",\"url\":\"https:\/\/secure.gravatar.com\/avatar\/13d3e33b6bb55067dd20ab7a5d23c488?s=96&d=mm&r=g\",\"contentUrl\":\"https:\/\/secure.gravatar.com\/avatar\/13d3e33b6bb55067dd20ab7a5d23c488?s=96&d=mm&r=g\",\"caption\":\"Rimontg\u00f3\"},\"url\":\"https:\/\/www.rimontgowineries.com\/blog\/author\/tecnicos\/\"}]}<\/script>\n<!-- \/ Yoast SEO plugin. -->","yoast_head_json":{"title":"5 Fiestas del vino en Espa\u00f1a que deber\u00edas conocer \u2013 Rimontg\u00f3","description":"Visite el blog de Rimontg\u00f3 y descubra los enclaves espa\u00f1oles m\u00e1s pintorescos y las fiestas del vino que se celebran en septiembre desde La Rioja hasta Jerez.","robots":{"index":"index","follow":"follow","max-snippet":"max-snippet:-1","max-image-preview":"max-image-preview:large","max-video-preview":"max-video-preview:-1"},"canonical":"https:\/\/www.rimontgowineries.com\/blog\/pl\/piec-festiwalow-wina-ktorych-w-jesieni-nie-mozesz-przegapic\/","og_locale":"es_ES","og_type":"article","og_title":"5 Fiestas del vino en Espa\u00f1a que deber\u00edas conocer \u2013 Rimontg\u00f3","og_description":"Visite el blog de Rimontg\u00f3 y descubra los enclaves espa\u00f1oles m\u00e1s pintorescos y las fiestas del vino que se celebran en septiembre desde La Rioja hasta Jerez.","og_url":"https:\/\/www.rimontgowineries.com\/blog\/pl\/piec-festiwalow-wina-ktorych-w-jesieni-nie-mozesz-przegapic\/","og_site_name":"Rimontgo Wineries","article_published_time":"2019-09-17T08:50:35+00:00","article_modified_time":"2020-07-23T12:03:23+00:00","og_image":[{"width":1024,"height":576,"url":"https:\/\/www.rimontgowineries.com\/blog\/wp-content\/uploads\/2020\/07\/4.-cinco-fiestas-del-vino-que-no-te-puedes-perder-en-otono.jpg","type":"image\/jpeg"}],"author":"Rimontg\u00f3","twitter_card":"summary_large_image","twitter_misc":{"Written by":"Rimontg\u00f3","Est. reading time":"4 minutos"},"schema":{"@context":"https:\/\/schema.org","@graph":[{"@type":"Article","@id":"https:\/\/www.rimontgowineries.com\/blog\/pl\/piec-festiwalow-wina-ktorych-w-jesieni-nie-mozesz-przegapic\/#article","isPartOf":{"@id":"https:\/\/www.rimontgowineries.com\/blog\/pl\/piec-festiwalow-wina-ktorych-w-jesieni-nie-mozesz-przegapic\/"},"author":{"name":"Rimontg\u00f3","@id":"https:\/\/www.rimontgowineries.com\/blog\/#\/schema\/person\/6a5818c38bd30c858e2236707d38658d"},"headline":"Pi\u0119\u0107 festiwal\u00f3w wina, kt\u00f3rych w jesieni nie mo\u017cesz przegapi\u0107","datePublished":"2019-09-17T08:50:35+00:00","dateModified":"2020-07-23T12:03:23+00:00","mainEntityOfPage":{"@id":"https:\/\/www.rimontgowineries.com\/blog\/pl\/piec-festiwalow-wina-ktorych-w-jesieni-nie-mozesz-przegapic\/"},"wordCount":801,"publisher":{"@id":"https:\/\/www.rimontgowineries.com\/blog\/#organization"},"articleSection":["Imprezy i wydarzenia"],"inLanguage":"es"},{"@type":"WebPage","@id":"https:\/\/www.rimontgowineries.com\/blog\/pl\/piec-festiwalow-wina-ktorych-w-jesieni-nie-mozesz-przegapic\/","url":"https:\/\/www.rimontgowineries.com\/blog\/pl\/piec-festiwalow-wina-ktorych-w-jesieni-nie-mozesz-przegapic\/","name":"5 Fiestas del vino en Espa\u00f1a que deber\u00edas conocer \u2013 Rimontg\u00f3","isPartOf":{"@id":"https:\/\/www.rimontgowineries.com\/blog\/#website"},"datePublished":"2019-09-17T08:50:35+00:00","dateModified":"2020-07-23T12:03:23+00:00","description":"Visite el blog de Rimontg\u00f3 y descubra los enclaves espa\u00f1oles m\u00e1s pintorescos y las fiestas del vino que se celebran en septiembre desde La Rioja hasta Jerez.","breadcrumb":{"@id":"https:\/\/www.rimontgowineries.com\/blog\/pl\/piec-festiwalow-wina-ktorych-w-jesieni-nie-mozesz-przegapic\/#breadcrumb"},"inLanguage":"es","potentialAction":[{"@type":"ReadAction","target":["https:\/\/www.rimontgowineries.com\/blog\/pl\/piec-festiwalow-wina-ktorych-w-jesieni-nie-mozesz-przegapic\/"]}]},{"@type":"BreadcrumbList","@id":"https:\/\/www.rimontgowineries.com\/blog\/pl\/piec-festiwalow-wina-ktorych-w-jesieni-nie-mozesz-przegapic\/#breadcrumb","itemListElement":[{"@type":"ListItem","position":1,"name":"Home","item":"https:\/\/www.rimontgowineries.com\/blog\/es\/"},{"@type":"ListItem","position":2,"name":"Pi\u0119\u0107 festiwal\u00f3w wina, kt\u00f3rych w jesieni nie mo\u017cesz przegapi\u0107"}]},{"@type":"WebSite","@id":"https:\/\/www.rimontgowineries.com\/blog\/#website","url":"https:\/\/www.rimontgowineries.com\/blog\/","name":"Rimontgo Wineries","description":"Rimontgo Wineries","publisher":{"@id":"https:\/\/www.rimontgowineries.com\/blog\/#organization"},"potentialAction":[{"@type":"SearchAction","target":{"@type":"EntryPoint","urlTemplate":"https:\/\/www.rimontgowineries.com\/blog\/?s={search_term_string}"},"query-input":"required name=search_term_string"}],"inLanguage":"es"},{"@type":"Organization","@id":"https:\/\/www.rimontgowineries.com\/blog\/#organization","name":"Rimontgo Wineries","url":"https:\/\/www.rimontgowineries.com\/blog\/","logo":{"@type":"ImageObject","inLanguage":"es","@id":"https:\/\/www.rimontgowineries.com\/blog\/#\/schema\/logo\/image\/","url":"https:\/\/www.rimontgowineries.com\/blog\/wp-content\/uploads\/2020\/03\/logo_bodegas_wineries_EN.svg","contentUrl":"https:\/\/www.rimontgowineries.com\/blog\/wp-content\/uploads\/2020\/03\/logo_bodegas_wineries_EN.svg","width":134,"height":34,"caption":"Rimontgo Wineries"},"image":{"@id":"https:\/\/www.rimontgowineries.com\/blog\/#\/schema\/logo\/image\/"}},{"@type":"Person","@id":"https:\/\/www.rimontgowineries.com\/blog\/#\/schema\/person\/6a5818c38bd30c858e2236707d38658d","name":"Rimontg\u00f3","image":{"@type":"ImageObject","inLanguage":"es","@id":"https:\/\/www.rimontgowineries.com\/blog\/#\/schema\/person\/image\/","url":"https:\/\/secure.gravatar.com\/avatar\/13d3e33b6bb55067dd20ab7a5d23c488?s=96&d=mm&r=g","contentUrl":"https:\/\/secure.gravatar.com\/avatar\/13d3e33b6bb55067dd20ab7a5d23c488?s=96&d=mm&r=g","caption":"Rimontg\u00f3"},"url":"https:\/\/www.rimontgowineries.com\/blog\/author\/tecnicos\/"}]}},"_links":{"self":[{"href":"https:\/\/www.rimontgowineries.com\/blog\/wp-json\/wp\/v2\/posts\/19875"}],"collection":[{"href":"https:\/\/www.rimontgowineries.com\/blog\/wp-json\/wp\/v2\/posts"}],"about":[{"href":"https:\/\/www.rimontgowineries.com\/blog\/wp-json\/wp\/v2\/types\/post"}],"author":[{"embeddable":true,"href":"https:\/\/www.rimontgowineries.com\/blog\/wp-json\/wp\/v2\/users\/1"}],"replies":[{"embeddable":true,"href":"https:\/\/www.rimontgowineries.com\/blog\/wp-json\/wp\/v2\/comments?post=19875"}],"version-history":[{"count":2,"href":"https:\/\/www.rimontgowineries.com\/blog\/wp-json\/wp\/v2\/posts\/19875\/revisions"}],"predecessor-version":[{"id":19877,"href":"https:\/\/www.rimontgowineries.com\/blog\/wp-json\/wp\/v2\/posts\/19875\/revisions\/19877"}],"wp:featuredmedia":[{"embeddable":true,"href":"https:\/\/www.rimontgowineries.com\/blog\/wp-json\/wp\/v2\/media\/20135"}],"wp:attachment":[{"href":"https:\/\/www.rimontgowineries.com\/blog\/wp-json\/wp\/v2\/media?parent=19875"}],"wp:term":[{"taxonomy":"category","embeddable":true,"href":"https:\/\/www.rimontgowineries.com\/blog\/wp-json\/wp\/v2\/categories?post=19875"},{"taxonomy":"post_tag","embeddable":true,"href":"https:\/\/www.rimontgowineries.com\/blog\/wp-json\/wp\/v2\/tags?post=19875"}],"curies":[{"name":"wp","href":"https:\/\/api.w.org\/{rel}","templated":true}]}}