{"id":20441,"date":"2022-06-10T10:10:43","date_gmt":"2022-06-10T08:10:43","guid":{"rendered":"https:\/\/www.rimontgowineries.com\/blog\/?p=20441"},"modified":"2023-03-08T14:16:10","modified_gmt":"2023-03-08T13:16:10","slug":"vinoble","status":"publish","type":"post","link":"https:\/\/www.rimontgowineries.com\/blog\/es\/vinoble\/","title":{"rendered":"Vinoble"},"content":{"rendered":"\n<p>En el mundo del vino, Ferias hay muchas, pero como <strong>Vinoble<\/strong>, creo que ninguna. \u00bfPor qu\u00e9 hago tal afirmaci\u00f3n? Pues, por muchos motivos. Empezar\u00e9 diciendo que<a href=\"https:\/\/www.rimontgowineries.com\/es\/bodegas-en-venta-espana\/do-jerez\" target=\"_blank\" aria-label=\"undefined (abre en una nueva pesta\u00f1a)\" rel=\"noreferrer noopener\"> <strong>Jerez de la Frontera<\/strong><\/a>, que es donde se realiza el evento, es una de las ciudades con m\u00e1s encanto que conozco. En sus calles se respira un encantador pasado, que, afortunadamente, sigue muy vivo en el presente. Y es que, en Jerez, el tiempo camina despacio, remoloneando en su pasar. Las viejas bodegas forman parte natural del escenario de la ciudad y, a la vuelta de cualquier esquina, puedes sentir peque\u00f1as r\u00e1fagas de aroma a fino que se escapa de las barricas. Un deleite m\u00e1s para los sentidos, porque Jerez es un inmenso abanico sensorial.<\/p>\n\n\n\n<p>\u00a0\u00a0\u00a0\u00a0\u00a0\u00a0\u00a0\u00a0\u00a0\u00a0\u00a0 El <strong>Sal\u00f3n internacional de los Vinos Nobles<\/strong>, Vinoble -este a\u00f1o la und\u00e9cima edici\u00f3n-, se celebra en el recinto del Alc\u00e1zar de Jerez de la Frontera y recoge, especialmente, vinos, generosos, licorosos y dulces, tan propios del marco de Jerez, de Montilla, de M\u00e1laga o de Huelva. La feria nace con la finalidad de reivindicarse frente a las salones de vinos m\u00e1s comerciales, donde este tipo de \u201cvinos especiales\u201d tienden a pasar desapercibidos para la generalidad del gran p\u00fablico.<\/p>\n\n\n\n<p>&nbsp;&nbsp;&nbsp;&nbsp;&nbsp;&nbsp;&nbsp;&nbsp;&nbsp;&nbsp;&nbsp; En los expositores que se despliegan a lo largo de todo el Alc\u00e1zar encontramos, especialmente, los <strong>diferentes tipos de vinos del Marco de Jerez, de Montilla, de M\u00e1laga o de Huelva<\/strong>, pero tambi\u00e9n hay vinos generosos de otras partes de Europa y un expositor de vinos tranquilos de Nuevo Mundo, incluso este a\u00f1o he disfrutado, y mucho, de la sidra de hielo que elabora Br\u00e4nnland Cider, en Suecia. Tambi\u00e9n es habitual la presencia de los cavas de Mestres, muy de agradecer despu\u00e9s de tanto vino generoso.<\/p>\n\n\n\n<p>&nbsp;&nbsp;&nbsp;&nbsp;&nbsp;&nbsp;&nbsp;&nbsp;&nbsp;&nbsp;&nbsp; Son muchos los vinos que me han enamorado este a\u00f1o, pero me voy a quedar con el recuerdo de dos vinos: la <strong>manzanilla La Olvidada<\/strong>, de la bodega Callejuela, y el <strong>amontillado Fino Imperial V.O.R.S. 30 a\u00f1os<\/strong>, de la bodega D\u00edez M\u00e9rito. El primero una muy grata sorpresa y el \u00faltimo, un viejo conocido que ya me rob\u00f3 el coraz\u00f3n hace unos a\u00f1os.<\/p>\n\n\n\n<p>&nbsp;&nbsp;&nbsp;&nbsp;&nbsp;&nbsp;&nbsp;&nbsp;&nbsp;&nbsp;&nbsp; En cierto modo, Vinoble no es solo un sal\u00f3n de vinos especiales, sino, m\u00e1s bien, una feria de la felicidad en la que los <strong>amantes del mundo del vino<\/strong> nos reencontramos, disfrutamos del vino -no solo del Marco de Jerez-, nos deleitamos con la gastronom\u00eda del sur y, sobre todo, somos felices en una tierra que rezuma albariza y oro l\u00edquido.<\/p>\n","protected":false},"excerpt":{"rendered":"<p>El Alc\u00e1zar de Jerez de la Frontera ha acogido la XI Edici\u00f3n de Vinoble. Esta feria est\u00e1 dedicada a vinos especiales, entre ellos, generosos, licorosos y dulces. Un fest\u00edn para los amantes del buen vino. <\/p>\n","protected":false},"author":2,"featured_media":20443,"comment_status":"open","ping_status":"open","sticky":false,"template":"","format":"standard","meta":{"_mi_skip_tracking":false,"_monsterinsights_sitenote_active":false,"_monsterinsights_sitenote_note":"","_monsterinsights_sitenote_category":0,"footnotes":""},"categories":[3064,3041],"tags":[],"yoast_head":"<!-- This site is optimized with the Yoast SEO plugin v21.5 - https:\/\/yoast.com\/wordpress\/plugins\/seo\/ -->\n<title>XI Edici\u00f3n de la Feria Vinoble | Rimontg\u00f3 Bodegas<\/title>\n<meta name=\"description\" content=\"Vinoble, Sal\u00f3n Internacional de los Vinos Nobles, dedicada a ense\u00f1ar al mundo algunos de los mejores vinos nobles, ha celebrado su \u00fandecima edici\u00f3n.\" \/>\n<meta name=\"robots\" content=\"index, follow, max-snippet:-1, max-image-preview:large, max-video-preview:-1\" \/>\n<link rel=\"canonical\" href=\"https:\/\/www.rimontgowineries.com\/blog\/es\/vinoble\/\" \/>\n<meta property=\"og:locale\" content=\"es_ES\" \/>\n<meta property=\"og:type\" content=\"article\" \/>\n<meta property=\"og:title\" content=\"XI Edici\u00f3n de la Feria Vinoble | Rimontg\u00f3 Bodegas\" \/>\n<meta property=\"og:description\" content=\"Vinoble, Sal\u00f3n Internacional de los Vinos Nobles, dedicada a ense\u00f1ar al mundo algunos de los mejores vinos nobles, ha celebrado su \u00fandecima edici\u00f3n.\" \/>\n<meta property=\"og:url\" content=\"https:\/\/www.rimontgowineries.com\/blog\/es\/vinoble\/\" \/>\n<meta property=\"og:site_name\" content=\"Rimontgo Wineries\" \/>\n<meta property=\"article:published_time\" content=\"2022-06-10T08:10:43+00:00\" \/>\n<meta property=\"article:modified_time\" content=\"2023-03-08T13:16:10+00:00\" \/>\n<meta property=\"og:image\" content=\"https:\/\/www.rimontgowineries.com\/blog\/wp-content\/uploads\/2022\/06\/Vinoble.jpg\" \/>\n\t<meta property=\"og:image:width\" content=\"1086\" \/>\n\t<meta property=\"og:image:height\" content=\"723\" \/>\n\t<meta property=\"og:image:type\" content=\"image\/jpeg\" \/>\n<meta name=\"author\" content=\"Juan Luis Vanrell\" \/>\n<meta name=\"twitter:card\" content=\"summary_large_image\" \/>\n<meta name=\"twitter:label1\" content=\"Written by\" \/>\n\t<meta name=\"twitter:data1\" content=\"Juan Luis Vanrell\" \/>\n\t<meta name=\"twitter:label2\" content=\"Est. reading time\" \/>\n\t<meta name=\"twitter:data2\" content=\"2 minutos\" \/>\n<script type=\"application\/ld+json\" class=\"yoast-schema-graph\">{\"@context\":\"https:\/\/schema.org\",\"@graph\":[{\"@type\":\"Article\",\"@id\":\"https:\/\/www.rimontgowineries.com\/blog\/es\/vinoble\/#article\",\"isPartOf\":{\"@id\":\"https:\/\/www.rimontgowineries.com\/blog\/es\/vinoble\/\"},\"author\":{\"name\":\"Juan Luis Vanrell\",\"@id\":\"https:\/\/www.rimontgowineries.com\/blog\/#\/schema\/person\/9dc43a22f8b4b5cca821369523f3c455\"},\"headline\":\"Vinoble\",\"datePublished\":\"2022-06-10T08:10:43+00:00\",\"dateModified\":\"2023-03-08T13:16:10+00:00\",\"mainEntityOfPage\":{\"@id\":\"https:\/\/www.rimontgowineries.com\/blog\/es\/vinoble\/\"},\"wordCount\":475,\"commentCount\":0,\"publisher\":{\"@id\":\"https:\/\/www.rimontgowineries.com\/blog\/#organization\"},\"articleSection\":[\"Bodegas\",\"Ferias y eventos\"],\"inLanguage\":\"es\",\"potentialAction\":[{\"@type\":\"CommentAction\",\"name\":\"Comment\",\"target\":[\"https:\/\/www.rimontgowineries.com\/blog\/es\/vinoble\/#respond\"]}]},{\"@type\":\"WebPage\",\"@id\":\"https:\/\/www.rimontgowineries.com\/blog\/es\/vinoble\/\",\"url\":\"https:\/\/www.rimontgowineries.com\/blog\/es\/vinoble\/\",\"name\":\"XI Edici\u00f3n de la Feria Vinoble | Rimontg\u00f3 Bodegas\",\"isPartOf\":{\"@id\":\"https:\/\/www.rimontgowineries.com\/blog\/#website\"},\"datePublished\":\"2022-06-10T08:10:43+00:00\",\"dateModified\":\"2023-03-08T13:16:10+00:00\",\"description\":\"Vinoble, Sal\u00f3n Internacional de los Vinos Nobles, dedicada a ense\u00f1ar al mundo algunos de los mejores vinos nobles, ha celebrado su \u00fandecima edici\u00f3n.\",\"breadcrumb\":{\"@id\":\"https:\/\/www.rimontgowineries.com\/blog\/es\/vinoble\/#breadcrumb\"},\"inLanguage\":\"es\",\"potentialAction\":[{\"@type\":\"ReadAction\",\"target\":[\"https:\/\/www.rimontgowineries.com\/blog\/es\/vinoble\/\"]}]},{\"@type\":\"BreadcrumbList\",\"@id\":\"https:\/\/www.rimontgowineries.com\/blog\/es\/vinoble\/#breadcrumb\",\"itemListElement\":[{\"@type\":\"ListItem\",\"position\":1,\"name\":\"Home\",\"item\":\"https:\/\/www.rimontgowineries.com\/blog\/es\/\"},{\"@type\":\"ListItem\",\"position\":2,\"name\":\"Vinoble\"}]},{\"@type\":\"WebSite\",\"@id\":\"https:\/\/www.rimontgowineries.com\/blog\/#website\",\"url\":\"https:\/\/www.rimontgowineries.com\/blog\/\",\"name\":\"Rimontgo Wineries\",\"description\":\"Rimontgo Wineries\",\"publisher\":{\"@id\":\"https:\/\/www.rimontgowineries.com\/blog\/#organization\"},\"potentialAction\":[{\"@type\":\"SearchAction\",\"target\":{\"@type\":\"EntryPoint\",\"urlTemplate\":\"https:\/\/www.rimontgowineries.com\/blog\/?s={search_term_string}\"},\"query-input\":\"required name=search_term_string\"}],\"inLanguage\":\"es\"},{\"@type\":\"Organization\",\"@id\":\"https:\/\/www.rimontgowineries.com\/blog\/#organization\",\"name\":\"Rimontgo Wineries\",\"url\":\"https:\/\/www.rimontgowineries.com\/blog\/\",\"logo\":{\"@type\":\"ImageObject\",\"inLanguage\":\"es\",\"@id\":\"https:\/\/www.rimontgowineries.com\/blog\/#\/schema\/logo\/image\/\",\"url\":\"https:\/\/www.rimontgowineries.com\/blog\/wp-content\/uploads\/2020\/03\/logo_bodegas_wineries_EN.svg\",\"contentUrl\":\"https:\/\/www.rimontgowineries.com\/blog\/wp-content\/uploads\/2020\/03\/logo_bodegas_wineries_EN.svg\",\"width\":134,\"height\":34,\"caption\":\"Rimontgo Wineries\"},\"image\":{\"@id\":\"https:\/\/www.rimontgowineries.com\/blog\/#\/schema\/logo\/image\/\"}},{\"@type\":\"Person\",\"@id\":\"https:\/\/www.rimontgowineries.com\/blog\/#\/schema\/person\/9dc43a22f8b4b5cca821369523f3c455\",\"name\":\"Juan Luis Vanrell\",\"image\":{\"@type\":\"ImageObject\",\"inLanguage\":\"es\",\"@id\":\"https:\/\/www.rimontgowineries.com\/blog\/#\/schema\/person\/image\/\",\"url\":\"https:\/\/secure.gravatar.com\/avatar\/ffaf84a9253780c50f123fc18a9c2266?s=96&d=mm&r=g\",\"contentUrl\":\"https:\/\/secure.gravatar.com\/avatar\/ffaf84a9253780c50f123fc18a9c2266?s=96&d=mm&r=g\",\"caption\":\"Juan Luis Vanrell\"},\"url\":\"https:\/\/www.rimontgowineries.com\/blog\/author\/juanluis\/\"}]}<\/script>\n<!-- \/ Yoast SEO plugin. -->","yoast_head_json":{"title":"XI Edici\u00f3n de la Feria Vinoble | Rimontg\u00f3 Bodegas","description":"Vinoble, Sal\u00f3n Internacional de los Vinos Nobles, dedicada a ense\u00f1ar al mundo algunos de los mejores vinos nobles, ha celebrado su \u00fandecima edici\u00f3n.","robots":{"index":"index","follow":"follow","max-snippet":"max-snippet:-1","max-image-preview":"max-image-preview:large","max-video-preview":"max-video-preview:-1"},"canonical":"https:\/\/www.rimontgowineries.com\/blog\/es\/vinoble\/","og_locale":"es_ES","og_type":"article","og_title":"XI Edici\u00f3n de la Feria Vinoble | Rimontg\u00f3 Bodegas","og_description":"Vinoble, Sal\u00f3n Internacional de los Vinos Nobles, dedicada a ense\u00f1ar al mundo algunos de los mejores vinos nobles, ha celebrado su \u00fandecima edici\u00f3n.","og_url":"https:\/\/www.rimontgowineries.com\/blog\/es\/vinoble\/","og_site_name":"Rimontgo Wineries","article_published_time":"2022-06-10T08:10:43+00:00","article_modified_time":"2023-03-08T13:16:10+00:00","og_image":[{"width":1086,"height":723,"url":"https:\/\/www.rimontgowineries.com\/blog\/wp-content\/uploads\/2022\/06\/Vinoble.jpg","type":"image\/jpeg"}],"author":"Juan Luis Vanrell","twitter_card":"summary_large_image","twitter_misc":{"Written by":"Juan Luis Vanrell","Est. reading time":"2 minutos"},"schema":{"@context":"https:\/\/schema.org","@graph":[{"@type":"Article","@id":"https:\/\/www.rimontgowineries.com\/blog\/es\/vinoble\/#article","isPartOf":{"@id":"https:\/\/www.rimontgowineries.com\/blog\/es\/vinoble\/"},"author":{"name":"Juan Luis Vanrell","@id":"https:\/\/www.rimontgowineries.com\/blog\/#\/schema\/person\/9dc43a22f8b4b5cca821369523f3c455"},"headline":"Vinoble","datePublished":"2022-06-10T08:10:43+00:00","dateModified":"2023-03-08T13:16:10+00:00","mainEntityOfPage":{"@id":"https:\/\/www.rimontgowineries.com\/blog\/es\/vinoble\/"},"wordCount":475,"commentCount":0,"publisher":{"@id":"https:\/\/www.rimontgowineries.com\/blog\/#organization"},"articleSection":["Bodegas","Ferias y eventos"],"inLanguage":"es","potentialAction":[{"@type":"CommentAction","name":"Comment","target":["https:\/\/www.rimontgowineries.com\/blog\/es\/vinoble\/#respond"]}]},{"@type":"WebPage","@id":"https:\/\/www.rimontgowineries.com\/blog\/es\/vinoble\/","url":"https:\/\/www.rimontgowineries.com\/blog\/es\/vinoble\/","name":"XI Edici\u00f3n de la Feria Vinoble | Rimontg\u00f3 Bodegas","isPartOf":{"@id":"https:\/\/www.rimontgowineries.com\/blog\/#website"},"datePublished":"2022-06-10T08:10:43+00:00","dateModified":"2023-03-08T13:16:10+00:00","description":"Vinoble, Sal\u00f3n Internacional de los Vinos Nobles, dedicada a ense\u00f1ar al mundo algunos de los mejores vinos nobles, ha celebrado su \u00fandecima edici\u00f3n.","breadcrumb":{"@id":"https:\/\/www.rimontgowineries.com\/blog\/es\/vinoble\/#breadcrumb"},"inLanguage":"es","potentialAction":[{"@type":"ReadAction","target":["https:\/\/www.rimontgowineries.com\/blog\/es\/vinoble\/"]}]},{"@type":"BreadcrumbList","@id":"https:\/\/www.rimontgowineries.com\/blog\/es\/vinoble\/#breadcrumb","itemListElement":[{"@type":"ListItem","position":1,"name":"Home","item":"https:\/\/www.rimontgowineries.com\/blog\/es\/"},{"@type":"ListItem","position":2,"name":"Vinoble"}]},{"@type":"WebSite","@id":"https:\/\/www.rimontgowineries.com\/blog\/#website","url":"https:\/\/www.rimontgowineries.com\/blog\/","name":"Rimontgo Wineries","description":"Rimontgo Wineries","publisher":{"@id":"https:\/\/www.rimontgowineries.com\/blog\/#organization"},"potentialAction":[{"@type":"SearchAction","target":{"@type":"EntryPoint","urlTemplate":"https:\/\/www.rimontgowineries.com\/blog\/?s={search_term_string}"},"query-input":"required name=search_term_string"}],"inLanguage":"es"},{"@type":"Organization","@id":"https:\/\/www.rimontgowineries.com\/blog\/#organization","name":"Rimontgo Wineries","url":"https:\/\/www.rimontgowineries.com\/blog\/","logo":{"@type":"ImageObject","inLanguage":"es","@id":"https:\/\/www.rimontgowineries.com\/blog\/#\/schema\/logo\/image\/","url":"https:\/\/www.rimontgowineries.com\/blog\/wp-content\/uploads\/2020\/03\/logo_bodegas_wineries_EN.svg","contentUrl":"https:\/\/www.rimontgowineries.com\/blog\/wp-content\/uploads\/2020\/03\/logo_bodegas_wineries_EN.svg","width":134,"height":34,"caption":"Rimontgo Wineries"},"image":{"@id":"https:\/\/www.rimontgowineries.com\/blog\/#\/schema\/logo\/image\/"}},{"@type":"Person","@id":"https:\/\/www.rimontgowineries.com\/blog\/#\/schema\/person\/9dc43a22f8b4b5cca821369523f3c455","name":"Juan Luis Vanrell","image":{"@type":"ImageObject","inLanguage":"es","@id":"https:\/\/www.rimontgowineries.com\/blog\/#\/schema\/person\/image\/","url":"https:\/\/secure.gravatar.com\/avatar\/ffaf84a9253780c50f123fc18a9c2266?s=96&d=mm&r=g","contentUrl":"https:\/\/secure.gravatar.com\/avatar\/ffaf84a9253780c50f123fc18a9c2266?s=96&d=mm&r=g","caption":"Juan Luis Vanrell"},"url":"https:\/\/www.rimontgowineries.com\/blog\/author\/juanluis\/"}]}},"_links":{"self":[{"href":"https:\/\/www.rimontgowineries.com\/blog\/wp-json\/wp\/v2\/posts\/20441"}],"collection":[{"href":"https:\/\/www.rimontgowineries.com\/blog\/wp-json\/wp\/v2\/posts"}],"about":[{"href":"https:\/\/www.rimontgowineries.com\/blog\/wp-json\/wp\/v2\/types\/post"}],"author":[{"embeddable":true,"href":"https:\/\/www.rimontgowineries.com\/blog\/wp-json\/wp\/v2\/users\/2"}],"replies":[{"embeddable":true,"href":"https:\/\/www.rimontgowineries.com\/blog\/wp-json\/wp\/v2\/comments?post=20441"}],"version-history":[{"count":4,"href":"https:\/\/www.rimontgowineries.com\/blog\/wp-json\/wp\/v2\/posts\/20441\/revisions"}],"predecessor-version":[{"id":20565,"href":"https:\/\/www.rimontgowineries.com\/blog\/wp-json\/wp\/v2\/posts\/20441\/revisions\/20565"}],"wp:featuredmedia":[{"embeddable":true,"href":"https:\/\/www.rimontgowineries.com\/blog\/wp-json\/wp\/v2\/media\/20443"}],"wp:attachment":[{"href":"https:\/\/www.rimontgowineries.com\/blog\/wp-json\/wp\/v2\/media?parent=20441"}],"wp:term":[{"taxonomy":"category","embeddable":true,"href":"https:\/\/www.rimontgowineries.com\/blog\/wp-json\/wp\/v2\/categories?post=20441"},{"taxonomy":"post_tag","embeddable":true,"href":"https:\/\/www.rimontgowineries.com\/blog\/wp-json\/wp\/v2\/tags?post=20441"}],"curies":[{"name":"wp","href":"https:\/\/api.w.org\/{rel}","templated":true}]}}