{"id":21183,"date":"2022-10-21T18:32:53","date_gmt":"2022-10-21T16:32:53","guid":{"rendered":"https:\/\/www.rimontgowineries.com\/blog\/?p=21183"},"modified":"2023-03-08T14:21:40","modified_gmt":"2023-03-08T13:21:40","slug":"vinoble-6","status":"publish","type":"post","link":"https:\/\/www.rimontgowineries.com\/blog\/it\/vinoble-6\/","title":{"rendered":"Vinoble"},"content":{"rendered":"<p>Nel mondo del vino ci sono molte fiere, ma credo che non ce ne sia nessuna come <strong>Vinoble<\/strong>. Perch\u00e9 faccio questa affermazione? Beh, per molte ragioni. Inizier\u00f2 dicendo che Jerez de la Frontera, dove si svolge l&#8217;evento, \u00e8 una delle citt\u00e0 pi\u00f9 affascinanti che conosca. Nelle sue strade si respira un passato affascinante che, fortunatamente, \u00e8 ancora molto vivo nel presente. E a Jerez il tempo scorre lento, ondeggiando al suo passaggio. Le vecchie bodegas sono parte integrante del paesaggio della citt\u00e0 e, dietro ogni angolo, si possono sentire piccole esplosioni dell&#8217;aroma di fino che fuoriesce dalle botti. Un&#8217;altra delizia per i sensi, perch\u00e9 Jerez \u00e8 un&#8217;immensa gamma sensoriale.<\/p>\n<p>Il <strong>Sal\u00f3n Internacional de los Vinos Nobles<\/strong>, Vinoble &#8211; quest&#8217;anno all&#8217;undicesima edizione &#8211; si tiene presso la sede dell&#8217;Alc\u00e1zar di Jerez de la Frontera e riunisce, in particolare, vini fortificati, liquorosi e dolci, tipici delle regioni di Jerez, Montilla, Malaga e Huelva. La fiera \u00e8 stata istituita con l&#8217;obiettivo di contrapporsi alle fiere del vino pi\u00f9 commerciali, dove questo tipo di \u00abvini speciali\u00bb tende a passare inosservato al grande pubblico.<\/p>\n<p>Nelle esposizioni sparse per l&#8217;Alc\u00e1zar troviamo soprattutto i <strong>diversi tipi di vini del Marco de Jerez, di Montilla, di Malaga o di Huelva<\/strong>, ma anche vini fortificati di altre parti d&#8217;Europa e un&#8217;esposizione di vini fermi del Nuovo Mondo, e quest&#8217;anno ho persino apprezzato il sidro di ghiaccio prodotto da Br\u00e4nnland Cider, in Svezia. La presenza di cavas di Mestres \u00e8 un&#8217;altra caratteristica regolare, molto apprezzata dopo tanto vino generoso.<\/p>\n<p>Sono molti i vini di cui mi sono innamorata quest&#8217;anno, ma ne ricorder\u00f2 due: la <strong>manzanilla La Olvidada<\/strong>, della cantina Callejuela, e l&#8217;<strong>amontillado Fino Imperial V.O.R.S. 30 a\u00f1os<\/strong>, della cantina D\u00edez M\u00e9rito. La prima \u00e8 stata una piacevolissima sorpresa e la seconda una vecchia conoscenza che mi ha gi\u00e0 rubato il cuore qualche anno fa.<\/p>\n<p>In un certo senso, Vinoble non \u00e8 solo una mostra di vini speciali, ma piuttosto una fiera della felicit\u00e0 in cui gli <strong>amanti del mondo del vino<\/strong> si incontrano di nuovo, godono del vino &#8211; non solo del Marco de Jerez -, si deliziano della gastronomia del sud e, soprattutto, sono felici in una terra che trasuda albariza e oro liquido.<\/p>\n","protected":false},"excerpt":{"rendered":"<p>L&#8217;Alc\u00e1zar di Jerez de la Frontera ha accolto la XI Edizione di Vinoble. Questa fiera \u00e8 dedicata ai vini speciali, compresi i vini fortificati, liquorosi e dolci. Una festa per gli amanti del buon vino. <\/p>\n","protected":false},"author":2,"featured_media":20697,"comment_status":"open","ping_status":"open","sticky":false,"template":"","format":"standard","meta":{"_mi_skip_tracking":false,"_monsterinsights_sitenote_active":false,"_monsterinsights_sitenote_note":"","_monsterinsights_sitenote_category":0,"footnotes":""},"categories":[3070,3039],"tags":[],"yoast_head":"<!-- This site is optimized with the Yoast SEO plugin v21.5 - https:\/\/yoast.com\/wordpress\/plugins\/seo\/ -->\n<title>XI Edizione della Fiera di Vinoble | Rimontg\u00f3 Wineries<\/title>\n<meta name=\"description\" content=\"Vinoble, Sal\u00f3n Internacional de los Vinos Nobles, dedicato a mostrare al mondo alcuni dei migliori vini nobili, ha celebrato la sua undicesima edizione.\" \/>\n<meta name=\"robots\" content=\"index, follow, max-snippet:-1, max-image-preview:large, max-video-preview:-1\" \/>\n<link rel=\"canonical\" href=\"https:\/\/www.rimontgowineries.com\/blog\/it\/vinoble-6\/\" \/>\n<meta property=\"og:locale\" content=\"es_ES\" \/>\n<meta property=\"og:type\" content=\"article\" \/>\n<meta property=\"og:title\" content=\"XI Edizione della Fiera di Vinoble | Rimontg\u00f3 Wineries\" \/>\n<meta property=\"og:description\" content=\"Vinoble, Sal\u00f3n Internacional de los Vinos Nobles, dedicato a mostrare al mondo alcuni dei migliori vini nobili, ha celebrato la sua undicesima edizione.\" \/>\n<meta property=\"og:url\" content=\"https:\/\/www.rimontgowineries.com\/blog\/it\/vinoble-6\/\" \/>\n<meta property=\"og:site_name\" content=\"Rimontgo Wineries\" \/>\n<meta property=\"article:published_time\" content=\"2022-10-21T16:32:53+00:00\" \/>\n<meta property=\"article:modified_time\" content=\"2023-03-08T13:21:40+00:00\" \/>\n<meta property=\"og:image\" content=\"https:\/\/www.rimontgowineries.com\/blog\/wp-content\/uploads\/2022\/06\/Vinoble.jpg\" \/>\n\t<meta property=\"og:image:width\" content=\"1086\" \/>\n\t<meta property=\"og:image:height\" content=\"723\" \/>\n\t<meta property=\"og:image:type\" content=\"image\/jpeg\" \/>\n<meta name=\"author\" content=\"Juan Luis Vanrell\" \/>\n<meta name=\"twitter:card\" content=\"summary_large_image\" \/>\n<meta name=\"twitter:label1\" content=\"Written by\" \/>\n\t<meta name=\"twitter:data1\" content=\"Juan Luis Vanrell\" \/>\n\t<meta name=\"twitter:label2\" content=\"Est. reading time\" \/>\n\t<meta name=\"twitter:data2\" content=\"2 minutos\" \/>\n<script type=\"application\/ld+json\" class=\"yoast-schema-graph\">{\"@context\":\"https:\/\/schema.org\",\"@graph\":[{\"@type\":\"Article\",\"@id\":\"https:\/\/www.rimontgowineries.com\/blog\/it\/vinoble-6\/#article\",\"isPartOf\":{\"@id\":\"https:\/\/www.rimontgowineries.com\/blog\/it\/vinoble-6\/\"},\"author\":{\"name\":\"Juan Luis Vanrell\",\"@id\":\"https:\/\/www.rimontgowineries.com\/blog\/#\/schema\/person\/9dc43a22f8b4b5cca821369523f3c455\"},\"headline\":\"Vinoble\",\"datePublished\":\"2022-10-21T16:32:53+00:00\",\"dateModified\":\"2023-03-08T13:21:40+00:00\",\"mainEntityOfPage\":{\"@id\":\"https:\/\/www.rimontgowineries.com\/blog\/it\/vinoble-6\/\"},\"wordCount\":368,\"commentCount\":0,\"publisher\":{\"@id\":\"https:\/\/www.rimontgowineries.com\/blog\/#organization\"},\"articleSection\":[\"Aziende vinicole\",\"Fiere ed eventi\"],\"inLanguage\":\"es\",\"potentialAction\":[{\"@type\":\"CommentAction\",\"name\":\"Comment\",\"target\":[\"https:\/\/www.rimontgowineries.com\/blog\/it\/vinoble-6\/#respond\"]}]},{\"@type\":\"WebPage\",\"@id\":\"https:\/\/www.rimontgowineries.com\/blog\/it\/vinoble-6\/\",\"url\":\"https:\/\/www.rimontgowineries.com\/blog\/it\/vinoble-6\/\",\"name\":\"XI Edizione della Fiera di Vinoble | Rimontg\u00f3 Wineries\",\"isPartOf\":{\"@id\":\"https:\/\/www.rimontgowineries.com\/blog\/#website\"},\"datePublished\":\"2022-10-21T16:32:53+00:00\",\"dateModified\":\"2023-03-08T13:21:40+00:00\",\"description\":\"Vinoble, Sal\u00f3n Internacional de los Vinos Nobles, dedicato a mostrare al mondo alcuni dei migliori vini nobili, ha celebrato la sua undicesima edizione.\",\"breadcrumb\":{\"@id\":\"https:\/\/www.rimontgowineries.com\/blog\/it\/vinoble-6\/#breadcrumb\"},\"inLanguage\":\"es\",\"potentialAction\":[{\"@type\":\"ReadAction\",\"target\":[\"https:\/\/www.rimontgowineries.com\/blog\/it\/vinoble-6\/\"]}]},{\"@type\":\"BreadcrumbList\",\"@id\":\"https:\/\/www.rimontgowineries.com\/blog\/it\/vinoble-6\/#breadcrumb\",\"itemListElement\":[{\"@type\":\"ListItem\",\"position\":1,\"name\":\"Home\",\"item\":\"https:\/\/www.rimontgowineries.com\/blog\/es\/\"},{\"@type\":\"ListItem\",\"position\":2,\"name\":\"Vinoble\"}]},{\"@type\":\"WebSite\",\"@id\":\"https:\/\/www.rimontgowineries.com\/blog\/#website\",\"url\":\"https:\/\/www.rimontgowineries.com\/blog\/\",\"name\":\"Rimontgo Wineries\",\"description\":\"Rimontgo Wineries\",\"publisher\":{\"@id\":\"https:\/\/www.rimontgowineries.com\/blog\/#organization\"},\"potentialAction\":[{\"@type\":\"SearchAction\",\"target\":{\"@type\":\"EntryPoint\",\"urlTemplate\":\"https:\/\/www.rimontgowineries.com\/blog\/?s={search_term_string}\"},\"query-input\":\"required name=search_term_string\"}],\"inLanguage\":\"es\"},{\"@type\":\"Organization\",\"@id\":\"https:\/\/www.rimontgowineries.com\/blog\/#organization\",\"name\":\"Rimontgo Wineries\",\"url\":\"https:\/\/www.rimontgowineries.com\/blog\/\",\"logo\":{\"@type\":\"ImageObject\",\"inLanguage\":\"es\",\"@id\":\"https:\/\/www.rimontgowineries.com\/blog\/#\/schema\/logo\/image\/\",\"url\":\"https:\/\/www.rimontgowineries.com\/blog\/wp-content\/uploads\/2020\/03\/logo_bodegas_wineries_EN.svg\",\"contentUrl\":\"https:\/\/www.rimontgowineries.com\/blog\/wp-content\/uploads\/2020\/03\/logo_bodegas_wineries_EN.svg\",\"width\":134,\"height\":34,\"caption\":\"Rimontgo Wineries\"},\"image\":{\"@id\":\"https:\/\/www.rimontgowineries.com\/blog\/#\/schema\/logo\/image\/\"}},{\"@type\":\"Person\",\"@id\":\"https:\/\/www.rimontgowineries.com\/blog\/#\/schema\/person\/9dc43a22f8b4b5cca821369523f3c455\",\"name\":\"Juan Luis Vanrell\",\"image\":{\"@type\":\"ImageObject\",\"inLanguage\":\"es\",\"@id\":\"https:\/\/www.rimontgowineries.com\/blog\/#\/schema\/person\/image\/\",\"url\":\"https:\/\/secure.gravatar.com\/avatar\/ffaf84a9253780c50f123fc18a9c2266?s=96&d=mm&r=g\",\"contentUrl\":\"https:\/\/secure.gravatar.com\/avatar\/ffaf84a9253780c50f123fc18a9c2266?s=96&d=mm&r=g\",\"caption\":\"Juan Luis Vanrell\"},\"url\":\"https:\/\/www.rimontgowineries.com\/blog\/author\/juanluis\/\"}]}<\/script>\n<!-- \/ Yoast SEO plugin. -->","yoast_head_json":{"title":"XI Edizione della Fiera di Vinoble | Rimontg\u00f3 Wineries","description":"Vinoble, Sal\u00f3n Internacional de los Vinos Nobles, dedicato a mostrare al mondo alcuni dei migliori vini nobili, ha celebrato la sua undicesima edizione.","robots":{"index":"index","follow":"follow","max-snippet":"max-snippet:-1","max-image-preview":"max-image-preview:large","max-video-preview":"max-video-preview:-1"},"canonical":"https:\/\/www.rimontgowineries.com\/blog\/it\/vinoble-6\/","og_locale":"es_ES","og_type":"article","og_title":"XI Edizione della Fiera di Vinoble | Rimontg\u00f3 Wineries","og_description":"Vinoble, Sal\u00f3n Internacional de los Vinos Nobles, dedicato a mostrare al mondo alcuni dei migliori vini nobili, ha celebrato la sua undicesima edizione.","og_url":"https:\/\/www.rimontgowineries.com\/blog\/it\/vinoble-6\/","og_site_name":"Rimontgo Wineries","article_published_time":"2022-10-21T16:32:53+00:00","article_modified_time":"2023-03-08T13:21:40+00:00","og_image":[{"width":1086,"height":723,"url":"https:\/\/www.rimontgowineries.com\/blog\/wp-content\/uploads\/2022\/06\/Vinoble.jpg","type":"image\/jpeg"}],"author":"Juan Luis Vanrell","twitter_card":"summary_large_image","twitter_misc":{"Written by":"Juan Luis Vanrell","Est. reading time":"2 minutos"},"schema":{"@context":"https:\/\/schema.org","@graph":[{"@type":"Article","@id":"https:\/\/www.rimontgowineries.com\/blog\/it\/vinoble-6\/#article","isPartOf":{"@id":"https:\/\/www.rimontgowineries.com\/blog\/it\/vinoble-6\/"},"author":{"name":"Juan Luis Vanrell","@id":"https:\/\/www.rimontgowineries.com\/blog\/#\/schema\/person\/9dc43a22f8b4b5cca821369523f3c455"},"headline":"Vinoble","datePublished":"2022-10-21T16:32:53+00:00","dateModified":"2023-03-08T13:21:40+00:00","mainEntityOfPage":{"@id":"https:\/\/www.rimontgowineries.com\/blog\/it\/vinoble-6\/"},"wordCount":368,"commentCount":0,"publisher":{"@id":"https:\/\/www.rimontgowineries.com\/blog\/#organization"},"articleSection":["Aziende vinicole","Fiere ed eventi"],"inLanguage":"es","potentialAction":[{"@type":"CommentAction","name":"Comment","target":["https:\/\/www.rimontgowineries.com\/blog\/it\/vinoble-6\/#respond"]}]},{"@type":"WebPage","@id":"https:\/\/www.rimontgowineries.com\/blog\/it\/vinoble-6\/","url":"https:\/\/www.rimontgowineries.com\/blog\/it\/vinoble-6\/","name":"XI Edizione della Fiera di Vinoble | Rimontg\u00f3 Wineries","isPartOf":{"@id":"https:\/\/www.rimontgowineries.com\/blog\/#website"},"datePublished":"2022-10-21T16:32:53+00:00","dateModified":"2023-03-08T13:21:40+00:00","description":"Vinoble, Sal\u00f3n Internacional de los Vinos Nobles, dedicato a mostrare al mondo alcuni dei migliori vini nobili, ha celebrato la sua undicesima edizione.","breadcrumb":{"@id":"https:\/\/www.rimontgowineries.com\/blog\/it\/vinoble-6\/#breadcrumb"},"inLanguage":"es","potentialAction":[{"@type":"ReadAction","target":["https:\/\/www.rimontgowineries.com\/blog\/it\/vinoble-6\/"]}]},{"@type":"BreadcrumbList","@id":"https:\/\/www.rimontgowineries.com\/blog\/it\/vinoble-6\/#breadcrumb","itemListElement":[{"@type":"ListItem","position":1,"name":"Home","item":"https:\/\/www.rimontgowineries.com\/blog\/es\/"},{"@type":"ListItem","position":2,"name":"Vinoble"}]},{"@type":"WebSite","@id":"https:\/\/www.rimontgowineries.com\/blog\/#website","url":"https:\/\/www.rimontgowineries.com\/blog\/","name":"Rimontgo Wineries","description":"Rimontgo Wineries","publisher":{"@id":"https:\/\/www.rimontgowineries.com\/blog\/#organization"},"potentialAction":[{"@type":"SearchAction","target":{"@type":"EntryPoint","urlTemplate":"https:\/\/www.rimontgowineries.com\/blog\/?s={search_term_string}"},"query-input":"required name=search_term_string"}],"inLanguage":"es"},{"@type":"Organization","@id":"https:\/\/www.rimontgowineries.com\/blog\/#organization","name":"Rimontgo Wineries","url":"https:\/\/www.rimontgowineries.com\/blog\/","logo":{"@type":"ImageObject","inLanguage":"es","@id":"https:\/\/www.rimontgowineries.com\/blog\/#\/schema\/logo\/image\/","url":"https:\/\/www.rimontgowineries.com\/blog\/wp-content\/uploads\/2020\/03\/logo_bodegas_wineries_EN.svg","contentUrl":"https:\/\/www.rimontgowineries.com\/blog\/wp-content\/uploads\/2020\/03\/logo_bodegas_wineries_EN.svg","width":134,"height":34,"caption":"Rimontgo Wineries"},"image":{"@id":"https:\/\/www.rimontgowineries.com\/blog\/#\/schema\/logo\/image\/"}},{"@type":"Person","@id":"https:\/\/www.rimontgowineries.com\/blog\/#\/schema\/person\/9dc43a22f8b4b5cca821369523f3c455","name":"Juan Luis Vanrell","image":{"@type":"ImageObject","inLanguage":"es","@id":"https:\/\/www.rimontgowineries.com\/blog\/#\/schema\/person\/image\/","url":"https:\/\/secure.gravatar.com\/avatar\/ffaf84a9253780c50f123fc18a9c2266?s=96&d=mm&r=g","contentUrl":"https:\/\/secure.gravatar.com\/avatar\/ffaf84a9253780c50f123fc18a9c2266?s=96&d=mm&r=g","caption":"Juan Luis Vanrell"},"url":"https:\/\/www.rimontgowineries.com\/blog\/author\/juanluis\/"}]}},"_links":{"self":[{"href":"https:\/\/www.rimontgowineries.com\/blog\/wp-json\/wp\/v2\/posts\/21183"}],"collection":[{"href":"https:\/\/www.rimontgowineries.com\/blog\/wp-json\/wp\/v2\/posts"}],"about":[{"href":"https:\/\/www.rimontgowineries.com\/blog\/wp-json\/wp\/v2\/types\/post"}],"author":[{"embeddable":true,"href":"https:\/\/www.rimontgowineries.com\/blog\/wp-json\/wp\/v2\/users\/2"}],"replies":[{"embeddable":true,"href":"https:\/\/www.rimontgowineries.com\/blog\/wp-json\/wp\/v2\/comments?post=21183"}],"version-history":[{"count":2,"href":"https:\/\/www.rimontgowineries.com\/blog\/wp-json\/wp\/v2\/posts\/21183\/revisions"}],"predecessor-version":[{"id":21185,"href":"https:\/\/www.rimontgowineries.com\/blog\/wp-json\/wp\/v2\/posts\/21183\/revisions\/21185"}],"wp:featuredmedia":[{"embeddable":true,"href":"https:\/\/www.rimontgowineries.com\/blog\/wp-json\/wp\/v2\/media\/20697"}],"wp:attachment":[{"href":"https:\/\/www.rimontgowineries.com\/blog\/wp-json\/wp\/v2\/media?parent=21183"}],"wp:term":[{"taxonomy":"category","embeddable":true,"href":"https:\/\/www.rimontgowineries.com\/blog\/wp-json\/wp\/v2\/categories?post=21183"},{"taxonomy":"post_tag","embeddable":true,"href":"https:\/\/www.rimontgowineries.com\/blog\/wp-json\/wp\/v2\/tags?post=21183"}],"curies":[{"name":"wp","href":"https:\/\/api.w.org\/{rel}","templated":true}]}}