{"id":21210,"date":"2022-10-28T12:15:30","date_gmt":"2022-10-28T10:15:30","guid":{"rendered":"https:\/\/www.rimontgowineries.com\/blog\/?p=21210"},"modified":"2023-03-08T14:28:57","modified_gmt":"2023-03-08T13:28:57","slug":"vinoble-5","status":"publish","type":"post","link":"https:\/\/www.rimontgowineries.com\/blog\/pt\/vinoble-5\/","title":{"rendered":"Vinoble"},"content":{"rendered":"<p>No mundo do vinho, h\u00e1 muitas feiras de vinho, mas penso que n\u00e3o h\u00e1 nenhuma como a Vinoble. Porque \u00e9 que fa\u00e7o tal afirma\u00e7\u00e3o? Bem, por muitas raz\u00f5es. Come\u00e7arei por dizer que Jerez de la Frontera, onde o evento tem lugar, \u00e9 uma das cidades mais encantadoras que conhe\u00e7o. Nas suas ruas pode respirar um passado encantador, que, felizmente, ainda est\u00e1 muito vivo no presente. E em Jerez, o tempo move-se lentamente, balan\u00e7ando na sua passagem. As bodegas antigas formam uma parte natural do cen\u00e1rio da cidade e, em qualquer esquina, pode sentir-se o cheiro de pequenas explos\u00f5es do aroma do fino a escapar dos barris. Mais um deleite para os sentidos, porque Jerez \u00e9 uma imensa gama sensorial.<\/p>\n<p>O Sal\u00f3n Internacional de los Vinos Nobles, Vinoble &#8211; este ano a d\u00e9cima primeira edi\u00e7\u00e3o &#8211; realiza-se na sede de Alc\u00e1zar em Jerez de la Frontera e re\u00fane, em particular, vinhos fortificados, licorosos e doces, t\u00e3o t\u00edpicos das regi\u00f5es de Jerez, Montilla, M\u00e1laga e Huelva. A feira foi criada com o objectivo de fazer frente \u00e0s feiras de vinhos mais comerciais, onde este tipo de \u00abvinhos especiais\u00bb tendem a passar despercebidos pelo p\u00fablico em geral.<\/p>\n<p>Nas exposi\u00e7\u00f5es que est\u00e3o espalhadas por todo o Alc\u00e1zar encontramos, especialmente, os diferentes tipos de vinhos do Marco de Jerez, Montilla, M\u00e1laga ou Huelva, mas h\u00e1 tamb\u00e9m vinhos fortificados de outras partes da Europa e uma exposi\u00e7\u00e3o de vinhos tranquilos do Novo Mundo, e este ano at\u00e9 apreciei a sidra de gelo produzida pela Br\u00e4nnland Cider, na Su\u00e9cia. A presen\u00e7a de Mestres cavas \u00e9 tamb\u00e9m uma caracter\u00edstica regular, que \u00e9 muito apreciada depois de tanto vinho generoso.<\/p>\n<p>H\u00e1 muitos vinhos pelos quais me apaixonei este ano, mas vou recordar dois vinhos: o manzanilla La Olvidada, da adega Callejuela, e o amontillado Fino Imperial V.O.R.S. 30 a\u00f1os, da adega D\u00edez M\u00e9rito. O primeiro foi uma surpresa muito agrad\u00e1vel e o segundo, um velho conhecido que j\u00e1 me roubou o cora\u00e7\u00e3o h\u00e1 alguns anos atr\u00e1s.<\/p>\n<p>De certa forma, Vinoble n\u00e3o \u00e9 apenas um espect\u00e1culo de vinhos especiais, mas sim uma feira de felicidade em que os amantes do vinho se reencontram, apreciam o vinho &#8211; n\u00e3o apenas do Marco de Jerez -, deliciam-se com a gastronomia do sul e, acima de tudo, s\u00e3o felizes numa terra que exala albariza e ouro l\u00edquido.<\/p>\n","protected":false},"excerpt":{"rendered":"<p>O Alc\u00e1zar de Jerez de la Frontera acolheu a XI Edi\u00e7\u00e3o da Vinoble. Esta feira \u00e9 dedicada a vinhos especiais, incluindo vinhos fortificados, licorosos e doces. Um banquete para os amantes do bom vinho. <\/p>\n","protected":false},"author":2,"featured_media":20859,"comment_status":"open","ping_status":"open","sticky":false,"template":"","format":"standard","meta":{"_mi_skip_tracking":false,"_monsterinsights_sitenote_active":false,"_monsterinsights_sitenote_note":"","_monsterinsights_sitenote_category":0,"footnotes":""},"categories":[3175,3179],"tags":[],"yoast_head":"<!-- This site is optimized with the Yoast SEO plugin v21.5 - https:\/\/yoast.com\/wordpress\/plugins\/seo\/ -->\n<title>XI Edi\u00e7\u00e3o da Feira Vinoble | Rimontg\u00f3 Wineries<\/title>\n<meta name=\"description\" content=\"Vinoble, Sal\u00f3n Internacional de los Vinos Nobles, dedicado a mostrar ao mundo alguns dos melhores vinhos nobres, celebrou a sua d\u00e9cima primeira edi\u00e7\u00e3o.\" \/>\n<meta name=\"robots\" content=\"index, follow, max-snippet:-1, max-image-preview:large, max-video-preview:-1\" \/>\n<link rel=\"canonical\" href=\"https:\/\/www.rimontgowineries.com\/blog\/pt\/vinoble-5\/\" \/>\n<meta property=\"og:locale\" content=\"es_ES\" \/>\n<meta property=\"og:type\" content=\"article\" \/>\n<meta property=\"og:title\" content=\"XI Edi\u00e7\u00e3o da Feira Vinoble | Rimontg\u00f3 Wineries\" \/>\n<meta property=\"og:description\" content=\"Vinoble, Sal\u00f3n Internacional de los Vinos Nobles, dedicado a mostrar ao mundo alguns dos melhores vinhos nobres, celebrou a sua d\u00e9cima primeira edi\u00e7\u00e3o.\" \/>\n<meta property=\"og:url\" content=\"https:\/\/www.rimontgowineries.com\/blog\/pt\/vinoble-5\/\" \/>\n<meta property=\"og:site_name\" content=\"Rimontgo Wineries\" \/>\n<meta property=\"article:published_time\" content=\"2022-10-28T10:15:30+00:00\" \/>\n<meta property=\"article:modified_time\" content=\"2023-03-08T13:28:57+00:00\" \/>\n<meta property=\"og:image\" content=\"https:\/\/www.rimontgowineries.com\/blog\/wp-content\/uploads\/2022\/06\/Vinoble.jpg\" \/>\n\t<meta property=\"og:image:width\" content=\"1086\" \/>\n\t<meta property=\"og:image:height\" content=\"723\" \/>\n\t<meta property=\"og:image:type\" content=\"image\/jpeg\" \/>\n<meta name=\"author\" content=\"Juan Luis Vanrell\" \/>\n<meta name=\"twitter:card\" content=\"summary_large_image\" \/>\n<meta name=\"twitter:label1\" content=\"Written by\" \/>\n\t<meta name=\"twitter:data1\" content=\"Juan Luis Vanrell\" \/>\n\t<meta name=\"twitter:label2\" content=\"Est. reading time\" \/>\n\t<meta name=\"twitter:data2\" content=\"2 minutos\" \/>\n<script type=\"application\/ld+json\" class=\"yoast-schema-graph\">{\"@context\":\"https:\/\/schema.org\",\"@graph\":[{\"@type\":\"Article\",\"@id\":\"https:\/\/www.rimontgowineries.com\/blog\/pt\/vinoble-5\/#article\",\"isPartOf\":{\"@id\":\"https:\/\/www.rimontgowineries.com\/blog\/pt\/vinoble-5\/\"},\"author\":{\"name\":\"Juan Luis Vanrell\",\"@id\":\"https:\/\/www.rimontgowineries.com\/blog\/#\/schema\/person\/9dc43a22f8b4b5cca821369523f3c455\"},\"headline\":\"Vinoble\",\"datePublished\":\"2022-10-28T10:15:30+00:00\",\"dateModified\":\"2023-03-08T13:28:57+00:00\",\"mainEntityOfPage\":{\"@id\":\"https:\/\/www.rimontgowineries.com\/blog\/pt\/vinoble-5\/\"},\"wordCount\":422,\"commentCount\":0,\"publisher\":{\"@id\":\"https:\/\/www.rimontgowineries.com\/blog\/#organization\"},\"articleSection\":[\"Adegas\",\"Feiras e eventos\"],\"inLanguage\":\"es\",\"potentialAction\":[{\"@type\":\"CommentAction\",\"name\":\"Comment\",\"target\":[\"https:\/\/www.rimontgowineries.com\/blog\/pt\/vinoble-5\/#respond\"]}]},{\"@type\":\"WebPage\",\"@id\":\"https:\/\/www.rimontgowineries.com\/blog\/pt\/vinoble-5\/\",\"url\":\"https:\/\/www.rimontgowineries.com\/blog\/pt\/vinoble-5\/\",\"name\":\"XI Edi\u00e7\u00e3o da Feira Vinoble | Rimontg\u00f3 Wineries\",\"isPartOf\":{\"@id\":\"https:\/\/www.rimontgowineries.com\/blog\/#website\"},\"datePublished\":\"2022-10-28T10:15:30+00:00\",\"dateModified\":\"2023-03-08T13:28:57+00:00\",\"description\":\"Vinoble, Sal\u00f3n Internacional de los Vinos Nobles, dedicado a mostrar ao mundo alguns dos melhores vinhos nobres, celebrou a sua d\u00e9cima primeira edi\u00e7\u00e3o.\",\"breadcrumb\":{\"@id\":\"https:\/\/www.rimontgowineries.com\/blog\/pt\/vinoble-5\/#breadcrumb\"},\"inLanguage\":\"es\",\"potentialAction\":[{\"@type\":\"ReadAction\",\"target\":[\"https:\/\/www.rimontgowineries.com\/blog\/pt\/vinoble-5\/\"]}]},{\"@type\":\"BreadcrumbList\",\"@id\":\"https:\/\/www.rimontgowineries.com\/blog\/pt\/vinoble-5\/#breadcrumb\",\"itemListElement\":[{\"@type\":\"ListItem\",\"position\":1,\"name\":\"Home\",\"item\":\"https:\/\/www.rimontgowineries.com\/blog\/es\/\"},{\"@type\":\"ListItem\",\"position\":2,\"name\":\"Vinoble\"}]},{\"@type\":\"WebSite\",\"@id\":\"https:\/\/www.rimontgowineries.com\/blog\/#website\",\"url\":\"https:\/\/www.rimontgowineries.com\/blog\/\",\"name\":\"Rimontgo Wineries\",\"description\":\"Rimontgo Wineries\",\"publisher\":{\"@id\":\"https:\/\/www.rimontgowineries.com\/blog\/#organization\"},\"potentialAction\":[{\"@type\":\"SearchAction\",\"target\":{\"@type\":\"EntryPoint\",\"urlTemplate\":\"https:\/\/www.rimontgowineries.com\/blog\/?s={search_term_string}\"},\"query-input\":\"required name=search_term_string\"}],\"inLanguage\":\"es\"},{\"@type\":\"Organization\",\"@id\":\"https:\/\/www.rimontgowineries.com\/blog\/#organization\",\"name\":\"Rimontgo Wineries\",\"url\":\"https:\/\/www.rimontgowineries.com\/blog\/\",\"logo\":{\"@type\":\"ImageObject\",\"inLanguage\":\"es\",\"@id\":\"https:\/\/www.rimontgowineries.com\/blog\/#\/schema\/logo\/image\/\",\"url\":\"https:\/\/www.rimontgowineries.com\/blog\/wp-content\/uploads\/2020\/03\/logo_bodegas_wineries_EN.svg\",\"contentUrl\":\"https:\/\/www.rimontgowineries.com\/blog\/wp-content\/uploads\/2020\/03\/logo_bodegas_wineries_EN.svg\",\"width\":134,\"height\":34,\"caption\":\"Rimontgo Wineries\"},\"image\":{\"@id\":\"https:\/\/www.rimontgowineries.com\/blog\/#\/schema\/logo\/image\/\"}},{\"@type\":\"Person\",\"@id\":\"https:\/\/www.rimontgowineries.com\/blog\/#\/schema\/person\/9dc43a22f8b4b5cca821369523f3c455\",\"name\":\"Juan Luis Vanrell\",\"image\":{\"@type\":\"ImageObject\",\"inLanguage\":\"es\",\"@id\":\"https:\/\/www.rimontgowineries.com\/blog\/#\/schema\/person\/image\/\",\"url\":\"https:\/\/secure.gravatar.com\/avatar\/ffaf84a9253780c50f123fc18a9c2266?s=96&d=mm&r=g\",\"contentUrl\":\"https:\/\/secure.gravatar.com\/avatar\/ffaf84a9253780c50f123fc18a9c2266?s=96&d=mm&r=g\",\"caption\":\"Juan Luis Vanrell\"},\"url\":\"https:\/\/www.rimontgowineries.com\/blog\/author\/juanluis\/\"}]}<\/script>\n<!-- \/ Yoast SEO plugin. -->","yoast_head_json":{"title":"XI Edi\u00e7\u00e3o da Feira Vinoble | Rimontg\u00f3 Wineries","description":"Vinoble, Sal\u00f3n Internacional de los Vinos Nobles, dedicado a mostrar ao mundo alguns dos melhores vinhos nobres, celebrou a sua d\u00e9cima primeira edi\u00e7\u00e3o.","robots":{"index":"index","follow":"follow","max-snippet":"max-snippet:-1","max-image-preview":"max-image-preview:large","max-video-preview":"max-video-preview:-1"},"canonical":"https:\/\/www.rimontgowineries.com\/blog\/pt\/vinoble-5\/","og_locale":"es_ES","og_type":"article","og_title":"XI Edi\u00e7\u00e3o da Feira Vinoble | Rimontg\u00f3 Wineries","og_description":"Vinoble, Sal\u00f3n Internacional de los Vinos Nobles, dedicado a mostrar ao mundo alguns dos melhores vinhos nobres, celebrou a sua d\u00e9cima primeira edi\u00e7\u00e3o.","og_url":"https:\/\/www.rimontgowineries.com\/blog\/pt\/vinoble-5\/","og_site_name":"Rimontgo Wineries","article_published_time":"2022-10-28T10:15:30+00:00","article_modified_time":"2023-03-08T13:28:57+00:00","og_image":[{"width":1086,"height":723,"url":"https:\/\/www.rimontgowineries.com\/blog\/wp-content\/uploads\/2022\/06\/Vinoble.jpg","type":"image\/jpeg"}],"author":"Juan Luis Vanrell","twitter_card":"summary_large_image","twitter_misc":{"Written by":"Juan Luis Vanrell","Est. reading time":"2 minutos"},"schema":{"@context":"https:\/\/schema.org","@graph":[{"@type":"Article","@id":"https:\/\/www.rimontgowineries.com\/blog\/pt\/vinoble-5\/#article","isPartOf":{"@id":"https:\/\/www.rimontgowineries.com\/blog\/pt\/vinoble-5\/"},"author":{"name":"Juan Luis Vanrell","@id":"https:\/\/www.rimontgowineries.com\/blog\/#\/schema\/person\/9dc43a22f8b4b5cca821369523f3c455"},"headline":"Vinoble","datePublished":"2022-10-28T10:15:30+00:00","dateModified":"2023-03-08T13:28:57+00:00","mainEntityOfPage":{"@id":"https:\/\/www.rimontgowineries.com\/blog\/pt\/vinoble-5\/"},"wordCount":422,"commentCount":0,"publisher":{"@id":"https:\/\/www.rimontgowineries.com\/blog\/#organization"},"articleSection":["Adegas","Feiras e eventos"],"inLanguage":"es","potentialAction":[{"@type":"CommentAction","name":"Comment","target":["https:\/\/www.rimontgowineries.com\/blog\/pt\/vinoble-5\/#respond"]}]},{"@type":"WebPage","@id":"https:\/\/www.rimontgowineries.com\/blog\/pt\/vinoble-5\/","url":"https:\/\/www.rimontgowineries.com\/blog\/pt\/vinoble-5\/","name":"XI Edi\u00e7\u00e3o da Feira Vinoble | Rimontg\u00f3 Wineries","isPartOf":{"@id":"https:\/\/www.rimontgowineries.com\/blog\/#website"},"datePublished":"2022-10-28T10:15:30+00:00","dateModified":"2023-03-08T13:28:57+00:00","description":"Vinoble, Sal\u00f3n Internacional de los Vinos Nobles, dedicado a mostrar ao mundo alguns dos melhores vinhos nobres, celebrou a sua d\u00e9cima primeira edi\u00e7\u00e3o.","breadcrumb":{"@id":"https:\/\/www.rimontgowineries.com\/blog\/pt\/vinoble-5\/#breadcrumb"},"inLanguage":"es","potentialAction":[{"@type":"ReadAction","target":["https:\/\/www.rimontgowineries.com\/blog\/pt\/vinoble-5\/"]}]},{"@type":"BreadcrumbList","@id":"https:\/\/www.rimontgowineries.com\/blog\/pt\/vinoble-5\/#breadcrumb","itemListElement":[{"@type":"ListItem","position":1,"name":"Home","item":"https:\/\/www.rimontgowineries.com\/blog\/es\/"},{"@type":"ListItem","position":2,"name":"Vinoble"}]},{"@type":"WebSite","@id":"https:\/\/www.rimontgowineries.com\/blog\/#website","url":"https:\/\/www.rimontgowineries.com\/blog\/","name":"Rimontgo Wineries","description":"Rimontgo Wineries","publisher":{"@id":"https:\/\/www.rimontgowineries.com\/blog\/#organization"},"potentialAction":[{"@type":"SearchAction","target":{"@type":"EntryPoint","urlTemplate":"https:\/\/www.rimontgowineries.com\/blog\/?s={search_term_string}"},"query-input":"required name=search_term_string"}],"inLanguage":"es"},{"@type":"Organization","@id":"https:\/\/www.rimontgowineries.com\/blog\/#organization","name":"Rimontgo Wineries","url":"https:\/\/www.rimontgowineries.com\/blog\/","logo":{"@type":"ImageObject","inLanguage":"es","@id":"https:\/\/www.rimontgowineries.com\/blog\/#\/schema\/logo\/image\/","url":"https:\/\/www.rimontgowineries.com\/blog\/wp-content\/uploads\/2020\/03\/logo_bodegas_wineries_EN.svg","contentUrl":"https:\/\/www.rimontgowineries.com\/blog\/wp-content\/uploads\/2020\/03\/logo_bodegas_wineries_EN.svg","width":134,"height":34,"caption":"Rimontgo Wineries"},"image":{"@id":"https:\/\/www.rimontgowineries.com\/blog\/#\/schema\/logo\/image\/"}},{"@type":"Person","@id":"https:\/\/www.rimontgowineries.com\/blog\/#\/schema\/person\/9dc43a22f8b4b5cca821369523f3c455","name":"Juan Luis Vanrell","image":{"@type":"ImageObject","inLanguage":"es","@id":"https:\/\/www.rimontgowineries.com\/blog\/#\/schema\/person\/image\/","url":"https:\/\/secure.gravatar.com\/avatar\/ffaf84a9253780c50f123fc18a9c2266?s=96&d=mm&r=g","contentUrl":"https:\/\/secure.gravatar.com\/avatar\/ffaf84a9253780c50f123fc18a9c2266?s=96&d=mm&r=g","caption":"Juan Luis Vanrell"},"url":"https:\/\/www.rimontgowineries.com\/blog\/author\/juanluis\/"}]}},"_links":{"self":[{"href":"https:\/\/www.rimontgowineries.com\/blog\/wp-json\/wp\/v2\/posts\/21210"}],"collection":[{"href":"https:\/\/www.rimontgowineries.com\/blog\/wp-json\/wp\/v2\/posts"}],"about":[{"href":"https:\/\/www.rimontgowineries.com\/blog\/wp-json\/wp\/v2\/types\/post"}],"author":[{"embeddable":true,"href":"https:\/\/www.rimontgowineries.com\/blog\/wp-json\/wp\/v2\/users\/2"}],"replies":[{"embeddable":true,"href":"https:\/\/www.rimontgowineries.com\/blog\/wp-json\/wp\/v2\/comments?post=21210"}],"version-history":[{"count":2,"href":"https:\/\/www.rimontgowineries.com\/blog\/wp-json\/wp\/v2\/posts\/21210\/revisions"}],"predecessor-version":[{"id":21212,"href":"https:\/\/www.rimontgowineries.com\/blog\/wp-json\/wp\/v2\/posts\/21210\/revisions\/21212"}],"wp:featuredmedia":[{"embeddable":true,"href":"https:\/\/www.rimontgowineries.com\/blog\/wp-json\/wp\/v2\/media\/20859"}],"wp:attachment":[{"href":"https:\/\/www.rimontgowineries.com\/blog\/wp-json\/wp\/v2\/media?parent=21210"}],"wp:term":[{"taxonomy":"category","embeddable":true,"href":"https:\/\/www.rimontgowineries.com\/blog\/wp-json\/wp\/v2\/categories?post=21210"},{"taxonomy":"post_tag","embeddable":true,"href":"https:\/\/www.rimontgowineries.com\/blog\/wp-json\/wp\/v2\/tags?post=21210"}],"curies":[{"name":"wp","href":"https:\/\/api.w.org\/{rel}","templated":true}]}}