{"id":21412,"date":"2017-04-21T14:33:00","date_gmt":"2017-04-21T12:33:00","guid":{"rendered":"https:\/\/www.rimontgowineries.com\/blog\/?p=21412"},"modified":"2023-03-08T18:28:40","modified_gmt":"2023-03-08T17:28:40","slug":"el-economista-entrevista-purificacion-mancebo-chefe-das-adegas-da-rimontgo-invest","status":"publish","type":"post","link":"https:\/\/www.rimontgowineries.com\/blog\/pt\/el-economista-entrevista-purificacion-mancebo-chefe-das-adegas-da-rimontgo-invest\/","title":{"rendered":"El Economista entrevista Purificaci\u00f3n Mancebo, chefe das adegas da Rimontg\u00f3 Invest."},"content":{"rendered":"<p>A \u00faltima edi\u00e7\u00e3o da revista online El Economista Comunidad Valenciana, publicada em Abril, apresenta uma entrevista com Purificaci\u00f3n Mancebo, chefe da \u00e1rea das Adegas na Rimontg\u00f3 Invest, a divis\u00e3o da Rimontg\u00f3 encarregada de gerir o interesse de investimento internacional em activos \u00fanicos em Espanha.<\/p>\n<p>El reportaje, firmado por la periodista Olivia Fontanillo, refleja la atracci\u00f3n de inversores for\u00e1neos por el sector vitivin\u00edcola espa\u00f1ol, especialmente en las D.O. de Rioja y Ribera del Duero. A estas zonas se ha unido recientemente la D.O. Utiel-Requena gracias a una creciente proyecci\u00f3n internacional basada en la calidad de sus caldos, relaci\u00f3n calidad-precio, potencial de crecimiento y la apuesta por la elaboraci\u00f3n de cava.<\/p>\n<p>Ao longo da entrevista, Purificaci\u00f3n Mancebo explica as raz\u00f5es pelas quais n\u00e3o houve, de momento, um influxo de investidores internacionais no sector do vinho em Espanha, ao contr\u00e1rio do que aconteceu noutras \u00e1reas, como Bordeaux. Neste artigo, Mancebo explica as diferentes motiva\u00e7\u00f5es dos investidores para adquirirem parcial ou totalmente uma adega, bem como as caracter\u00edsticas mais procuradas por estes compradores quando avaliam um poss\u00edvel investimento.<\/p>\n<p><img loading=\"lazy\" decoding=\"async\" class=\"aligncenter wp-image-19349 size-large\" title=\"Bodega en D.O. Rioja\" src=\"https:\/\/www.rimontgowineries.com\/blog\/wp-content\/uploads\/2020\/03\/26.-cual-es-el-perfil-de-las-bodegas-que-interesan-al-inversor-internacional-3-e1585043119565-1024x576.jpg\" alt=\"Bodegas en venta en D.O. Rioja - foto para El Economista\" width=\"780\" height=\"439\" srcset=\"https:\/\/www.rimontgowineries.com\/blog\/wp-content\/uploads\/2020\/03\/26.-cual-es-el-perfil-de-las-bodegas-que-interesan-al-inversor-internacional-3-e1585043119565-1024x576.jpg 1024w, https:\/\/www.rimontgowineries.com\/blog\/wp-content\/uploads\/2020\/03\/26.-cual-es-el-perfil-de-las-bodegas-que-interesan-al-inversor-internacional-3-e1585043119565-300x169.jpg 300w, https:\/\/www.rimontgowineries.com\/blog\/wp-content\/uploads\/2020\/03\/26.-cual-es-el-perfil-de-las-bodegas-que-interesan-al-inversor-internacional-3-e1585043119565-768x432.jpg 768w, https:\/\/www.rimontgowineries.com\/blog\/wp-content\/uploads\/2020\/03\/26.-cual-es-el-perfil-de-las-bodegas-que-interesan-al-inversor-internacional-3-e1585043119565.jpg 1280w\" sizes=\"(max-width: 780px) 100vw, 780px\" \/><\/p>\n<p>O artigo no El Economista reflecte tamb\u00e9m a filosofia de trabalho da <a href=\"http:\/\/www.rimontgoinvest.com\/\" target=\"_blank\" rel=\"noopener noreferrer\">Rimontg\u00f3 Invest<\/a> quando se trata de gerir o investimento em adegas, um longo processo que requer um conhecimento exaustivo do mercado, uma agenda internacional de contactos de primeira classe e a m\u00e1xima confidencialidade. O artigo apresenta tamb\u00e9m a opini\u00e3o de Zilu Wang, chefe de opera\u00e7\u00f5es de Rimontg\u00f3 Invest com clientes chineses, que d\u00e1 a sua opini\u00e3o sobre as motiva\u00e7\u00f5es dos investidores deste pa\u00eds em rela\u00e7\u00e3o ao sector vin\u00edcola espanhol.<\/p>\n<p>O artigo completo pode ser lido atrav\u00e9s <a href=\"http:\/\/diario.eleconomista.es\/i\/805494-eleconomista-comunitat-valenciana-31-marzo-2017?token=\" target=\"_blank\" rel=\"noopener noreferrer\">deste link<\/a>, de onde tamb\u00e9m \u00e9 poss\u00edvel descarregar a publica\u00e7\u00e3o (apenas dispon\u00edvel em espanhol).<\/p>\n","protected":false},"excerpt":{"rendered":"<p>El Economista Comunidad Valenciana conversa com Purificaci\u00f3n Mancebo de Rimontg\u00f3 Invest sobre investimento estrangeiro no sector do vinho espanhol.<\/p>\n","protected":false},"author":1,"featured_media":21059,"comment_status":"closed","ping_status":"closed","sticky":false,"template":"","format":"standard","meta":{"_mi_skip_tracking":false,"_monsterinsights_sitenote_active":false,"_monsterinsights_sitenote_note":"","_monsterinsights_sitenote_category":0,"footnotes":""},"categories":[3173],"tags":[],"yoast_head":"<!-- This site is optimized with the Yoast SEO plugin v21.5 - https:\/\/yoast.com\/wordpress\/plugins\/seo\/ -->\n<title>Purificaci\u00f3n Mancebo para El Economista | Rimontg\u00f3 Wineries<\/title>\n<meta name=\"description\" content=\"Purificaci\u00f3n Mancebo, chefe do departamento de adegas de Rimontg\u00f3, d\u00e1 uma entrevista para El Economista Comunidad Valenciana.\" \/>\n<meta name=\"robots\" content=\"index, follow, max-snippet:-1, max-image-preview:large, max-video-preview:-1\" \/>\n<link rel=\"canonical\" href=\"https:\/\/www.rimontgowineries.com\/blog\/pt\/el-economista-entrevista-purificacion-mancebo-chefe-das-adegas-da-rimontgo-invest\/\" \/>\n<meta property=\"og:locale\" content=\"es_ES\" \/>\n<meta property=\"og:type\" content=\"article\" \/>\n<meta property=\"og:title\" content=\"Purificaci\u00f3n Mancebo para El Economista | Rimontg\u00f3 Wineries\" \/>\n<meta property=\"og:description\" content=\"Purificaci\u00f3n Mancebo, chefe do departamento de adegas de Rimontg\u00f3, d\u00e1 uma entrevista para El Economista Comunidad Valenciana.\" \/>\n<meta property=\"og:url\" content=\"https:\/\/www.rimontgowineries.com\/blog\/pt\/el-economista-entrevista-purificacion-mancebo-chefe-das-adegas-da-rimontgo-invest\/\" \/>\n<meta property=\"og:site_name\" content=\"Rimontgo Wineries\" \/>\n<meta property=\"article:published_time\" content=\"2017-04-21T12:33:00+00:00\" \/>\n<meta property=\"article:modified_time\" content=\"2023-03-08T17:28:40+00:00\" \/>\n<meta property=\"og:image\" content=\"https:\/\/www.rimontgowineries.com\/blog\/wp-content\/uploads\/2020\/03\/24.-el-economista-entrevista-a-purificacion-mancebo-responsable-de-bodegas-en-rimontgo-invest2-e1585046417611.jpg\" \/>\n\t<meta property=\"og:image:width\" content=\"1280\" \/>\n\t<meta property=\"og:image:height\" content=\"720\" \/>\n\t<meta property=\"og:image:type\" content=\"image\/jpeg\" \/>\n<meta name=\"author\" content=\"Rimontg\u00f3\" \/>\n<meta name=\"twitter:card\" content=\"summary_large_image\" \/>\n<meta name=\"twitter:label1\" content=\"Written by\" \/>\n\t<meta name=\"twitter:data1\" content=\"Rimontg\u00f3\" \/>\n\t<meta name=\"twitter:label2\" content=\"Est. reading time\" \/>\n\t<meta name=\"twitter:data2\" content=\"2 minutos\" \/>\n<script type=\"application\/ld+json\" class=\"yoast-schema-graph\">{\"@context\":\"https:\/\/schema.org\",\"@graph\":[{\"@type\":\"Article\",\"@id\":\"https:\/\/www.rimontgowineries.com\/blog\/pt\/el-economista-entrevista-purificacion-mancebo-chefe-das-adegas-da-rimontgo-invest\/#article\",\"isPartOf\":{\"@id\":\"https:\/\/www.rimontgowineries.com\/blog\/pt\/el-economista-entrevista-purificacion-mancebo-chefe-das-adegas-da-rimontgo-invest\/\"},\"author\":{\"name\":\"Rimontg\u00f3\",\"@id\":\"https:\/\/www.rimontgowineries.com\/blog\/#\/schema\/person\/6a5818c38bd30c858e2236707d38658d\"},\"headline\":\"El Economista entrevista Purificaci\u00f3n Mancebo, chefe das adegas da Rimontg\u00f3 Invest.\",\"datePublished\":\"2017-04-21T12:33:00+00:00\",\"dateModified\":\"2023-03-08T17:28:40+00:00\",\"mainEntityOfPage\":{\"@id\":\"https:\/\/www.rimontgowineries.com\/blog\/pt\/el-economista-entrevista-purificacion-mancebo-chefe-das-adegas-da-rimontgo-invest\/\"},\"wordCount\":321,\"publisher\":{\"@id\":\"https:\/\/www.rimontgowineries.com\/blog\/#organization\"},\"articleSection\":[\"Novidades\"],\"inLanguage\":\"es\"},{\"@type\":\"WebPage\",\"@id\":\"https:\/\/www.rimontgowineries.com\/blog\/pt\/el-economista-entrevista-purificacion-mancebo-chefe-das-adegas-da-rimontgo-invest\/\",\"url\":\"https:\/\/www.rimontgowineries.com\/blog\/pt\/el-economista-entrevista-purificacion-mancebo-chefe-das-adegas-da-rimontgo-invest\/\",\"name\":\"Purificaci\u00f3n Mancebo para El Economista | Rimontg\u00f3 Wineries\",\"isPartOf\":{\"@id\":\"https:\/\/www.rimontgowineries.com\/blog\/#website\"},\"datePublished\":\"2017-04-21T12:33:00+00:00\",\"dateModified\":\"2023-03-08T17:28:40+00:00\",\"description\":\"Purificaci\u00f3n Mancebo, chefe do departamento de adegas de Rimontg\u00f3, d\u00e1 uma entrevista para El Economista Comunidad Valenciana.\",\"breadcrumb\":{\"@id\":\"https:\/\/www.rimontgowineries.com\/blog\/pt\/el-economista-entrevista-purificacion-mancebo-chefe-das-adegas-da-rimontgo-invest\/#breadcrumb\"},\"inLanguage\":\"es\",\"potentialAction\":[{\"@type\":\"ReadAction\",\"target\":[\"https:\/\/www.rimontgowineries.com\/blog\/pt\/el-economista-entrevista-purificacion-mancebo-chefe-das-adegas-da-rimontgo-invest\/\"]}]},{\"@type\":\"BreadcrumbList\",\"@id\":\"https:\/\/www.rimontgowineries.com\/blog\/pt\/el-economista-entrevista-purificacion-mancebo-chefe-das-adegas-da-rimontgo-invest\/#breadcrumb\",\"itemListElement\":[{\"@type\":\"ListItem\",\"position\":1,\"name\":\"Home\",\"item\":\"https:\/\/www.rimontgowineries.com\/blog\/es\/\"},{\"@type\":\"ListItem\",\"position\":2,\"name\":\"El Economista entrevista Purificaci\u00f3n Mancebo, chefe das adegas da Rimontg\u00f3 Invest.\"}]},{\"@type\":\"WebSite\",\"@id\":\"https:\/\/www.rimontgowineries.com\/blog\/#website\",\"url\":\"https:\/\/www.rimontgowineries.com\/blog\/\",\"name\":\"Rimontgo Wineries\",\"description\":\"Rimontgo Wineries\",\"publisher\":{\"@id\":\"https:\/\/www.rimontgowineries.com\/blog\/#organization\"},\"potentialAction\":[{\"@type\":\"SearchAction\",\"target\":{\"@type\":\"EntryPoint\",\"urlTemplate\":\"https:\/\/www.rimontgowineries.com\/blog\/?s={search_term_string}\"},\"query-input\":\"required name=search_term_string\"}],\"inLanguage\":\"es\"},{\"@type\":\"Organization\",\"@id\":\"https:\/\/www.rimontgowineries.com\/blog\/#organization\",\"name\":\"Rimontgo Wineries\",\"url\":\"https:\/\/www.rimontgowineries.com\/blog\/\",\"logo\":{\"@type\":\"ImageObject\",\"inLanguage\":\"es\",\"@id\":\"https:\/\/www.rimontgowineries.com\/blog\/#\/schema\/logo\/image\/\",\"url\":\"https:\/\/www.rimontgowineries.com\/blog\/wp-content\/uploads\/2020\/03\/logo_bodegas_wineries_EN.svg\",\"contentUrl\":\"https:\/\/www.rimontgowineries.com\/blog\/wp-content\/uploads\/2020\/03\/logo_bodegas_wineries_EN.svg\",\"width\":134,\"height\":34,\"caption\":\"Rimontgo Wineries\"},\"image\":{\"@id\":\"https:\/\/www.rimontgowineries.com\/blog\/#\/schema\/logo\/image\/\"}},{\"@type\":\"Person\",\"@id\":\"https:\/\/www.rimontgowineries.com\/blog\/#\/schema\/person\/6a5818c38bd30c858e2236707d38658d\",\"name\":\"Rimontg\u00f3\",\"image\":{\"@type\":\"ImageObject\",\"inLanguage\":\"es\",\"@id\":\"https:\/\/www.rimontgowineries.com\/blog\/#\/schema\/person\/image\/\",\"url\":\"https:\/\/secure.gravatar.com\/avatar\/13d3e33b6bb55067dd20ab7a5d23c488?s=96&d=mm&r=g\",\"contentUrl\":\"https:\/\/secure.gravatar.com\/avatar\/13d3e33b6bb55067dd20ab7a5d23c488?s=96&d=mm&r=g\",\"caption\":\"Rimontg\u00f3\"},\"url\":\"https:\/\/www.rimontgowineries.com\/blog\/author\/tecnicos\/\"}]}<\/script>\n<!-- \/ Yoast SEO plugin. -->","yoast_head_json":{"title":"Purificaci\u00f3n Mancebo para El Economista | Rimontg\u00f3 Wineries","description":"Purificaci\u00f3n Mancebo, chefe do departamento de adegas de Rimontg\u00f3, d\u00e1 uma entrevista para El Economista Comunidad Valenciana.","robots":{"index":"index","follow":"follow","max-snippet":"max-snippet:-1","max-image-preview":"max-image-preview:large","max-video-preview":"max-video-preview:-1"},"canonical":"https:\/\/www.rimontgowineries.com\/blog\/pt\/el-economista-entrevista-purificacion-mancebo-chefe-das-adegas-da-rimontgo-invest\/","og_locale":"es_ES","og_type":"article","og_title":"Purificaci\u00f3n Mancebo para El Economista | Rimontg\u00f3 Wineries","og_description":"Purificaci\u00f3n Mancebo, chefe do departamento de adegas de Rimontg\u00f3, d\u00e1 uma entrevista para El Economista Comunidad Valenciana.","og_url":"https:\/\/www.rimontgowineries.com\/blog\/pt\/el-economista-entrevista-purificacion-mancebo-chefe-das-adegas-da-rimontgo-invest\/","og_site_name":"Rimontgo Wineries","article_published_time":"2017-04-21T12:33:00+00:00","article_modified_time":"2023-03-08T17:28:40+00:00","og_image":[{"width":1280,"height":720,"url":"https:\/\/www.rimontgowineries.com\/blog\/wp-content\/uploads\/2020\/03\/24.-el-economista-entrevista-a-purificacion-mancebo-responsable-de-bodegas-en-rimontgo-invest2-e1585046417611.jpg","type":"image\/jpeg"}],"author":"Rimontg\u00f3","twitter_card":"summary_large_image","twitter_misc":{"Written by":"Rimontg\u00f3","Est. reading time":"2 minutos"},"schema":{"@context":"https:\/\/schema.org","@graph":[{"@type":"Article","@id":"https:\/\/www.rimontgowineries.com\/blog\/pt\/el-economista-entrevista-purificacion-mancebo-chefe-das-adegas-da-rimontgo-invest\/#article","isPartOf":{"@id":"https:\/\/www.rimontgowineries.com\/blog\/pt\/el-economista-entrevista-purificacion-mancebo-chefe-das-adegas-da-rimontgo-invest\/"},"author":{"name":"Rimontg\u00f3","@id":"https:\/\/www.rimontgowineries.com\/blog\/#\/schema\/person\/6a5818c38bd30c858e2236707d38658d"},"headline":"El Economista entrevista Purificaci\u00f3n Mancebo, chefe das adegas da Rimontg\u00f3 Invest.","datePublished":"2017-04-21T12:33:00+00:00","dateModified":"2023-03-08T17:28:40+00:00","mainEntityOfPage":{"@id":"https:\/\/www.rimontgowineries.com\/blog\/pt\/el-economista-entrevista-purificacion-mancebo-chefe-das-adegas-da-rimontgo-invest\/"},"wordCount":321,"publisher":{"@id":"https:\/\/www.rimontgowineries.com\/blog\/#organization"},"articleSection":["Novidades"],"inLanguage":"es"},{"@type":"WebPage","@id":"https:\/\/www.rimontgowineries.com\/blog\/pt\/el-economista-entrevista-purificacion-mancebo-chefe-das-adegas-da-rimontgo-invest\/","url":"https:\/\/www.rimontgowineries.com\/blog\/pt\/el-economista-entrevista-purificacion-mancebo-chefe-das-adegas-da-rimontgo-invest\/","name":"Purificaci\u00f3n Mancebo para El Economista | Rimontg\u00f3 Wineries","isPartOf":{"@id":"https:\/\/www.rimontgowineries.com\/blog\/#website"},"datePublished":"2017-04-21T12:33:00+00:00","dateModified":"2023-03-08T17:28:40+00:00","description":"Purificaci\u00f3n Mancebo, chefe do departamento de adegas de Rimontg\u00f3, d\u00e1 uma entrevista para El Economista Comunidad Valenciana.","breadcrumb":{"@id":"https:\/\/www.rimontgowineries.com\/blog\/pt\/el-economista-entrevista-purificacion-mancebo-chefe-das-adegas-da-rimontgo-invest\/#breadcrumb"},"inLanguage":"es","potentialAction":[{"@type":"ReadAction","target":["https:\/\/www.rimontgowineries.com\/blog\/pt\/el-economista-entrevista-purificacion-mancebo-chefe-das-adegas-da-rimontgo-invest\/"]}]},{"@type":"BreadcrumbList","@id":"https:\/\/www.rimontgowineries.com\/blog\/pt\/el-economista-entrevista-purificacion-mancebo-chefe-das-adegas-da-rimontgo-invest\/#breadcrumb","itemListElement":[{"@type":"ListItem","position":1,"name":"Home","item":"https:\/\/www.rimontgowineries.com\/blog\/es\/"},{"@type":"ListItem","position":2,"name":"El Economista entrevista Purificaci\u00f3n Mancebo, chefe das adegas da Rimontg\u00f3 Invest."}]},{"@type":"WebSite","@id":"https:\/\/www.rimontgowineries.com\/blog\/#website","url":"https:\/\/www.rimontgowineries.com\/blog\/","name":"Rimontgo Wineries","description":"Rimontgo Wineries","publisher":{"@id":"https:\/\/www.rimontgowineries.com\/blog\/#organization"},"potentialAction":[{"@type":"SearchAction","target":{"@type":"EntryPoint","urlTemplate":"https:\/\/www.rimontgowineries.com\/blog\/?s={search_term_string}"},"query-input":"required name=search_term_string"}],"inLanguage":"es"},{"@type":"Organization","@id":"https:\/\/www.rimontgowineries.com\/blog\/#organization","name":"Rimontgo Wineries","url":"https:\/\/www.rimontgowineries.com\/blog\/","logo":{"@type":"ImageObject","inLanguage":"es","@id":"https:\/\/www.rimontgowineries.com\/blog\/#\/schema\/logo\/image\/","url":"https:\/\/www.rimontgowineries.com\/blog\/wp-content\/uploads\/2020\/03\/logo_bodegas_wineries_EN.svg","contentUrl":"https:\/\/www.rimontgowineries.com\/blog\/wp-content\/uploads\/2020\/03\/logo_bodegas_wineries_EN.svg","width":134,"height":34,"caption":"Rimontgo Wineries"},"image":{"@id":"https:\/\/www.rimontgowineries.com\/blog\/#\/schema\/logo\/image\/"}},{"@type":"Person","@id":"https:\/\/www.rimontgowineries.com\/blog\/#\/schema\/person\/6a5818c38bd30c858e2236707d38658d","name":"Rimontg\u00f3","image":{"@type":"ImageObject","inLanguage":"es","@id":"https:\/\/www.rimontgowineries.com\/blog\/#\/schema\/person\/image\/","url":"https:\/\/secure.gravatar.com\/avatar\/13d3e33b6bb55067dd20ab7a5d23c488?s=96&d=mm&r=g","contentUrl":"https:\/\/secure.gravatar.com\/avatar\/13d3e33b6bb55067dd20ab7a5d23c488?s=96&d=mm&r=g","caption":"Rimontg\u00f3"},"url":"https:\/\/www.rimontgowineries.com\/blog\/author\/tecnicos\/"}]}},"_links":{"self":[{"href":"https:\/\/www.rimontgowineries.com\/blog\/wp-json\/wp\/v2\/posts\/21412"}],"collection":[{"href":"https:\/\/www.rimontgowineries.com\/blog\/wp-json\/wp\/v2\/posts"}],"about":[{"href":"https:\/\/www.rimontgowineries.com\/blog\/wp-json\/wp\/v2\/types\/post"}],"author":[{"embeddable":true,"href":"https:\/\/www.rimontgowineries.com\/blog\/wp-json\/wp\/v2\/users\/1"}],"replies":[{"embeddable":true,"href":"https:\/\/www.rimontgowineries.com\/blog\/wp-json\/wp\/v2\/comments?post=21412"}],"version-history":[{"count":5,"href":"https:\/\/www.rimontgowineries.com\/blog\/wp-json\/wp\/v2\/posts\/21412\/revisions"}],"predecessor-version":[{"id":21671,"href":"https:\/\/www.rimontgowineries.com\/blog\/wp-json\/wp\/v2\/posts\/21412\/revisions\/21671"}],"wp:featuredmedia":[{"embeddable":true,"href":"https:\/\/www.rimontgowineries.com\/blog\/wp-json\/wp\/v2\/media\/21059"}],"wp:attachment":[{"href":"https:\/\/www.rimontgowineries.com\/blog\/wp-json\/wp\/v2\/media?parent=21412"}],"wp:term":[{"taxonomy":"category","embeddable":true,"href":"https:\/\/www.rimontgowineries.com\/blog\/wp-json\/wp\/v2\/categories?post=21412"},{"taxonomy":"post_tag","embeddable":true,"href":"https:\/\/www.rimontgowineries.com\/blog\/wp-json\/wp\/v2\/tags?post=21412"}],"curies":[{"name":"wp","href":"https:\/\/api.w.org\/{rel}","templated":true}]}}