{"id":21419,"date":"2017-07-06T14:34:00","date_gmt":"2017-07-06T12:34:00","guid":{"rendered":"https:\/\/www.rimontgowineries.com\/blog\/?p=21419"},"modified":"2023-03-08T18:27:27","modified_gmt":"2023-03-08T17:27:27","slug":"quem-disse-que-o-cava-era-uma-coisa-catala","status":"publish","type":"post","link":"https:\/\/www.rimontgowineries.com\/blog\/pt\/quem-disse-que-o-cava-era-uma-coisa-catala\/","title":{"rendered":"Quem disse que o cava era uma coisa catal\u00e3?"},"content":{"rendered":"<h2>A produ\u00e7\u00e3o na zona de Requena est\u00e1 cada vez mais orientada para estes vinhos catal\u00e3es que, dentro do territ\u00f3rio valenciano, adquirem o seu pr\u00f3prio sabor distinto.<\/h2>\n<p>O vinho espanhol, a estrela de grandes celebra\u00e7\u00f5es, desde jantares de Natal a banquetes de casamento, n\u00e3o \u00e9 o dom\u00ednio exclusivo de apenas alguns. <strong>Temos dado \u00e0 cava o r\u00f3tulo catal\u00e3o<\/strong>, mas a verdade \u00e9 que nos \u00faltimos tempos a sua produ\u00e7\u00e3o tem diversificado em toda a Pen\u00ednsula Ib\u00e9rica. Tanto que a \u00e1rea <strong>Requena \u00e9 pioneira na deslocaliza\u00e7\u00e3o<\/strong> da produ\u00e7\u00e3o de vinho espumante, com um compromisso que pode mudar a paisagem.<\/p>\n<p>As planta\u00e7\u00f5es de <strong>Chardonnay<\/strong> na \u00e1rea est\u00e3o a aumentar exponencialmente. Esta \u00e9 uma casta de pele verde, comummente usada para fazer vinho branco, com uma qualidade superior a outras. Embora D.O. Val\u00eancia tamb\u00e9m produza vinhos espumantes, praticamente todos eles s\u00e3o produzidos na \u00e1rea de Requena devido ao quadro regulamentar e ao investimento envolvido. \u00c9 nesta \u00e1rea que a compra e venda de vinhedos e adegas est\u00e1 a aumentar.<\/p>\n<p>A Asociaci\u00f3n de Elaboradores de Cava de Requena, composta por oito adegas (Covi\u00f1as, Chozas Carrascal, Dominio de la Vega, Hispano+Suizas, Pago de Tharsys, Torre Oria, Uni\u00f3n Vin\u00edcola del Este e Vegalfaro), acaba de celebrar os seus primeiros cinco anos. Em Junho passado organizou um evento sob o nome \u00abRequena es cava\u00bb (Requena \u00e9 cava), com o objectivo de divulgar nas suas instala\u00e7\u00f5es as empresas que actualmente fabricam este tipo de vinho. No entanto, a sua actividade vai muito mais al\u00e9m e visa consolidar a ideia do<strong> cava valenciano<\/strong>.<\/p>\n<p id=\"tw-target-text\" class=\"tw-data-text tw-text-large tw-ta\" dir=\"ltr\" data-placeholder=\"Traducci\u00f3n\"><span class=\"Y2IQFc\" lang=\"pt\">O resultado s\u00e3o produtos especiais, com sabor diferenciado, dos quais tamb\u00e9m s\u00e3o comercializadas edi\u00e7\u00f5es especiais com novos designs de r\u00f3tulos e garrafas. Eles ganharam muitos pr\u00eamios em diferentes competi\u00e7\u00f5es em todo o mundo, destacando-se neste aspecto as vin\u00edcolas Dominio de la Vega, Pago de Tarsys, Torre Oria e Castell del Sorells, que ganharam o pr\u00eamio de<strong> melhor cava da Espanha<\/strong>.<\/span><\/p>\n<p dir=\"ltr\" data-placeholder=\"Traducci\u00f3n\">A<strong> tradi\u00e7\u00e3o vitivin\u00edcola<\/strong> desta zona valenciana \u00e9 indiscut\u00edvel, como demonstram os s\u00edtios de Las Pilillas com objetos dos s\u00e9culos V e IV aC. C. Sua idade de ouro foi, sem d\u00favida, no final do s. XIX e in\u00edcio do XX quando fam\u00edlias abastadas constru\u00edam os seus pal\u00e1cios e adegas com um luxo que poucas fam\u00edlias conseguem. Com o passar do tempo, o neg\u00f3cio de venda de volumes de vinho foi diminuindo e as adegas investiram na cria\u00e7\u00e3o de marcas pr\u00f3prias para exporta\u00e7\u00e3o, sendo a regi\u00e3o conhecida pelos seus bons vinhos a bom pre\u00e7o.<\/p>\n<h3 dir=\"ltr\" data-placeholder=\"Traducci\u00f3n\">Regi\u00e3o de Cava<\/h3>\n<p>Os valencianos n\u00e3o s\u00e3o os \u00fanicos que se atrevem a desafiar os catal\u00e3es nesta quest\u00e3o de fazer cava. Tanto que existe um D.O. Regi\u00e3o espanhola de espumantes produzidos pelo m\u00e9todo tradicional, denominada Regi\u00e3o de Cava. Inclui at\u00e9 159 munic\u00edpios em Barcelona, \u200b\u200b\u200b\u200bTarragona, La Rioja, L\u00e9rida, Gerona, \u00c1lava, Sarago\u00e7a, Navarra, Badajoz e Val\u00eancia.<\/p>\n<p>O Cava \u00e9 o espumante mais exportado, segundo dados do Conselho Regulador, desbancando o champanhe com suas 131 milh\u00f5es de garrafas.<\/p>\n","protected":false},"excerpt":{"rendered":"<p>Cava n\u00e3o \u00e9 apenas um espumante feito na Catalunha, como se pensava originalmente, na verdade sua produ\u00e7\u00e3o se diversificou em toda a pen\u00ednsula.<\/p>\n","protected":false},"author":1,"featured_media":21058,"comment_status":"closed","ping_status":"closed","sticky":false,"template":"","format":"standard","meta":{"_mi_skip_tracking":false,"_monsterinsights_sitenote_active":false,"_monsterinsights_sitenote_note":"","_monsterinsights_sitenote_category":0,"footnotes":""},"categories":[3177,3181],"tags":[],"yoast_head":"<!-- This site is optimized with the Yoast SEO plugin v21.5 - https:\/\/yoast.com\/wordpress\/plugins\/seo\/ -->\n<title>Cava: Val\u00eancia tamb\u00e9m ecoa esta bebida espumante | Rimontg\u00f3 Wineries<\/title>\n<meta name=\"description\" content=\"Cava n\u00e3o \u00e9 apenas uma bebida catal\u00e3, cada vez mais as vin\u00edcolas espanholas se dedicam \u00e0 produ\u00e7\u00e3o do espumante mais exportado.\" \/>\n<meta name=\"robots\" content=\"index, follow, max-snippet:-1, max-image-preview:large, max-video-preview:-1\" \/>\n<link rel=\"canonical\" href=\"https:\/\/www.rimontgowineries.com\/blog\/pt\/quem-disse-que-o-cava-era-uma-coisa-catala\/\" \/>\n<meta property=\"og:locale\" content=\"es_ES\" \/>\n<meta property=\"og:type\" content=\"article\" \/>\n<meta property=\"og:title\" content=\"Cava: Val\u00eancia tamb\u00e9m ecoa esta bebida espumante | Rimontg\u00f3 Wineries\" \/>\n<meta property=\"og:description\" content=\"Cava n\u00e3o \u00e9 apenas uma bebida catal\u00e3, cada vez mais as vin\u00edcolas espanholas se dedicam \u00e0 produ\u00e7\u00e3o do espumante mais exportado.\" \/>\n<meta property=\"og:url\" content=\"https:\/\/www.rimontgowineries.com\/blog\/pt\/quem-disse-que-o-cava-era-uma-coisa-catala\/\" \/>\n<meta property=\"og:site_name\" content=\"Rimontgo Wineries\" \/>\n<meta property=\"article:published_time\" content=\"2017-07-06T12:34:00+00:00\" \/>\n<meta property=\"article:modified_time\" content=\"2023-03-08T17:27:27+00:00\" \/>\n<meta property=\"og:image\" content=\"https:\/\/www.rimontgowineries.com\/blog\/wp-content\/uploads\/2020\/03\/23.-quien-dijo-que-el-cava-era-cosa-de-catalanes-e1585047257723.jpg\" \/>\n\t<meta property=\"og:image:width\" content=\"1600\" \/>\n\t<meta property=\"og:image:height\" content=\"900\" \/>\n\t<meta property=\"og:image:type\" content=\"image\/jpeg\" \/>\n<meta name=\"author\" content=\"Rimontg\u00f3\" \/>\n<meta name=\"twitter:card\" content=\"summary_large_image\" \/>\n<meta name=\"twitter:label1\" content=\"Written by\" \/>\n\t<meta name=\"twitter:data1\" content=\"Rimontg\u00f3\" \/>\n\t<meta name=\"twitter:label2\" content=\"Est. reading time\" \/>\n\t<meta name=\"twitter:data2\" content=\"3 minutos\" \/>\n<script type=\"application\/ld+json\" class=\"yoast-schema-graph\">{\"@context\":\"https:\/\/schema.org\",\"@graph\":[{\"@type\":\"Article\",\"@id\":\"https:\/\/www.rimontgowineries.com\/blog\/pt\/quem-disse-que-o-cava-era-uma-coisa-catala\/#article\",\"isPartOf\":{\"@id\":\"https:\/\/www.rimontgowineries.com\/blog\/pt\/quem-disse-que-o-cava-era-uma-coisa-catala\/\"},\"author\":{\"name\":\"Rimontg\u00f3\",\"@id\":\"https:\/\/www.rimontgowineries.com\/blog\/#\/schema\/person\/6a5818c38bd30c858e2236707d38658d\"},\"headline\":\"Quem disse que o cava era uma coisa catal\u00e3?\",\"datePublished\":\"2017-07-06T12:34:00+00:00\",\"dateModified\":\"2023-03-08T17:27:27+00:00\",\"mainEntityOfPage\":{\"@id\":\"https:\/\/www.rimontgowineries.com\/blog\/pt\/quem-disse-que-o-cava-era-uma-coisa-catala\/\"},\"wordCount\":547,\"publisher\":{\"@id\":\"https:\/\/www.rimontgowineries.com\/blog\/#organization\"},\"articleSection\":[\"Denomina\u00e7\u00f5es de Origem\",\"Mundo do vinho\"],\"inLanguage\":\"es\"},{\"@type\":\"WebPage\",\"@id\":\"https:\/\/www.rimontgowineries.com\/blog\/pt\/quem-disse-que-o-cava-era-uma-coisa-catala\/\",\"url\":\"https:\/\/www.rimontgowineries.com\/blog\/pt\/quem-disse-que-o-cava-era-uma-coisa-catala\/\",\"name\":\"Cava: Val\u00eancia tamb\u00e9m ecoa esta bebida espumante | Rimontg\u00f3 Wineries\",\"isPartOf\":{\"@id\":\"https:\/\/www.rimontgowineries.com\/blog\/#website\"},\"datePublished\":\"2017-07-06T12:34:00+00:00\",\"dateModified\":\"2023-03-08T17:27:27+00:00\",\"description\":\"Cava n\u00e3o \u00e9 apenas uma bebida catal\u00e3, cada vez mais as vin\u00edcolas espanholas se dedicam \u00e0 produ\u00e7\u00e3o do espumante mais exportado.\",\"breadcrumb\":{\"@id\":\"https:\/\/www.rimontgowineries.com\/blog\/pt\/quem-disse-que-o-cava-era-uma-coisa-catala\/#breadcrumb\"},\"inLanguage\":\"es\",\"potentialAction\":[{\"@type\":\"ReadAction\",\"target\":[\"https:\/\/www.rimontgowineries.com\/blog\/pt\/quem-disse-que-o-cava-era-uma-coisa-catala\/\"]}]},{\"@type\":\"BreadcrumbList\",\"@id\":\"https:\/\/www.rimontgowineries.com\/blog\/pt\/quem-disse-que-o-cava-era-uma-coisa-catala\/#breadcrumb\",\"itemListElement\":[{\"@type\":\"ListItem\",\"position\":1,\"name\":\"Home\",\"item\":\"https:\/\/www.rimontgowineries.com\/blog\/es\/\"},{\"@type\":\"ListItem\",\"position\":2,\"name\":\"Quem disse que o cava era uma coisa catal\u00e3?\"}]},{\"@type\":\"WebSite\",\"@id\":\"https:\/\/www.rimontgowineries.com\/blog\/#website\",\"url\":\"https:\/\/www.rimontgowineries.com\/blog\/\",\"name\":\"Rimontgo Wineries\",\"description\":\"Rimontgo Wineries\",\"publisher\":{\"@id\":\"https:\/\/www.rimontgowineries.com\/blog\/#organization\"},\"potentialAction\":[{\"@type\":\"SearchAction\",\"target\":{\"@type\":\"EntryPoint\",\"urlTemplate\":\"https:\/\/www.rimontgowineries.com\/blog\/?s={search_term_string}\"},\"query-input\":\"required name=search_term_string\"}],\"inLanguage\":\"es\"},{\"@type\":\"Organization\",\"@id\":\"https:\/\/www.rimontgowineries.com\/blog\/#organization\",\"name\":\"Rimontgo Wineries\",\"url\":\"https:\/\/www.rimontgowineries.com\/blog\/\",\"logo\":{\"@type\":\"ImageObject\",\"inLanguage\":\"es\",\"@id\":\"https:\/\/www.rimontgowineries.com\/blog\/#\/schema\/logo\/image\/\",\"url\":\"https:\/\/www.rimontgowineries.com\/blog\/wp-content\/uploads\/2020\/03\/logo_bodegas_wineries_EN.svg\",\"contentUrl\":\"https:\/\/www.rimontgowineries.com\/blog\/wp-content\/uploads\/2020\/03\/logo_bodegas_wineries_EN.svg\",\"width\":134,\"height\":34,\"caption\":\"Rimontgo Wineries\"},\"image\":{\"@id\":\"https:\/\/www.rimontgowineries.com\/blog\/#\/schema\/logo\/image\/\"}},{\"@type\":\"Person\",\"@id\":\"https:\/\/www.rimontgowineries.com\/blog\/#\/schema\/person\/6a5818c38bd30c858e2236707d38658d\",\"name\":\"Rimontg\u00f3\",\"image\":{\"@type\":\"ImageObject\",\"inLanguage\":\"es\",\"@id\":\"https:\/\/www.rimontgowineries.com\/blog\/#\/schema\/person\/image\/\",\"url\":\"https:\/\/secure.gravatar.com\/avatar\/13d3e33b6bb55067dd20ab7a5d23c488?s=96&d=mm&r=g\",\"contentUrl\":\"https:\/\/secure.gravatar.com\/avatar\/13d3e33b6bb55067dd20ab7a5d23c488?s=96&d=mm&r=g\",\"caption\":\"Rimontg\u00f3\"},\"url\":\"https:\/\/www.rimontgowineries.com\/blog\/author\/tecnicos\/\"}]}<\/script>\n<!-- \/ Yoast SEO plugin. -->","yoast_head_json":{"title":"Cava: Val\u00eancia tamb\u00e9m ecoa esta bebida espumante | Rimontg\u00f3 Wineries","description":"Cava n\u00e3o \u00e9 apenas uma bebida catal\u00e3, cada vez mais as vin\u00edcolas espanholas se dedicam \u00e0 produ\u00e7\u00e3o do espumante mais exportado.","robots":{"index":"index","follow":"follow","max-snippet":"max-snippet:-1","max-image-preview":"max-image-preview:large","max-video-preview":"max-video-preview:-1"},"canonical":"https:\/\/www.rimontgowineries.com\/blog\/pt\/quem-disse-que-o-cava-era-uma-coisa-catala\/","og_locale":"es_ES","og_type":"article","og_title":"Cava: Val\u00eancia tamb\u00e9m ecoa esta bebida espumante | Rimontg\u00f3 Wineries","og_description":"Cava n\u00e3o \u00e9 apenas uma bebida catal\u00e3, cada vez mais as vin\u00edcolas espanholas se dedicam \u00e0 produ\u00e7\u00e3o do espumante mais exportado.","og_url":"https:\/\/www.rimontgowineries.com\/blog\/pt\/quem-disse-que-o-cava-era-uma-coisa-catala\/","og_site_name":"Rimontgo Wineries","article_published_time":"2017-07-06T12:34:00+00:00","article_modified_time":"2023-03-08T17:27:27+00:00","og_image":[{"width":1600,"height":900,"url":"https:\/\/www.rimontgowineries.com\/blog\/wp-content\/uploads\/2020\/03\/23.-quien-dijo-que-el-cava-era-cosa-de-catalanes-e1585047257723.jpg","type":"image\/jpeg"}],"author":"Rimontg\u00f3","twitter_card":"summary_large_image","twitter_misc":{"Written by":"Rimontg\u00f3","Est. reading time":"3 minutos"},"schema":{"@context":"https:\/\/schema.org","@graph":[{"@type":"Article","@id":"https:\/\/www.rimontgowineries.com\/blog\/pt\/quem-disse-que-o-cava-era-uma-coisa-catala\/#article","isPartOf":{"@id":"https:\/\/www.rimontgowineries.com\/blog\/pt\/quem-disse-que-o-cava-era-uma-coisa-catala\/"},"author":{"name":"Rimontg\u00f3","@id":"https:\/\/www.rimontgowineries.com\/blog\/#\/schema\/person\/6a5818c38bd30c858e2236707d38658d"},"headline":"Quem disse que o cava era uma coisa catal\u00e3?","datePublished":"2017-07-06T12:34:00+00:00","dateModified":"2023-03-08T17:27:27+00:00","mainEntityOfPage":{"@id":"https:\/\/www.rimontgowineries.com\/blog\/pt\/quem-disse-que-o-cava-era-uma-coisa-catala\/"},"wordCount":547,"publisher":{"@id":"https:\/\/www.rimontgowineries.com\/blog\/#organization"},"articleSection":["Denomina\u00e7\u00f5es de Origem","Mundo do vinho"],"inLanguage":"es"},{"@type":"WebPage","@id":"https:\/\/www.rimontgowineries.com\/blog\/pt\/quem-disse-que-o-cava-era-uma-coisa-catala\/","url":"https:\/\/www.rimontgowineries.com\/blog\/pt\/quem-disse-que-o-cava-era-uma-coisa-catala\/","name":"Cava: Val\u00eancia tamb\u00e9m ecoa esta bebida espumante | Rimontg\u00f3 Wineries","isPartOf":{"@id":"https:\/\/www.rimontgowineries.com\/blog\/#website"},"datePublished":"2017-07-06T12:34:00+00:00","dateModified":"2023-03-08T17:27:27+00:00","description":"Cava n\u00e3o \u00e9 apenas uma bebida catal\u00e3, cada vez mais as vin\u00edcolas espanholas se dedicam \u00e0 produ\u00e7\u00e3o do espumante mais exportado.","breadcrumb":{"@id":"https:\/\/www.rimontgowineries.com\/blog\/pt\/quem-disse-que-o-cava-era-uma-coisa-catala\/#breadcrumb"},"inLanguage":"es","potentialAction":[{"@type":"ReadAction","target":["https:\/\/www.rimontgowineries.com\/blog\/pt\/quem-disse-que-o-cava-era-uma-coisa-catala\/"]}]},{"@type":"BreadcrumbList","@id":"https:\/\/www.rimontgowineries.com\/blog\/pt\/quem-disse-que-o-cava-era-uma-coisa-catala\/#breadcrumb","itemListElement":[{"@type":"ListItem","position":1,"name":"Home","item":"https:\/\/www.rimontgowineries.com\/blog\/es\/"},{"@type":"ListItem","position":2,"name":"Quem disse que o cava era uma coisa catal\u00e3?"}]},{"@type":"WebSite","@id":"https:\/\/www.rimontgowineries.com\/blog\/#website","url":"https:\/\/www.rimontgowineries.com\/blog\/","name":"Rimontgo Wineries","description":"Rimontgo Wineries","publisher":{"@id":"https:\/\/www.rimontgowineries.com\/blog\/#organization"},"potentialAction":[{"@type":"SearchAction","target":{"@type":"EntryPoint","urlTemplate":"https:\/\/www.rimontgowineries.com\/blog\/?s={search_term_string}"},"query-input":"required name=search_term_string"}],"inLanguage":"es"},{"@type":"Organization","@id":"https:\/\/www.rimontgowineries.com\/blog\/#organization","name":"Rimontgo Wineries","url":"https:\/\/www.rimontgowineries.com\/blog\/","logo":{"@type":"ImageObject","inLanguage":"es","@id":"https:\/\/www.rimontgowineries.com\/blog\/#\/schema\/logo\/image\/","url":"https:\/\/www.rimontgowineries.com\/blog\/wp-content\/uploads\/2020\/03\/logo_bodegas_wineries_EN.svg","contentUrl":"https:\/\/www.rimontgowineries.com\/blog\/wp-content\/uploads\/2020\/03\/logo_bodegas_wineries_EN.svg","width":134,"height":34,"caption":"Rimontgo Wineries"},"image":{"@id":"https:\/\/www.rimontgowineries.com\/blog\/#\/schema\/logo\/image\/"}},{"@type":"Person","@id":"https:\/\/www.rimontgowineries.com\/blog\/#\/schema\/person\/6a5818c38bd30c858e2236707d38658d","name":"Rimontg\u00f3","image":{"@type":"ImageObject","inLanguage":"es","@id":"https:\/\/www.rimontgowineries.com\/blog\/#\/schema\/person\/image\/","url":"https:\/\/secure.gravatar.com\/avatar\/13d3e33b6bb55067dd20ab7a5d23c488?s=96&d=mm&r=g","contentUrl":"https:\/\/secure.gravatar.com\/avatar\/13d3e33b6bb55067dd20ab7a5d23c488?s=96&d=mm&r=g","caption":"Rimontg\u00f3"},"url":"https:\/\/www.rimontgowineries.com\/blog\/author\/tecnicos\/"}]}},"_links":{"self":[{"href":"https:\/\/www.rimontgowineries.com\/blog\/wp-json\/wp\/v2\/posts\/21419"}],"collection":[{"href":"https:\/\/www.rimontgowineries.com\/blog\/wp-json\/wp\/v2\/posts"}],"about":[{"href":"https:\/\/www.rimontgowineries.com\/blog\/wp-json\/wp\/v2\/types\/post"}],"author":[{"embeddable":true,"href":"https:\/\/www.rimontgowineries.com\/blog\/wp-json\/wp\/v2\/users\/1"}],"replies":[{"embeddable":true,"href":"https:\/\/www.rimontgowineries.com\/blog\/wp-json\/wp\/v2\/comments?post=21419"}],"version-history":[{"count":2,"href":"https:\/\/www.rimontgowineries.com\/blog\/wp-json\/wp\/v2\/posts\/21419\/revisions"}],"predecessor-version":[{"id":21421,"href":"https:\/\/www.rimontgowineries.com\/blog\/wp-json\/wp\/v2\/posts\/21419\/revisions\/21421"}],"wp:featuredmedia":[{"embeddable":true,"href":"https:\/\/www.rimontgowineries.com\/blog\/wp-json\/wp\/v2\/media\/21058"}],"wp:attachment":[{"href":"https:\/\/www.rimontgowineries.com\/blog\/wp-json\/wp\/v2\/media?parent=21419"}],"wp:term":[{"taxonomy":"category","embeddable":true,"href":"https:\/\/www.rimontgowineries.com\/blog\/wp-json\/wp\/v2\/categories?post=21419"},{"taxonomy":"post_tag","embeddable":true,"href":"https:\/\/www.rimontgowineries.com\/blog\/wp-json\/wp\/v2\/tags?post=21419"}],"curies":[{"name":"wp","href":"https:\/\/api.w.org\/{rel}","templated":true}]}}