{"id":21422,"date":"2017-07-10T17:44:00","date_gmt":"2017-07-10T15:44:00","guid":{"rendered":"https:\/\/www.rimontgowineries.com\/blog\/?p=21422"},"modified":"2023-03-08T18:29:17","modified_gmt":"2023-03-08T17:29:17","slug":"valencia-brinda-na-mostra-de-vins-neste-fim-de-semana","status":"publish","type":"post","link":"https:\/\/www.rimontgowineries.com\/blog\/pt\/valencia-brinda-na-mostra-de-vins-neste-fim-de-semana\/","title":{"rendered":"Valencia brinda na Mostra de Vins neste fim de semana"},"content":{"rendered":"<h2>A cidade recebe a Mostra de Vins d&#8217;Estiu durante as noites de 14, 15 e 16 de julho.<\/h2>\n<p>Chegou a hora de recordar ao mundo o prest\u00edgio dos vinhos valencianos atrav\u00e9s de um ato p\u00fablico. Esta \u00e9 a <strong>Mostra de Vins d&#8217;Estiu<\/strong>, inclu\u00edda na programa\u00e7\u00e3o da<strong> Gran Fira de Val\u00e8ncia<\/strong>, que acontecer\u00e1 nas noites de 14, 15 e 16 de julho na Plaza del Ayuntamiento. Gastronomia, workshops e boa m\u00fasica prometem proporcionar momentos de divers\u00e3o para toda a fam\u00edlia nas noites do pr\u00f3ximo fim de semana.<\/p>\n<p>Assim, o evento arranca na <strong>sexta-feira, dia 14<\/strong>, pelas 20h00, com a cerim\u00f3nia de entrega de pr\u00e9mios do II Concurso Oficial de Cavas e Espumantes, que come\u00e7a a ganhar relev\u00e2ncia como evento do setor. Um concerto de <em>jazz<\/em> cl\u00e1ssico marcar\u00e1 o ritmo da noite, com <em>swing<\/em> e <em>bossa nova<\/em>.<\/p>\n<p><strong>S\u00e1bado, dia 15<\/strong>, ser\u00e1 um dia em fam\u00edlia, com uma rica programa\u00e7\u00e3o de atividades infantis dirigida pelo Centro Comunit\u00e1rio de Artesanato. A partir das 20h00, decorrer\u00e3o workshops onde se espera que as crian\u00e7as aprendam sobre quest\u00f5es alimentares enquanto realizam trabalhos art\u00edsticos. Sem abrir m\u00e3o da m\u00fasica noturna, desta vez de Cicco Ti\u00f1one, que oferece vers\u00f5es <em>pop-rock<\/em> de can\u00e7\u00f5es internacionais.<\/p>\n<p>O grande evento do vinho termina no <strong>domingo, dia 16<\/strong>, quando tamb\u00e9m haver\u00e1 atividades de cer\u00e2mica para os mais pequenos e um novo concerto, desta vez de Mala Conciencia e centrado na m\u00fasica dos anos 80. Ao longo do fim de semana, al\u00e9m disso, ser\u00e1 munidas das melhores marcas da Comunidade, para que os presentes possam conhecer a qualidade do produto local.<\/p>\n<p>Aqueles que desejam mais informa\u00e7\u00f5es podem obt\u00ea-las atrav\u00e9s do site tur\u00edstico de Val\u00eancia.&nbsp;<a href=\"http:\/\/www.visitvalencia.com\/\" target=\"_blank\" rel=\"noopener noreferrer\">atrav\u00e9s do site tur\u00edstico de Valencia<\/a><\/p>\n","protected":false},"excerpt":{"rendered":"<p>Val\u00eancia recebe a Mostra de Vins d&#8217;Estiu todas as noites nos dias 14, 15 e 16 de julho, um evento que promete um fim de semana repleto de divers\u00e3o.<\/p>\n","protected":false},"author":1,"featured_media":21057,"comment_status":"closed","ping_status":"closed","sticky":false,"template":"","format":"standard","meta":{"_mi_skip_tracking":false,"_monsterinsights_sitenote_active":false,"_monsterinsights_sitenote_note":"","_monsterinsights_sitenote_category":0,"footnotes":""},"categories":[3179],"tags":[],"yoast_head":"<!-- This site is optimized with the Yoast SEO plugin v21.5 - https:\/\/yoast.com\/wordpress\/plugins\/seo\/ -->\n<title>A Mostra de Vins d&#039;Estiu come\u00e7a na cidade de Val\u00eancia | Rimontg\u00f3 Wineries<\/title>\n<meta name=\"description\" content=\"A cidade de Val\u00eancia recebe mais um ano a Mostra de Vins d&#039;Estiu: um evento p\u00fablico dedicado aos vinhos valencianos.\" \/>\n<meta name=\"robots\" content=\"index, follow, max-snippet:-1, max-image-preview:large, max-video-preview:-1\" \/>\n<link rel=\"canonical\" href=\"https:\/\/www.rimontgowineries.com\/blog\/pt\/valencia-brinda-na-mostra-de-vins-neste-fim-de-semana\/\" \/>\n<meta property=\"og:locale\" content=\"es_ES\" \/>\n<meta property=\"og:type\" content=\"article\" \/>\n<meta property=\"og:title\" content=\"A Mostra de Vins d&#039;Estiu come\u00e7a na cidade de Val\u00eancia | Rimontg\u00f3 Wineries\" \/>\n<meta property=\"og:description\" content=\"A cidade de Val\u00eancia recebe mais um ano a Mostra de Vins d&#039;Estiu: um evento p\u00fablico dedicado aos vinhos valencianos.\" \/>\n<meta property=\"og:url\" content=\"https:\/\/www.rimontgowineries.com\/blog\/pt\/valencia-brinda-na-mostra-de-vins-neste-fim-de-semana\/\" \/>\n<meta property=\"og:site_name\" content=\"Rimontgo Wineries\" \/>\n<meta property=\"article:published_time\" content=\"2017-07-10T15:44:00+00:00\" \/>\n<meta property=\"article:modified_time\" content=\"2023-03-08T17:29:17+00:00\" \/>\n<meta property=\"og:image\" content=\"https:\/\/www.rimontgowineries.com\/blog\/wp-content\/uploads\/2020\/03\/22.-valencia-brinda-en-la-mostra-de-vins-este-fin-de-semana.jpg\" \/>\n\t<meta property=\"og:image:width\" content=\"1201\" \/>\n\t<meta property=\"og:image:height\" content=\"445\" \/>\n\t<meta property=\"og:image:type\" content=\"image\/jpeg\" \/>\n<meta name=\"author\" content=\"Rimontg\u00f3\" \/>\n<meta name=\"twitter:card\" content=\"summary_large_image\" \/>\n<meta name=\"twitter:label1\" content=\"Written by\" \/>\n\t<meta name=\"twitter:data1\" content=\"Rimontg\u00f3\" \/>\n\t<meta name=\"twitter:label2\" content=\"Est. reading time\" \/>\n\t<meta name=\"twitter:data2\" content=\"2 minutos\" \/>\n<script type=\"application\/ld+json\" class=\"yoast-schema-graph\">{\"@context\":\"https:\/\/schema.org\",\"@graph\":[{\"@type\":\"Article\",\"@id\":\"https:\/\/www.rimontgowineries.com\/blog\/pt\/valencia-brinda-na-mostra-de-vins-neste-fim-de-semana\/#article\",\"isPartOf\":{\"@id\":\"https:\/\/www.rimontgowineries.com\/blog\/pt\/valencia-brinda-na-mostra-de-vins-neste-fim-de-semana\/\"},\"author\":{\"name\":\"Rimontg\u00f3\",\"@id\":\"https:\/\/www.rimontgowineries.com\/blog\/#\/schema\/person\/6a5818c38bd30c858e2236707d38658d\"},\"headline\":\"Valencia brinda na Mostra de Vins neste fim de semana\",\"datePublished\":\"2017-07-10T15:44:00+00:00\",\"dateModified\":\"2023-03-08T17:29:17+00:00\",\"mainEntityOfPage\":{\"@id\":\"https:\/\/www.rimontgowineries.com\/blog\/pt\/valencia-brinda-na-mostra-de-vins-neste-fim-de-semana\/\"},\"wordCount\":314,\"publisher\":{\"@id\":\"https:\/\/www.rimontgowineries.com\/blog\/#organization\"},\"articleSection\":[\"Feiras e eventos\"],\"inLanguage\":\"es\"},{\"@type\":\"WebPage\",\"@id\":\"https:\/\/www.rimontgowineries.com\/blog\/pt\/valencia-brinda-na-mostra-de-vins-neste-fim-de-semana\/\",\"url\":\"https:\/\/www.rimontgowineries.com\/blog\/pt\/valencia-brinda-na-mostra-de-vins-neste-fim-de-semana\/\",\"name\":\"A Mostra de Vins d'Estiu come\u00e7a na cidade de Val\u00eancia | Rimontg\u00f3 Wineries\",\"isPartOf\":{\"@id\":\"https:\/\/www.rimontgowineries.com\/blog\/#website\"},\"datePublished\":\"2017-07-10T15:44:00+00:00\",\"dateModified\":\"2023-03-08T17:29:17+00:00\",\"description\":\"A cidade de Val\u00eancia recebe mais um ano a Mostra de Vins d'Estiu: um evento p\u00fablico dedicado aos vinhos valencianos.\",\"breadcrumb\":{\"@id\":\"https:\/\/www.rimontgowineries.com\/blog\/pt\/valencia-brinda-na-mostra-de-vins-neste-fim-de-semana\/#breadcrumb\"},\"inLanguage\":\"es\",\"potentialAction\":[{\"@type\":\"ReadAction\",\"target\":[\"https:\/\/www.rimontgowineries.com\/blog\/pt\/valencia-brinda-na-mostra-de-vins-neste-fim-de-semana\/\"]}]},{\"@type\":\"BreadcrumbList\",\"@id\":\"https:\/\/www.rimontgowineries.com\/blog\/pt\/valencia-brinda-na-mostra-de-vins-neste-fim-de-semana\/#breadcrumb\",\"itemListElement\":[{\"@type\":\"ListItem\",\"position\":1,\"name\":\"Home\",\"item\":\"https:\/\/www.rimontgowineries.com\/blog\/es\/\"},{\"@type\":\"ListItem\",\"position\":2,\"name\":\"Valencia brinda na Mostra de Vins neste fim de semana\"}]},{\"@type\":\"WebSite\",\"@id\":\"https:\/\/www.rimontgowineries.com\/blog\/#website\",\"url\":\"https:\/\/www.rimontgowineries.com\/blog\/\",\"name\":\"Rimontgo Wineries\",\"description\":\"Rimontgo Wineries\",\"publisher\":{\"@id\":\"https:\/\/www.rimontgowineries.com\/blog\/#organization\"},\"potentialAction\":[{\"@type\":\"SearchAction\",\"target\":{\"@type\":\"EntryPoint\",\"urlTemplate\":\"https:\/\/www.rimontgowineries.com\/blog\/?s={search_term_string}\"},\"query-input\":\"required name=search_term_string\"}],\"inLanguage\":\"es\"},{\"@type\":\"Organization\",\"@id\":\"https:\/\/www.rimontgowineries.com\/blog\/#organization\",\"name\":\"Rimontgo Wineries\",\"url\":\"https:\/\/www.rimontgowineries.com\/blog\/\",\"logo\":{\"@type\":\"ImageObject\",\"inLanguage\":\"es\",\"@id\":\"https:\/\/www.rimontgowineries.com\/blog\/#\/schema\/logo\/image\/\",\"url\":\"https:\/\/www.rimontgowineries.com\/blog\/wp-content\/uploads\/2020\/03\/logo_bodegas_wineries_EN.svg\",\"contentUrl\":\"https:\/\/www.rimontgowineries.com\/blog\/wp-content\/uploads\/2020\/03\/logo_bodegas_wineries_EN.svg\",\"width\":134,\"height\":34,\"caption\":\"Rimontgo Wineries\"},\"image\":{\"@id\":\"https:\/\/www.rimontgowineries.com\/blog\/#\/schema\/logo\/image\/\"}},{\"@type\":\"Person\",\"@id\":\"https:\/\/www.rimontgowineries.com\/blog\/#\/schema\/person\/6a5818c38bd30c858e2236707d38658d\",\"name\":\"Rimontg\u00f3\",\"image\":{\"@type\":\"ImageObject\",\"inLanguage\":\"es\",\"@id\":\"https:\/\/www.rimontgowineries.com\/blog\/#\/schema\/person\/image\/\",\"url\":\"https:\/\/secure.gravatar.com\/avatar\/13d3e33b6bb55067dd20ab7a5d23c488?s=96&d=mm&r=g\",\"contentUrl\":\"https:\/\/secure.gravatar.com\/avatar\/13d3e33b6bb55067dd20ab7a5d23c488?s=96&d=mm&r=g\",\"caption\":\"Rimontg\u00f3\"},\"url\":\"https:\/\/www.rimontgowineries.com\/blog\/author\/tecnicos\/\"}]}<\/script>\n<!-- \/ Yoast SEO plugin. -->","yoast_head_json":{"title":"A Mostra de Vins d'Estiu come\u00e7a na cidade de Val\u00eancia | Rimontg\u00f3 Wineries","description":"A cidade de Val\u00eancia recebe mais um ano a Mostra de Vins d'Estiu: um evento p\u00fablico dedicado aos vinhos valencianos.","robots":{"index":"index","follow":"follow","max-snippet":"max-snippet:-1","max-image-preview":"max-image-preview:large","max-video-preview":"max-video-preview:-1"},"canonical":"https:\/\/www.rimontgowineries.com\/blog\/pt\/valencia-brinda-na-mostra-de-vins-neste-fim-de-semana\/","og_locale":"es_ES","og_type":"article","og_title":"A Mostra de Vins d'Estiu come\u00e7a na cidade de Val\u00eancia | Rimontg\u00f3 Wineries","og_description":"A cidade de Val\u00eancia recebe mais um ano a Mostra de Vins d'Estiu: um evento p\u00fablico dedicado aos vinhos valencianos.","og_url":"https:\/\/www.rimontgowineries.com\/blog\/pt\/valencia-brinda-na-mostra-de-vins-neste-fim-de-semana\/","og_site_name":"Rimontgo Wineries","article_published_time":"2017-07-10T15:44:00+00:00","article_modified_time":"2023-03-08T17:29:17+00:00","og_image":[{"width":1201,"height":445,"url":"https:\/\/www.rimontgowineries.com\/blog\/wp-content\/uploads\/2020\/03\/22.-valencia-brinda-en-la-mostra-de-vins-este-fin-de-semana.jpg","type":"image\/jpeg"}],"author":"Rimontg\u00f3","twitter_card":"summary_large_image","twitter_misc":{"Written by":"Rimontg\u00f3","Est. reading time":"2 minutos"},"schema":{"@context":"https:\/\/schema.org","@graph":[{"@type":"Article","@id":"https:\/\/www.rimontgowineries.com\/blog\/pt\/valencia-brinda-na-mostra-de-vins-neste-fim-de-semana\/#article","isPartOf":{"@id":"https:\/\/www.rimontgowineries.com\/blog\/pt\/valencia-brinda-na-mostra-de-vins-neste-fim-de-semana\/"},"author":{"name":"Rimontg\u00f3","@id":"https:\/\/www.rimontgowineries.com\/blog\/#\/schema\/person\/6a5818c38bd30c858e2236707d38658d"},"headline":"Valencia brinda na Mostra de Vins neste fim de semana","datePublished":"2017-07-10T15:44:00+00:00","dateModified":"2023-03-08T17:29:17+00:00","mainEntityOfPage":{"@id":"https:\/\/www.rimontgowineries.com\/blog\/pt\/valencia-brinda-na-mostra-de-vins-neste-fim-de-semana\/"},"wordCount":314,"publisher":{"@id":"https:\/\/www.rimontgowineries.com\/blog\/#organization"},"articleSection":["Feiras e eventos"],"inLanguage":"es"},{"@type":"WebPage","@id":"https:\/\/www.rimontgowineries.com\/blog\/pt\/valencia-brinda-na-mostra-de-vins-neste-fim-de-semana\/","url":"https:\/\/www.rimontgowineries.com\/blog\/pt\/valencia-brinda-na-mostra-de-vins-neste-fim-de-semana\/","name":"A Mostra de Vins d'Estiu come\u00e7a na cidade de Val\u00eancia | Rimontg\u00f3 Wineries","isPartOf":{"@id":"https:\/\/www.rimontgowineries.com\/blog\/#website"},"datePublished":"2017-07-10T15:44:00+00:00","dateModified":"2023-03-08T17:29:17+00:00","description":"A cidade de Val\u00eancia recebe mais um ano a Mostra de Vins d'Estiu: um evento p\u00fablico dedicado aos vinhos valencianos.","breadcrumb":{"@id":"https:\/\/www.rimontgowineries.com\/blog\/pt\/valencia-brinda-na-mostra-de-vins-neste-fim-de-semana\/#breadcrumb"},"inLanguage":"es","potentialAction":[{"@type":"ReadAction","target":["https:\/\/www.rimontgowineries.com\/blog\/pt\/valencia-brinda-na-mostra-de-vins-neste-fim-de-semana\/"]}]},{"@type":"BreadcrumbList","@id":"https:\/\/www.rimontgowineries.com\/blog\/pt\/valencia-brinda-na-mostra-de-vins-neste-fim-de-semana\/#breadcrumb","itemListElement":[{"@type":"ListItem","position":1,"name":"Home","item":"https:\/\/www.rimontgowineries.com\/blog\/es\/"},{"@type":"ListItem","position":2,"name":"Valencia brinda na Mostra de Vins neste fim de semana"}]},{"@type":"WebSite","@id":"https:\/\/www.rimontgowineries.com\/blog\/#website","url":"https:\/\/www.rimontgowineries.com\/blog\/","name":"Rimontgo Wineries","description":"Rimontgo Wineries","publisher":{"@id":"https:\/\/www.rimontgowineries.com\/blog\/#organization"},"potentialAction":[{"@type":"SearchAction","target":{"@type":"EntryPoint","urlTemplate":"https:\/\/www.rimontgowineries.com\/blog\/?s={search_term_string}"},"query-input":"required name=search_term_string"}],"inLanguage":"es"},{"@type":"Organization","@id":"https:\/\/www.rimontgowineries.com\/blog\/#organization","name":"Rimontgo Wineries","url":"https:\/\/www.rimontgowineries.com\/blog\/","logo":{"@type":"ImageObject","inLanguage":"es","@id":"https:\/\/www.rimontgowineries.com\/blog\/#\/schema\/logo\/image\/","url":"https:\/\/www.rimontgowineries.com\/blog\/wp-content\/uploads\/2020\/03\/logo_bodegas_wineries_EN.svg","contentUrl":"https:\/\/www.rimontgowineries.com\/blog\/wp-content\/uploads\/2020\/03\/logo_bodegas_wineries_EN.svg","width":134,"height":34,"caption":"Rimontgo Wineries"},"image":{"@id":"https:\/\/www.rimontgowineries.com\/blog\/#\/schema\/logo\/image\/"}},{"@type":"Person","@id":"https:\/\/www.rimontgowineries.com\/blog\/#\/schema\/person\/6a5818c38bd30c858e2236707d38658d","name":"Rimontg\u00f3","image":{"@type":"ImageObject","inLanguage":"es","@id":"https:\/\/www.rimontgowineries.com\/blog\/#\/schema\/person\/image\/","url":"https:\/\/secure.gravatar.com\/avatar\/13d3e33b6bb55067dd20ab7a5d23c488?s=96&d=mm&r=g","contentUrl":"https:\/\/secure.gravatar.com\/avatar\/13d3e33b6bb55067dd20ab7a5d23c488?s=96&d=mm&r=g","caption":"Rimontg\u00f3"},"url":"https:\/\/www.rimontgowineries.com\/blog\/author\/tecnicos\/"}]}},"_links":{"self":[{"href":"https:\/\/www.rimontgowineries.com\/blog\/wp-json\/wp\/v2\/posts\/21422"}],"collection":[{"href":"https:\/\/www.rimontgowineries.com\/blog\/wp-json\/wp\/v2\/posts"}],"about":[{"href":"https:\/\/www.rimontgowineries.com\/blog\/wp-json\/wp\/v2\/types\/post"}],"author":[{"embeddable":true,"href":"https:\/\/www.rimontgowineries.com\/blog\/wp-json\/wp\/v2\/users\/1"}],"replies":[{"embeddable":true,"href":"https:\/\/www.rimontgowineries.com\/blog\/wp-json\/wp\/v2\/comments?post=21422"}],"version-history":[{"count":4,"href":"https:\/\/www.rimontgowineries.com\/blog\/wp-json\/wp\/v2\/posts\/21422\/revisions"}],"predecessor-version":[{"id":21672,"href":"https:\/\/www.rimontgowineries.com\/blog\/wp-json\/wp\/v2\/posts\/21422\/revisions\/21672"}],"wp:featuredmedia":[{"embeddable":true,"href":"https:\/\/www.rimontgowineries.com\/blog\/wp-json\/wp\/v2\/media\/21057"}],"wp:attachment":[{"href":"https:\/\/www.rimontgowineries.com\/blog\/wp-json\/wp\/v2\/media?parent=21422"}],"wp:term":[{"taxonomy":"category","embeddable":true,"href":"https:\/\/www.rimontgowineries.com\/blog\/wp-json\/wp\/v2\/categories?post=21422"},{"taxonomy":"post_tag","embeddable":true,"href":"https:\/\/www.rimontgowineries.com\/blog\/wp-json\/wp\/v2\/tags?post=21422"}],"curies":[{"name":"wp","href":"https:\/\/api.w.org\/{rel}","templated":true}]}}