{"id":21526,"date":"2023-02-03T10:59:00","date_gmt":"2023-02-03T09:59:00","guid":{"rendered":"https:\/\/www.rimontgowineries.com\/blog\/?p=21526"},"modified":"2023-03-20T19:22:56","modified_gmt":"2023-03-20T18:22:56","slug":"vin-et-caldos","status":"publish","type":"post","link":"https:\/\/www.rimontgowineries.com\/blog\/fr\/vin-et-caldos\/","title":{"rendered":"VIN ET \u00abCALDOS\u00bb"},"content":{"rendered":"\n<p><\/p>\n\n\n<p>R\u00e9cemment, j&#8217;ai lu dans quelques journaux que, gr\u00e2ce \u00e0 la d\u00e9fense et \u00e0 l&#8217;insistance de l&#8217;Association des \u0153nologues de Jumilla, la RAE allait enfin supprimer le sens du mot \u00abcaldo\u00bb en r\u00e9f\u00e9rence au vin. Je ne connais pas la v\u00e9racit\u00e9 de l&#8217;information, mais si c&#8217;est le cas, je crains qu&#8217;il soit in\u00e9vitable qu&#8217;il continue d&#8217;y avoir des gens qui insistent sur le terme malheureux.<\/p>\n<p><\/p>\n<p>Cependant, il faut reconna\u00eetre que le sens \u00abbouillon\u00bb a une origine et un sens, puisque, dans l&#8217;Antiquit\u00e9, la notion de vin \u00e9tait diff\u00e9rente de la fa\u00e7on dont nous l&#8217;entendons aujourd&#8217;hui. Le vin avait surtout un but nutritionnel, il \u00e9tait donc chauff\u00e9 et m\u00e9lang\u00e9 avec des herbes, des fruits ou du miel, pour fournir aux ouvriers un bon nombre de calories pour affronter les dures journ\u00e9es de travail. Au fil du temps, le vin a acquis une puret\u00e9 jusqu&#8217;\u00e0 devenir la boisson que nous d\u00e9gustons aujourd&#8217;hui.<\/p>\n<p><\/p>\n<p>Malgr\u00e9 cela, de nos jours, un nombre consid\u00e9rable de personnes utilisent le mot \u00abbouillon\u00bb pour d\u00e9signer le vin. Beaucoup d&#8217;entre eux le font comme s&#8217;ils affichaient \u00e0 leur interlocuteur une connaissance de la mati\u00e8re, estimant qu&#8217;elle fait partie du jargon \u0153nologique habituel, alors qu&#8217;en r\u00e9alit\u00e9, ils ne r\u00e9v\u00e8lent qu&#8217;une certaine ignorance.<\/p>\n<p><\/p>\n<p>Je ne connais personne connaissant le vin qui utilise un tel terme. Si on y r\u00e9fl\u00e9chit bien, un bouillon est le r\u00e9sultat de la cuisson d&#8217;un aliment, que ce soit de la viande, du poisson ou des l\u00e9gumes. Le r\u00e9sultat peut \u00eatre fantastique, surtout \u00e0 certains moments. Qui ne veut pas d&#8217;un bouillon chaud en hiver ? Maintenant, cela n&#8217;a rien \u00e0 voir avec le vin. Le raisin n&#8217;est pas cuit, mais fermente pour devenir de l&#8217;alcool, plus pr\u00e9cis\u00e9ment du vin. Mais, en plus, ce proc\u00e9d\u00e9, qui para\u00eet si simple, a un avant et un apr\u00e8s, puisqu&#8217;il commence au champ, une fois par an, et finit par reposer en bouteille, parfois pendant des d\u00e9cennies. C&#8217;est un processus qui demande des efforts dans de nombreux domaines et, bien s\u00fbr, du temps.<\/p>\n<p><\/p>\n<p>Si nous voulons conna\u00eetre le vin, buvons, go\u00fbtons, \u00e9tudions et voyageons, mais arr\u00eatons d&#8217;utiliser des termes, comme bouillon, qui n&#8217;ont rien \u00e0 voir avec le vin, pensant qu&#8217;ils font partie de l&#8217;argot du monde. Par cons\u00e9quent, j&#8217;esp\u00e8re qu&#8217;il est vrai que le RAE prend cette mesure et supprime le sens, ce serait appr\u00e9ci\u00e9. Ensuite, il suffirait de lui donner la publicit\u00e9 n\u00e9cessaire pour qu&#8217;elle atteigne la connaissance du monde entier.<\/p>","protected":false},"excerpt":{"rendered":"<p>Le sens \u00ab caldo\u00bb en r\u00e9f\u00e9rence au vin a r\u00e9cemment \u00e9t\u00e9 supprim\u00e9 du RAE. Le vin n&#8217;a pas de bouillon, bien qu&#8217;apparemment le terme ait son origine historique.<\/p>\n","protected":false},"author":2,"featured_media":21518,"comment_status":"open","ping_status":"open","sticky":false,"template":"","format":"standard","meta":{"_mi_skip_tracking":false,"_monsterinsights_sitenote_active":false,"_monsterinsights_sitenote_note":"","_monsterinsights_sitenote_category":0,"footnotes":""},"categories":[3096],"tags":[],"yoast_head":"<!-- This site is optimized with the Yoast SEO plugin v21.5 - https:\/\/yoast.com\/wordpress\/plugins\/seo\/ -->\n<title>El vino y los caldos | Rimontg\u00f3 Wineries<\/title>\n<meta name=\"description\" content=\"La RAE elimina la acepci\u00f3n &#039;caldo&#039; en referencia al vino, que aunque el termino tiene su origen hist\u00f3rico, nada tiene que ver.\" \/>\n<meta name=\"robots\" content=\"index, follow, max-snippet:-1, max-image-preview:large, max-video-preview:-1\" \/>\n<link rel=\"canonical\" href=\"https:\/\/www.rimontgowineries.com\/blog\/fr\/vin-et-caldos\/\" \/>\n<meta property=\"og:locale\" content=\"es_ES\" \/>\n<meta property=\"og:type\" content=\"article\" \/>\n<meta property=\"og:title\" content=\"El vino y los caldos | Rimontg\u00f3 Wineries\" \/>\n<meta property=\"og:description\" content=\"La RAE elimina la acepci\u00f3n &#039;caldo&#039; en referencia al vino, que aunque el termino tiene su origen hist\u00f3rico, nada tiene que ver.\" \/>\n<meta property=\"og:url\" content=\"https:\/\/www.rimontgowineries.com\/blog\/fr\/vin-et-caldos\/\" \/>\n<meta property=\"og:site_name\" content=\"Rimontgo Wineries\" \/>\n<meta property=\"article:published_time\" content=\"2023-02-03T09:59:00+00:00\" \/>\n<meta property=\"article:modified_time\" content=\"2023-03-20T18:22:56+00:00\" \/>\n<meta property=\"og:image\" content=\"https:\/\/www.rimontgowineries.com\/blog\/wp-content\/uploads\/2023\/02\/shutterstock_1104953318-1-1-1.jpg\" \/>\n\t<meta property=\"og:image:width\" content=\"2531\" \/>\n\t<meta property=\"og:image:height\" content=\"1689\" \/>\n\t<meta property=\"og:image:type\" content=\"image\/jpeg\" \/>\n<meta name=\"author\" content=\"Juan Luis Vanrell\" \/>\n<meta name=\"twitter:card\" content=\"summary_large_image\" \/>\n<meta name=\"twitter:label1\" content=\"Written by\" \/>\n\t<meta name=\"twitter:data1\" content=\"Juan Luis Vanrell\" \/>\n<script type=\"application\/ld+json\" class=\"yoast-schema-graph\">{\"@context\":\"https:\/\/schema.org\",\"@graph\":[{\"@type\":\"Article\",\"@id\":\"https:\/\/www.rimontgowineries.com\/blog\/fr\/vin-et-caldos\/#article\",\"isPartOf\":{\"@id\":\"https:\/\/www.rimontgowineries.com\/blog\/fr\/vin-et-caldos\/\"},\"author\":{\"name\":\"Juan Luis Vanrell\",\"@id\":\"https:\/\/www.rimontgowineries.com\/blog\/#\/schema\/person\/9dc43a22f8b4b5cca821369523f3c455\"},\"headline\":\"VIN ET \u00abCALDOS\u00bb\",\"datePublished\":\"2023-02-03T09:59:00+00:00\",\"dateModified\":\"2023-03-20T18:22:56+00:00\",\"mainEntityOfPage\":{\"@id\":\"https:\/\/www.rimontgowineries.com\/blog\/fr\/vin-et-caldos\/\"},\"wordCount\":434,\"commentCount\":0,\"publisher\":{\"@id\":\"https:\/\/www.rimontgowineries.com\/blog\/#organization\"},\"articleSection\":[\"Le monde du vin\"],\"inLanguage\":\"es\",\"potentialAction\":[{\"@type\":\"CommentAction\",\"name\":\"Comment\",\"target\":[\"https:\/\/www.rimontgowineries.com\/blog\/fr\/vin-et-caldos\/#respond\"]}]},{\"@type\":\"WebPage\",\"@id\":\"https:\/\/www.rimontgowineries.com\/blog\/fr\/vin-et-caldos\/\",\"url\":\"https:\/\/www.rimontgowineries.com\/blog\/fr\/vin-et-caldos\/\",\"name\":\"El vino y los caldos | Rimontg\u00f3 Wineries\",\"isPartOf\":{\"@id\":\"https:\/\/www.rimontgowineries.com\/blog\/#website\"},\"datePublished\":\"2023-02-03T09:59:00+00:00\",\"dateModified\":\"2023-03-20T18:22:56+00:00\",\"description\":\"La RAE elimina la acepci\u00f3n 'caldo' en referencia al vino, que aunque el termino tiene su origen hist\u00f3rico, nada tiene que ver.\",\"breadcrumb\":{\"@id\":\"https:\/\/www.rimontgowineries.com\/blog\/fr\/vin-et-caldos\/#breadcrumb\"},\"inLanguage\":\"es\",\"potentialAction\":[{\"@type\":\"ReadAction\",\"target\":[\"https:\/\/www.rimontgowineries.com\/blog\/fr\/vin-et-caldos\/\"]}]},{\"@type\":\"BreadcrumbList\",\"@id\":\"https:\/\/www.rimontgowineries.com\/blog\/fr\/vin-et-caldos\/#breadcrumb\",\"itemListElement\":[{\"@type\":\"ListItem\",\"position\":1,\"name\":\"Home\",\"item\":\"https:\/\/www.rimontgowineries.com\/blog\/es\/\"},{\"@type\":\"ListItem\",\"position\":2,\"name\":\"VIN ET \u00abCALDOS\u00bb\"}]},{\"@type\":\"WebSite\",\"@id\":\"https:\/\/www.rimontgowineries.com\/blog\/#website\",\"url\":\"https:\/\/www.rimontgowineries.com\/blog\/\",\"name\":\"Rimontgo Wineries\",\"description\":\"Rimontgo Wineries\",\"publisher\":{\"@id\":\"https:\/\/www.rimontgowineries.com\/blog\/#organization\"},\"potentialAction\":[{\"@type\":\"SearchAction\",\"target\":{\"@type\":\"EntryPoint\",\"urlTemplate\":\"https:\/\/www.rimontgowineries.com\/blog\/?s={search_term_string}\"},\"query-input\":\"required name=search_term_string\"}],\"inLanguage\":\"es\"},{\"@type\":\"Organization\",\"@id\":\"https:\/\/www.rimontgowineries.com\/blog\/#organization\",\"name\":\"Rimontgo Wineries\",\"url\":\"https:\/\/www.rimontgowineries.com\/blog\/\",\"logo\":{\"@type\":\"ImageObject\",\"inLanguage\":\"es\",\"@id\":\"https:\/\/www.rimontgowineries.com\/blog\/#\/schema\/logo\/image\/\",\"url\":\"https:\/\/www.rimontgowineries.com\/blog\/wp-content\/uploads\/2020\/03\/logo_bodegas_wineries_EN.svg\",\"contentUrl\":\"https:\/\/www.rimontgowineries.com\/blog\/wp-content\/uploads\/2020\/03\/logo_bodegas_wineries_EN.svg\",\"width\":134,\"height\":34,\"caption\":\"Rimontgo Wineries\"},\"image\":{\"@id\":\"https:\/\/www.rimontgowineries.com\/blog\/#\/schema\/logo\/image\/\"}},{\"@type\":\"Person\",\"@id\":\"https:\/\/www.rimontgowineries.com\/blog\/#\/schema\/person\/9dc43a22f8b4b5cca821369523f3c455\",\"name\":\"Juan Luis Vanrell\",\"image\":{\"@type\":\"ImageObject\",\"inLanguage\":\"es\",\"@id\":\"https:\/\/www.rimontgowineries.com\/blog\/#\/schema\/person\/image\/\",\"url\":\"https:\/\/secure.gravatar.com\/avatar\/ffaf84a9253780c50f123fc18a9c2266?s=96&d=mm&r=g\",\"contentUrl\":\"https:\/\/secure.gravatar.com\/avatar\/ffaf84a9253780c50f123fc18a9c2266?s=96&d=mm&r=g\",\"caption\":\"Juan Luis Vanrell\"},\"url\":\"https:\/\/www.rimontgowineries.com\/blog\/author\/juanluis\/\"}]}<\/script>\n<!-- \/ Yoast SEO plugin. -->","yoast_head_json":{"title":"El vino y los caldos | Rimontg\u00f3 Wineries","description":"La RAE elimina la acepci\u00f3n 'caldo' en referencia al vino, que aunque el termino tiene su origen hist\u00f3rico, nada tiene que ver.","robots":{"index":"index","follow":"follow","max-snippet":"max-snippet:-1","max-image-preview":"max-image-preview:large","max-video-preview":"max-video-preview:-1"},"canonical":"https:\/\/www.rimontgowineries.com\/blog\/fr\/vin-et-caldos\/","og_locale":"es_ES","og_type":"article","og_title":"El vino y los caldos | Rimontg\u00f3 Wineries","og_description":"La RAE elimina la acepci\u00f3n 'caldo' en referencia al vino, que aunque el termino tiene su origen hist\u00f3rico, nada tiene que ver.","og_url":"https:\/\/www.rimontgowineries.com\/blog\/fr\/vin-et-caldos\/","og_site_name":"Rimontgo Wineries","article_published_time":"2023-02-03T09:59:00+00:00","article_modified_time":"2023-03-20T18:22:56+00:00","og_image":[{"width":2531,"height":1689,"url":"https:\/\/www.rimontgowineries.com\/blog\/wp-content\/uploads\/2023\/02\/shutterstock_1104953318-1-1-1.jpg","type":"image\/jpeg"}],"author":"Juan Luis Vanrell","twitter_card":"summary_large_image","twitter_misc":{"Written by":"Juan Luis Vanrell"},"schema":{"@context":"https:\/\/schema.org","@graph":[{"@type":"Article","@id":"https:\/\/www.rimontgowineries.com\/blog\/fr\/vin-et-caldos\/#article","isPartOf":{"@id":"https:\/\/www.rimontgowineries.com\/blog\/fr\/vin-et-caldos\/"},"author":{"name":"Juan Luis Vanrell","@id":"https:\/\/www.rimontgowineries.com\/blog\/#\/schema\/person\/9dc43a22f8b4b5cca821369523f3c455"},"headline":"VIN ET \u00abCALDOS\u00bb","datePublished":"2023-02-03T09:59:00+00:00","dateModified":"2023-03-20T18:22:56+00:00","mainEntityOfPage":{"@id":"https:\/\/www.rimontgowineries.com\/blog\/fr\/vin-et-caldos\/"},"wordCount":434,"commentCount":0,"publisher":{"@id":"https:\/\/www.rimontgowineries.com\/blog\/#organization"},"articleSection":["Le monde du vin"],"inLanguage":"es","potentialAction":[{"@type":"CommentAction","name":"Comment","target":["https:\/\/www.rimontgowineries.com\/blog\/fr\/vin-et-caldos\/#respond"]}]},{"@type":"WebPage","@id":"https:\/\/www.rimontgowineries.com\/blog\/fr\/vin-et-caldos\/","url":"https:\/\/www.rimontgowineries.com\/blog\/fr\/vin-et-caldos\/","name":"El vino y los caldos | Rimontg\u00f3 Wineries","isPartOf":{"@id":"https:\/\/www.rimontgowineries.com\/blog\/#website"},"datePublished":"2023-02-03T09:59:00+00:00","dateModified":"2023-03-20T18:22:56+00:00","description":"La RAE elimina la acepci\u00f3n 'caldo' en referencia al vino, que aunque el termino tiene su origen hist\u00f3rico, nada tiene que ver.","breadcrumb":{"@id":"https:\/\/www.rimontgowineries.com\/blog\/fr\/vin-et-caldos\/#breadcrumb"},"inLanguage":"es","potentialAction":[{"@type":"ReadAction","target":["https:\/\/www.rimontgowineries.com\/blog\/fr\/vin-et-caldos\/"]}]},{"@type":"BreadcrumbList","@id":"https:\/\/www.rimontgowineries.com\/blog\/fr\/vin-et-caldos\/#breadcrumb","itemListElement":[{"@type":"ListItem","position":1,"name":"Home","item":"https:\/\/www.rimontgowineries.com\/blog\/es\/"},{"@type":"ListItem","position":2,"name":"VIN ET \u00abCALDOS\u00bb"}]},{"@type":"WebSite","@id":"https:\/\/www.rimontgowineries.com\/blog\/#website","url":"https:\/\/www.rimontgowineries.com\/blog\/","name":"Rimontgo Wineries","description":"Rimontgo Wineries","publisher":{"@id":"https:\/\/www.rimontgowineries.com\/blog\/#organization"},"potentialAction":[{"@type":"SearchAction","target":{"@type":"EntryPoint","urlTemplate":"https:\/\/www.rimontgowineries.com\/blog\/?s={search_term_string}"},"query-input":"required name=search_term_string"}],"inLanguage":"es"},{"@type":"Organization","@id":"https:\/\/www.rimontgowineries.com\/blog\/#organization","name":"Rimontgo Wineries","url":"https:\/\/www.rimontgowineries.com\/blog\/","logo":{"@type":"ImageObject","inLanguage":"es","@id":"https:\/\/www.rimontgowineries.com\/blog\/#\/schema\/logo\/image\/","url":"https:\/\/www.rimontgowineries.com\/blog\/wp-content\/uploads\/2020\/03\/logo_bodegas_wineries_EN.svg","contentUrl":"https:\/\/www.rimontgowineries.com\/blog\/wp-content\/uploads\/2020\/03\/logo_bodegas_wineries_EN.svg","width":134,"height":34,"caption":"Rimontgo Wineries"},"image":{"@id":"https:\/\/www.rimontgowineries.com\/blog\/#\/schema\/logo\/image\/"}},{"@type":"Person","@id":"https:\/\/www.rimontgowineries.com\/blog\/#\/schema\/person\/9dc43a22f8b4b5cca821369523f3c455","name":"Juan Luis Vanrell","image":{"@type":"ImageObject","inLanguage":"es","@id":"https:\/\/www.rimontgowineries.com\/blog\/#\/schema\/person\/image\/","url":"https:\/\/secure.gravatar.com\/avatar\/ffaf84a9253780c50f123fc18a9c2266?s=96&d=mm&r=g","contentUrl":"https:\/\/secure.gravatar.com\/avatar\/ffaf84a9253780c50f123fc18a9c2266?s=96&d=mm&r=g","caption":"Juan Luis Vanrell"},"url":"https:\/\/www.rimontgowineries.com\/blog\/author\/juanluis\/"}]}},"_links":{"self":[{"href":"https:\/\/www.rimontgowineries.com\/blog\/wp-json\/wp\/v2\/posts\/21526"}],"collection":[{"href":"https:\/\/www.rimontgowineries.com\/blog\/wp-json\/wp\/v2\/posts"}],"about":[{"href":"https:\/\/www.rimontgowineries.com\/blog\/wp-json\/wp\/v2\/types\/post"}],"author":[{"embeddable":true,"href":"https:\/\/www.rimontgowineries.com\/blog\/wp-json\/wp\/v2\/users\/2"}],"replies":[{"embeddable":true,"href":"https:\/\/www.rimontgowineries.com\/blog\/wp-json\/wp\/v2\/comments?post=21526"}],"version-history":[{"count":2,"href":"https:\/\/www.rimontgowineries.com\/blog\/wp-json\/wp\/v2\/posts\/21526\/revisions"}],"predecessor-version":[{"id":21528,"href":"https:\/\/www.rimontgowineries.com\/blog\/wp-json\/wp\/v2\/posts\/21526\/revisions\/21528"}],"wp:featuredmedia":[{"embeddable":true,"href":"https:\/\/www.rimontgowineries.com\/blog\/wp-json\/wp\/v2\/media\/21518"}],"wp:attachment":[{"href":"https:\/\/www.rimontgowineries.com\/blog\/wp-json\/wp\/v2\/media?parent=21526"}],"wp:term":[{"taxonomy":"category","embeddable":true,"href":"https:\/\/www.rimontgowineries.com\/blog\/wp-json\/wp\/v2\/categories?post=21526"},{"taxonomy":"post_tag","embeddable":true,"href":"https:\/\/www.rimontgowineries.com\/blog\/wp-json\/wp\/v2\/tags?post=21526"}],"curies":[{"name":"wp","href":"https:\/\/api.w.org\/{rel}","templated":true}]}}