{"id":21643,"date":"2023-03-06T18:51:26","date_gmt":"2023-03-06T17:51:26","guid":{"rendered":"https:\/\/www.rimontgowineries.com\/blog\/?p=21643"},"modified":"2023-03-10T18:54:03","modified_gmt":"2023-03-10T17:54:03","slug":"jura-5","status":"publish","type":"post","link":"https:\/\/www.rimontgowineries.com\/blog\/pt\/jura-5\/","title":{"rendered":"Jura"},"content":{"rendered":"<p>H\u00e1 um bom n\u00famero de regi\u00f5es vin\u00edcolas no mundo que n\u00e3o t\u00eam a proemin\u00eancia que merecem. Egoisticamente falando, isto talvez seja o melhor, caso contr\u00e1rio os seus pre\u00e7os disparariam e os turistas destruiriam a tranquilidade de muitas delas. O Jura \u00e9 uma delas. Um porto de paz, ocupando uma pequena \u00e1rea no leste de Fran\u00e7a, com pouco mais de 2.000 hectares de vinhas.<\/p>\n<p>O clima no Jura \u00e9 semi-continental, semelhante ao da Borgonha, Als\u00e1cia ou Champagne, por isso os Invernos s\u00e3o muito frios e os Ver\u00f5es s\u00e3o quentes. Seis denomina\u00e7\u00f5es de origem s\u00e3o baseadas nos seus solos, que s\u00e3o predominantemente marlins. Quatro s\u00e3o geogr\u00e1ficas: AOC C\u00f4tes du Jura, AOC Arbois (com a possibilidade de AOC Arbois-Pupillin), AOC L&#8217;Etoile e AOC Ch\u00e2teau-Chalon. Os outros dois correspondem a estilos de vinho espec\u00edficos: AOC Cr\u00e9mant du Jura e AOC Macvin du Jura. Al\u00e9m disso, dentro das diferentes DOC geogr\u00e1ficas, os vinhos podem ser produzidos em estilos espec\u00edficos que t\u00eam regras pr\u00f3prias, tais como vin jaune (vinho amarelo) e vin de paille (vinho de palha).<\/p>\n<p>As DOCs do Jura (denomina\u00e7\u00e3o de origem) autorizam cinco variedades de uva principais. Os brancos savagnin e chardonnay, e os tintos poulsard, trousseau e pinot noir. Todos eles produzem excelentes vinhos, tanto monovarietais como blends.<\/p>\n<p>Visitei o Jura em Abril de 2017, n\u00e3o voltei desde ent\u00e3o e penso que estou a levar o meu tempo a regressar. Tenho excelentes recorda\u00e7\u00f5es dessa viagem. Um passeio encantador pelas vinhas de Arbois, sob c\u00e9us cinzentos e amea\u00e7adores, mas que nos respeitou ao longo do caminho. Uma pequena mans\u00e3o encantadora em Salins-les-Bains, que nos serviu de resid\u00eancia durante a viagem. Ou um magn\u00edfico jantar e vinho no \u00abLe Grapiot\u00bb (Pupillin). No entanto, se tive de escolher um momento de vinho, foi sem d\u00favida o encontro com Pierre Overnoy, no qual, talvez, o menos importante foi os seus vinhos, mas sim partilhar a sabedoria de um dos viticultores que tornou a palavra VINHO grande. A prop\u00f3sito, ele n\u00e3o nos deu uma garrafa de vinho, mas deu-nos um p\u00e3o delicioso que ele pr\u00f3prio assa. Momentos como os que vivemos naquela tarde, em que quase partimos esquecendo o nosso amigo Vicente, s\u00f3 aumentam a minha paix\u00e3o pelo mundo do vinho.<\/p>\n","protected":false},"excerpt":{"rendered":"<p>A regi\u00e3o vin\u00edcola do Jura \u00e9 talvez menos conhecida do que outras, mas como resultado goza de mais tranquilidade do que outras \u00e1reas no leste de Fran\u00e7a. <\/p>\n","protected":false},"author":2,"featured_media":21635,"comment_status":"open","ping_status":"open","sticky":false,"template":"","format":"standard","meta":{"_mi_skip_tracking":false,"_monsterinsights_sitenote_active":false,"_monsterinsights_sitenote_note":"","_monsterinsights_sitenote_category":0,"footnotes":""},"categories":[3177,3181],"tags":[],"yoast_head":"<!-- This site is optimized with the Yoast SEO plugin v21.5 - https:\/\/yoast.com\/wordpress\/plugins\/seo\/ -->\n<title>Jura | Rimontg\u00f3 Wineries<\/title>\n<meta name=\"description\" content=\"A regi\u00e3o vin\u00edcola do Jura est\u00e1 localizada no leste da Fran\u00e7a com uma vinha de pouco mais de 2.000 hectares.\" \/>\n<meta name=\"robots\" content=\"index, follow, max-snippet:-1, max-image-preview:large, max-video-preview:-1\" \/>\n<link rel=\"canonical\" href=\"https:\/\/www.rimontgowineries.com\/blog\/pt\/jura-5\/\" \/>\n<meta property=\"og:locale\" content=\"es_ES\" \/>\n<meta property=\"og:type\" content=\"article\" \/>\n<meta property=\"og:title\" content=\"Jura | Rimontg\u00f3 Wineries\" \/>\n<meta property=\"og:description\" content=\"A regi\u00e3o vin\u00edcola do Jura est\u00e1 localizada no leste da Fran\u00e7a com uma vinha de pouco mais de 2.000 hectares.\" \/>\n<meta property=\"og:url\" content=\"https:\/\/www.rimontgowineries.com\/blog\/pt\/jura-5\/\" \/>\n<meta property=\"og:site_name\" content=\"Rimontgo Wineries\" \/>\n<meta property=\"article:published_time\" content=\"2023-03-06T17:51:26+00:00\" \/>\n<meta property=\"article:modified_time\" content=\"2023-03-10T17:54:03+00:00\" \/>\n<meta property=\"og:image\" content=\"https:\/\/www.rimontgowineries.com\/blog\/wp-content\/uploads\/2023\/03\/Jura-1.jpg\" \/>\n\t<meta property=\"og:image:width\" content=\"1250\" \/>\n\t<meta property=\"og:image:height\" content=\"833\" \/>\n\t<meta property=\"og:image:type\" content=\"image\/jpeg\" \/>\n<meta name=\"author\" content=\"Juan Luis Vanrell\" \/>\n<meta name=\"twitter:card\" content=\"summary_large_image\" \/>\n<meta name=\"twitter:label1\" content=\"Written by\" \/>\n\t<meta name=\"twitter:data1\" content=\"Juan Luis Vanrell\" \/>\n<script type=\"application\/ld+json\" class=\"yoast-schema-graph\">{\"@context\":\"https:\/\/schema.org\",\"@graph\":[{\"@type\":\"Article\",\"@id\":\"https:\/\/www.rimontgowineries.com\/blog\/pt\/jura-5\/#article\",\"isPartOf\":{\"@id\":\"https:\/\/www.rimontgowineries.com\/blog\/pt\/jura-5\/\"},\"author\":{\"name\":\"Juan Luis Vanrell\",\"@id\":\"https:\/\/www.rimontgowineries.com\/blog\/#\/schema\/person\/9dc43a22f8b4b5cca821369523f3c455\"},\"headline\":\"Jura\",\"datePublished\":\"2023-03-06T17:51:26+00:00\",\"dateModified\":\"2023-03-10T17:54:03+00:00\",\"mainEntityOfPage\":{\"@id\":\"https:\/\/www.rimontgowineries.com\/blog\/pt\/jura-5\/\"},\"wordCount\":403,\"commentCount\":0,\"publisher\":{\"@id\":\"https:\/\/www.rimontgowineries.com\/blog\/#organization\"},\"articleSection\":[\"Denomina\u00e7\u00f5es de Origem\",\"Mundo do vinho\"],\"inLanguage\":\"es\",\"potentialAction\":[{\"@type\":\"CommentAction\",\"name\":\"Comment\",\"target\":[\"https:\/\/www.rimontgowineries.com\/blog\/pt\/jura-5\/#respond\"]}]},{\"@type\":\"WebPage\",\"@id\":\"https:\/\/www.rimontgowineries.com\/blog\/pt\/jura-5\/\",\"url\":\"https:\/\/www.rimontgowineries.com\/blog\/pt\/jura-5\/\",\"name\":\"Jura | Rimontg\u00f3 Wineries\",\"isPartOf\":{\"@id\":\"https:\/\/www.rimontgowineries.com\/blog\/#website\"},\"datePublished\":\"2023-03-06T17:51:26+00:00\",\"dateModified\":\"2023-03-10T17:54:03+00:00\",\"description\":\"A regi\u00e3o vin\u00edcola do Jura est\u00e1 localizada no leste da Fran\u00e7a com uma vinha de pouco mais de 2.000 hectares.\",\"breadcrumb\":{\"@id\":\"https:\/\/www.rimontgowineries.com\/blog\/pt\/jura-5\/#breadcrumb\"},\"inLanguage\":\"es\",\"potentialAction\":[{\"@type\":\"ReadAction\",\"target\":[\"https:\/\/www.rimontgowineries.com\/blog\/pt\/jura-5\/\"]}]},{\"@type\":\"BreadcrumbList\",\"@id\":\"https:\/\/www.rimontgowineries.com\/blog\/pt\/jura-5\/#breadcrumb\",\"itemListElement\":[{\"@type\":\"ListItem\",\"position\":1,\"name\":\"Home\",\"item\":\"https:\/\/www.rimontgowineries.com\/blog\/es\/\"},{\"@type\":\"ListItem\",\"position\":2,\"name\":\"Jura\"}]},{\"@type\":\"WebSite\",\"@id\":\"https:\/\/www.rimontgowineries.com\/blog\/#website\",\"url\":\"https:\/\/www.rimontgowineries.com\/blog\/\",\"name\":\"Rimontgo Wineries\",\"description\":\"Rimontgo Wineries\",\"publisher\":{\"@id\":\"https:\/\/www.rimontgowineries.com\/blog\/#organization\"},\"potentialAction\":[{\"@type\":\"SearchAction\",\"target\":{\"@type\":\"EntryPoint\",\"urlTemplate\":\"https:\/\/www.rimontgowineries.com\/blog\/?s={search_term_string}\"},\"query-input\":\"required name=search_term_string\"}],\"inLanguage\":\"es\"},{\"@type\":\"Organization\",\"@id\":\"https:\/\/www.rimontgowineries.com\/blog\/#organization\",\"name\":\"Rimontgo Wineries\",\"url\":\"https:\/\/www.rimontgowineries.com\/blog\/\",\"logo\":{\"@type\":\"ImageObject\",\"inLanguage\":\"es\",\"@id\":\"https:\/\/www.rimontgowineries.com\/blog\/#\/schema\/logo\/image\/\",\"url\":\"https:\/\/www.rimontgowineries.com\/blog\/wp-content\/uploads\/2020\/03\/logo_bodegas_wineries_EN.svg\",\"contentUrl\":\"https:\/\/www.rimontgowineries.com\/blog\/wp-content\/uploads\/2020\/03\/logo_bodegas_wineries_EN.svg\",\"width\":134,\"height\":34,\"caption\":\"Rimontgo Wineries\"},\"image\":{\"@id\":\"https:\/\/www.rimontgowineries.com\/blog\/#\/schema\/logo\/image\/\"}},{\"@type\":\"Person\",\"@id\":\"https:\/\/www.rimontgowineries.com\/blog\/#\/schema\/person\/9dc43a22f8b4b5cca821369523f3c455\",\"name\":\"Juan Luis Vanrell\",\"image\":{\"@type\":\"ImageObject\",\"inLanguage\":\"es\",\"@id\":\"https:\/\/www.rimontgowineries.com\/blog\/#\/schema\/person\/image\/\",\"url\":\"https:\/\/secure.gravatar.com\/avatar\/ffaf84a9253780c50f123fc18a9c2266?s=96&d=mm&r=g\",\"contentUrl\":\"https:\/\/secure.gravatar.com\/avatar\/ffaf84a9253780c50f123fc18a9c2266?s=96&d=mm&r=g\",\"caption\":\"Juan Luis Vanrell\"},\"url\":\"https:\/\/www.rimontgowineries.com\/blog\/author\/juanluis\/\"}]}<\/script>\n<!-- \/ Yoast SEO plugin. -->","yoast_head_json":{"title":"Jura | Rimontg\u00f3 Wineries","description":"A regi\u00e3o vin\u00edcola do Jura est\u00e1 localizada no leste da Fran\u00e7a com uma vinha de pouco mais de 2.000 hectares.","robots":{"index":"index","follow":"follow","max-snippet":"max-snippet:-1","max-image-preview":"max-image-preview:large","max-video-preview":"max-video-preview:-1"},"canonical":"https:\/\/www.rimontgowineries.com\/blog\/pt\/jura-5\/","og_locale":"es_ES","og_type":"article","og_title":"Jura | Rimontg\u00f3 Wineries","og_description":"A regi\u00e3o vin\u00edcola do Jura est\u00e1 localizada no leste da Fran\u00e7a com uma vinha de pouco mais de 2.000 hectares.","og_url":"https:\/\/www.rimontgowineries.com\/blog\/pt\/jura-5\/","og_site_name":"Rimontgo Wineries","article_published_time":"2023-03-06T17:51:26+00:00","article_modified_time":"2023-03-10T17:54:03+00:00","og_image":[{"width":1250,"height":833,"url":"https:\/\/www.rimontgowineries.com\/blog\/wp-content\/uploads\/2023\/03\/Jura-1.jpg","type":"image\/jpeg"}],"author":"Juan Luis Vanrell","twitter_card":"summary_large_image","twitter_misc":{"Written by":"Juan Luis Vanrell"},"schema":{"@context":"https:\/\/schema.org","@graph":[{"@type":"Article","@id":"https:\/\/www.rimontgowineries.com\/blog\/pt\/jura-5\/#article","isPartOf":{"@id":"https:\/\/www.rimontgowineries.com\/blog\/pt\/jura-5\/"},"author":{"name":"Juan Luis Vanrell","@id":"https:\/\/www.rimontgowineries.com\/blog\/#\/schema\/person\/9dc43a22f8b4b5cca821369523f3c455"},"headline":"Jura","datePublished":"2023-03-06T17:51:26+00:00","dateModified":"2023-03-10T17:54:03+00:00","mainEntityOfPage":{"@id":"https:\/\/www.rimontgowineries.com\/blog\/pt\/jura-5\/"},"wordCount":403,"commentCount":0,"publisher":{"@id":"https:\/\/www.rimontgowineries.com\/blog\/#organization"},"articleSection":["Denomina\u00e7\u00f5es de Origem","Mundo do vinho"],"inLanguage":"es","potentialAction":[{"@type":"CommentAction","name":"Comment","target":["https:\/\/www.rimontgowineries.com\/blog\/pt\/jura-5\/#respond"]}]},{"@type":"WebPage","@id":"https:\/\/www.rimontgowineries.com\/blog\/pt\/jura-5\/","url":"https:\/\/www.rimontgowineries.com\/blog\/pt\/jura-5\/","name":"Jura | Rimontg\u00f3 Wineries","isPartOf":{"@id":"https:\/\/www.rimontgowineries.com\/blog\/#website"},"datePublished":"2023-03-06T17:51:26+00:00","dateModified":"2023-03-10T17:54:03+00:00","description":"A regi\u00e3o vin\u00edcola do Jura est\u00e1 localizada no leste da Fran\u00e7a com uma vinha de pouco mais de 2.000 hectares.","breadcrumb":{"@id":"https:\/\/www.rimontgowineries.com\/blog\/pt\/jura-5\/#breadcrumb"},"inLanguage":"es","potentialAction":[{"@type":"ReadAction","target":["https:\/\/www.rimontgowineries.com\/blog\/pt\/jura-5\/"]}]},{"@type":"BreadcrumbList","@id":"https:\/\/www.rimontgowineries.com\/blog\/pt\/jura-5\/#breadcrumb","itemListElement":[{"@type":"ListItem","position":1,"name":"Home","item":"https:\/\/www.rimontgowineries.com\/blog\/es\/"},{"@type":"ListItem","position":2,"name":"Jura"}]},{"@type":"WebSite","@id":"https:\/\/www.rimontgowineries.com\/blog\/#website","url":"https:\/\/www.rimontgowineries.com\/blog\/","name":"Rimontgo Wineries","description":"Rimontgo Wineries","publisher":{"@id":"https:\/\/www.rimontgowineries.com\/blog\/#organization"},"potentialAction":[{"@type":"SearchAction","target":{"@type":"EntryPoint","urlTemplate":"https:\/\/www.rimontgowineries.com\/blog\/?s={search_term_string}"},"query-input":"required name=search_term_string"}],"inLanguage":"es"},{"@type":"Organization","@id":"https:\/\/www.rimontgowineries.com\/blog\/#organization","name":"Rimontgo Wineries","url":"https:\/\/www.rimontgowineries.com\/blog\/","logo":{"@type":"ImageObject","inLanguage":"es","@id":"https:\/\/www.rimontgowineries.com\/blog\/#\/schema\/logo\/image\/","url":"https:\/\/www.rimontgowineries.com\/blog\/wp-content\/uploads\/2020\/03\/logo_bodegas_wineries_EN.svg","contentUrl":"https:\/\/www.rimontgowineries.com\/blog\/wp-content\/uploads\/2020\/03\/logo_bodegas_wineries_EN.svg","width":134,"height":34,"caption":"Rimontgo Wineries"},"image":{"@id":"https:\/\/www.rimontgowineries.com\/blog\/#\/schema\/logo\/image\/"}},{"@type":"Person","@id":"https:\/\/www.rimontgowineries.com\/blog\/#\/schema\/person\/9dc43a22f8b4b5cca821369523f3c455","name":"Juan Luis Vanrell","image":{"@type":"ImageObject","inLanguage":"es","@id":"https:\/\/www.rimontgowineries.com\/blog\/#\/schema\/person\/image\/","url":"https:\/\/secure.gravatar.com\/avatar\/ffaf84a9253780c50f123fc18a9c2266?s=96&d=mm&r=g","contentUrl":"https:\/\/secure.gravatar.com\/avatar\/ffaf84a9253780c50f123fc18a9c2266?s=96&d=mm&r=g","caption":"Juan Luis Vanrell"},"url":"https:\/\/www.rimontgowineries.com\/blog\/author\/juanluis\/"}]}},"_links":{"self":[{"href":"https:\/\/www.rimontgowineries.com\/blog\/wp-json\/wp\/v2\/posts\/21643"}],"collection":[{"href":"https:\/\/www.rimontgowineries.com\/blog\/wp-json\/wp\/v2\/posts"}],"about":[{"href":"https:\/\/www.rimontgowineries.com\/blog\/wp-json\/wp\/v2\/types\/post"}],"author":[{"embeddable":true,"href":"https:\/\/www.rimontgowineries.com\/blog\/wp-json\/wp\/v2\/users\/2"}],"replies":[{"embeddable":true,"href":"https:\/\/www.rimontgowineries.com\/blog\/wp-json\/wp\/v2\/comments?post=21643"}],"version-history":[{"count":1,"href":"https:\/\/www.rimontgowineries.com\/blog\/wp-json\/wp\/v2\/posts\/21643\/revisions"}],"predecessor-version":[{"id":21644,"href":"https:\/\/www.rimontgowineries.com\/blog\/wp-json\/wp\/v2\/posts\/21643\/revisions\/21644"}],"wp:featuredmedia":[{"embeddable":true,"href":"https:\/\/www.rimontgowineries.com\/blog\/wp-json\/wp\/v2\/media\/21635"}],"wp:attachment":[{"href":"https:\/\/www.rimontgowineries.com\/blog\/wp-json\/wp\/v2\/media?parent=21643"}],"wp:term":[{"taxonomy":"category","embeddable":true,"href":"https:\/\/www.rimontgowineries.com\/blog\/wp-json\/wp\/v2\/categories?post=21643"},{"taxonomy":"post_tag","embeddable":true,"href":"https:\/\/www.rimontgowineries.com\/blog\/wp-json\/wp\/v2\/tags?post=21643"}],"curies":[{"name":"wp","href":"https:\/\/api.w.org\/{rel}","templated":true}]}}