{"id":21646,"date":"2023-03-08T13:52:08","date_gmt":"2023-03-08T12:52:08","guid":{"rendered":"https:\/\/www.rimontgowineries.com\/blog\/?p=21646"},"modified":"2023-04-03T15:15:37","modified_gmt":"2023-04-03T13:15:37","slug":"jura-3","status":"publish","type":"post","link":"https:\/\/www.rimontgowineries.com\/blog\/de\/jura-3\/","title":{"rendered":"JURA"},"content":{"rendered":"<p>In der Welt gibt es eine ganze Reihe von Weingebieten, die nicht die Bedeutung haben, die sie verdienen. Aus egoistischer Sicht w\u00e4re es vielleicht besser, aber sonst w\u00fcrden die Preise in die H\u00f6he schnellen und Touristen w\u00fcrden am Ende die Ruhe finden, die viele von ihnen atmen. DerJura ist einer von ihnen. Ein ruhiges Nebengew\u00e4sser, das eine kleine Fl\u00e4che des \u00f6stlichen Frankens einnimmt und dessen Weinberge nur 2.000 Hektar \u00fcberschreiten.<\/p>\n<p>Das Klima im Jura ist halbkontinental, \u00e4hnlich dem von Burgund, dem Elsass oder der Champagne, daher sind die Winter sehr kalt und die Sommer warm. In ihren Regionen, in denen die Mergel vorherrschen, finden sich sechs Herkunftsbezeichnungen. Vier sind geografischer Natur: AOC C\u00f4tes du Jura, AOC Arbois (mit der M\u00f6glichkeit AOC Arbois-Pupillin), AOC L&#8217;\u00c9toile und AOC Ch\u00e2teau-Chalon. Andere Weine entsprechen bestimmten Weinstilen: AOC Cr\u00e9mant du Jura und AOC Macvin du Jura. Dar\u00fcber hinaus k\u00f6nnen innerhalb der verschiedenen geografischen AOCs Weine mit spezifischen Stilen ausgearbeitet werden, die ihren eigenen Normen entsprechen, wie z. B. Son el vin jaune (Weingelb) und el vin de paille (S\u00fcss Wein).<\/p>\n<p>Las AOC (Appellation d&#8217;Origine Controll\u00e9es) del Jura l\u00e4sst f\u00fcnf Hauptrebsorten zu. Weis sorte Savagnin und Chardonnay sowie rot sorte Poulsard, Trousseau und Pinot Noir. Bei allen gibt es hervorragende Weine, sowohl sortenreine als auch Coupages.<\/p>\n<p>Ich habe den Jura im April 2017 besucht, bin seitdem nicht mehr zur\u00fcckgekehrt und denke, dass ich mir zu Zeit nehme, um zur\u00fcckzukehren. An diese Reise habe ich beste Erinnerungen. Ein leichter Spaziergang zwischen den Weinbergen von Arbois, unter dem grauen und bedrohlichen Himmel, aber Sie respektierten uns auf dem Weg. Ein kleines und charmantes Herrenhaus in Salins-les-Bains, wo wir w\u00e4hrend der Reise \u00fcbernachten k\u00f6nnen. Eine ausgezeichnete Abend mit Gr\u00f6ssen Weine im \u201eLe Grapiot\u201c (Pupillin). Wenn ich mich jedoch f\u00fcr einen Weinmoment entscheiden musste, was es zweifellos das Treffen mit Pierre Overnoy, wo vielleicht das Unwichtigste di Weine ware, aber die Weisheit eines der Weinbauern teitte, der das Wort Wein verherrlicht hat.<\/p>\n<p>\u00dcbrigens hat es uns keine Flasche Wein gebracht, aber ja, ein exquisites Brot, das er selbst kocht. Momente wie die, die wir an diesem Nachmittag erlebten, in denen unseren Freund Vicente beinahe vergessen h\u00e4tten, steigern nur meine Leidenschaft f\u00fcr die Welt des Weins.<\/p>\n","protected":false},"excerpt":{"rendered":"<p>Die Weinregion Jura ist vielleicht weniger bekannt als andere, daf\u00fcr genie\u00dft sie aber mehr Ruhe als andere Gebiete Ostfrankreichs.<\/p>\n","protected":false},"author":2,"featured_media":21635,"comment_status":"open","ping_status":"open","sticky":false,"template":"","format":"standard","meta":{"_mi_skip_tracking":false,"_monsterinsights_sitenote_active":false,"_monsterinsights_sitenote_note":"","_monsterinsights_sitenote_category":0,"footnotes":""},"categories":[3033,3098],"tags":[],"yoast_head":"<!-- This site is optimized with the Yoast SEO plugin v21.5 - https:\/\/yoast.com\/wordpress\/plugins\/seo\/ -->\n<title>Jura | Rimontg\u00f3 Bodegas<\/title>\n<meta name=\"description\" content=\"La regi\u00f3n vin\u00edcola del Jura se encuentra situada al este de Francia con un vi\u00f1edo de poco m\u00e1s de 2.000 hectareas.\" \/>\n<meta name=\"robots\" content=\"index, follow, max-snippet:-1, max-image-preview:large, max-video-preview:-1\" \/>\n<link rel=\"canonical\" href=\"https:\/\/www.rimontgowineries.com\/blog\/de\/jura-3\/\" \/>\n<meta property=\"og:locale\" content=\"es_ES\" \/>\n<meta property=\"og:type\" content=\"article\" \/>\n<meta property=\"og:title\" content=\"Jura | Rimontg\u00f3 Bodegas\" \/>\n<meta property=\"og:description\" content=\"La regi\u00f3n vin\u00edcola del Jura se encuentra situada al este de Francia con un vi\u00f1edo de poco m\u00e1s de 2.000 hectareas.\" \/>\n<meta property=\"og:url\" content=\"https:\/\/www.rimontgowineries.com\/blog\/de\/jura-3\/\" \/>\n<meta property=\"og:site_name\" content=\"Rimontgo Wineries\" \/>\n<meta property=\"article:published_time\" content=\"2023-03-08T12:52:08+00:00\" \/>\n<meta property=\"article:modified_time\" content=\"2023-04-03T13:15:37+00:00\" \/>\n<meta property=\"og:image\" content=\"https:\/\/www.rimontgowineries.com\/blog\/wp-content\/uploads\/2023\/03\/Jura-1.jpg\" \/>\n\t<meta property=\"og:image:width\" content=\"1250\" \/>\n\t<meta property=\"og:image:height\" content=\"833\" \/>\n\t<meta property=\"og:image:type\" content=\"image\/jpeg\" \/>\n<meta name=\"author\" content=\"Juan Luis Vanrell\" \/>\n<meta name=\"twitter:card\" content=\"summary_large_image\" \/>\n<meta name=\"twitter:label1\" content=\"Written by\" \/>\n\t<meta name=\"twitter:data1\" content=\"Juan Luis Vanrell\" \/>\n\t<meta name=\"twitter:label2\" content=\"Est. reading time\" \/>\n\t<meta name=\"twitter:data2\" content=\"2 minutos\" \/>\n<script type=\"application\/ld+json\" class=\"yoast-schema-graph\">{\"@context\":\"https:\/\/schema.org\",\"@graph\":[{\"@type\":\"Article\",\"@id\":\"https:\/\/www.rimontgowineries.com\/blog\/de\/jura-3\/#article\",\"isPartOf\":{\"@id\":\"https:\/\/www.rimontgowineries.com\/blog\/de\/jura-3\/\"},\"author\":{\"name\":\"Juan Luis Vanrell\",\"@id\":\"https:\/\/www.rimontgowineries.com\/blog\/#\/schema\/person\/9dc43a22f8b4b5cca821369523f3c455\"},\"headline\":\"JURA\",\"datePublished\":\"2023-03-08T12:52:08+00:00\",\"dateModified\":\"2023-04-03T13:15:37+00:00\",\"mainEntityOfPage\":{\"@id\":\"https:\/\/www.rimontgowineries.com\/blog\/de\/jura-3\/\"},\"wordCount\":389,\"commentCount\":0,\"publisher\":{\"@id\":\"https:\/\/www.rimontgowineries.com\/blog\/#organization\"},\"articleSection\":[\"Ursprungsbezeichnungen\",\"Weinwelt\"],\"inLanguage\":\"es\",\"potentialAction\":[{\"@type\":\"CommentAction\",\"name\":\"Comment\",\"target\":[\"https:\/\/www.rimontgowineries.com\/blog\/de\/jura-3\/#respond\"]}]},{\"@type\":\"WebPage\",\"@id\":\"https:\/\/www.rimontgowineries.com\/blog\/de\/jura-3\/\",\"url\":\"https:\/\/www.rimontgowineries.com\/blog\/de\/jura-3\/\",\"name\":\"Jura | Rimontg\u00f3 Bodegas\",\"isPartOf\":{\"@id\":\"https:\/\/www.rimontgowineries.com\/blog\/#website\"},\"datePublished\":\"2023-03-08T12:52:08+00:00\",\"dateModified\":\"2023-04-03T13:15:37+00:00\",\"description\":\"La regi\u00f3n vin\u00edcola del Jura se encuentra situada al este de Francia con un vi\u00f1edo de poco m\u00e1s de 2.000 hectareas.\",\"breadcrumb\":{\"@id\":\"https:\/\/www.rimontgowineries.com\/blog\/de\/jura-3\/#breadcrumb\"},\"inLanguage\":\"es\",\"potentialAction\":[{\"@type\":\"ReadAction\",\"target\":[\"https:\/\/www.rimontgowineries.com\/blog\/de\/jura-3\/\"]}]},{\"@type\":\"BreadcrumbList\",\"@id\":\"https:\/\/www.rimontgowineries.com\/blog\/de\/jura-3\/#breadcrumb\",\"itemListElement\":[{\"@type\":\"ListItem\",\"position\":1,\"name\":\"Home\",\"item\":\"https:\/\/www.rimontgowineries.com\/blog\/es\/\"},{\"@type\":\"ListItem\",\"position\":2,\"name\":\"JURA\"}]},{\"@type\":\"WebSite\",\"@id\":\"https:\/\/www.rimontgowineries.com\/blog\/#website\",\"url\":\"https:\/\/www.rimontgowineries.com\/blog\/\",\"name\":\"Rimontgo Wineries\",\"description\":\"Rimontgo Wineries\",\"publisher\":{\"@id\":\"https:\/\/www.rimontgowineries.com\/blog\/#organization\"},\"potentialAction\":[{\"@type\":\"SearchAction\",\"target\":{\"@type\":\"EntryPoint\",\"urlTemplate\":\"https:\/\/www.rimontgowineries.com\/blog\/?s={search_term_string}\"},\"query-input\":\"required name=search_term_string\"}],\"inLanguage\":\"es\"},{\"@type\":\"Organization\",\"@id\":\"https:\/\/www.rimontgowineries.com\/blog\/#organization\",\"name\":\"Rimontgo Wineries\",\"url\":\"https:\/\/www.rimontgowineries.com\/blog\/\",\"logo\":{\"@type\":\"ImageObject\",\"inLanguage\":\"es\",\"@id\":\"https:\/\/www.rimontgowineries.com\/blog\/#\/schema\/logo\/image\/\",\"url\":\"https:\/\/www.rimontgowineries.com\/blog\/wp-content\/uploads\/2020\/03\/logo_bodegas_wineries_EN.svg\",\"contentUrl\":\"https:\/\/www.rimontgowineries.com\/blog\/wp-content\/uploads\/2020\/03\/logo_bodegas_wineries_EN.svg\",\"width\":134,\"height\":34,\"caption\":\"Rimontgo Wineries\"},\"image\":{\"@id\":\"https:\/\/www.rimontgowineries.com\/blog\/#\/schema\/logo\/image\/\"}},{\"@type\":\"Person\",\"@id\":\"https:\/\/www.rimontgowineries.com\/blog\/#\/schema\/person\/9dc43a22f8b4b5cca821369523f3c455\",\"name\":\"Juan Luis Vanrell\",\"image\":{\"@type\":\"ImageObject\",\"inLanguage\":\"es\",\"@id\":\"https:\/\/www.rimontgowineries.com\/blog\/#\/schema\/person\/image\/\",\"url\":\"https:\/\/secure.gravatar.com\/avatar\/ffaf84a9253780c50f123fc18a9c2266?s=96&d=mm&r=g\",\"contentUrl\":\"https:\/\/secure.gravatar.com\/avatar\/ffaf84a9253780c50f123fc18a9c2266?s=96&d=mm&r=g\",\"caption\":\"Juan Luis Vanrell\"},\"url\":\"https:\/\/www.rimontgowineries.com\/blog\/author\/juanluis\/\"}]}<\/script>\n<!-- \/ Yoast SEO plugin. -->","yoast_head_json":{"title":"Jura | Rimontg\u00f3 Bodegas","description":"La regi\u00f3n vin\u00edcola del Jura se encuentra situada al este de Francia con un vi\u00f1edo de poco m\u00e1s de 2.000 hectareas.","robots":{"index":"index","follow":"follow","max-snippet":"max-snippet:-1","max-image-preview":"max-image-preview:large","max-video-preview":"max-video-preview:-1"},"canonical":"https:\/\/www.rimontgowineries.com\/blog\/de\/jura-3\/","og_locale":"es_ES","og_type":"article","og_title":"Jura | Rimontg\u00f3 Bodegas","og_description":"La regi\u00f3n vin\u00edcola del Jura se encuentra situada al este de Francia con un vi\u00f1edo de poco m\u00e1s de 2.000 hectareas.","og_url":"https:\/\/www.rimontgowineries.com\/blog\/de\/jura-3\/","og_site_name":"Rimontgo Wineries","article_published_time":"2023-03-08T12:52:08+00:00","article_modified_time":"2023-04-03T13:15:37+00:00","og_image":[{"width":1250,"height":833,"url":"https:\/\/www.rimontgowineries.com\/blog\/wp-content\/uploads\/2023\/03\/Jura-1.jpg","type":"image\/jpeg"}],"author":"Juan Luis Vanrell","twitter_card":"summary_large_image","twitter_misc":{"Written by":"Juan Luis Vanrell","Est. reading time":"2 minutos"},"schema":{"@context":"https:\/\/schema.org","@graph":[{"@type":"Article","@id":"https:\/\/www.rimontgowineries.com\/blog\/de\/jura-3\/#article","isPartOf":{"@id":"https:\/\/www.rimontgowineries.com\/blog\/de\/jura-3\/"},"author":{"name":"Juan Luis Vanrell","@id":"https:\/\/www.rimontgowineries.com\/blog\/#\/schema\/person\/9dc43a22f8b4b5cca821369523f3c455"},"headline":"JURA","datePublished":"2023-03-08T12:52:08+00:00","dateModified":"2023-04-03T13:15:37+00:00","mainEntityOfPage":{"@id":"https:\/\/www.rimontgowineries.com\/blog\/de\/jura-3\/"},"wordCount":389,"commentCount":0,"publisher":{"@id":"https:\/\/www.rimontgowineries.com\/blog\/#organization"},"articleSection":["Ursprungsbezeichnungen","Weinwelt"],"inLanguage":"es","potentialAction":[{"@type":"CommentAction","name":"Comment","target":["https:\/\/www.rimontgowineries.com\/blog\/de\/jura-3\/#respond"]}]},{"@type":"WebPage","@id":"https:\/\/www.rimontgowineries.com\/blog\/de\/jura-3\/","url":"https:\/\/www.rimontgowineries.com\/blog\/de\/jura-3\/","name":"Jura | Rimontg\u00f3 Bodegas","isPartOf":{"@id":"https:\/\/www.rimontgowineries.com\/blog\/#website"},"datePublished":"2023-03-08T12:52:08+00:00","dateModified":"2023-04-03T13:15:37+00:00","description":"La regi\u00f3n vin\u00edcola del Jura se encuentra situada al este de Francia con un vi\u00f1edo de poco m\u00e1s de 2.000 hectareas.","breadcrumb":{"@id":"https:\/\/www.rimontgowineries.com\/blog\/de\/jura-3\/#breadcrumb"},"inLanguage":"es","potentialAction":[{"@type":"ReadAction","target":["https:\/\/www.rimontgowineries.com\/blog\/de\/jura-3\/"]}]},{"@type":"BreadcrumbList","@id":"https:\/\/www.rimontgowineries.com\/blog\/de\/jura-3\/#breadcrumb","itemListElement":[{"@type":"ListItem","position":1,"name":"Home","item":"https:\/\/www.rimontgowineries.com\/blog\/es\/"},{"@type":"ListItem","position":2,"name":"JURA"}]},{"@type":"WebSite","@id":"https:\/\/www.rimontgowineries.com\/blog\/#website","url":"https:\/\/www.rimontgowineries.com\/blog\/","name":"Rimontgo Wineries","description":"Rimontgo Wineries","publisher":{"@id":"https:\/\/www.rimontgowineries.com\/blog\/#organization"},"potentialAction":[{"@type":"SearchAction","target":{"@type":"EntryPoint","urlTemplate":"https:\/\/www.rimontgowineries.com\/blog\/?s={search_term_string}"},"query-input":"required name=search_term_string"}],"inLanguage":"es"},{"@type":"Organization","@id":"https:\/\/www.rimontgowineries.com\/blog\/#organization","name":"Rimontgo Wineries","url":"https:\/\/www.rimontgowineries.com\/blog\/","logo":{"@type":"ImageObject","inLanguage":"es","@id":"https:\/\/www.rimontgowineries.com\/blog\/#\/schema\/logo\/image\/","url":"https:\/\/www.rimontgowineries.com\/blog\/wp-content\/uploads\/2020\/03\/logo_bodegas_wineries_EN.svg","contentUrl":"https:\/\/www.rimontgowineries.com\/blog\/wp-content\/uploads\/2020\/03\/logo_bodegas_wineries_EN.svg","width":134,"height":34,"caption":"Rimontgo Wineries"},"image":{"@id":"https:\/\/www.rimontgowineries.com\/blog\/#\/schema\/logo\/image\/"}},{"@type":"Person","@id":"https:\/\/www.rimontgowineries.com\/blog\/#\/schema\/person\/9dc43a22f8b4b5cca821369523f3c455","name":"Juan Luis Vanrell","image":{"@type":"ImageObject","inLanguage":"es","@id":"https:\/\/www.rimontgowineries.com\/blog\/#\/schema\/person\/image\/","url":"https:\/\/secure.gravatar.com\/avatar\/ffaf84a9253780c50f123fc18a9c2266?s=96&d=mm&r=g","contentUrl":"https:\/\/secure.gravatar.com\/avatar\/ffaf84a9253780c50f123fc18a9c2266?s=96&d=mm&r=g","caption":"Juan Luis Vanrell"},"url":"https:\/\/www.rimontgowineries.com\/blog\/author\/juanluis\/"}]}},"_links":{"self":[{"href":"https:\/\/www.rimontgowineries.com\/blog\/wp-json\/wp\/v2\/posts\/21646"}],"collection":[{"href":"https:\/\/www.rimontgowineries.com\/blog\/wp-json\/wp\/v2\/posts"}],"about":[{"href":"https:\/\/www.rimontgowineries.com\/blog\/wp-json\/wp\/v2\/types\/post"}],"author":[{"embeddable":true,"href":"https:\/\/www.rimontgowineries.com\/blog\/wp-json\/wp\/v2\/users\/2"}],"replies":[{"embeddable":true,"href":"https:\/\/www.rimontgowineries.com\/blog\/wp-json\/wp\/v2\/comments?post=21646"}],"version-history":[{"count":2,"href":"https:\/\/www.rimontgowineries.com\/blog\/wp-json\/wp\/v2\/posts\/21646\/revisions"}],"predecessor-version":[{"id":21830,"href":"https:\/\/www.rimontgowineries.com\/blog\/wp-json\/wp\/v2\/posts\/21646\/revisions\/21830"}],"wp:featuredmedia":[{"embeddable":true,"href":"https:\/\/www.rimontgowineries.com\/blog\/wp-json\/wp\/v2\/media\/21635"}],"wp:attachment":[{"href":"https:\/\/www.rimontgowineries.com\/blog\/wp-json\/wp\/v2\/media?parent=21646"}],"wp:term":[{"taxonomy":"category","embeddable":true,"href":"https:\/\/www.rimontgowineries.com\/blog\/wp-json\/wp\/v2\/categories?post=21646"},{"taxonomy":"post_tag","embeddable":true,"href":"https:\/\/www.rimontgowineries.com\/blog\/wp-json\/wp\/v2\/tags?post=21646"}],"curies":[{"name":"wp","href":"https:\/\/api.w.org\/{rel}","templated":true}]}}