{"id":21648,"date":"2023-03-03T13:56:00","date_gmt":"2023-03-03T12:56:00","guid":{"rendered":"https:\/\/www.rimontgowineries.com\/blog\/?p=21648"},"modified":"2023-04-04T11:12:07","modified_gmt":"2023-04-04T09:12:07","slug":"jura-4","status":"publish","type":"post","link":"https:\/\/www.rimontgowineries.com\/blog\/fr\/jura-4\/","title":{"rendered":"Jura"},"content":{"rendered":"<p>Dans le monde, il existe un bon nombre de r\u00e9gions viticoles qui n&#8217;ont pas la pertinence qu&#8217;elles m\u00e9ritent. \u00c9go\u00efstement parlant, ce serait peut-\u00eatre mieux, mais sinon ses prix monteraient en fl\u00e8che et les touristes se retrouveraient avec la tranquillit\u00e9 que beaucoup d&#8217;entre eux respirent. Le Jura en fait partie. Un havre de paix, qui occupe une petite surface de l&#8217;est de la Francia et dont le vignoble ne d\u00e9passe que 2 000 hectares.<\/p>\n<p>Le climat du Jura est semi-continental, semblable \u00e0 celui de la Bourgogne, de l&#8217;Alsace ou de la Champagne, les hivers sont donc tr\u00e8s froids et les \u00e9t\u00e9s sont chauds. Dans leurs r\u00e9gions, o\u00f9 pr\u00e9dominent les marnes, on trouve six appellations d&#8217;origine. Quatre sont de nature g\u00e9ographique : AOC C\u00f4tes du Jura, AOC Arbois (avec possibilit\u00e9 d&#8217;AOC Arbois-Pupillin), AOC L&#8217;\u00c9toile et AOC Ch\u00e2teau-Chalon. D&#8217;autres vins correspondent \u00e0 des styles de vins particuliers : AOC Cr\u00e9mant du Jura et AOC Macvin du Jura. De plus, au sein des diff\u00e9rentes AOC g\u00e9ographiques, des vins peuvent \u00eatre \u00e9labor\u00e9s avec des styles sp\u00e9cifiques qui adh\u00e8rent \u00e0 leurs propres normes, comme son el vin jaune (vin jaune) et el vin de paille (vin de paja).<\/p>\n<p>Las AOC (Appellations d&#8217;Origine Control\u00e9es) del Jura autorise cinq c\u00e9pages principaux. Las blanches savagnin et chardonnay, et las rouges poulsard, trousseau et pinot noir. Avec tous, il y a d&#8217;excellents vins, monovari\u00e9tals et coupages.<\/p>\n<p>Apr\u00e8s visiter le Jura en avril 2017, je n&#8217;y suis pas retourn\u00e9 despuis et je pense que je mets trop de temps \u00e0 y retourner. Je garde un excellent souvenir de ce voyage. Une promenade facile entre les vignes d&#8217;Arbois, sous le ciel gris et mena\u00e7ant, mais ils nous ont respect\u00e9s tout au long du chemin. Une petite et charmante maison de ma\u00eetre \u00e0 Salins-les-Bains, o\u00f9 nous pouvons s\u00e9journer pendant le voyage. Une excellente dinner avec des grands vins dans \u00ab Le Grapiot \u00bb (Pupillin). Cependant, si je devais mentionner un moment viticole, la rencontre avec Pierre Overnoy, dans laquelle, peut-\u00eatre, le moins \u00e9tait sur leurs vins sinon partager les connaissances d&#8217;un des viticulteurs qui avait augment\u00e9 le mot VINO. D&#8217;ailleurs, il ne nous a pas donn\u00e9 une bouteille de vin, mais un pain qu&#8217;il fait lui m\u00eame. Des moments comme ceux que nous avons v\u00e9cus cet apr\u00e8s-midi-l\u00e0, au cours desquels nous sommes presque partis en oubliant notre ami Vicente, augmentent ma passion pour le monde du vin.<\/p>\n","protected":false},"excerpt":{"rendered":"<p>La r\u00e9gion viticole du Jura est peut-\u00eatre moins connue que d&#8217;autres, mais par cons\u00e9quent, elle jouit de plus de tranquillit\u00e9 que d&#8217;autres r\u00e9gions de l&#8217;est de la France.<\/p>\n","protected":false},"author":2,"featured_media":21635,"comment_status":"open","ping_status":"open","sticky":false,"template":"","format":"standard","meta":{"_mi_skip_tracking":false,"_monsterinsights_sitenote_active":false,"_monsterinsights_sitenote_note":"","_monsterinsights_sitenote_category":0,"footnotes":""},"categories":[3035,3096],"tags":[],"yoast_head":"<!-- This site is optimized with the Yoast SEO plugin v21.5 - https:\/\/yoast.com\/wordpress\/plugins\/seo\/ -->\n<title>Jura | Rimontg\u00f3 Wineries<\/title>\n<meta name=\"description\" content=\"La r\u00e9gion viticole du Jura est situ\u00e9e dans l&#039;est de la France avec un vignoble d&#039;un peu plus de 2 000 hectares.\" \/>\n<meta name=\"robots\" content=\"index, follow, max-snippet:-1, max-image-preview:large, max-video-preview:-1\" \/>\n<link rel=\"canonical\" href=\"https:\/\/www.rimontgowineries.com\/blog\/fr\/jura-4\/\" \/>\n<meta property=\"og:locale\" content=\"es_ES\" \/>\n<meta property=\"og:type\" content=\"article\" \/>\n<meta property=\"og:title\" content=\"Jura | Rimontg\u00f3 Wineries\" \/>\n<meta property=\"og:description\" content=\"La r\u00e9gion viticole du Jura est situ\u00e9e dans l&#039;est de la France avec un vignoble d&#039;un peu plus de 2 000 hectares.\" \/>\n<meta property=\"og:url\" content=\"https:\/\/www.rimontgowineries.com\/blog\/fr\/jura-4\/\" \/>\n<meta property=\"og:site_name\" content=\"Rimontgo Wineries\" \/>\n<meta property=\"article:published_time\" content=\"2023-03-03T12:56:00+00:00\" \/>\n<meta property=\"article:modified_time\" content=\"2023-04-04T09:12:07+00:00\" \/>\n<meta property=\"og:image\" content=\"https:\/\/www.rimontgowineries.com\/blog\/wp-content\/uploads\/2023\/03\/Jura-1.jpg\" \/>\n\t<meta property=\"og:image:width\" content=\"1250\" \/>\n\t<meta property=\"og:image:height\" content=\"833\" \/>\n\t<meta property=\"og:image:type\" content=\"image\/jpeg\" \/>\n<meta name=\"author\" content=\"Juan Luis Vanrell\" \/>\n<meta name=\"twitter:card\" content=\"summary_large_image\" \/>\n<meta name=\"twitter:label1\" content=\"Written by\" \/>\n\t<meta name=\"twitter:data1\" content=\"Juan Luis Vanrell\" \/>\n\t<meta name=\"twitter:label2\" content=\"Est. reading time\" \/>\n\t<meta name=\"twitter:data2\" content=\"2 minutos\" \/>\n<script type=\"application\/ld+json\" class=\"yoast-schema-graph\">{\"@context\":\"https:\/\/schema.org\",\"@graph\":[{\"@type\":\"Article\",\"@id\":\"https:\/\/www.rimontgowineries.com\/blog\/fr\/jura-4\/#article\",\"isPartOf\":{\"@id\":\"https:\/\/www.rimontgowineries.com\/blog\/fr\/jura-4\/\"},\"author\":{\"name\":\"Juan Luis Vanrell\",\"@id\":\"https:\/\/www.rimontgowineries.com\/blog\/#\/schema\/person\/9dc43a22f8b4b5cca821369523f3c455\"},\"headline\":\"Jura\",\"datePublished\":\"2023-03-03T12:56:00+00:00\",\"dateModified\":\"2023-04-04T09:12:07+00:00\",\"mainEntityOfPage\":{\"@id\":\"https:\/\/www.rimontgowineries.com\/blog\/fr\/jura-4\/\"},\"wordCount\":415,\"commentCount\":0,\"publisher\":{\"@id\":\"https:\/\/www.rimontgowineries.com\/blog\/#organization\"},\"articleSection\":[\"Appellations d'origine\",\"Le monde du vin\"],\"inLanguage\":\"es\",\"potentialAction\":[{\"@type\":\"CommentAction\",\"name\":\"Comment\",\"target\":[\"https:\/\/www.rimontgowineries.com\/blog\/fr\/jura-4\/#respond\"]}]},{\"@type\":\"WebPage\",\"@id\":\"https:\/\/www.rimontgowineries.com\/blog\/fr\/jura-4\/\",\"url\":\"https:\/\/www.rimontgowineries.com\/blog\/fr\/jura-4\/\",\"name\":\"Jura | Rimontg\u00f3 Wineries\",\"isPartOf\":{\"@id\":\"https:\/\/www.rimontgowineries.com\/blog\/#website\"},\"datePublished\":\"2023-03-03T12:56:00+00:00\",\"dateModified\":\"2023-04-04T09:12:07+00:00\",\"description\":\"La r\u00e9gion viticole du Jura est situ\u00e9e dans l'est de la France avec un vignoble d'un peu plus de 2 000 hectares.\",\"breadcrumb\":{\"@id\":\"https:\/\/www.rimontgowineries.com\/blog\/fr\/jura-4\/#breadcrumb\"},\"inLanguage\":\"es\",\"potentialAction\":[{\"@type\":\"ReadAction\",\"target\":[\"https:\/\/www.rimontgowineries.com\/blog\/fr\/jura-4\/\"]}]},{\"@type\":\"BreadcrumbList\",\"@id\":\"https:\/\/www.rimontgowineries.com\/blog\/fr\/jura-4\/#breadcrumb\",\"itemListElement\":[{\"@type\":\"ListItem\",\"position\":1,\"name\":\"Home\",\"item\":\"https:\/\/www.rimontgowineries.com\/blog\/es\/\"},{\"@type\":\"ListItem\",\"position\":2,\"name\":\"Jura\"}]},{\"@type\":\"WebSite\",\"@id\":\"https:\/\/www.rimontgowineries.com\/blog\/#website\",\"url\":\"https:\/\/www.rimontgowineries.com\/blog\/\",\"name\":\"Rimontgo Wineries\",\"description\":\"Rimontgo Wineries\",\"publisher\":{\"@id\":\"https:\/\/www.rimontgowineries.com\/blog\/#organization\"},\"potentialAction\":[{\"@type\":\"SearchAction\",\"target\":{\"@type\":\"EntryPoint\",\"urlTemplate\":\"https:\/\/www.rimontgowineries.com\/blog\/?s={search_term_string}\"},\"query-input\":\"required name=search_term_string\"}],\"inLanguage\":\"es\"},{\"@type\":\"Organization\",\"@id\":\"https:\/\/www.rimontgowineries.com\/blog\/#organization\",\"name\":\"Rimontgo Wineries\",\"url\":\"https:\/\/www.rimontgowineries.com\/blog\/\",\"logo\":{\"@type\":\"ImageObject\",\"inLanguage\":\"es\",\"@id\":\"https:\/\/www.rimontgowineries.com\/blog\/#\/schema\/logo\/image\/\",\"url\":\"https:\/\/www.rimontgowineries.com\/blog\/wp-content\/uploads\/2020\/03\/logo_bodegas_wineries_EN.svg\",\"contentUrl\":\"https:\/\/www.rimontgowineries.com\/blog\/wp-content\/uploads\/2020\/03\/logo_bodegas_wineries_EN.svg\",\"width\":134,\"height\":34,\"caption\":\"Rimontgo Wineries\"},\"image\":{\"@id\":\"https:\/\/www.rimontgowineries.com\/blog\/#\/schema\/logo\/image\/\"}},{\"@type\":\"Person\",\"@id\":\"https:\/\/www.rimontgowineries.com\/blog\/#\/schema\/person\/9dc43a22f8b4b5cca821369523f3c455\",\"name\":\"Juan Luis Vanrell\",\"image\":{\"@type\":\"ImageObject\",\"inLanguage\":\"es\",\"@id\":\"https:\/\/www.rimontgowineries.com\/blog\/#\/schema\/person\/image\/\",\"url\":\"https:\/\/secure.gravatar.com\/avatar\/ffaf84a9253780c50f123fc18a9c2266?s=96&d=mm&r=g\",\"contentUrl\":\"https:\/\/secure.gravatar.com\/avatar\/ffaf84a9253780c50f123fc18a9c2266?s=96&d=mm&r=g\",\"caption\":\"Juan Luis Vanrell\"},\"url\":\"https:\/\/www.rimontgowineries.com\/blog\/author\/juanluis\/\"}]}<\/script>\n<!-- \/ Yoast SEO plugin. -->","yoast_head_json":{"title":"Jura | Rimontg\u00f3 Wineries","description":"La r\u00e9gion viticole du Jura est situ\u00e9e dans l'est de la France avec un vignoble d'un peu plus de 2 000 hectares.","robots":{"index":"index","follow":"follow","max-snippet":"max-snippet:-1","max-image-preview":"max-image-preview:large","max-video-preview":"max-video-preview:-1"},"canonical":"https:\/\/www.rimontgowineries.com\/blog\/fr\/jura-4\/","og_locale":"es_ES","og_type":"article","og_title":"Jura | Rimontg\u00f3 Wineries","og_description":"La r\u00e9gion viticole du Jura est situ\u00e9e dans l'est de la France avec un vignoble d'un peu plus de 2 000 hectares.","og_url":"https:\/\/www.rimontgowineries.com\/blog\/fr\/jura-4\/","og_site_name":"Rimontgo Wineries","article_published_time":"2023-03-03T12:56:00+00:00","article_modified_time":"2023-04-04T09:12:07+00:00","og_image":[{"width":1250,"height":833,"url":"https:\/\/www.rimontgowineries.com\/blog\/wp-content\/uploads\/2023\/03\/Jura-1.jpg","type":"image\/jpeg"}],"author":"Juan Luis Vanrell","twitter_card":"summary_large_image","twitter_misc":{"Written by":"Juan Luis Vanrell","Est. reading time":"2 minutos"},"schema":{"@context":"https:\/\/schema.org","@graph":[{"@type":"Article","@id":"https:\/\/www.rimontgowineries.com\/blog\/fr\/jura-4\/#article","isPartOf":{"@id":"https:\/\/www.rimontgowineries.com\/blog\/fr\/jura-4\/"},"author":{"name":"Juan Luis Vanrell","@id":"https:\/\/www.rimontgowineries.com\/blog\/#\/schema\/person\/9dc43a22f8b4b5cca821369523f3c455"},"headline":"Jura","datePublished":"2023-03-03T12:56:00+00:00","dateModified":"2023-04-04T09:12:07+00:00","mainEntityOfPage":{"@id":"https:\/\/www.rimontgowineries.com\/blog\/fr\/jura-4\/"},"wordCount":415,"commentCount":0,"publisher":{"@id":"https:\/\/www.rimontgowineries.com\/blog\/#organization"},"articleSection":["Appellations d'origine","Le monde du vin"],"inLanguage":"es","potentialAction":[{"@type":"CommentAction","name":"Comment","target":["https:\/\/www.rimontgowineries.com\/blog\/fr\/jura-4\/#respond"]}]},{"@type":"WebPage","@id":"https:\/\/www.rimontgowineries.com\/blog\/fr\/jura-4\/","url":"https:\/\/www.rimontgowineries.com\/blog\/fr\/jura-4\/","name":"Jura | Rimontg\u00f3 Wineries","isPartOf":{"@id":"https:\/\/www.rimontgowineries.com\/blog\/#website"},"datePublished":"2023-03-03T12:56:00+00:00","dateModified":"2023-04-04T09:12:07+00:00","description":"La r\u00e9gion viticole du Jura est situ\u00e9e dans l'est de la France avec un vignoble d'un peu plus de 2 000 hectares.","breadcrumb":{"@id":"https:\/\/www.rimontgowineries.com\/blog\/fr\/jura-4\/#breadcrumb"},"inLanguage":"es","potentialAction":[{"@type":"ReadAction","target":["https:\/\/www.rimontgowineries.com\/blog\/fr\/jura-4\/"]}]},{"@type":"BreadcrumbList","@id":"https:\/\/www.rimontgowineries.com\/blog\/fr\/jura-4\/#breadcrumb","itemListElement":[{"@type":"ListItem","position":1,"name":"Home","item":"https:\/\/www.rimontgowineries.com\/blog\/es\/"},{"@type":"ListItem","position":2,"name":"Jura"}]},{"@type":"WebSite","@id":"https:\/\/www.rimontgowineries.com\/blog\/#website","url":"https:\/\/www.rimontgowineries.com\/blog\/","name":"Rimontgo Wineries","description":"Rimontgo Wineries","publisher":{"@id":"https:\/\/www.rimontgowineries.com\/blog\/#organization"},"potentialAction":[{"@type":"SearchAction","target":{"@type":"EntryPoint","urlTemplate":"https:\/\/www.rimontgowineries.com\/blog\/?s={search_term_string}"},"query-input":"required name=search_term_string"}],"inLanguage":"es"},{"@type":"Organization","@id":"https:\/\/www.rimontgowineries.com\/blog\/#organization","name":"Rimontgo Wineries","url":"https:\/\/www.rimontgowineries.com\/blog\/","logo":{"@type":"ImageObject","inLanguage":"es","@id":"https:\/\/www.rimontgowineries.com\/blog\/#\/schema\/logo\/image\/","url":"https:\/\/www.rimontgowineries.com\/blog\/wp-content\/uploads\/2020\/03\/logo_bodegas_wineries_EN.svg","contentUrl":"https:\/\/www.rimontgowineries.com\/blog\/wp-content\/uploads\/2020\/03\/logo_bodegas_wineries_EN.svg","width":134,"height":34,"caption":"Rimontgo Wineries"},"image":{"@id":"https:\/\/www.rimontgowineries.com\/blog\/#\/schema\/logo\/image\/"}},{"@type":"Person","@id":"https:\/\/www.rimontgowineries.com\/blog\/#\/schema\/person\/9dc43a22f8b4b5cca821369523f3c455","name":"Juan Luis Vanrell","image":{"@type":"ImageObject","inLanguage":"es","@id":"https:\/\/www.rimontgowineries.com\/blog\/#\/schema\/person\/image\/","url":"https:\/\/secure.gravatar.com\/avatar\/ffaf84a9253780c50f123fc18a9c2266?s=96&d=mm&r=g","contentUrl":"https:\/\/secure.gravatar.com\/avatar\/ffaf84a9253780c50f123fc18a9c2266?s=96&d=mm&r=g","caption":"Juan Luis Vanrell"},"url":"https:\/\/www.rimontgowineries.com\/blog\/author\/juanluis\/"}]}},"_links":{"self":[{"href":"https:\/\/www.rimontgowineries.com\/blog\/wp-json\/wp\/v2\/posts\/21648"}],"collection":[{"href":"https:\/\/www.rimontgowineries.com\/blog\/wp-json\/wp\/v2\/posts"}],"about":[{"href":"https:\/\/www.rimontgowineries.com\/blog\/wp-json\/wp\/v2\/types\/post"}],"author":[{"embeddable":true,"href":"https:\/\/www.rimontgowineries.com\/blog\/wp-json\/wp\/v2\/users\/2"}],"replies":[{"embeddable":true,"href":"https:\/\/www.rimontgowineries.com\/blog\/wp-json\/wp\/v2\/comments?post=21648"}],"version-history":[{"count":3,"href":"https:\/\/www.rimontgowineries.com\/blog\/wp-json\/wp\/v2\/posts\/21648\/revisions"}],"predecessor-version":[{"id":21872,"href":"https:\/\/www.rimontgowineries.com\/blog\/wp-json\/wp\/v2\/posts\/21648\/revisions\/21872"}],"wp:featuredmedia":[{"embeddable":true,"href":"https:\/\/www.rimontgowineries.com\/blog\/wp-json\/wp\/v2\/media\/21635"}],"wp:attachment":[{"href":"https:\/\/www.rimontgowineries.com\/blog\/wp-json\/wp\/v2\/media?parent=21648"}],"wp:term":[{"taxonomy":"category","embeddable":true,"href":"https:\/\/www.rimontgowineries.com\/blog\/wp-json\/wp\/v2\/categories?post=21648"},{"taxonomy":"post_tag","embeddable":true,"href":"https:\/\/www.rimontgowineries.com\/blog\/wp-json\/wp\/v2\/tags?post=21648"}],"curies":[{"name":"wp","href":"https:\/\/api.w.org\/{rel}","templated":true}]}}