{"id":21678,"date":"2023-03-09T17:30:07","date_gmt":"2023-03-09T16:30:07","guid":{"rendered":"https:\/\/www.rimontgowineries.com\/blog\/?p=21678"},"modified":"2023-03-10T18:54:27","modified_gmt":"2023-03-10T17:54:27","slug":"o-vinho-segundo-sabino-blanco","status":"publish","type":"post","link":"https:\/\/www.rimontgowineries.com\/blog\/pt\/o-vinho-segundo-sabino-blanco\/","title":{"rendered":"O vinho, segundo Sabino Blanco"},"content":{"rendered":"<p>H\u00e1 alguns anos, escrevi um romance, <em><strong>Val\u00eancia e o testamento de Violeta Garc\u00eda<\/strong><\/em>, no qual, naturalmente, fiz alguns coment\u00e1rios ao mundo do vinho. Um dos seus personagens secund\u00e1rios, Sabino Blanco, fez uma reflex\u00e3o com a qual estou cada vez mais de acordo e que achei que seria interessante transferir para este blog. Aqui est\u00e1 ela:<\/p>\n<p><span class=\"Ninguno\"><i><span lang=\"ES-TRAD\" style=\"font-size: 14.0pt; font-family: 'Times New Roman',serif;\">O vinho n\u00e3o \u00e9 um simples l\u00edquido alco\u00f3lico que nos pode levar a um ponto de alegria, medido ou excessivo, em qualquer momento. O vinho \u00e9 muito mais do que isso. <\/span><\/i><\/span><\/p>\n<p><span class=\"Ninguno\"><i><span lang=\"ES-TRAD\" style=\"font-size: 14.0pt; font-family: 'Times New Roman',serif;\">O vinho \u00e9 uma forma de compreender a vida em harmonia com a terra e o c\u00e9u. O vinho \u00e9 tradi\u00e7\u00e3o. \u00c9 a uni\u00e3o com os nossos antepassados. <\/span><\/i><\/span><\/p>\n<p><span class=\"Ninguno\"><i><span lang=\"ES-TRAD\" style=\"font-size: 14.0pt; font-family: 'Times New Roman',serif;\">O vinho \u00e9 o sangue de Cristo. <\/span><\/i><\/span><\/p>\n<p><span class=\"Ninguno\"><i><span lang=\"ES-TRAD\" style=\"font-size: 14.0pt; font-family: 'Times New Roman',serif;\">O vinho remonta ao Neol\u00edtico. <\/span><\/i><\/span><\/p>\n<p><span class=\"Ninguno\"><i><span lang=\"ES-TRAD\" style=\"font-size: 14.0pt; font-family: 'Times New Roman',serif;\">O vinho \u00e9 \u00abterroir\u00bb: o produto de solos espec\u00edficos; de uma forma de trabalhar; dos frutos de uma regi\u00e3o; do clima t\u00edpico da regi\u00e3o. <\/span><\/i><\/span><\/p>\n<p><span class=\"Ninguno\"><i><span lang=\"ES-TRAD\" style=\"font-size: 14.0pt; font-family: 'Times New Roman',serif;\">O vinho viaja para outros lugares, experimentando o seu modo de vida, a sua cultura, as suas paisagens e a sua forma de trabalhar. <\/span><\/i><\/span><\/p>\n<p><span class=\"Ninguno\"><i><span lang=\"ES-TRAD\" style=\"font-size: 14.0pt; font-family: 'Times New Roman',serif;\">O vinho \u00e9 tamb\u00e9m mem\u00f3ria. As suas notas trazem \u00e0 mente um n\u00famero infinito de aromas e sabores de produtos que nos rodeiam: flores, frutas, minerais, animais, objectos&#8230;<\/span><\/i><\/span><\/p>\n<p><span class=\"Ninguno\"><i><span lang=\"ES-TRAD\" style=\"font-size: 14.0pt; font-family: 'Times New Roman',serif;\">O vinho \u00e9 amizade. As rela\u00e7\u00f5es entre as pessoas s\u00e3o diferentes quando se trata de um copo de vinho. <\/span><\/i><\/span><\/p>\n<p><span class=\"Ninguno\"><i><span lang=\"ES-TRAD\" style=\"font-size: 14.0pt; font-family: 'Times New Roman',serif;\">Y por supuesto, el vino tambi\u00e9n es diversi\u00f3n. Un motivo de felicidad con el que celebramos nuestros grandes y peque\u00f1os eventos.<\/span><\/i><\/span><\/p>\n<p><span class=\"Ninguno\"><b><i><span lang=\"ES-TRAD\" style=\"font-size: 14.0pt;\">(Sabino Blanco, em Val\u00eancia e o testamento de Violeta Garc\u00eda).<\/span><\/i><\/b><\/span><span class=\"Ninguno\"><b><i><span lang=\"ES-TRAD\" style=\"font-size: 14.0pt;\">&nbsp;<\/span><\/i><\/b><\/span><\/p>\n<p>Evidentemente, cada um ter\u00e1 a sua pr\u00f3pria forma particular de compreender o vinho. A maioria das pessoas limitar-se-\u00e1 a dizer se gostam ou n\u00e3o, sem lhe dar muita import\u00e2ncia, o que, claro, n\u00e3o s\u00f3 me parece bem, como \u00e9 at\u00e9 a coisa mais normal, pois estou ciente de que, no meu caso, a minha paix\u00e3o pelo mundo que rodeia o vinho transgride a normalidade. Em todo o caso, as palavras de Sabino Blanco exemplificam o que o vinho significa para mim e sintetizam, \u00e0 perfei\u00e7\u00e3o, tudo o que este pequeno mundo implica.<\/p>\n","protected":false},"excerpt":{"rendered":"<p>O piscar do olho para o mundo do vinho no romance: Val\u00eancia e o testamento de Violeta Garc\u00eda. Uma reflex\u00e3o da personagem secund\u00e1ria, Sabino Blanco, com a qual o autor deste blog, Juan Luis Vanrell, est\u00e1 em total acordo. <\/p>\n","protected":false},"author":2,"featured_media":21549,"comment_status":"open","ping_status":"open","sticky":false,"template":"","format":"standard","meta":{"_mi_skip_tracking":false,"_monsterinsights_sitenote_active":false,"_monsterinsights_sitenote_note":"","_monsterinsights_sitenote_category":0,"footnotes":""},"categories":[3181],"tags":[],"yoast_head":"<!-- This site is optimized with the Yoast SEO plugin v21.5 - https:\/\/yoast.com\/wordpress\/plugins\/seo\/ -->\n<title>O vinho, segundo Sabino Blanco | Rimontg\u00f3 Wineries<\/title>\n<meta name=\"description\" content=\"Sabino Blanco, em Val\u00eancia e o testamento de Violeta Garc\u00eda. Reflex\u00f5es sobre o vinho por um personagem secund\u00e1rio.\" \/>\n<meta name=\"robots\" content=\"index, follow, max-snippet:-1, max-image-preview:large, max-video-preview:-1\" \/>\n<link rel=\"canonical\" href=\"https:\/\/www.rimontgowineries.com\/blog\/pt\/o-vinho-segundo-sabino-blanco\/\" \/>\n<meta property=\"og:locale\" content=\"es_ES\" \/>\n<meta property=\"og:type\" content=\"article\" \/>\n<meta property=\"og:title\" content=\"O vinho, segundo Sabino Blanco | Rimontg\u00f3 Wineries\" \/>\n<meta property=\"og:description\" content=\"Sabino Blanco, em Val\u00eancia e o testamento de Violeta Garc\u00eda. Reflex\u00f5es sobre o vinho por um personagem secund\u00e1rio.\" \/>\n<meta property=\"og:url\" content=\"https:\/\/www.rimontgowineries.com\/blog\/pt\/o-vinho-segundo-sabino-blanco\/\" \/>\n<meta property=\"og:site_name\" content=\"Rimontgo Wineries\" \/>\n<meta property=\"article:published_time\" content=\"2023-03-09T16:30:07+00:00\" \/>\n<meta property=\"article:modified_time\" content=\"2023-03-10T17:54:27+00:00\" \/>\n<meta property=\"og:image\" content=\"https:\/\/www.rimontgowineries.com\/blog\/wp-content\/uploads\/2023\/02\/El-vino-segun-Sabino-Blanco.jpg\" \/>\n\t<meta property=\"og:image:width\" content=\"1430\" \/>\n\t<meta property=\"og:image:height\" content=\"678\" \/>\n\t<meta property=\"og:image:type\" content=\"image\/jpeg\" \/>\n<meta name=\"author\" content=\"Juan Luis Vanrell\" \/>\n<meta name=\"twitter:card\" content=\"summary_large_image\" \/>\n<meta name=\"twitter:label1\" content=\"Written by\" \/>\n\t<meta name=\"twitter:data1\" content=\"Juan Luis Vanrell\" \/>\n<script type=\"application\/ld+json\" class=\"yoast-schema-graph\">{\"@context\":\"https:\/\/schema.org\",\"@graph\":[{\"@type\":\"Article\",\"@id\":\"https:\/\/www.rimontgowineries.com\/blog\/pt\/o-vinho-segundo-sabino-blanco\/#article\",\"isPartOf\":{\"@id\":\"https:\/\/www.rimontgowineries.com\/blog\/pt\/o-vinho-segundo-sabino-blanco\/\"},\"author\":{\"name\":\"Juan Luis Vanrell\",\"@id\":\"https:\/\/www.rimontgowineries.com\/blog\/#\/schema\/person\/9dc43a22f8b4b5cca821369523f3c455\"},\"headline\":\"O vinho, segundo Sabino Blanco\",\"datePublished\":\"2023-03-09T16:30:07+00:00\",\"dateModified\":\"2023-03-10T17:54:27+00:00\",\"mainEntityOfPage\":{\"@id\":\"https:\/\/www.rimontgowineries.com\/blog\/pt\/o-vinho-segundo-sabino-blanco\/\"},\"wordCount\":370,\"commentCount\":0,\"publisher\":{\"@id\":\"https:\/\/www.rimontgowineries.com\/blog\/#organization\"},\"articleSection\":[\"Mundo do vinho\"],\"inLanguage\":\"es\",\"potentialAction\":[{\"@type\":\"CommentAction\",\"name\":\"Comment\",\"target\":[\"https:\/\/www.rimontgowineries.com\/blog\/pt\/o-vinho-segundo-sabino-blanco\/#respond\"]}]},{\"@type\":\"WebPage\",\"@id\":\"https:\/\/www.rimontgowineries.com\/blog\/pt\/o-vinho-segundo-sabino-blanco\/\",\"url\":\"https:\/\/www.rimontgowineries.com\/blog\/pt\/o-vinho-segundo-sabino-blanco\/\",\"name\":\"O vinho, segundo Sabino Blanco | Rimontg\u00f3 Wineries\",\"isPartOf\":{\"@id\":\"https:\/\/www.rimontgowineries.com\/blog\/#website\"},\"datePublished\":\"2023-03-09T16:30:07+00:00\",\"dateModified\":\"2023-03-10T17:54:27+00:00\",\"description\":\"Sabino Blanco, em Val\u00eancia e o testamento de Violeta Garc\u00eda. Reflex\u00f5es sobre o vinho por um personagem secund\u00e1rio.\",\"breadcrumb\":{\"@id\":\"https:\/\/www.rimontgowineries.com\/blog\/pt\/o-vinho-segundo-sabino-blanco\/#breadcrumb\"},\"inLanguage\":\"es\",\"potentialAction\":[{\"@type\":\"ReadAction\",\"target\":[\"https:\/\/www.rimontgowineries.com\/blog\/pt\/o-vinho-segundo-sabino-blanco\/\"]}]},{\"@type\":\"BreadcrumbList\",\"@id\":\"https:\/\/www.rimontgowineries.com\/blog\/pt\/o-vinho-segundo-sabino-blanco\/#breadcrumb\",\"itemListElement\":[{\"@type\":\"ListItem\",\"position\":1,\"name\":\"Home\",\"item\":\"https:\/\/www.rimontgowineries.com\/blog\/es\/\"},{\"@type\":\"ListItem\",\"position\":2,\"name\":\"O vinho, segundo Sabino Blanco\"}]},{\"@type\":\"WebSite\",\"@id\":\"https:\/\/www.rimontgowineries.com\/blog\/#website\",\"url\":\"https:\/\/www.rimontgowineries.com\/blog\/\",\"name\":\"Rimontgo Wineries\",\"description\":\"Rimontgo Wineries\",\"publisher\":{\"@id\":\"https:\/\/www.rimontgowineries.com\/blog\/#organization\"},\"potentialAction\":[{\"@type\":\"SearchAction\",\"target\":{\"@type\":\"EntryPoint\",\"urlTemplate\":\"https:\/\/www.rimontgowineries.com\/blog\/?s={search_term_string}\"},\"query-input\":\"required name=search_term_string\"}],\"inLanguage\":\"es\"},{\"@type\":\"Organization\",\"@id\":\"https:\/\/www.rimontgowineries.com\/blog\/#organization\",\"name\":\"Rimontgo Wineries\",\"url\":\"https:\/\/www.rimontgowineries.com\/blog\/\",\"logo\":{\"@type\":\"ImageObject\",\"inLanguage\":\"es\",\"@id\":\"https:\/\/www.rimontgowineries.com\/blog\/#\/schema\/logo\/image\/\",\"url\":\"https:\/\/www.rimontgowineries.com\/blog\/wp-content\/uploads\/2020\/03\/logo_bodegas_wineries_EN.svg\",\"contentUrl\":\"https:\/\/www.rimontgowineries.com\/blog\/wp-content\/uploads\/2020\/03\/logo_bodegas_wineries_EN.svg\",\"width\":134,\"height\":34,\"caption\":\"Rimontgo Wineries\"},\"image\":{\"@id\":\"https:\/\/www.rimontgowineries.com\/blog\/#\/schema\/logo\/image\/\"}},{\"@type\":\"Person\",\"@id\":\"https:\/\/www.rimontgowineries.com\/blog\/#\/schema\/person\/9dc43a22f8b4b5cca821369523f3c455\",\"name\":\"Juan Luis Vanrell\",\"image\":{\"@type\":\"ImageObject\",\"inLanguage\":\"es\",\"@id\":\"https:\/\/www.rimontgowineries.com\/blog\/#\/schema\/person\/image\/\",\"url\":\"https:\/\/secure.gravatar.com\/avatar\/ffaf84a9253780c50f123fc18a9c2266?s=96&d=mm&r=g\",\"contentUrl\":\"https:\/\/secure.gravatar.com\/avatar\/ffaf84a9253780c50f123fc18a9c2266?s=96&d=mm&r=g\",\"caption\":\"Juan Luis Vanrell\"},\"url\":\"https:\/\/www.rimontgowineries.com\/blog\/author\/juanluis\/\"}]}<\/script>\n<!-- \/ Yoast SEO plugin. -->","yoast_head_json":{"title":"O vinho, segundo Sabino Blanco | Rimontg\u00f3 Wineries","description":"Sabino Blanco, em Val\u00eancia e o testamento de Violeta Garc\u00eda. Reflex\u00f5es sobre o vinho por um personagem secund\u00e1rio.","robots":{"index":"index","follow":"follow","max-snippet":"max-snippet:-1","max-image-preview":"max-image-preview:large","max-video-preview":"max-video-preview:-1"},"canonical":"https:\/\/www.rimontgowineries.com\/blog\/pt\/o-vinho-segundo-sabino-blanco\/","og_locale":"es_ES","og_type":"article","og_title":"O vinho, segundo Sabino Blanco | Rimontg\u00f3 Wineries","og_description":"Sabino Blanco, em Val\u00eancia e o testamento de Violeta Garc\u00eda. Reflex\u00f5es sobre o vinho por um personagem secund\u00e1rio.","og_url":"https:\/\/www.rimontgowineries.com\/blog\/pt\/o-vinho-segundo-sabino-blanco\/","og_site_name":"Rimontgo Wineries","article_published_time":"2023-03-09T16:30:07+00:00","article_modified_time":"2023-03-10T17:54:27+00:00","og_image":[{"width":1430,"height":678,"url":"https:\/\/www.rimontgowineries.com\/blog\/wp-content\/uploads\/2023\/02\/El-vino-segun-Sabino-Blanco.jpg","type":"image\/jpeg"}],"author":"Juan Luis Vanrell","twitter_card":"summary_large_image","twitter_misc":{"Written by":"Juan Luis Vanrell"},"schema":{"@context":"https:\/\/schema.org","@graph":[{"@type":"Article","@id":"https:\/\/www.rimontgowineries.com\/blog\/pt\/o-vinho-segundo-sabino-blanco\/#article","isPartOf":{"@id":"https:\/\/www.rimontgowineries.com\/blog\/pt\/o-vinho-segundo-sabino-blanco\/"},"author":{"name":"Juan Luis Vanrell","@id":"https:\/\/www.rimontgowineries.com\/blog\/#\/schema\/person\/9dc43a22f8b4b5cca821369523f3c455"},"headline":"O vinho, segundo Sabino Blanco","datePublished":"2023-03-09T16:30:07+00:00","dateModified":"2023-03-10T17:54:27+00:00","mainEntityOfPage":{"@id":"https:\/\/www.rimontgowineries.com\/blog\/pt\/o-vinho-segundo-sabino-blanco\/"},"wordCount":370,"commentCount":0,"publisher":{"@id":"https:\/\/www.rimontgowineries.com\/blog\/#organization"},"articleSection":["Mundo do vinho"],"inLanguage":"es","potentialAction":[{"@type":"CommentAction","name":"Comment","target":["https:\/\/www.rimontgowineries.com\/blog\/pt\/o-vinho-segundo-sabino-blanco\/#respond"]}]},{"@type":"WebPage","@id":"https:\/\/www.rimontgowineries.com\/blog\/pt\/o-vinho-segundo-sabino-blanco\/","url":"https:\/\/www.rimontgowineries.com\/blog\/pt\/o-vinho-segundo-sabino-blanco\/","name":"O vinho, segundo Sabino Blanco | Rimontg\u00f3 Wineries","isPartOf":{"@id":"https:\/\/www.rimontgowineries.com\/blog\/#website"},"datePublished":"2023-03-09T16:30:07+00:00","dateModified":"2023-03-10T17:54:27+00:00","description":"Sabino Blanco, em Val\u00eancia e o testamento de Violeta Garc\u00eda. Reflex\u00f5es sobre o vinho por um personagem secund\u00e1rio.","breadcrumb":{"@id":"https:\/\/www.rimontgowineries.com\/blog\/pt\/o-vinho-segundo-sabino-blanco\/#breadcrumb"},"inLanguage":"es","potentialAction":[{"@type":"ReadAction","target":["https:\/\/www.rimontgowineries.com\/blog\/pt\/o-vinho-segundo-sabino-blanco\/"]}]},{"@type":"BreadcrumbList","@id":"https:\/\/www.rimontgowineries.com\/blog\/pt\/o-vinho-segundo-sabino-blanco\/#breadcrumb","itemListElement":[{"@type":"ListItem","position":1,"name":"Home","item":"https:\/\/www.rimontgowineries.com\/blog\/es\/"},{"@type":"ListItem","position":2,"name":"O vinho, segundo Sabino Blanco"}]},{"@type":"WebSite","@id":"https:\/\/www.rimontgowineries.com\/blog\/#website","url":"https:\/\/www.rimontgowineries.com\/blog\/","name":"Rimontgo Wineries","description":"Rimontgo Wineries","publisher":{"@id":"https:\/\/www.rimontgowineries.com\/blog\/#organization"},"potentialAction":[{"@type":"SearchAction","target":{"@type":"EntryPoint","urlTemplate":"https:\/\/www.rimontgowineries.com\/blog\/?s={search_term_string}"},"query-input":"required name=search_term_string"}],"inLanguage":"es"},{"@type":"Organization","@id":"https:\/\/www.rimontgowineries.com\/blog\/#organization","name":"Rimontgo Wineries","url":"https:\/\/www.rimontgowineries.com\/blog\/","logo":{"@type":"ImageObject","inLanguage":"es","@id":"https:\/\/www.rimontgowineries.com\/blog\/#\/schema\/logo\/image\/","url":"https:\/\/www.rimontgowineries.com\/blog\/wp-content\/uploads\/2020\/03\/logo_bodegas_wineries_EN.svg","contentUrl":"https:\/\/www.rimontgowineries.com\/blog\/wp-content\/uploads\/2020\/03\/logo_bodegas_wineries_EN.svg","width":134,"height":34,"caption":"Rimontgo Wineries"},"image":{"@id":"https:\/\/www.rimontgowineries.com\/blog\/#\/schema\/logo\/image\/"}},{"@type":"Person","@id":"https:\/\/www.rimontgowineries.com\/blog\/#\/schema\/person\/9dc43a22f8b4b5cca821369523f3c455","name":"Juan Luis Vanrell","image":{"@type":"ImageObject","inLanguage":"es","@id":"https:\/\/www.rimontgowineries.com\/blog\/#\/schema\/person\/image\/","url":"https:\/\/secure.gravatar.com\/avatar\/ffaf84a9253780c50f123fc18a9c2266?s=96&d=mm&r=g","contentUrl":"https:\/\/secure.gravatar.com\/avatar\/ffaf84a9253780c50f123fc18a9c2266?s=96&d=mm&r=g","caption":"Juan Luis Vanrell"},"url":"https:\/\/www.rimontgowineries.com\/blog\/author\/juanluis\/"}]}},"_links":{"self":[{"href":"https:\/\/www.rimontgowineries.com\/blog\/wp-json\/wp\/v2\/posts\/21678"}],"collection":[{"href":"https:\/\/www.rimontgowineries.com\/blog\/wp-json\/wp\/v2\/posts"}],"about":[{"href":"https:\/\/www.rimontgowineries.com\/blog\/wp-json\/wp\/v2\/types\/post"}],"author":[{"embeddable":true,"href":"https:\/\/www.rimontgowineries.com\/blog\/wp-json\/wp\/v2\/users\/2"}],"replies":[{"embeddable":true,"href":"https:\/\/www.rimontgowineries.com\/blog\/wp-json\/wp\/v2\/comments?post=21678"}],"version-history":[{"count":2,"href":"https:\/\/www.rimontgowineries.com\/blog\/wp-json\/wp\/v2\/posts\/21678\/revisions"}],"predecessor-version":[{"id":21707,"href":"https:\/\/www.rimontgowineries.com\/blog\/wp-json\/wp\/v2\/posts\/21678\/revisions\/21707"}],"wp:featuredmedia":[{"embeddable":true,"href":"https:\/\/www.rimontgowineries.com\/blog\/wp-json\/wp\/v2\/media\/21549"}],"wp:attachment":[{"href":"https:\/\/www.rimontgowineries.com\/blog\/wp-json\/wp\/v2\/media?parent=21678"}],"wp:term":[{"taxonomy":"category","embeddable":true,"href":"https:\/\/www.rimontgowineries.com\/blog\/wp-json\/wp\/v2\/categories?post=21678"},{"taxonomy":"post_tag","embeddable":true,"href":"https:\/\/www.rimontgowineries.com\/blog\/wp-json\/wp\/v2\/tags?post=21678"}],"curies":[{"name":"wp","href":"https:\/\/api.w.org\/{rel}","templated":true}]}}