{"id":21681,"date":"2023-03-10T11:21:17","date_gmt":"2023-03-10T10:21:17","guid":{"rendered":"https:\/\/www.rimontgowineries.com\/blog\/?p=21681"},"modified":"2023-03-10T14:02:47","modified_gmt":"2023-03-10T13:02:47","slug":"vin-jaune","status":"publish","type":"post","link":"https:\/\/www.rimontgowineries.com\/blog\/es\/vin-jaune\/","title":{"rendered":"Vin Jaune"},"content":{"rendered":"<p>El Jura es una peque\u00f1a zona del este de Francia, de visita obligatoria, en la que se elaboran excelentes vinos blancos y tintos. Entre estos \u00faltimos, las variedades de uva <em>trosseau<\/em>, <em>poulsard<\/em> y <em>pinor noir<\/em> nos ofrecen vinos sutiles que no parar\u00edamos de beber. Por su parte, entre los blancos, la <em>chardonnay<\/em> y la <em>savagnin<\/em> dan como resultado vinos magn\u00edficos, muchos de ellos de gran complejidad, como es el caso del <em>vin jaune<\/em> o vino amarillo, nombre que tiene su origen en el color dorado que presenta.<\/p>\n<p>Dada su compleja elaboraci\u00f3n y los matices de su resultado final, el <em>vin jaune<\/em> es el vino m\u00e1s caracter\u00edstico del Jura. Se elabora, exclusivamente, a partir de la variedad de uva <em>savagnin<\/em>, tras una vendimia tard\u00eda. Una vez fermentado, el vino permanece, durante al menos cinco a\u00f1os, bajo un velo de levaduras aut\u00f3ctonas en barricas de roble que no son llenadas de forma completa, ni posteriormente rellenadas durante todo este periodo. As\u00ed, la concentraci\u00f3n de aromas y sabores queda favorecida por la evaporaci\u00f3n natural. Este velo (<em>voile)<\/em> se desarrolla por las condiciones ambientales de la zona, sin la intervenci\u00f3n del elaborador. El prolongado contacto entre el vino y el velo confiere unas notas propias, secas, potentes, que traen recuerdos a <em>grappa<\/em> y a aromas de frutos secos. Por el m\u00e9todo de elaboraci\u00f3n, el <em>vin jaune<\/em> tiene muchas similitudes con los vinos generosos del Marco de Jerez.<\/p>\n<p>Los <em>vin jaune<\/em> salen al mercado tras un m\u00ednimo de seis a\u00f1os y tres meses desde la vendimia y se comercializan en una botella con una capacidad de sesenta y dos centilitros, conocida como <em>clavelin<\/em>. Este formato de botella es el \u00fanico autorizado para su comercializaci\u00f3n por la Uni\u00f3n Europea. El volumen viene marcado porque, tradicionalmente, se ha considerado que esta es la cantidad de vino que queda de cada litro inicial, tras la evaporaci\u00f3n durante la fase de envejecimiento.<\/p>\n<p>La AOC Ch\u00e2teau Chalon es la meca de este tipo de vinos, aunque tambi\u00e9n se elaboran en otras apelaciones del Jura. La complejidad de los vinos amarillos se va acentuando con el tiempo, por lo que es aconsejable consumirlos con algunos a\u00f1os, pues evolucionan de forma sublime. Por su potencia, maridan muy bien con carnes blancas y tambi\u00e9n con quesos grasos y fuertes, de pasta blanda, aunque no tanto con los pescados suaves. Por supuesto, nunca es mala opci\u00f3n disfrutarlos a palo seco, en plan meditaci\u00f3n.<\/p>\n","protected":false},"excerpt":{"rendered":"<p>El vino amarillo, o \u00abvino amarillo\u00bb, recibe su nombre de su color dorado y se produce en la regi\u00f3n del Jura, en el este de Francia. Es el vino m\u00e1s caracter\u00edstico de esta regi\u00f3n vitivin\u00edcola dada su complejidad en la elaboraci\u00f3n.<\/p>\n","protected":false},"author":2,"featured_media":21683,"comment_status":"open","ping_status":"open","sticky":false,"template":"","format":"standard","meta":{"_mi_skip_tracking":false,"_monsterinsights_sitenote_active":false,"_monsterinsights_sitenote_note":"","_monsterinsights_sitenote_category":0,"footnotes":""},"categories":[3064,3090],"tags":[],"yoast_head":"<!-- This site is optimized with the Yoast SEO plugin v21.5 - https:\/\/yoast.com\/wordpress\/plugins\/seo\/ -->\n<title>Vin Jaune | Rimontg\u00f3 Bodegas<\/title>\n<meta name=\"description\" content=\"El &quot;Vin Jaune&quot; es elaborado en el este de Francia, en el vi\u00f1edo del Jura y cuenta con una extensi\u00f3n de aproximadamente 90km.\" \/>\n<meta name=\"robots\" content=\"index, follow, max-snippet:-1, max-image-preview:large, max-video-preview:-1\" \/>\n<link rel=\"canonical\" href=\"https:\/\/www.rimontgowineries.com\/blog\/es\/vin-jaune\/\" \/>\n<meta property=\"og:locale\" content=\"es_ES\" \/>\n<meta property=\"og:type\" content=\"article\" \/>\n<meta property=\"og:title\" content=\"Vin Jaune | Rimontg\u00f3 Bodegas\" \/>\n<meta property=\"og:description\" content=\"El &quot;Vin Jaune&quot; es elaborado en el este de Francia, en el vi\u00f1edo del Jura y cuenta con una extensi\u00f3n de aproximadamente 90km.\" \/>\n<meta property=\"og:url\" content=\"https:\/\/www.rimontgowineries.com\/blog\/es\/vin-jaune\/\" \/>\n<meta property=\"og:site_name\" content=\"Rimontgo Wineries\" \/>\n<meta property=\"article:published_time\" content=\"2023-03-10T10:21:17+00:00\" \/>\n<meta property=\"article:modified_time\" content=\"2023-03-10T13:02:47+00:00\" \/>\n<meta property=\"og:image\" content=\"https:\/\/www.rimontgowineries.com\/blog\/wp-content\/uploads\/2023\/03\/Vin-Jaune.jpg\" \/>\n\t<meta property=\"og:image:width\" content=\"1085\" \/>\n\t<meta property=\"og:image:height\" content=\"723\" \/>\n\t<meta property=\"og:image:type\" content=\"image\/jpeg\" \/>\n<meta name=\"author\" content=\"Juan Luis Vanrell\" \/>\n<meta name=\"twitter:card\" content=\"summary_large_image\" \/>\n<meta name=\"twitter:label1\" content=\"Written by\" \/>\n\t<meta name=\"twitter:data1\" content=\"Juan Luis Vanrell\" \/>\n\t<meta name=\"twitter:label2\" content=\"Est. reading time\" \/>\n\t<meta name=\"twitter:data2\" content=\"2 minutos\" \/>\n<script type=\"application\/ld+json\" class=\"yoast-schema-graph\">{\"@context\":\"https:\/\/schema.org\",\"@graph\":[{\"@type\":\"Article\",\"@id\":\"https:\/\/www.rimontgowineries.com\/blog\/es\/vin-jaune\/#article\",\"isPartOf\":{\"@id\":\"https:\/\/www.rimontgowineries.com\/blog\/es\/vin-jaune\/\"},\"author\":{\"name\":\"Juan Luis Vanrell\",\"@id\":\"https:\/\/www.rimontgowineries.com\/blog\/#\/schema\/person\/9dc43a22f8b4b5cca821369523f3c455\"},\"headline\":\"Vin Jaune\",\"datePublished\":\"2023-03-10T10:21:17+00:00\",\"dateModified\":\"2023-03-10T13:02:47+00:00\",\"mainEntityOfPage\":{\"@id\":\"https:\/\/www.rimontgowineries.com\/blog\/es\/vin-jaune\/\"},\"wordCount\":426,\"commentCount\":0,\"publisher\":{\"@id\":\"https:\/\/www.rimontgowineries.com\/blog\/#organization\"},\"articleSection\":[\"Bodegas\",\"Mundo del vino\"],\"inLanguage\":\"es\",\"potentialAction\":[{\"@type\":\"CommentAction\",\"name\":\"Comment\",\"target\":[\"https:\/\/www.rimontgowineries.com\/blog\/es\/vin-jaune\/#respond\"]}]},{\"@type\":\"WebPage\",\"@id\":\"https:\/\/www.rimontgowineries.com\/blog\/es\/vin-jaune\/\",\"url\":\"https:\/\/www.rimontgowineries.com\/blog\/es\/vin-jaune\/\",\"name\":\"Vin Jaune | Rimontg\u00f3 Bodegas\",\"isPartOf\":{\"@id\":\"https:\/\/www.rimontgowineries.com\/blog\/#website\"},\"datePublished\":\"2023-03-10T10:21:17+00:00\",\"dateModified\":\"2023-03-10T13:02:47+00:00\",\"description\":\"El \\\"Vin Jaune\\\" es elaborado en el este de Francia, en el vi\u00f1edo del Jura y cuenta con una extensi\u00f3n de aproximadamente 90km.\",\"breadcrumb\":{\"@id\":\"https:\/\/www.rimontgowineries.com\/blog\/es\/vin-jaune\/#breadcrumb\"},\"inLanguage\":\"es\",\"potentialAction\":[{\"@type\":\"ReadAction\",\"target\":[\"https:\/\/www.rimontgowineries.com\/blog\/es\/vin-jaune\/\"]}]},{\"@type\":\"BreadcrumbList\",\"@id\":\"https:\/\/www.rimontgowineries.com\/blog\/es\/vin-jaune\/#breadcrumb\",\"itemListElement\":[{\"@type\":\"ListItem\",\"position\":1,\"name\":\"Home\",\"item\":\"https:\/\/www.rimontgowineries.com\/blog\/es\/\"},{\"@type\":\"ListItem\",\"position\":2,\"name\":\"Vin Jaune\"}]},{\"@type\":\"WebSite\",\"@id\":\"https:\/\/www.rimontgowineries.com\/blog\/#website\",\"url\":\"https:\/\/www.rimontgowineries.com\/blog\/\",\"name\":\"Rimontgo Wineries\",\"description\":\"Rimontgo Wineries\",\"publisher\":{\"@id\":\"https:\/\/www.rimontgowineries.com\/blog\/#organization\"},\"potentialAction\":[{\"@type\":\"SearchAction\",\"target\":{\"@type\":\"EntryPoint\",\"urlTemplate\":\"https:\/\/www.rimontgowineries.com\/blog\/?s={search_term_string}\"},\"query-input\":\"required name=search_term_string\"}],\"inLanguage\":\"es\"},{\"@type\":\"Organization\",\"@id\":\"https:\/\/www.rimontgowineries.com\/blog\/#organization\",\"name\":\"Rimontgo Wineries\",\"url\":\"https:\/\/www.rimontgowineries.com\/blog\/\",\"logo\":{\"@type\":\"ImageObject\",\"inLanguage\":\"es\",\"@id\":\"https:\/\/www.rimontgowineries.com\/blog\/#\/schema\/logo\/image\/\",\"url\":\"https:\/\/www.rimontgowineries.com\/blog\/wp-content\/uploads\/2020\/03\/logo_bodegas_wineries_EN.svg\",\"contentUrl\":\"https:\/\/www.rimontgowineries.com\/blog\/wp-content\/uploads\/2020\/03\/logo_bodegas_wineries_EN.svg\",\"width\":134,\"height\":34,\"caption\":\"Rimontgo Wineries\"},\"image\":{\"@id\":\"https:\/\/www.rimontgowineries.com\/blog\/#\/schema\/logo\/image\/\"}},{\"@type\":\"Person\",\"@id\":\"https:\/\/www.rimontgowineries.com\/blog\/#\/schema\/person\/9dc43a22f8b4b5cca821369523f3c455\",\"name\":\"Juan Luis Vanrell\",\"image\":{\"@type\":\"ImageObject\",\"inLanguage\":\"es\",\"@id\":\"https:\/\/www.rimontgowineries.com\/blog\/#\/schema\/person\/image\/\",\"url\":\"https:\/\/secure.gravatar.com\/avatar\/ffaf84a9253780c50f123fc18a9c2266?s=96&d=mm&r=g\",\"contentUrl\":\"https:\/\/secure.gravatar.com\/avatar\/ffaf84a9253780c50f123fc18a9c2266?s=96&d=mm&r=g\",\"caption\":\"Juan Luis Vanrell\"},\"url\":\"https:\/\/www.rimontgowineries.com\/blog\/author\/juanluis\/\"}]}<\/script>\n<!-- \/ Yoast SEO plugin. -->","yoast_head_json":{"title":"Vin Jaune | Rimontg\u00f3 Bodegas","description":"El \"Vin Jaune\" es elaborado en el este de Francia, en el vi\u00f1edo del Jura y cuenta con una extensi\u00f3n de aproximadamente 90km.","robots":{"index":"index","follow":"follow","max-snippet":"max-snippet:-1","max-image-preview":"max-image-preview:large","max-video-preview":"max-video-preview:-1"},"canonical":"https:\/\/www.rimontgowineries.com\/blog\/es\/vin-jaune\/","og_locale":"es_ES","og_type":"article","og_title":"Vin Jaune | Rimontg\u00f3 Bodegas","og_description":"El \"Vin Jaune\" es elaborado en el este de Francia, en el vi\u00f1edo del Jura y cuenta con una extensi\u00f3n de aproximadamente 90km.","og_url":"https:\/\/www.rimontgowineries.com\/blog\/es\/vin-jaune\/","og_site_name":"Rimontgo Wineries","article_published_time":"2023-03-10T10:21:17+00:00","article_modified_time":"2023-03-10T13:02:47+00:00","og_image":[{"width":1085,"height":723,"url":"https:\/\/www.rimontgowineries.com\/blog\/wp-content\/uploads\/2023\/03\/Vin-Jaune.jpg","type":"image\/jpeg"}],"author":"Juan Luis Vanrell","twitter_card":"summary_large_image","twitter_misc":{"Written by":"Juan Luis Vanrell","Est. reading time":"2 minutos"},"schema":{"@context":"https:\/\/schema.org","@graph":[{"@type":"Article","@id":"https:\/\/www.rimontgowineries.com\/blog\/es\/vin-jaune\/#article","isPartOf":{"@id":"https:\/\/www.rimontgowineries.com\/blog\/es\/vin-jaune\/"},"author":{"name":"Juan Luis Vanrell","@id":"https:\/\/www.rimontgowineries.com\/blog\/#\/schema\/person\/9dc43a22f8b4b5cca821369523f3c455"},"headline":"Vin Jaune","datePublished":"2023-03-10T10:21:17+00:00","dateModified":"2023-03-10T13:02:47+00:00","mainEntityOfPage":{"@id":"https:\/\/www.rimontgowineries.com\/blog\/es\/vin-jaune\/"},"wordCount":426,"commentCount":0,"publisher":{"@id":"https:\/\/www.rimontgowineries.com\/blog\/#organization"},"articleSection":["Bodegas","Mundo del vino"],"inLanguage":"es","potentialAction":[{"@type":"CommentAction","name":"Comment","target":["https:\/\/www.rimontgowineries.com\/blog\/es\/vin-jaune\/#respond"]}]},{"@type":"WebPage","@id":"https:\/\/www.rimontgowineries.com\/blog\/es\/vin-jaune\/","url":"https:\/\/www.rimontgowineries.com\/blog\/es\/vin-jaune\/","name":"Vin Jaune | Rimontg\u00f3 Bodegas","isPartOf":{"@id":"https:\/\/www.rimontgowineries.com\/blog\/#website"},"datePublished":"2023-03-10T10:21:17+00:00","dateModified":"2023-03-10T13:02:47+00:00","description":"El \"Vin Jaune\" es elaborado en el este de Francia, en el vi\u00f1edo del Jura y cuenta con una extensi\u00f3n de aproximadamente 90km.","breadcrumb":{"@id":"https:\/\/www.rimontgowineries.com\/blog\/es\/vin-jaune\/#breadcrumb"},"inLanguage":"es","potentialAction":[{"@type":"ReadAction","target":["https:\/\/www.rimontgowineries.com\/blog\/es\/vin-jaune\/"]}]},{"@type":"BreadcrumbList","@id":"https:\/\/www.rimontgowineries.com\/blog\/es\/vin-jaune\/#breadcrumb","itemListElement":[{"@type":"ListItem","position":1,"name":"Home","item":"https:\/\/www.rimontgowineries.com\/blog\/es\/"},{"@type":"ListItem","position":2,"name":"Vin Jaune"}]},{"@type":"WebSite","@id":"https:\/\/www.rimontgowineries.com\/blog\/#website","url":"https:\/\/www.rimontgowineries.com\/blog\/","name":"Rimontgo Wineries","description":"Rimontgo Wineries","publisher":{"@id":"https:\/\/www.rimontgowineries.com\/blog\/#organization"},"potentialAction":[{"@type":"SearchAction","target":{"@type":"EntryPoint","urlTemplate":"https:\/\/www.rimontgowineries.com\/blog\/?s={search_term_string}"},"query-input":"required name=search_term_string"}],"inLanguage":"es"},{"@type":"Organization","@id":"https:\/\/www.rimontgowineries.com\/blog\/#organization","name":"Rimontgo Wineries","url":"https:\/\/www.rimontgowineries.com\/blog\/","logo":{"@type":"ImageObject","inLanguage":"es","@id":"https:\/\/www.rimontgowineries.com\/blog\/#\/schema\/logo\/image\/","url":"https:\/\/www.rimontgowineries.com\/blog\/wp-content\/uploads\/2020\/03\/logo_bodegas_wineries_EN.svg","contentUrl":"https:\/\/www.rimontgowineries.com\/blog\/wp-content\/uploads\/2020\/03\/logo_bodegas_wineries_EN.svg","width":134,"height":34,"caption":"Rimontgo Wineries"},"image":{"@id":"https:\/\/www.rimontgowineries.com\/blog\/#\/schema\/logo\/image\/"}},{"@type":"Person","@id":"https:\/\/www.rimontgowineries.com\/blog\/#\/schema\/person\/9dc43a22f8b4b5cca821369523f3c455","name":"Juan Luis Vanrell","image":{"@type":"ImageObject","inLanguage":"es","@id":"https:\/\/www.rimontgowineries.com\/blog\/#\/schema\/person\/image\/","url":"https:\/\/secure.gravatar.com\/avatar\/ffaf84a9253780c50f123fc18a9c2266?s=96&d=mm&r=g","contentUrl":"https:\/\/secure.gravatar.com\/avatar\/ffaf84a9253780c50f123fc18a9c2266?s=96&d=mm&r=g","caption":"Juan Luis Vanrell"},"url":"https:\/\/www.rimontgowineries.com\/blog\/author\/juanluis\/"}]}},"_links":{"self":[{"href":"https:\/\/www.rimontgowineries.com\/blog\/wp-json\/wp\/v2\/posts\/21681"}],"collection":[{"href":"https:\/\/www.rimontgowineries.com\/blog\/wp-json\/wp\/v2\/posts"}],"about":[{"href":"https:\/\/www.rimontgowineries.com\/blog\/wp-json\/wp\/v2\/types\/post"}],"author":[{"embeddable":true,"href":"https:\/\/www.rimontgowineries.com\/blog\/wp-json\/wp\/v2\/users\/2"}],"replies":[{"embeddable":true,"href":"https:\/\/www.rimontgowineries.com\/blog\/wp-json\/wp\/v2\/comments?post=21681"}],"version-history":[{"count":5,"href":"https:\/\/www.rimontgowineries.com\/blog\/wp-json\/wp\/v2\/posts\/21681\/revisions"}],"predecessor-version":[{"id":21701,"href":"https:\/\/www.rimontgowineries.com\/blog\/wp-json\/wp\/v2\/posts\/21681\/revisions\/21701"}],"wp:featuredmedia":[{"embeddable":true,"href":"https:\/\/www.rimontgowineries.com\/blog\/wp-json\/wp\/v2\/media\/21683"}],"wp:attachment":[{"href":"https:\/\/www.rimontgowineries.com\/blog\/wp-json\/wp\/v2\/media?parent=21681"}],"wp:term":[{"taxonomy":"category","embeddable":true,"href":"https:\/\/www.rimontgowineries.com\/blog\/wp-json\/wp\/v2\/categories?post=21681"},{"taxonomy":"post_tag","embeddable":true,"href":"https:\/\/www.rimontgowineries.com\/blog\/wp-json\/wp\/v2\/tags?post=21681"}],"curies":[{"name":"wp","href":"https:\/\/api.w.org\/{rel}","templated":true}]}}