{"id":21695,"date":"2023-03-10T13:44:29","date_gmt":"2023-03-10T12:44:29","guid":{"rendered":"https:\/\/www.rimontgowineries.com\/blog\/?p=21695"},"modified":"2023-04-03T15:15:33","modified_gmt":"2023-04-03T13:15:33","slug":"der-vin-jaune","status":"publish","type":"post","link":"https:\/\/www.rimontgowineries.com\/blog\/de\/der-vin-jaune\/","title":{"rendered":"Der \u00abVin Jaune\u00bb"},"content":{"rendered":"<p>Der Jura ist ein kleines Gebiet im Osten Frankreichs, in dem hervorragende Wei\u00df- und Rotweine hergestellt werden. Unter den letzteren bieten uns die Rebsorten Trosseau, Poulsard und Pinor Noir subtile Weine, die wir nicht aufh\u00f6ren w\u00fcrden zu trinken. Unter den Wei\u00dfweinen bringen Chardonnay und Savagnin ihrerseits gro\u00dfartige Weine hervor, von denen viele sehr komplex sind, wie im Fall von Vin Jaune oder Gelbwein, ein Name, der von seiner goldenen Farbe herr\u00fchrt.<\/p>\n<p>Aufgrund seiner komplexen Herstellung und der Nuancen seines Endergebnisses ist der Vin jaune der charakteristischste Jurawein. Er wird ausschlie\u00dflich aus der Rebsorte Savagnin nach einer sp\u00e4ten Ernte hergestellt. Nach der G\u00e4rung verbleibt der Wein f\u00fcr mindestens f\u00fcnf Jahre unter dem Schleier einheimischer Hefen in Eichenf\u00e4ssern, die nicht vollst\u00e4ndig gef\u00fcllt sind und w\u00e4hrend dieser gesamten Zeit nicht nachgef\u00fcllt werden. So wird die Konzentration von Aromen und Geschmacksstoffen durch nat\u00fcrliche Verdunstung beg\u00fcnstigt. Dieser Schleier (Voile) wird durch die Umweltbedingungen der Gegend entwickelt, ohne dass der Hersteller eingreifen muss. Der l\u00e4ngere Kontakt zwischen dem Wein und dem Schleier verleiht ihm seine eigenen Noten, trocken, kraftvoll, erinnert an Grappa und Aromen von getrockneten Fr\u00fcchten. Aufgrund der Herstellungsmethode hat Vin Jaune viele \u00c4hnlichkeiten mit den Lik\u00f6rweinen aus Jerez.<\/p>\n<p>Die Vin Jaune werden mindestens sechs Jahre und drei Monate nach der Ernte auf den Markt gebracht und in einer Flasche mit einem Fassungsverm\u00f6gen von zweiundsechzig cl, bekannt als <em>clavelin<\/em>, vermarktet. Dieses Flaschenformat ist das einzige, das von der Europ\u00e4ischen Union zum Verkauf zugelassen ist. Das Volumen wird gekennzeichnet, weil traditionell davon ausgegangen wurde, dass dies die Weinmenge ist, die von jedem ersten Liter nach der Verdunstung w\u00e4hrend der Reifungsphase \u00fcbrig bleibt.<\/p>\n<p>Das AOC Ch\u00e2teau Chalon ist das Mekka f\u00fcr diesen Weintyp, obwohl auch andere Jura-Appellationen produziert werden. Die Komplexit\u00e4t von Gelbweinen wird im Laufe der Zeit akzentuiert, daher ist es ratsam, sie nach einigen Jahren zu konsumieren, da sie sich auf erhabene Weise entwickeln. Aufgrund ihrer Kraft passen sie sehr gut zu hellem Fleisch und auch zu fettem und kr\u00e4ftigem K\u00e4se, Weichk\u00e4se, wenn auch nicht so sehr zu weichem Fisch. Nat\u00fcrlich ist es nie eine schlechte Option, sie trocken in einem Meditationsplan zu genie\u00dfen.<\/p>\n","protected":false},"excerpt":{"rendered":"<p>Vin jaune, oder \u00abgelber Wein\u00bb, hat seinen Namen von seiner goldenen Farbe und wird in der Jura-Region im Osten Frankreichs hergestellt. Aufgrund seiner Komplexit\u00e4t in der Herstellung ist er der charakteristischste Wein dieses Weinbaugebiets.<\/p>\n","protected":false},"author":2,"featured_media":21685,"comment_status":"open","ping_status":"open","sticky":false,"template":"","format":"standard","meta":{"_mi_skip_tracking":false,"_monsterinsights_sitenote_active":false,"_monsterinsights_sitenote_note":"","_monsterinsights_sitenote_category":0,"footnotes":""},"categories":[3068,3098],"tags":[],"yoast_head":"<!-- This site is optimized with the Yoast SEO plugin v21.5 - https:\/\/yoast.com\/wordpress\/plugins\/seo\/ -->\n<title>Vin Jaune | Rimontg\u00f3 Bodegas<\/title>\n<meta name=\"description\" content=\"El &quot;Vin Jaune&quot; es elaborado en el este de Francia, en el vi\u00f1edo del Jura y cuenta con una extensi\u00f3n de aproximadamente 90km.\" \/>\n<meta name=\"robots\" content=\"index, follow, max-snippet:-1, max-image-preview:large, max-video-preview:-1\" \/>\n<link rel=\"canonical\" href=\"https:\/\/www.rimontgowineries.com\/blog\/de\/der-vin-jaune\/\" \/>\n<meta property=\"og:locale\" content=\"es_ES\" \/>\n<meta property=\"og:type\" content=\"article\" \/>\n<meta property=\"og:title\" content=\"Vin Jaune | Rimontg\u00f3 Bodegas\" \/>\n<meta property=\"og:description\" content=\"El &quot;Vin Jaune&quot; es elaborado en el este de Francia, en el vi\u00f1edo del Jura y cuenta con una extensi\u00f3n de aproximadamente 90km.\" \/>\n<meta property=\"og:url\" content=\"https:\/\/www.rimontgowineries.com\/blog\/de\/der-vin-jaune\/\" \/>\n<meta property=\"og:site_name\" content=\"Rimontgo Wineries\" \/>\n<meta property=\"article:published_time\" content=\"2023-03-10T12:44:29+00:00\" \/>\n<meta property=\"article:modified_time\" content=\"2023-04-03T13:15:33+00:00\" \/>\n<meta property=\"og:image\" content=\"https:\/\/www.rimontgowineries.com\/blog\/wp-content\/uploads\/2023\/03\/Vin-Jaune.jpg\" \/>\n\t<meta property=\"og:image:width\" content=\"1085\" \/>\n\t<meta property=\"og:image:height\" content=\"723\" \/>\n\t<meta property=\"og:image:type\" content=\"image\/jpeg\" \/>\n<meta name=\"author\" content=\"Juan Luis Vanrell\" \/>\n<meta name=\"twitter:card\" content=\"summary_large_image\" \/>\n<meta name=\"twitter:label1\" content=\"Written by\" \/>\n\t<meta name=\"twitter:data1\" content=\"Juan Luis Vanrell\" \/>\n\t<meta name=\"twitter:label2\" content=\"Est. reading time\" \/>\n\t<meta name=\"twitter:data2\" content=\"2 minutos\" \/>\n<script type=\"application\/ld+json\" class=\"yoast-schema-graph\">{\"@context\":\"https:\/\/schema.org\",\"@graph\":[{\"@type\":\"Article\",\"@id\":\"https:\/\/www.rimontgowineries.com\/blog\/de\/der-vin-jaune\/#article\",\"isPartOf\":{\"@id\":\"https:\/\/www.rimontgowineries.com\/blog\/de\/der-vin-jaune\/\"},\"author\":{\"name\":\"Juan Luis Vanrell\",\"@id\":\"https:\/\/www.rimontgowineries.com\/blog\/#\/schema\/person\/9dc43a22f8b4b5cca821369523f3c455\"},\"headline\":\"Der \u00abVin Jaune\u00bb\",\"datePublished\":\"2023-03-10T12:44:29+00:00\",\"dateModified\":\"2023-04-03T13:15:33+00:00\",\"mainEntityOfPage\":{\"@id\":\"https:\/\/www.rimontgowineries.com\/blog\/de\/der-vin-jaune\/\"},\"wordCount\":384,\"commentCount\":0,\"publisher\":{\"@id\":\"https:\/\/www.rimontgowineries.com\/blog\/#organization\"},\"articleSection\":[\"Weing\u00fcter\",\"Weinwelt\"],\"inLanguage\":\"es\",\"potentialAction\":[{\"@type\":\"CommentAction\",\"name\":\"Comment\",\"target\":[\"https:\/\/www.rimontgowineries.com\/blog\/de\/der-vin-jaune\/#respond\"]}]},{\"@type\":\"WebPage\",\"@id\":\"https:\/\/www.rimontgowineries.com\/blog\/de\/der-vin-jaune\/\",\"url\":\"https:\/\/www.rimontgowineries.com\/blog\/de\/der-vin-jaune\/\",\"name\":\"Vin Jaune | Rimontg\u00f3 Bodegas\",\"isPartOf\":{\"@id\":\"https:\/\/www.rimontgowineries.com\/blog\/#website\"},\"datePublished\":\"2023-03-10T12:44:29+00:00\",\"dateModified\":\"2023-04-03T13:15:33+00:00\",\"description\":\"El \\\"Vin Jaune\\\" es elaborado en el este de Francia, en el vi\u00f1edo del Jura y cuenta con una extensi\u00f3n de aproximadamente 90km.\",\"breadcrumb\":{\"@id\":\"https:\/\/www.rimontgowineries.com\/blog\/de\/der-vin-jaune\/#breadcrumb\"},\"inLanguage\":\"es\",\"potentialAction\":[{\"@type\":\"ReadAction\",\"target\":[\"https:\/\/www.rimontgowineries.com\/blog\/de\/der-vin-jaune\/\"]}]},{\"@type\":\"BreadcrumbList\",\"@id\":\"https:\/\/www.rimontgowineries.com\/blog\/de\/der-vin-jaune\/#breadcrumb\",\"itemListElement\":[{\"@type\":\"ListItem\",\"position\":1,\"name\":\"Home\",\"item\":\"https:\/\/www.rimontgowineries.com\/blog\/es\/\"},{\"@type\":\"ListItem\",\"position\":2,\"name\":\"Der \u00abVin Jaune\u00bb\"}]},{\"@type\":\"WebSite\",\"@id\":\"https:\/\/www.rimontgowineries.com\/blog\/#website\",\"url\":\"https:\/\/www.rimontgowineries.com\/blog\/\",\"name\":\"Rimontgo Wineries\",\"description\":\"Rimontgo Wineries\",\"publisher\":{\"@id\":\"https:\/\/www.rimontgowineries.com\/blog\/#organization\"},\"potentialAction\":[{\"@type\":\"SearchAction\",\"target\":{\"@type\":\"EntryPoint\",\"urlTemplate\":\"https:\/\/www.rimontgowineries.com\/blog\/?s={search_term_string}\"},\"query-input\":\"required name=search_term_string\"}],\"inLanguage\":\"es\"},{\"@type\":\"Organization\",\"@id\":\"https:\/\/www.rimontgowineries.com\/blog\/#organization\",\"name\":\"Rimontgo Wineries\",\"url\":\"https:\/\/www.rimontgowineries.com\/blog\/\",\"logo\":{\"@type\":\"ImageObject\",\"inLanguage\":\"es\",\"@id\":\"https:\/\/www.rimontgowineries.com\/blog\/#\/schema\/logo\/image\/\",\"url\":\"https:\/\/www.rimontgowineries.com\/blog\/wp-content\/uploads\/2020\/03\/logo_bodegas_wineries_EN.svg\",\"contentUrl\":\"https:\/\/www.rimontgowineries.com\/blog\/wp-content\/uploads\/2020\/03\/logo_bodegas_wineries_EN.svg\",\"width\":134,\"height\":34,\"caption\":\"Rimontgo Wineries\"},\"image\":{\"@id\":\"https:\/\/www.rimontgowineries.com\/blog\/#\/schema\/logo\/image\/\"}},{\"@type\":\"Person\",\"@id\":\"https:\/\/www.rimontgowineries.com\/blog\/#\/schema\/person\/9dc43a22f8b4b5cca821369523f3c455\",\"name\":\"Juan Luis Vanrell\",\"image\":{\"@type\":\"ImageObject\",\"inLanguage\":\"es\",\"@id\":\"https:\/\/www.rimontgowineries.com\/blog\/#\/schema\/person\/image\/\",\"url\":\"https:\/\/secure.gravatar.com\/avatar\/ffaf84a9253780c50f123fc18a9c2266?s=96&d=mm&r=g\",\"contentUrl\":\"https:\/\/secure.gravatar.com\/avatar\/ffaf84a9253780c50f123fc18a9c2266?s=96&d=mm&r=g\",\"caption\":\"Juan Luis Vanrell\"},\"url\":\"https:\/\/www.rimontgowineries.com\/blog\/author\/juanluis\/\"}]}<\/script>\n<!-- \/ Yoast SEO plugin. -->","yoast_head_json":{"title":"Vin Jaune | Rimontg\u00f3 Bodegas","description":"El \"Vin Jaune\" es elaborado en el este de Francia, en el vi\u00f1edo del Jura y cuenta con una extensi\u00f3n de aproximadamente 90km.","robots":{"index":"index","follow":"follow","max-snippet":"max-snippet:-1","max-image-preview":"max-image-preview:large","max-video-preview":"max-video-preview:-1"},"canonical":"https:\/\/www.rimontgowineries.com\/blog\/de\/der-vin-jaune\/","og_locale":"es_ES","og_type":"article","og_title":"Vin Jaune | Rimontg\u00f3 Bodegas","og_description":"El \"Vin Jaune\" es elaborado en el este de Francia, en el vi\u00f1edo del Jura y cuenta con una extensi\u00f3n de aproximadamente 90km.","og_url":"https:\/\/www.rimontgowineries.com\/blog\/de\/der-vin-jaune\/","og_site_name":"Rimontgo Wineries","article_published_time":"2023-03-10T12:44:29+00:00","article_modified_time":"2023-04-03T13:15:33+00:00","og_image":[{"width":1085,"height":723,"url":"https:\/\/www.rimontgowineries.com\/blog\/wp-content\/uploads\/2023\/03\/Vin-Jaune.jpg","type":"image\/jpeg"}],"author":"Juan Luis Vanrell","twitter_card":"summary_large_image","twitter_misc":{"Written by":"Juan Luis Vanrell","Est. reading time":"2 minutos"},"schema":{"@context":"https:\/\/schema.org","@graph":[{"@type":"Article","@id":"https:\/\/www.rimontgowineries.com\/blog\/de\/der-vin-jaune\/#article","isPartOf":{"@id":"https:\/\/www.rimontgowineries.com\/blog\/de\/der-vin-jaune\/"},"author":{"name":"Juan Luis Vanrell","@id":"https:\/\/www.rimontgowineries.com\/blog\/#\/schema\/person\/9dc43a22f8b4b5cca821369523f3c455"},"headline":"Der \u00abVin Jaune\u00bb","datePublished":"2023-03-10T12:44:29+00:00","dateModified":"2023-04-03T13:15:33+00:00","mainEntityOfPage":{"@id":"https:\/\/www.rimontgowineries.com\/blog\/de\/der-vin-jaune\/"},"wordCount":384,"commentCount":0,"publisher":{"@id":"https:\/\/www.rimontgowineries.com\/blog\/#organization"},"articleSection":["Weing\u00fcter","Weinwelt"],"inLanguage":"es","potentialAction":[{"@type":"CommentAction","name":"Comment","target":["https:\/\/www.rimontgowineries.com\/blog\/de\/der-vin-jaune\/#respond"]}]},{"@type":"WebPage","@id":"https:\/\/www.rimontgowineries.com\/blog\/de\/der-vin-jaune\/","url":"https:\/\/www.rimontgowineries.com\/blog\/de\/der-vin-jaune\/","name":"Vin Jaune | Rimontg\u00f3 Bodegas","isPartOf":{"@id":"https:\/\/www.rimontgowineries.com\/blog\/#website"},"datePublished":"2023-03-10T12:44:29+00:00","dateModified":"2023-04-03T13:15:33+00:00","description":"El \"Vin Jaune\" es elaborado en el este de Francia, en el vi\u00f1edo del Jura y cuenta con una extensi\u00f3n de aproximadamente 90km.","breadcrumb":{"@id":"https:\/\/www.rimontgowineries.com\/blog\/de\/der-vin-jaune\/#breadcrumb"},"inLanguage":"es","potentialAction":[{"@type":"ReadAction","target":["https:\/\/www.rimontgowineries.com\/blog\/de\/der-vin-jaune\/"]}]},{"@type":"BreadcrumbList","@id":"https:\/\/www.rimontgowineries.com\/blog\/de\/der-vin-jaune\/#breadcrumb","itemListElement":[{"@type":"ListItem","position":1,"name":"Home","item":"https:\/\/www.rimontgowineries.com\/blog\/es\/"},{"@type":"ListItem","position":2,"name":"Der \u00abVin Jaune\u00bb"}]},{"@type":"WebSite","@id":"https:\/\/www.rimontgowineries.com\/blog\/#website","url":"https:\/\/www.rimontgowineries.com\/blog\/","name":"Rimontgo Wineries","description":"Rimontgo Wineries","publisher":{"@id":"https:\/\/www.rimontgowineries.com\/blog\/#organization"},"potentialAction":[{"@type":"SearchAction","target":{"@type":"EntryPoint","urlTemplate":"https:\/\/www.rimontgowineries.com\/blog\/?s={search_term_string}"},"query-input":"required name=search_term_string"}],"inLanguage":"es"},{"@type":"Organization","@id":"https:\/\/www.rimontgowineries.com\/blog\/#organization","name":"Rimontgo Wineries","url":"https:\/\/www.rimontgowineries.com\/blog\/","logo":{"@type":"ImageObject","inLanguage":"es","@id":"https:\/\/www.rimontgowineries.com\/blog\/#\/schema\/logo\/image\/","url":"https:\/\/www.rimontgowineries.com\/blog\/wp-content\/uploads\/2020\/03\/logo_bodegas_wineries_EN.svg","contentUrl":"https:\/\/www.rimontgowineries.com\/blog\/wp-content\/uploads\/2020\/03\/logo_bodegas_wineries_EN.svg","width":134,"height":34,"caption":"Rimontgo Wineries"},"image":{"@id":"https:\/\/www.rimontgowineries.com\/blog\/#\/schema\/logo\/image\/"}},{"@type":"Person","@id":"https:\/\/www.rimontgowineries.com\/blog\/#\/schema\/person\/9dc43a22f8b4b5cca821369523f3c455","name":"Juan Luis Vanrell","image":{"@type":"ImageObject","inLanguage":"es","@id":"https:\/\/www.rimontgowineries.com\/blog\/#\/schema\/person\/image\/","url":"https:\/\/secure.gravatar.com\/avatar\/ffaf84a9253780c50f123fc18a9c2266?s=96&d=mm&r=g","contentUrl":"https:\/\/secure.gravatar.com\/avatar\/ffaf84a9253780c50f123fc18a9c2266?s=96&d=mm&r=g","caption":"Juan Luis Vanrell"},"url":"https:\/\/www.rimontgowineries.com\/blog\/author\/juanluis\/"}]}},"_links":{"self":[{"href":"https:\/\/www.rimontgowineries.com\/blog\/wp-json\/wp\/v2\/posts\/21695"}],"collection":[{"href":"https:\/\/www.rimontgowineries.com\/blog\/wp-json\/wp\/v2\/posts"}],"about":[{"href":"https:\/\/www.rimontgowineries.com\/blog\/wp-json\/wp\/v2\/types\/post"}],"author":[{"embeddable":true,"href":"https:\/\/www.rimontgowineries.com\/blog\/wp-json\/wp\/v2\/users\/2"}],"replies":[{"embeddable":true,"href":"https:\/\/www.rimontgowineries.com\/blog\/wp-json\/wp\/v2\/comments?post=21695"}],"version-history":[{"count":3,"href":"https:\/\/www.rimontgowineries.com\/blog\/wp-json\/wp\/v2\/posts\/21695\/revisions"}],"predecessor-version":[{"id":21824,"href":"https:\/\/www.rimontgowineries.com\/blog\/wp-json\/wp\/v2\/posts\/21695\/revisions\/21824"}],"wp:featuredmedia":[{"embeddable":true,"href":"https:\/\/www.rimontgowineries.com\/blog\/wp-json\/wp\/v2\/media\/21685"}],"wp:attachment":[{"href":"https:\/\/www.rimontgowineries.com\/blog\/wp-json\/wp\/v2\/media?parent=21695"}],"wp:term":[{"taxonomy":"category","embeddable":true,"href":"https:\/\/www.rimontgowineries.com\/blog\/wp-json\/wp\/v2\/categories?post=21695"},{"taxonomy":"post_tag","embeddable":true,"href":"https:\/\/www.rimontgowineries.com\/blog\/wp-json\/wp\/v2\/tags?post=21695"}],"curies":[{"name":"wp","href":"https:\/\/api.w.org\/{rel}","templated":true}]}}