{"id":21704,"date":"2023-03-10T18:48:45","date_gmt":"2023-03-10T17:48:45","guid":{"rendered":"https:\/\/www.rimontgowineries.com\/blog\/?p=21704"},"modified":"2023-03-10T18:54:58","modified_gmt":"2023-03-10T17:54:58","slug":"vin-jaune-4","status":"publish","type":"post","link":"https:\/\/www.rimontgowineries.com\/blog\/pt\/vin-jaune-4\/","title":{"rendered":"Vin jaune"},"content":{"rendered":"<p>O Jura \u00e9 uma pequena \u00e1rea no leste de Fran\u00e7a, uma zona obrigat\u00f3ria, onde s\u00e3o produzidos excelentes vinhos tintos e brancos. Entre estes \u00faltimos, as castas <em>trosseau<\/em>, <em>poulsard<\/em> e <em>pinor<\/em> <em>noir<\/em> oferecem-nos vinhos subtis, que n\u00e3o deixar\u00edamos de beber. Entre os brancos, o <em>chardonnay<\/em> e o <em>savagnin<\/em> produzem vinhos magn\u00edficos, muitos deles de grande complexidade, como \u00e9 o caso do vin jaune ou vinho amarelo, um nome que tem a sua origem na cor dourada que apresenta.<\/p>\n<p>Devido \u00e0 sua produ\u00e7\u00e3o complexa e \u00e0s nuances do seu resultado final, o <em>vin<\/em> <em>jaune<\/em> \u00e9 o vinho mais caracter\u00edstico do Jura. \u00c9 produzido exclusivamente a partir da casta <em>Savagnin<\/em>, ap\u00f3s uma vindima tardia. Ap\u00f3s fermenta\u00e7\u00e3o, o vinho permanece durante pelo menos cinco anos sob um v\u00e9u de leveduras ind\u00edgenas em barris de carvalho que n\u00e3o s\u00e3o completamente enchidos ou reenchidos durante este per\u00edodo. Assim, a concentra\u00e7\u00e3o de aromas e sabores \u00e9 favorecida pela evapora\u00e7\u00e3o natural. Este v\u00e9u (<em>voile<\/em>) \u00e9 desenvolvido pelas condi\u00e7\u00f5es ambientais da zona, sem a interven\u00e7\u00e3o do en\u00f3logo. O contacto prolongado entre o vinho e o v\u00e9u confere notas pr\u00f3prias, secas e poderosas, reminiscentes de aromas de grappa e frutos secos. O vin jaune tem muitas semelhan\u00e7as com os vinhos fortificados da regi\u00e3o de Marco de Jerez.<\/p>\n<p>O<em> vin<\/em> <em>jaune<\/em> \u00e9 comercializado pelo menos seis anos e tr\u00eas meses ap\u00f3s a colheita e \u00e9 vendido numa garrafa com uma capacidade de sessenta e dois centilitros, conhecida como <em>clavelin<\/em>. Este formato de garrafa \u00e9 o \u00fanico autorizado para comercializa\u00e7\u00e3o pela Uni\u00e3o Europeia. O volume \u00e9 marcado porque, tradicionalmente, este tem sido considerado como a quantidade de vinho restante de cada litro inicial, ap\u00f3s evapora\u00e7\u00e3o durante a fase de envelhecimento.<\/p>\n<p>O Ch\u00e2teau Chalon AOC \u00e9 a meca para este tipo de vinho, embora tamb\u00e9m sejam produzidos noutras denomina\u00e7\u00f5es no Jura. A complexidade dos vinhos amarelos aumenta com o tempo, pelo que \u00e9 aconselh\u00e1vel beb\u00ea-los ap\u00f3s alguns anos, uma vez que evoluem de uma forma sublime. Devido ao seu poder, combinam muito bem com carnes brancas e tamb\u00e9m com queijos de pasta mole gorda e forte, embora n\u00e3o tanto com peixe mole. Naturalmente, nunca \u00e9 uma m\u00e1 op\u00e7\u00e3o apreci\u00e1-los secos, em medita\u00e7\u00e3o.<\/p>\n","protected":false},"excerpt":{"rendered":"<p>O vinho amarelo, ou \u00abvinho amarelo\u00bb, tem o nome da sua cor dourada e \u00e9 produzido na regi\u00e3o do Jura no leste da Fran\u00e7a. \u00c9 o vinho mais caracter\u00edstico desta regi\u00e3o vitivin\u00edcola, devido \u00e0 complexidade da sua produ\u00e7\u00e3o<\/p>\n","protected":false},"author":2,"featured_media":21688,"comment_status":"open","ping_status":"open","sticky":false,"template":"","format":"standard","meta":{"_mi_skip_tracking":false,"_monsterinsights_sitenote_active":false,"_monsterinsights_sitenote_note":"","_monsterinsights_sitenote_category":0,"footnotes":""},"categories":[3175,3181],"tags":[],"yoast_head":"<!-- This site is optimized with the Yoast SEO plugin v21.5 - https:\/\/yoast.com\/wordpress\/plugins\/seo\/ -->\n<title>Vin Jaune | Rimontg\u00f3 Wineries<\/title>\n<meta name=\"description\" content=\"Vin Jaune&quot; \u00e9 produzido no leste de Fran\u00e7a, na vinha do Jura e cobre uma \u00e1rea de aproximadamente 90km.\" \/>\n<meta name=\"robots\" content=\"index, follow, max-snippet:-1, max-image-preview:large, max-video-preview:-1\" \/>\n<link rel=\"canonical\" href=\"https:\/\/www.rimontgowineries.com\/blog\/pt\/vin-jaune-4\/\" \/>\n<meta property=\"og:locale\" content=\"es_ES\" \/>\n<meta property=\"og:type\" content=\"article\" \/>\n<meta property=\"og:title\" content=\"Vin Jaune | Rimontg\u00f3 Wineries\" \/>\n<meta property=\"og:description\" content=\"Vin Jaune&quot; \u00e9 produzido no leste de Fran\u00e7a, na vinha do Jura e cobre uma \u00e1rea de aproximadamente 90km.\" \/>\n<meta property=\"og:url\" content=\"https:\/\/www.rimontgowineries.com\/blog\/pt\/vin-jaune-4\/\" \/>\n<meta property=\"og:site_name\" content=\"Rimontgo Wineries\" \/>\n<meta property=\"article:published_time\" content=\"2023-03-10T17:48:45+00:00\" \/>\n<meta property=\"article:modified_time\" content=\"2023-03-10T17:54:58+00:00\" \/>\n<meta property=\"og:image\" content=\"https:\/\/www.rimontgowineries.com\/blog\/wp-content\/uploads\/2023\/03\/Vin-Jaune.jpg\" \/>\n\t<meta property=\"og:image:width\" content=\"1085\" \/>\n\t<meta property=\"og:image:height\" content=\"723\" \/>\n\t<meta property=\"og:image:type\" content=\"image\/jpeg\" \/>\n<meta name=\"author\" content=\"Juan Luis Vanrell\" \/>\n<meta name=\"twitter:card\" content=\"summary_large_image\" \/>\n<meta name=\"twitter:label1\" content=\"Written by\" \/>\n\t<meta name=\"twitter:data1\" content=\"Juan Luis Vanrell\" \/>\n<script type=\"application\/ld+json\" class=\"yoast-schema-graph\">{\"@context\":\"https:\/\/schema.org\",\"@graph\":[{\"@type\":\"Article\",\"@id\":\"https:\/\/www.rimontgowineries.com\/blog\/pt\/vin-jaune-4\/#article\",\"isPartOf\":{\"@id\":\"https:\/\/www.rimontgowineries.com\/blog\/pt\/vin-jaune-4\/\"},\"author\":{\"name\":\"Juan Luis Vanrell\",\"@id\":\"https:\/\/www.rimontgowineries.com\/blog\/#\/schema\/person\/9dc43a22f8b4b5cca821369523f3c455\"},\"headline\":\"Vin jaune\",\"datePublished\":\"2023-03-10T17:48:45+00:00\",\"dateModified\":\"2023-03-10T17:54:58+00:00\",\"mainEntityOfPage\":{\"@id\":\"https:\/\/www.rimontgowineries.com\/blog\/pt\/vin-jaune-4\/\"},\"wordCount\":390,\"commentCount\":0,\"publisher\":{\"@id\":\"https:\/\/www.rimontgowineries.com\/blog\/#organization\"},\"articleSection\":[\"Adegas\",\"Mundo do vinho\"],\"inLanguage\":\"es\",\"potentialAction\":[{\"@type\":\"CommentAction\",\"name\":\"Comment\",\"target\":[\"https:\/\/www.rimontgowineries.com\/blog\/pt\/vin-jaune-4\/#respond\"]}]},{\"@type\":\"WebPage\",\"@id\":\"https:\/\/www.rimontgowineries.com\/blog\/pt\/vin-jaune-4\/\",\"url\":\"https:\/\/www.rimontgowineries.com\/blog\/pt\/vin-jaune-4\/\",\"name\":\"Vin Jaune | Rimontg\u00f3 Wineries\",\"isPartOf\":{\"@id\":\"https:\/\/www.rimontgowineries.com\/blog\/#website\"},\"datePublished\":\"2023-03-10T17:48:45+00:00\",\"dateModified\":\"2023-03-10T17:54:58+00:00\",\"description\":\"Vin Jaune\\\" \u00e9 produzido no leste de Fran\u00e7a, na vinha do Jura e cobre uma \u00e1rea de aproximadamente 90km.\",\"breadcrumb\":{\"@id\":\"https:\/\/www.rimontgowineries.com\/blog\/pt\/vin-jaune-4\/#breadcrumb\"},\"inLanguage\":\"es\",\"potentialAction\":[{\"@type\":\"ReadAction\",\"target\":[\"https:\/\/www.rimontgowineries.com\/blog\/pt\/vin-jaune-4\/\"]}]},{\"@type\":\"BreadcrumbList\",\"@id\":\"https:\/\/www.rimontgowineries.com\/blog\/pt\/vin-jaune-4\/#breadcrumb\",\"itemListElement\":[{\"@type\":\"ListItem\",\"position\":1,\"name\":\"Home\",\"item\":\"https:\/\/www.rimontgowineries.com\/blog\/es\/\"},{\"@type\":\"ListItem\",\"position\":2,\"name\":\"Vin jaune\"}]},{\"@type\":\"WebSite\",\"@id\":\"https:\/\/www.rimontgowineries.com\/blog\/#website\",\"url\":\"https:\/\/www.rimontgowineries.com\/blog\/\",\"name\":\"Rimontgo Wineries\",\"description\":\"Rimontgo Wineries\",\"publisher\":{\"@id\":\"https:\/\/www.rimontgowineries.com\/blog\/#organization\"},\"potentialAction\":[{\"@type\":\"SearchAction\",\"target\":{\"@type\":\"EntryPoint\",\"urlTemplate\":\"https:\/\/www.rimontgowineries.com\/blog\/?s={search_term_string}\"},\"query-input\":\"required name=search_term_string\"}],\"inLanguage\":\"es\"},{\"@type\":\"Organization\",\"@id\":\"https:\/\/www.rimontgowineries.com\/blog\/#organization\",\"name\":\"Rimontgo Wineries\",\"url\":\"https:\/\/www.rimontgowineries.com\/blog\/\",\"logo\":{\"@type\":\"ImageObject\",\"inLanguage\":\"es\",\"@id\":\"https:\/\/www.rimontgowineries.com\/blog\/#\/schema\/logo\/image\/\",\"url\":\"https:\/\/www.rimontgowineries.com\/blog\/wp-content\/uploads\/2020\/03\/logo_bodegas_wineries_EN.svg\",\"contentUrl\":\"https:\/\/www.rimontgowineries.com\/blog\/wp-content\/uploads\/2020\/03\/logo_bodegas_wineries_EN.svg\",\"width\":134,\"height\":34,\"caption\":\"Rimontgo Wineries\"},\"image\":{\"@id\":\"https:\/\/www.rimontgowineries.com\/blog\/#\/schema\/logo\/image\/\"}},{\"@type\":\"Person\",\"@id\":\"https:\/\/www.rimontgowineries.com\/blog\/#\/schema\/person\/9dc43a22f8b4b5cca821369523f3c455\",\"name\":\"Juan Luis Vanrell\",\"image\":{\"@type\":\"ImageObject\",\"inLanguage\":\"es\",\"@id\":\"https:\/\/www.rimontgowineries.com\/blog\/#\/schema\/person\/image\/\",\"url\":\"https:\/\/secure.gravatar.com\/avatar\/ffaf84a9253780c50f123fc18a9c2266?s=96&d=mm&r=g\",\"contentUrl\":\"https:\/\/secure.gravatar.com\/avatar\/ffaf84a9253780c50f123fc18a9c2266?s=96&d=mm&r=g\",\"caption\":\"Juan Luis Vanrell\"},\"url\":\"https:\/\/www.rimontgowineries.com\/blog\/author\/juanluis\/\"}]}<\/script>\n<!-- \/ Yoast SEO plugin. -->","yoast_head_json":{"title":"Vin Jaune | Rimontg\u00f3 Wineries","description":"Vin Jaune\" \u00e9 produzido no leste de Fran\u00e7a, na vinha do Jura e cobre uma \u00e1rea de aproximadamente 90km.","robots":{"index":"index","follow":"follow","max-snippet":"max-snippet:-1","max-image-preview":"max-image-preview:large","max-video-preview":"max-video-preview:-1"},"canonical":"https:\/\/www.rimontgowineries.com\/blog\/pt\/vin-jaune-4\/","og_locale":"es_ES","og_type":"article","og_title":"Vin Jaune | Rimontg\u00f3 Wineries","og_description":"Vin Jaune\" \u00e9 produzido no leste de Fran\u00e7a, na vinha do Jura e cobre uma \u00e1rea de aproximadamente 90km.","og_url":"https:\/\/www.rimontgowineries.com\/blog\/pt\/vin-jaune-4\/","og_site_name":"Rimontgo Wineries","article_published_time":"2023-03-10T17:48:45+00:00","article_modified_time":"2023-03-10T17:54:58+00:00","og_image":[{"width":1085,"height":723,"url":"https:\/\/www.rimontgowineries.com\/blog\/wp-content\/uploads\/2023\/03\/Vin-Jaune.jpg","type":"image\/jpeg"}],"author":"Juan Luis Vanrell","twitter_card":"summary_large_image","twitter_misc":{"Written by":"Juan Luis Vanrell"},"schema":{"@context":"https:\/\/schema.org","@graph":[{"@type":"Article","@id":"https:\/\/www.rimontgowineries.com\/blog\/pt\/vin-jaune-4\/#article","isPartOf":{"@id":"https:\/\/www.rimontgowineries.com\/blog\/pt\/vin-jaune-4\/"},"author":{"name":"Juan Luis Vanrell","@id":"https:\/\/www.rimontgowineries.com\/blog\/#\/schema\/person\/9dc43a22f8b4b5cca821369523f3c455"},"headline":"Vin jaune","datePublished":"2023-03-10T17:48:45+00:00","dateModified":"2023-03-10T17:54:58+00:00","mainEntityOfPage":{"@id":"https:\/\/www.rimontgowineries.com\/blog\/pt\/vin-jaune-4\/"},"wordCount":390,"commentCount":0,"publisher":{"@id":"https:\/\/www.rimontgowineries.com\/blog\/#organization"},"articleSection":["Adegas","Mundo do vinho"],"inLanguage":"es","potentialAction":[{"@type":"CommentAction","name":"Comment","target":["https:\/\/www.rimontgowineries.com\/blog\/pt\/vin-jaune-4\/#respond"]}]},{"@type":"WebPage","@id":"https:\/\/www.rimontgowineries.com\/blog\/pt\/vin-jaune-4\/","url":"https:\/\/www.rimontgowineries.com\/blog\/pt\/vin-jaune-4\/","name":"Vin Jaune | Rimontg\u00f3 Wineries","isPartOf":{"@id":"https:\/\/www.rimontgowineries.com\/blog\/#website"},"datePublished":"2023-03-10T17:48:45+00:00","dateModified":"2023-03-10T17:54:58+00:00","description":"Vin Jaune\" \u00e9 produzido no leste de Fran\u00e7a, na vinha do Jura e cobre uma \u00e1rea de aproximadamente 90km.","breadcrumb":{"@id":"https:\/\/www.rimontgowineries.com\/blog\/pt\/vin-jaune-4\/#breadcrumb"},"inLanguage":"es","potentialAction":[{"@type":"ReadAction","target":["https:\/\/www.rimontgowineries.com\/blog\/pt\/vin-jaune-4\/"]}]},{"@type":"BreadcrumbList","@id":"https:\/\/www.rimontgowineries.com\/blog\/pt\/vin-jaune-4\/#breadcrumb","itemListElement":[{"@type":"ListItem","position":1,"name":"Home","item":"https:\/\/www.rimontgowineries.com\/blog\/es\/"},{"@type":"ListItem","position":2,"name":"Vin jaune"}]},{"@type":"WebSite","@id":"https:\/\/www.rimontgowineries.com\/blog\/#website","url":"https:\/\/www.rimontgowineries.com\/blog\/","name":"Rimontgo Wineries","description":"Rimontgo Wineries","publisher":{"@id":"https:\/\/www.rimontgowineries.com\/blog\/#organization"},"potentialAction":[{"@type":"SearchAction","target":{"@type":"EntryPoint","urlTemplate":"https:\/\/www.rimontgowineries.com\/blog\/?s={search_term_string}"},"query-input":"required name=search_term_string"}],"inLanguage":"es"},{"@type":"Organization","@id":"https:\/\/www.rimontgowineries.com\/blog\/#organization","name":"Rimontgo Wineries","url":"https:\/\/www.rimontgowineries.com\/blog\/","logo":{"@type":"ImageObject","inLanguage":"es","@id":"https:\/\/www.rimontgowineries.com\/blog\/#\/schema\/logo\/image\/","url":"https:\/\/www.rimontgowineries.com\/blog\/wp-content\/uploads\/2020\/03\/logo_bodegas_wineries_EN.svg","contentUrl":"https:\/\/www.rimontgowineries.com\/blog\/wp-content\/uploads\/2020\/03\/logo_bodegas_wineries_EN.svg","width":134,"height":34,"caption":"Rimontgo Wineries"},"image":{"@id":"https:\/\/www.rimontgowineries.com\/blog\/#\/schema\/logo\/image\/"}},{"@type":"Person","@id":"https:\/\/www.rimontgowineries.com\/blog\/#\/schema\/person\/9dc43a22f8b4b5cca821369523f3c455","name":"Juan Luis Vanrell","image":{"@type":"ImageObject","inLanguage":"es","@id":"https:\/\/www.rimontgowineries.com\/blog\/#\/schema\/person\/image\/","url":"https:\/\/secure.gravatar.com\/avatar\/ffaf84a9253780c50f123fc18a9c2266?s=96&d=mm&r=g","contentUrl":"https:\/\/secure.gravatar.com\/avatar\/ffaf84a9253780c50f123fc18a9c2266?s=96&d=mm&r=g","caption":"Juan Luis Vanrell"},"url":"https:\/\/www.rimontgowineries.com\/blog\/author\/juanluis\/"}]}},"_links":{"self":[{"href":"https:\/\/www.rimontgowineries.com\/blog\/wp-json\/wp\/v2\/posts\/21704"}],"collection":[{"href":"https:\/\/www.rimontgowineries.com\/blog\/wp-json\/wp\/v2\/posts"}],"about":[{"href":"https:\/\/www.rimontgowineries.com\/blog\/wp-json\/wp\/v2\/types\/post"}],"author":[{"embeddable":true,"href":"https:\/\/www.rimontgowineries.com\/blog\/wp-json\/wp\/v2\/users\/2"}],"replies":[{"embeddable":true,"href":"https:\/\/www.rimontgowineries.com\/blog\/wp-json\/wp\/v2\/comments?post=21704"}],"version-history":[{"count":1,"href":"https:\/\/www.rimontgowineries.com\/blog\/wp-json\/wp\/v2\/posts\/21704\/revisions"}],"predecessor-version":[{"id":21705,"href":"https:\/\/www.rimontgowineries.com\/blog\/wp-json\/wp\/v2\/posts\/21704\/revisions\/21705"}],"wp:featuredmedia":[{"embeddable":true,"href":"https:\/\/www.rimontgowineries.com\/blog\/wp-json\/wp\/v2\/media\/21688"}],"wp:attachment":[{"href":"https:\/\/www.rimontgowineries.com\/blog\/wp-json\/wp\/v2\/media?parent=21704"}],"wp:term":[{"taxonomy":"category","embeddable":true,"href":"https:\/\/www.rimontgowineries.com\/blog\/wp-json\/wp\/v2\/categories?post=21704"},{"taxonomy":"post_tag","embeddable":true,"href":"https:\/\/www.rimontgowineries.com\/blog\/wp-json\/wp\/v2\/tags?post=21704"}],"curies":[{"name":"wp","href":"https:\/\/api.w.org\/{rel}","templated":true}]}}