{"id":21732,"date":"2017-07-10T13:58:00","date_gmt":"2017-07-10T11:58:00","guid":{"rendered":"https:\/\/www.rimontgowineries.com\/blog\/?p=21732"},"modified":"2023-03-13T17:50:46","modified_gmt":"2023-03-13T16:50:46","slug":"valencia-stost-an-diesem-wochenende-in-der-mostra-de-vins-an","status":"publish","type":"post","link":"https:\/\/www.rimontgowineries.com\/blog\/de\/valencia-stost-an-diesem-wochenende-in-der-mostra-de-vins-an\/","title":{"rendered":"Valencia st\u00f6\u00dft an diesem Wochenende in der Mostra de Vins an"},"content":{"rendered":"<p>Die Stadt beherbergt die <strong>Mostra de Vins d&#8217;Estiu<\/strong> in den N\u00e4chten vom 14., 15. und 16. Juli.<\/p>\n<p>Es ist an der Zeit, die Welt durch eine \u00f6ffentliche Veranstaltung an das Prestige der valencianischen Weine zu erinnern. Dies ist die Mostra de Vins d&#8217;Estiu, die im Programm der <strong>Gran Fira de Val\u00e8ncia<\/strong> enthalten ist, die in den N\u00e4chten des 14., 15. und 16. Juli auf der Plaza del Ayuntamiento stattfindet. Gastronomie, Workshops und gute Musik versprechen abends am kommenden Wochenende lustige Momente f\u00fcr die ganze Familie.<\/p>\n<p>So beginnt die Veranstaltung am <strong>Freitag, den 14<\/strong>., um 20:00 Uhr mit der Preisverleihung des II. Offiziellen Wettbewerbs f\u00fcr Cavas und Schaumweine, der als Veranstaltung in der Branche an Bedeutung gewinnt. Ein klassisches Jazz-Konzert mit Swing und Bossa Nova bestimmt den Rhythmus des Abends.<\/p>\n<p><strong>Samstag, der 15<\/strong>., ist ein Familientag mit einem reichhaltigen Programm an Aktivit\u00e4ten f\u00fcr Kinder, das vom Community Crafts Center geleitet wird. Ab 20:00 Uhr finden Workshops statt, in denen die Kinder beim k\u00fcnstlerischen Arbeiten \u00fcber Ern\u00e4hrungsfragen lernen sollen. Ohne auf Nachtmusik zu verzichten, diesmal von Cicco Ti\u00f1one, der Pop-Rock-Versionen internationaler Songs bietet.<\/p>\n<p>Das gro\u00dfe Weinereignis endet am<strong> Sonntag, den 16<\/strong>., wenn es auch Keramikaktivit\u00e4ten f\u00fcr die Kleinen und ein neues Konzert gibt, diesmal von Mala Conciencia, das sich auf die Musik der 80er Jahre konzentriert.Das ganze Wochenende \u00fcber wird es zus\u00e4tzlich geben mit den besten Marken der Gemeinschaft ausgestattet, damit die Anwesenden die Qualit\u00e4t des lokalen Produkts kennenlernen k\u00f6nnen.<\/p>\n<p>Diejenigen, die weitere Informationen w\u00fcnschen, k\u00f6nnen diese \u00fcber die <a href=\"http:\/\/www.visitvalencia.com\/\">Tourismus-Website von Valencia<\/a> erhalten.<\/p>\n","protected":false},"excerpt":{"rendered":"<p>In Valencia findet am 14., 15. und 16. Juli jeden Abend die Mostra de Vins d&#8217;Estiu statt, eine Veranstaltung, die ein unterhaltsames Wochenende verspricht.<\/p>\n","protected":false},"author":1,"featured_media":21055,"comment_status":"closed","ping_status":"closed","sticky":false,"template":"","format":"standard","meta":{"_mi_skip_tracking":false,"_monsterinsights_sitenote_active":false,"_monsterinsights_sitenote_note":"","_monsterinsights_sitenote_category":0,"footnotes":""},"categories":[3045],"tags":[],"yoast_head":"<!-- This site is optimized with the Yoast SEO plugin v21.5 - https:\/\/yoast.com\/wordpress\/plugins\/seo\/ -->\n<title>Die Mostra de Vins d&#039;Estiu beginnt in der Stadt Valencia | Rimontg\u00f3 Wineries<\/title>\n<meta name=\"description\" content=\"Die Stadt Valencia veranstaltet ein weiteres Jahr die Mostra de Vins d&#039;Estiu: eine \u00f6ffentliche Veranstaltung, die den valencianischen Weinen gewidmet ist.\" \/>\n<meta name=\"robots\" content=\"index, follow, max-snippet:-1, max-image-preview:large, max-video-preview:-1\" \/>\n<link rel=\"canonical\" href=\"https:\/\/www.rimontgowineries.com\/blog\/de\/valencia-stost-an-diesem-wochenende-in-der-mostra-de-vins-an\/\" \/>\n<meta property=\"og:locale\" content=\"es_ES\" \/>\n<meta property=\"og:type\" content=\"article\" \/>\n<meta property=\"og:title\" content=\"Die Mostra de Vins d&#039;Estiu beginnt in der Stadt Valencia | Rimontg\u00f3 Wineries\" \/>\n<meta property=\"og:description\" content=\"Die Stadt Valencia veranstaltet ein weiteres Jahr die Mostra de Vins d&#039;Estiu: eine \u00f6ffentliche Veranstaltung, die den valencianischen Weinen gewidmet ist.\" \/>\n<meta property=\"og:url\" content=\"https:\/\/www.rimontgowineries.com\/blog\/de\/valencia-stost-an-diesem-wochenende-in-der-mostra-de-vins-an\/\" \/>\n<meta property=\"og:site_name\" content=\"Rimontgo Wineries\" \/>\n<meta property=\"article:published_time\" content=\"2017-07-10T11:58:00+00:00\" \/>\n<meta property=\"article:modified_time\" content=\"2023-03-13T16:50:46+00:00\" \/>\n<meta property=\"og:image\" content=\"https:\/\/www.rimontgowineries.com\/blog\/wp-content\/uploads\/2020\/03\/22.-valencia-brinda-en-la-mostra-de-vins-este-fin-de-semana.jpg\" \/>\n\t<meta property=\"og:image:width\" content=\"1201\" \/>\n\t<meta property=\"og:image:height\" content=\"445\" \/>\n\t<meta property=\"og:image:type\" content=\"image\/jpeg\" \/>\n<meta name=\"author\" content=\"Rimontg\u00f3\" \/>\n<meta name=\"twitter:card\" content=\"summary_large_image\" \/>\n<meta name=\"twitter:label1\" content=\"Written by\" \/>\n\t<meta name=\"twitter:data1\" content=\"Rimontg\u00f3\" \/>\n\t<meta name=\"twitter:label2\" content=\"Est. reading time\" \/>\n\t<meta name=\"twitter:data2\" content=\"2 minutos\" \/>\n<script type=\"application\/ld+json\" class=\"yoast-schema-graph\">{\"@context\":\"https:\/\/schema.org\",\"@graph\":[{\"@type\":\"Article\",\"@id\":\"https:\/\/www.rimontgowineries.com\/blog\/de\/valencia-stost-an-diesem-wochenende-in-der-mostra-de-vins-an\/#article\",\"isPartOf\":{\"@id\":\"https:\/\/www.rimontgowineries.com\/blog\/de\/valencia-stost-an-diesem-wochenende-in-der-mostra-de-vins-an\/\"},\"author\":{\"name\":\"Rimontg\u00f3\",\"@id\":\"https:\/\/www.rimontgowineries.com\/blog\/#\/schema\/person\/6a5818c38bd30c858e2236707d38658d\"},\"headline\":\"Valencia st\u00f6\u00dft an diesem Wochenende in der Mostra de Vins an\",\"datePublished\":\"2017-07-10T11:58:00+00:00\",\"dateModified\":\"2023-03-13T16:50:46+00:00\",\"mainEntityOfPage\":{\"@id\":\"https:\/\/www.rimontgowineries.com\/blog\/de\/valencia-stost-an-diesem-wochenende-in-der-mostra-de-vins-an\/\"},\"wordCount\":271,\"publisher\":{\"@id\":\"https:\/\/www.rimontgowineries.com\/blog\/#organization\"},\"articleSection\":[\"Feste und Veranstaltungen\"],\"inLanguage\":\"es\"},{\"@type\":\"WebPage\",\"@id\":\"https:\/\/www.rimontgowineries.com\/blog\/de\/valencia-stost-an-diesem-wochenende-in-der-mostra-de-vins-an\/\",\"url\":\"https:\/\/www.rimontgowineries.com\/blog\/de\/valencia-stost-an-diesem-wochenende-in-der-mostra-de-vins-an\/\",\"name\":\"Die Mostra de Vins d'Estiu beginnt in der Stadt Valencia | Rimontg\u00f3 Wineries\",\"isPartOf\":{\"@id\":\"https:\/\/www.rimontgowineries.com\/blog\/#website\"},\"datePublished\":\"2017-07-10T11:58:00+00:00\",\"dateModified\":\"2023-03-13T16:50:46+00:00\",\"description\":\"Die Stadt Valencia veranstaltet ein weiteres Jahr die Mostra de Vins d'Estiu: eine \u00f6ffentliche Veranstaltung, die den valencianischen Weinen gewidmet ist.\",\"breadcrumb\":{\"@id\":\"https:\/\/www.rimontgowineries.com\/blog\/de\/valencia-stost-an-diesem-wochenende-in-der-mostra-de-vins-an\/#breadcrumb\"},\"inLanguage\":\"es\",\"potentialAction\":[{\"@type\":\"ReadAction\",\"target\":[\"https:\/\/www.rimontgowineries.com\/blog\/de\/valencia-stost-an-diesem-wochenende-in-der-mostra-de-vins-an\/\"]}]},{\"@type\":\"BreadcrumbList\",\"@id\":\"https:\/\/www.rimontgowineries.com\/blog\/de\/valencia-stost-an-diesem-wochenende-in-der-mostra-de-vins-an\/#breadcrumb\",\"itemListElement\":[{\"@type\":\"ListItem\",\"position\":1,\"name\":\"Home\",\"item\":\"https:\/\/www.rimontgowineries.com\/blog\/es\/\"},{\"@type\":\"ListItem\",\"position\":2,\"name\":\"Valencia st\u00f6\u00dft an diesem Wochenende in der Mostra de Vins an\"}]},{\"@type\":\"WebSite\",\"@id\":\"https:\/\/www.rimontgowineries.com\/blog\/#website\",\"url\":\"https:\/\/www.rimontgowineries.com\/blog\/\",\"name\":\"Rimontgo Wineries\",\"description\":\"Rimontgo Wineries\",\"publisher\":{\"@id\":\"https:\/\/www.rimontgowineries.com\/blog\/#organization\"},\"potentialAction\":[{\"@type\":\"SearchAction\",\"target\":{\"@type\":\"EntryPoint\",\"urlTemplate\":\"https:\/\/www.rimontgowineries.com\/blog\/?s={search_term_string}\"},\"query-input\":\"required name=search_term_string\"}],\"inLanguage\":\"es\"},{\"@type\":\"Organization\",\"@id\":\"https:\/\/www.rimontgowineries.com\/blog\/#organization\",\"name\":\"Rimontgo Wineries\",\"url\":\"https:\/\/www.rimontgowineries.com\/blog\/\",\"logo\":{\"@type\":\"ImageObject\",\"inLanguage\":\"es\",\"@id\":\"https:\/\/www.rimontgowineries.com\/blog\/#\/schema\/logo\/image\/\",\"url\":\"https:\/\/www.rimontgowineries.com\/blog\/wp-content\/uploads\/2020\/03\/logo_bodegas_wineries_EN.svg\",\"contentUrl\":\"https:\/\/www.rimontgowineries.com\/blog\/wp-content\/uploads\/2020\/03\/logo_bodegas_wineries_EN.svg\",\"width\":134,\"height\":34,\"caption\":\"Rimontgo Wineries\"},\"image\":{\"@id\":\"https:\/\/www.rimontgowineries.com\/blog\/#\/schema\/logo\/image\/\"}},{\"@type\":\"Person\",\"@id\":\"https:\/\/www.rimontgowineries.com\/blog\/#\/schema\/person\/6a5818c38bd30c858e2236707d38658d\",\"name\":\"Rimontg\u00f3\",\"image\":{\"@type\":\"ImageObject\",\"inLanguage\":\"es\",\"@id\":\"https:\/\/www.rimontgowineries.com\/blog\/#\/schema\/person\/image\/\",\"url\":\"https:\/\/secure.gravatar.com\/avatar\/13d3e33b6bb55067dd20ab7a5d23c488?s=96&d=mm&r=g\",\"contentUrl\":\"https:\/\/secure.gravatar.com\/avatar\/13d3e33b6bb55067dd20ab7a5d23c488?s=96&d=mm&r=g\",\"caption\":\"Rimontg\u00f3\"},\"url\":\"https:\/\/www.rimontgowineries.com\/blog\/author\/tecnicos\/\"}]}<\/script>\n<!-- \/ Yoast SEO plugin. -->","yoast_head_json":{"title":"Die Mostra de Vins d'Estiu beginnt in der Stadt Valencia | Rimontg\u00f3 Wineries","description":"Die Stadt Valencia veranstaltet ein weiteres Jahr die Mostra de Vins d'Estiu: eine \u00f6ffentliche Veranstaltung, die den valencianischen Weinen gewidmet ist.","robots":{"index":"index","follow":"follow","max-snippet":"max-snippet:-1","max-image-preview":"max-image-preview:large","max-video-preview":"max-video-preview:-1"},"canonical":"https:\/\/www.rimontgowineries.com\/blog\/de\/valencia-stost-an-diesem-wochenende-in-der-mostra-de-vins-an\/","og_locale":"es_ES","og_type":"article","og_title":"Die Mostra de Vins d'Estiu beginnt in der Stadt Valencia | Rimontg\u00f3 Wineries","og_description":"Die Stadt Valencia veranstaltet ein weiteres Jahr die Mostra de Vins d'Estiu: eine \u00f6ffentliche Veranstaltung, die den valencianischen Weinen gewidmet ist.","og_url":"https:\/\/www.rimontgowineries.com\/blog\/de\/valencia-stost-an-diesem-wochenende-in-der-mostra-de-vins-an\/","og_site_name":"Rimontgo Wineries","article_published_time":"2017-07-10T11:58:00+00:00","article_modified_time":"2023-03-13T16:50:46+00:00","og_image":[{"width":1201,"height":445,"url":"https:\/\/www.rimontgowineries.com\/blog\/wp-content\/uploads\/2020\/03\/22.-valencia-brinda-en-la-mostra-de-vins-este-fin-de-semana.jpg","type":"image\/jpeg"}],"author":"Rimontg\u00f3","twitter_card":"summary_large_image","twitter_misc":{"Written by":"Rimontg\u00f3","Est. reading time":"2 minutos"},"schema":{"@context":"https:\/\/schema.org","@graph":[{"@type":"Article","@id":"https:\/\/www.rimontgowineries.com\/blog\/de\/valencia-stost-an-diesem-wochenende-in-der-mostra-de-vins-an\/#article","isPartOf":{"@id":"https:\/\/www.rimontgowineries.com\/blog\/de\/valencia-stost-an-diesem-wochenende-in-der-mostra-de-vins-an\/"},"author":{"name":"Rimontg\u00f3","@id":"https:\/\/www.rimontgowineries.com\/blog\/#\/schema\/person\/6a5818c38bd30c858e2236707d38658d"},"headline":"Valencia st\u00f6\u00dft an diesem Wochenende in der Mostra de Vins an","datePublished":"2017-07-10T11:58:00+00:00","dateModified":"2023-03-13T16:50:46+00:00","mainEntityOfPage":{"@id":"https:\/\/www.rimontgowineries.com\/blog\/de\/valencia-stost-an-diesem-wochenende-in-der-mostra-de-vins-an\/"},"wordCount":271,"publisher":{"@id":"https:\/\/www.rimontgowineries.com\/blog\/#organization"},"articleSection":["Feste und Veranstaltungen"],"inLanguage":"es"},{"@type":"WebPage","@id":"https:\/\/www.rimontgowineries.com\/blog\/de\/valencia-stost-an-diesem-wochenende-in-der-mostra-de-vins-an\/","url":"https:\/\/www.rimontgowineries.com\/blog\/de\/valencia-stost-an-diesem-wochenende-in-der-mostra-de-vins-an\/","name":"Die Mostra de Vins d'Estiu beginnt in der Stadt Valencia | Rimontg\u00f3 Wineries","isPartOf":{"@id":"https:\/\/www.rimontgowineries.com\/blog\/#website"},"datePublished":"2017-07-10T11:58:00+00:00","dateModified":"2023-03-13T16:50:46+00:00","description":"Die Stadt Valencia veranstaltet ein weiteres Jahr die Mostra de Vins d'Estiu: eine \u00f6ffentliche Veranstaltung, die den valencianischen Weinen gewidmet ist.","breadcrumb":{"@id":"https:\/\/www.rimontgowineries.com\/blog\/de\/valencia-stost-an-diesem-wochenende-in-der-mostra-de-vins-an\/#breadcrumb"},"inLanguage":"es","potentialAction":[{"@type":"ReadAction","target":["https:\/\/www.rimontgowineries.com\/blog\/de\/valencia-stost-an-diesem-wochenende-in-der-mostra-de-vins-an\/"]}]},{"@type":"BreadcrumbList","@id":"https:\/\/www.rimontgowineries.com\/blog\/de\/valencia-stost-an-diesem-wochenende-in-der-mostra-de-vins-an\/#breadcrumb","itemListElement":[{"@type":"ListItem","position":1,"name":"Home","item":"https:\/\/www.rimontgowineries.com\/blog\/es\/"},{"@type":"ListItem","position":2,"name":"Valencia st\u00f6\u00dft an diesem Wochenende in der Mostra de Vins an"}]},{"@type":"WebSite","@id":"https:\/\/www.rimontgowineries.com\/blog\/#website","url":"https:\/\/www.rimontgowineries.com\/blog\/","name":"Rimontgo Wineries","description":"Rimontgo Wineries","publisher":{"@id":"https:\/\/www.rimontgowineries.com\/blog\/#organization"},"potentialAction":[{"@type":"SearchAction","target":{"@type":"EntryPoint","urlTemplate":"https:\/\/www.rimontgowineries.com\/blog\/?s={search_term_string}"},"query-input":"required name=search_term_string"}],"inLanguage":"es"},{"@type":"Organization","@id":"https:\/\/www.rimontgowineries.com\/blog\/#organization","name":"Rimontgo Wineries","url":"https:\/\/www.rimontgowineries.com\/blog\/","logo":{"@type":"ImageObject","inLanguage":"es","@id":"https:\/\/www.rimontgowineries.com\/blog\/#\/schema\/logo\/image\/","url":"https:\/\/www.rimontgowineries.com\/blog\/wp-content\/uploads\/2020\/03\/logo_bodegas_wineries_EN.svg","contentUrl":"https:\/\/www.rimontgowineries.com\/blog\/wp-content\/uploads\/2020\/03\/logo_bodegas_wineries_EN.svg","width":134,"height":34,"caption":"Rimontgo Wineries"},"image":{"@id":"https:\/\/www.rimontgowineries.com\/blog\/#\/schema\/logo\/image\/"}},{"@type":"Person","@id":"https:\/\/www.rimontgowineries.com\/blog\/#\/schema\/person\/6a5818c38bd30c858e2236707d38658d","name":"Rimontg\u00f3","image":{"@type":"ImageObject","inLanguage":"es","@id":"https:\/\/www.rimontgowineries.com\/blog\/#\/schema\/person\/image\/","url":"https:\/\/secure.gravatar.com\/avatar\/13d3e33b6bb55067dd20ab7a5d23c488?s=96&d=mm&r=g","contentUrl":"https:\/\/secure.gravatar.com\/avatar\/13d3e33b6bb55067dd20ab7a5d23c488?s=96&d=mm&r=g","caption":"Rimontg\u00f3"},"url":"https:\/\/www.rimontgowineries.com\/blog\/author\/tecnicos\/"}]}},"_links":{"self":[{"href":"https:\/\/www.rimontgowineries.com\/blog\/wp-json\/wp\/v2\/posts\/21732"}],"collection":[{"href":"https:\/\/www.rimontgowineries.com\/blog\/wp-json\/wp\/v2\/posts"}],"about":[{"href":"https:\/\/www.rimontgowineries.com\/blog\/wp-json\/wp\/v2\/types\/post"}],"author":[{"embeddable":true,"href":"https:\/\/www.rimontgowineries.com\/blog\/wp-json\/wp\/v2\/users\/1"}],"replies":[{"embeddable":true,"href":"https:\/\/www.rimontgowineries.com\/blog\/wp-json\/wp\/v2\/comments?post=21732"}],"version-history":[{"count":2,"href":"https:\/\/www.rimontgowineries.com\/blog\/wp-json\/wp\/v2\/posts\/21732\/revisions"}],"predecessor-version":[{"id":21813,"href":"https:\/\/www.rimontgowineries.com\/blog\/wp-json\/wp\/v2\/posts\/21732\/revisions\/21813"}],"wp:featuredmedia":[{"embeddable":true,"href":"https:\/\/www.rimontgowineries.com\/blog\/wp-json\/wp\/v2\/media\/21055"}],"wp:attachment":[{"href":"https:\/\/www.rimontgowineries.com\/blog\/wp-json\/wp\/v2\/media?parent=21732"}],"wp:term":[{"taxonomy":"category","embeddable":true,"href":"https:\/\/www.rimontgowineries.com\/blog\/wp-json\/wp\/v2\/categories?post=21732"},{"taxonomy":"post_tag","embeddable":true,"href":"https:\/\/www.rimontgowineries.com\/blog\/wp-json\/wp\/v2\/tags?post=21732"}],"curies":[{"name":"wp","href":"https:\/\/api.w.org\/{rel}","templated":true}]}}