{"id":21734,"date":"2017-07-10T14:02:00","date_gmt":"2017-07-10T12:02:00","guid":{"rendered":"https:\/\/www.rimontgowineries.com\/blog\/?p=21734"},"modified":"2023-03-13T17:52:23","modified_gmt":"2023-03-13T16:52:23","slug":"valence-trinque-a-la-mostra-de-vins-ce-week-end","status":"publish","type":"post","link":"https:\/\/www.rimontgowineries.com\/blog\/fr\/valence-trinque-a-la-mostra-de-vins-ce-week-end\/","title":{"rendered":"Valence trinque \u00e0 la Mostra de Vins ce week-end"},"content":{"rendered":"<p>La ville accueille la Mostra de Vins d&#8217;Estiu dans les nuits du 14, 15 et 16 juillet.<\/p>\n<p>Le moment est venu de rappeler au monde le prestige des vins valenciens \u00e0 travers un \u00e9v\u00e9nement public. Il s&#8217;agit de la<strong> Mostra de Vins d&#8217;Esti<\/strong>u, incluse dans le programme de la <strong>Gran Fira de Val\u00e8ncia<\/strong>, qui aura lieu les nuits du 14, 15 et 16 juillet sur la Plaza del Ayuntamiento. Gastronomie, ateliers et bonne musique promettent d&#8217;offrir des moments de plaisir \u00e0 toute la famille lors des soir\u00e9es du week-end prochain.<\/p>\n<p>Ainsi, l&#8217;\u00e9v\u00e9nement d\u00e9butera le <strong>vendredi 14<\/strong>, \u00e0 20h00, avec la c\u00e9r\u00e9monie de remise des prix du II Concours Officiel des cavas et des vins mousseux, qui commence \u00e0 gagner en pertinence en tant qu&#8217;\u00e9v\u00e9nement du secteur. Un concert de jazz classique rythmera la soir\u00e9e, avec du swing et de la bossa nova.<\/p>\n<p>Le <strong>samedi 15<\/strong> sera une journ\u00e9e familiale, avec un riche programme d&#8217;activit\u00e9s pour enfants dirig\u00e9 par le Community Crafts Center. \u00c0 partir de 20h00, il y aura des ateliers o\u00f9 les enfants seront amen\u00e9s \u00e0 s&#8217;initier aux probl\u00e9matiques alimentaires tout en r\u00e9alisant un travail artistique. Sans renoncer \u00e0 la musique de nuit, cette fois de Cicco Ti\u00f1one, qui propose des versions pop-rock de chansons internationales.<\/p>\n<p>Le grand \u00e9v\u00e9nement \u0153nologique se terminera le <strong>dimanche 16<\/strong>, avec des activit\u00e9s de c\u00e9ramique pour les plus petits et un nouveau concert, cette fois de Mala Conciencia et ax\u00e9 sur la musique des ann\u00e9es 80. Tout au long du week-end, en plus , sera fourni avec les meilleures marques de la Communaut\u00e9, afin que les personnes pr\u00e9sentes puissent conna\u00eetre la qualit\u00e9 du produit local.<\/p>\n<p>Ceux qui souhaitent plus d&#8217;informations peuvent les obtenir via le site <a href=\"http:\/\/www.visitvalencia.com\/\">Web touristique de Valence<\/a>.<\/p>\n","protected":false},"excerpt":{"rendered":"<p>Valence accueille la Mostra de Vins d&#8217;Estiu tous les soirs les 14, 15 et 16 juillet, un \u00e9v\u00e9nement qui promet un week-end amusant.<\/p>\n","protected":false},"author":1,"featured_media":21056,"comment_status":"closed","ping_status":"closed","sticky":false,"template":"","format":"standard","meta":{"_mi_skip_tracking":false,"_monsterinsights_sitenote_active":false,"_monsterinsights_sitenote_note":"","_monsterinsights_sitenote_category":0,"footnotes":""},"categories":[3047],"tags":[],"yoast_head":"<!-- This site is optimized with the Yoast SEO plugin v21.5 - https:\/\/yoast.com\/wordpress\/plugins\/seo\/ -->\n<title>La Mostra de Vins d&#039;Estiu commence dans la ville de Valence| Rimontg\u00f3 Wineries<\/title>\n<meta name=\"description\" content=\"La ville de Valence accueille une ann\u00e9e de plus la Mostra de Vins d&#039;Estiu : un \u00e9v\u00e9nement public d\u00e9di\u00e9 aux vins valenciens.\" \/>\n<meta name=\"robots\" content=\"index, follow, max-snippet:-1, max-image-preview:large, max-video-preview:-1\" \/>\n<link rel=\"canonical\" href=\"https:\/\/www.rimontgowineries.com\/blog\/fr\/valence-trinque-a-la-mostra-de-vins-ce-week-end\/\" \/>\n<meta property=\"og:locale\" content=\"es_ES\" \/>\n<meta property=\"og:type\" content=\"article\" \/>\n<meta property=\"og:title\" content=\"La Mostra de Vins d&#039;Estiu commence dans la ville de Valence| Rimontg\u00f3 Wineries\" \/>\n<meta property=\"og:description\" content=\"La ville de Valence accueille une ann\u00e9e de plus la Mostra de Vins d&#039;Estiu : un \u00e9v\u00e9nement public d\u00e9di\u00e9 aux vins valenciens.\" \/>\n<meta property=\"og:url\" content=\"https:\/\/www.rimontgowineries.com\/blog\/fr\/valence-trinque-a-la-mostra-de-vins-ce-week-end\/\" \/>\n<meta property=\"og:site_name\" content=\"Rimontgo Wineries\" \/>\n<meta property=\"article:published_time\" content=\"2017-07-10T12:02:00+00:00\" \/>\n<meta property=\"article:modified_time\" content=\"2023-03-13T16:52:23+00:00\" \/>\n<meta property=\"og:image\" content=\"https:\/\/www.rimontgowineries.com\/blog\/wp-content\/uploads\/2020\/03\/22.-valencia-brinda-en-la-mostra-de-vins-este-fin-de-semana.jpg\" \/>\n\t<meta property=\"og:image:width\" content=\"1201\" \/>\n\t<meta property=\"og:image:height\" content=\"445\" \/>\n\t<meta property=\"og:image:type\" content=\"image\/jpeg\" \/>\n<meta name=\"author\" content=\"Rimontg\u00f3\" \/>\n<meta name=\"twitter:card\" content=\"summary_large_image\" \/>\n<meta name=\"twitter:label1\" content=\"Written by\" \/>\n\t<meta name=\"twitter:data1\" content=\"Rimontg\u00f3\" \/>\n\t<meta name=\"twitter:label2\" content=\"Est. reading time\" \/>\n\t<meta name=\"twitter:data2\" content=\"2 minutos\" \/>\n<script type=\"application\/ld+json\" class=\"yoast-schema-graph\">{\"@context\":\"https:\/\/schema.org\",\"@graph\":[{\"@type\":\"Article\",\"@id\":\"https:\/\/www.rimontgowineries.com\/blog\/fr\/valence-trinque-a-la-mostra-de-vins-ce-week-end\/#article\",\"isPartOf\":{\"@id\":\"https:\/\/www.rimontgowineries.com\/blog\/fr\/valence-trinque-a-la-mostra-de-vins-ce-week-end\/\"},\"author\":{\"name\":\"Rimontg\u00f3\",\"@id\":\"https:\/\/www.rimontgowineries.com\/blog\/#\/schema\/person\/6a5818c38bd30c858e2236707d38658d\"},\"headline\":\"Valence trinque \u00e0 la Mostra de Vins ce week-end\",\"datePublished\":\"2017-07-10T12:02:00+00:00\",\"dateModified\":\"2023-03-13T16:52:23+00:00\",\"mainEntityOfPage\":{\"@id\":\"https:\/\/www.rimontgowineries.com\/blog\/fr\/valence-trinque-a-la-mostra-de-vins-ce-week-end\/\"},\"wordCount\":299,\"publisher\":{\"@id\":\"https:\/\/www.rimontgowineries.com\/blog\/#organization\"},\"articleSection\":[\"Festivals et \u00e9v\u00e9nements\"],\"inLanguage\":\"es\"},{\"@type\":\"WebPage\",\"@id\":\"https:\/\/www.rimontgowineries.com\/blog\/fr\/valence-trinque-a-la-mostra-de-vins-ce-week-end\/\",\"url\":\"https:\/\/www.rimontgowineries.com\/blog\/fr\/valence-trinque-a-la-mostra-de-vins-ce-week-end\/\",\"name\":\"La Mostra de Vins d'Estiu commence dans la ville de Valence| Rimontg\u00f3 Wineries\",\"isPartOf\":{\"@id\":\"https:\/\/www.rimontgowineries.com\/blog\/#website\"},\"datePublished\":\"2017-07-10T12:02:00+00:00\",\"dateModified\":\"2023-03-13T16:52:23+00:00\",\"description\":\"La ville de Valence accueille une ann\u00e9e de plus la Mostra de Vins d'Estiu : un \u00e9v\u00e9nement public d\u00e9di\u00e9 aux vins valenciens.\",\"breadcrumb\":{\"@id\":\"https:\/\/www.rimontgowineries.com\/blog\/fr\/valence-trinque-a-la-mostra-de-vins-ce-week-end\/#breadcrumb\"},\"inLanguage\":\"es\",\"potentialAction\":[{\"@type\":\"ReadAction\",\"target\":[\"https:\/\/www.rimontgowineries.com\/blog\/fr\/valence-trinque-a-la-mostra-de-vins-ce-week-end\/\"]}]},{\"@type\":\"BreadcrumbList\",\"@id\":\"https:\/\/www.rimontgowineries.com\/blog\/fr\/valence-trinque-a-la-mostra-de-vins-ce-week-end\/#breadcrumb\",\"itemListElement\":[{\"@type\":\"ListItem\",\"position\":1,\"name\":\"Home\",\"item\":\"https:\/\/www.rimontgowineries.com\/blog\/es\/\"},{\"@type\":\"ListItem\",\"position\":2,\"name\":\"Valence trinque \u00e0 la Mostra de Vins ce week-end\"}]},{\"@type\":\"WebSite\",\"@id\":\"https:\/\/www.rimontgowineries.com\/blog\/#website\",\"url\":\"https:\/\/www.rimontgowineries.com\/blog\/\",\"name\":\"Rimontgo Wineries\",\"description\":\"Rimontgo Wineries\",\"publisher\":{\"@id\":\"https:\/\/www.rimontgowineries.com\/blog\/#organization\"},\"potentialAction\":[{\"@type\":\"SearchAction\",\"target\":{\"@type\":\"EntryPoint\",\"urlTemplate\":\"https:\/\/www.rimontgowineries.com\/blog\/?s={search_term_string}\"},\"query-input\":\"required name=search_term_string\"}],\"inLanguage\":\"es\"},{\"@type\":\"Organization\",\"@id\":\"https:\/\/www.rimontgowineries.com\/blog\/#organization\",\"name\":\"Rimontgo Wineries\",\"url\":\"https:\/\/www.rimontgowineries.com\/blog\/\",\"logo\":{\"@type\":\"ImageObject\",\"inLanguage\":\"es\",\"@id\":\"https:\/\/www.rimontgowineries.com\/blog\/#\/schema\/logo\/image\/\",\"url\":\"https:\/\/www.rimontgowineries.com\/blog\/wp-content\/uploads\/2020\/03\/logo_bodegas_wineries_EN.svg\",\"contentUrl\":\"https:\/\/www.rimontgowineries.com\/blog\/wp-content\/uploads\/2020\/03\/logo_bodegas_wineries_EN.svg\",\"width\":134,\"height\":34,\"caption\":\"Rimontgo Wineries\"},\"image\":{\"@id\":\"https:\/\/www.rimontgowineries.com\/blog\/#\/schema\/logo\/image\/\"}},{\"@type\":\"Person\",\"@id\":\"https:\/\/www.rimontgowineries.com\/blog\/#\/schema\/person\/6a5818c38bd30c858e2236707d38658d\",\"name\":\"Rimontg\u00f3\",\"image\":{\"@type\":\"ImageObject\",\"inLanguage\":\"es\",\"@id\":\"https:\/\/www.rimontgowineries.com\/blog\/#\/schema\/person\/image\/\",\"url\":\"https:\/\/secure.gravatar.com\/avatar\/13d3e33b6bb55067dd20ab7a5d23c488?s=96&d=mm&r=g\",\"contentUrl\":\"https:\/\/secure.gravatar.com\/avatar\/13d3e33b6bb55067dd20ab7a5d23c488?s=96&d=mm&r=g\",\"caption\":\"Rimontg\u00f3\"},\"url\":\"https:\/\/www.rimontgowineries.com\/blog\/author\/tecnicos\/\"}]}<\/script>\n<!-- \/ Yoast SEO plugin. -->","yoast_head_json":{"title":"La Mostra de Vins d'Estiu commence dans la ville de Valence| Rimontg\u00f3 Wineries","description":"La ville de Valence accueille une ann\u00e9e de plus la Mostra de Vins d'Estiu : un \u00e9v\u00e9nement public d\u00e9di\u00e9 aux vins valenciens.","robots":{"index":"index","follow":"follow","max-snippet":"max-snippet:-1","max-image-preview":"max-image-preview:large","max-video-preview":"max-video-preview:-1"},"canonical":"https:\/\/www.rimontgowineries.com\/blog\/fr\/valence-trinque-a-la-mostra-de-vins-ce-week-end\/","og_locale":"es_ES","og_type":"article","og_title":"La Mostra de Vins d'Estiu commence dans la ville de Valence| Rimontg\u00f3 Wineries","og_description":"La ville de Valence accueille une ann\u00e9e de plus la Mostra de Vins d'Estiu : un \u00e9v\u00e9nement public d\u00e9di\u00e9 aux vins valenciens.","og_url":"https:\/\/www.rimontgowineries.com\/blog\/fr\/valence-trinque-a-la-mostra-de-vins-ce-week-end\/","og_site_name":"Rimontgo Wineries","article_published_time":"2017-07-10T12:02:00+00:00","article_modified_time":"2023-03-13T16:52:23+00:00","og_image":[{"width":1201,"height":445,"url":"https:\/\/www.rimontgowineries.com\/blog\/wp-content\/uploads\/2020\/03\/22.-valencia-brinda-en-la-mostra-de-vins-este-fin-de-semana.jpg","type":"image\/jpeg"}],"author":"Rimontg\u00f3","twitter_card":"summary_large_image","twitter_misc":{"Written by":"Rimontg\u00f3","Est. reading time":"2 minutos"},"schema":{"@context":"https:\/\/schema.org","@graph":[{"@type":"Article","@id":"https:\/\/www.rimontgowineries.com\/blog\/fr\/valence-trinque-a-la-mostra-de-vins-ce-week-end\/#article","isPartOf":{"@id":"https:\/\/www.rimontgowineries.com\/blog\/fr\/valence-trinque-a-la-mostra-de-vins-ce-week-end\/"},"author":{"name":"Rimontg\u00f3","@id":"https:\/\/www.rimontgowineries.com\/blog\/#\/schema\/person\/6a5818c38bd30c858e2236707d38658d"},"headline":"Valence trinque \u00e0 la Mostra de Vins ce week-end","datePublished":"2017-07-10T12:02:00+00:00","dateModified":"2023-03-13T16:52:23+00:00","mainEntityOfPage":{"@id":"https:\/\/www.rimontgowineries.com\/blog\/fr\/valence-trinque-a-la-mostra-de-vins-ce-week-end\/"},"wordCount":299,"publisher":{"@id":"https:\/\/www.rimontgowineries.com\/blog\/#organization"},"articleSection":["Festivals et \u00e9v\u00e9nements"],"inLanguage":"es"},{"@type":"WebPage","@id":"https:\/\/www.rimontgowineries.com\/blog\/fr\/valence-trinque-a-la-mostra-de-vins-ce-week-end\/","url":"https:\/\/www.rimontgowineries.com\/blog\/fr\/valence-trinque-a-la-mostra-de-vins-ce-week-end\/","name":"La Mostra de Vins d'Estiu commence dans la ville de Valence| Rimontg\u00f3 Wineries","isPartOf":{"@id":"https:\/\/www.rimontgowineries.com\/blog\/#website"},"datePublished":"2017-07-10T12:02:00+00:00","dateModified":"2023-03-13T16:52:23+00:00","description":"La ville de Valence accueille une ann\u00e9e de plus la Mostra de Vins d'Estiu : un \u00e9v\u00e9nement public d\u00e9di\u00e9 aux vins valenciens.","breadcrumb":{"@id":"https:\/\/www.rimontgowineries.com\/blog\/fr\/valence-trinque-a-la-mostra-de-vins-ce-week-end\/#breadcrumb"},"inLanguage":"es","potentialAction":[{"@type":"ReadAction","target":["https:\/\/www.rimontgowineries.com\/blog\/fr\/valence-trinque-a-la-mostra-de-vins-ce-week-end\/"]}]},{"@type":"BreadcrumbList","@id":"https:\/\/www.rimontgowineries.com\/blog\/fr\/valence-trinque-a-la-mostra-de-vins-ce-week-end\/#breadcrumb","itemListElement":[{"@type":"ListItem","position":1,"name":"Home","item":"https:\/\/www.rimontgowineries.com\/blog\/es\/"},{"@type":"ListItem","position":2,"name":"Valence trinque \u00e0 la Mostra de Vins ce week-end"}]},{"@type":"WebSite","@id":"https:\/\/www.rimontgowineries.com\/blog\/#website","url":"https:\/\/www.rimontgowineries.com\/blog\/","name":"Rimontgo Wineries","description":"Rimontgo Wineries","publisher":{"@id":"https:\/\/www.rimontgowineries.com\/blog\/#organization"},"potentialAction":[{"@type":"SearchAction","target":{"@type":"EntryPoint","urlTemplate":"https:\/\/www.rimontgowineries.com\/blog\/?s={search_term_string}"},"query-input":"required name=search_term_string"}],"inLanguage":"es"},{"@type":"Organization","@id":"https:\/\/www.rimontgowineries.com\/blog\/#organization","name":"Rimontgo Wineries","url":"https:\/\/www.rimontgowineries.com\/blog\/","logo":{"@type":"ImageObject","inLanguage":"es","@id":"https:\/\/www.rimontgowineries.com\/blog\/#\/schema\/logo\/image\/","url":"https:\/\/www.rimontgowineries.com\/blog\/wp-content\/uploads\/2020\/03\/logo_bodegas_wineries_EN.svg","contentUrl":"https:\/\/www.rimontgowineries.com\/blog\/wp-content\/uploads\/2020\/03\/logo_bodegas_wineries_EN.svg","width":134,"height":34,"caption":"Rimontgo Wineries"},"image":{"@id":"https:\/\/www.rimontgowineries.com\/blog\/#\/schema\/logo\/image\/"}},{"@type":"Person","@id":"https:\/\/www.rimontgowineries.com\/blog\/#\/schema\/person\/6a5818c38bd30c858e2236707d38658d","name":"Rimontg\u00f3","image":{"@type":"ImageObject","inLanguage":"es","@id":"https:\/\/www.rimontgowineries.com\/blog\/#\/schema\/person\/image\/","url":"https:\/\/secure.gravatar.com\/avatar\/13d3e33b6bb55067dd20ab7a5d23c488?s=96&d=mm&r=g","contentUrl":"https:\/\/secure.gravatar.com\/avatar\/13d3e33b6bb55067dd20ab7a5d23c488?s=96&d=mm&r=g","caption":"Rimontg\u00f3"},"url":"https:\/\/www.rimontgowineries.com\/blog\/author\/tecnicos\/"}]}},"_links":{"self":[{"href":"https:\/\/www.rimontgowineries.com\/blog\/wp-json\/wp\/v2\/posts\/21734"}],"collection":[{"href":"https:\/\/www.rimontgowineries.com\/blog\/wp-json\/wp\/v2\/posts"}],"about":[{"href":"https:\/\/www.rimontgowineries.com\/blog\/wp-json\/wp\/v2\/types\/post"}],"author":[{"embeddable":true,"href":"https:\/\/www.rimontgowineries.com\/blog\/wp-json\/wp\/v2\/users\/1"}],"replies":[{"embeddable":true,"href":"https:\/\/www.rimontgowineries.com\/blog\/wp-json\/wp\/v2\/comments?post=21734"}],"version-history":[{"count":2,"href":"https:\/\/www.rimontgowineries.com\/blog\/wp-json\/wp\/v2\/posts\/21734\/revisions"}],"predecessor-version":[{"id":21815,"href":"https:\/\/www.rimontgowineries.com\/blog\/wp-json\/wp\/v2\/posts\/21734\/revisions\/21815"}],"wp:featuredmedia":[{"embeddable":true,"href":"https:\/\/www.rimontgowineries.com\/blog\/wp-json\/wp\/v2\/media\/21056"}],"wp:attachment":[{"href":"https:\/\/www.rimontgowineries.com\/blog\/wp-json\/wp\/v2\/media?parent=21734"}],"wp:term":[{"taxonomy":"category","embeddable":true,"href":"https:\/\/www.rimontgowineries.com\/blog\/wp-json\/wp\/v2\/categories?post=21734"},{"taxonomy":"post_tag","embeddable":true,"href":"https:\/\/www.rimontgowineries.com\/blog\/wp-json\/wp\/v2\/tags?post=21734"}],"curies":[{"name":"wp","href":"https:\/\/api.w.org\/{rel}","templated":true}]}}