{"id":21754,"date":"2017-08-24T14:25:00","date_gmt":"2017-08-24T12:25:00","guid":{"rendered":"https:\/\/www.rimontgowineries.com\/blog\/?p=21754"},"modified":"2023-03-13T17:59:24","modified_gmt":"2023-03-13T16:59:24","slug":"5-grunde-ferevin-nicht-zu-verpassen","status":"publish","type":"post","link":"https:\/\/www.rimontgowineries.com\/blog\/de\/5-grunde-ferevin-nicht-zu-verpassen\/","title":{"rendered":"5 Gr\u00fcnde, Ferevin nicht zu verpassen"},"content":{"rendered":"<p>5 Gr\u00fcnde, Ferevin nicht zu verpassen<\/p>\n<p>Die valencianischen Weing\u00fcter treffen sich wieder auf der Requenense Wine Fair (Ferevin), die dieses Jahr vom 24. bis 27. August stattfindet und voller G\u00e4ste und Verkostungen ist<\/p>\n<p>Dass Requena f\u00fcr die Qualit\u00e4t seiner Weine ber\u00fchmt ist, ist allen Valencianern, aber zunehmend auch Ausl\u00e4ndern bekannt. Um die Produkte der Region weiter zu verbreiten, findet jedes Jahr die <strong>Requenense Wine Fair (Ferevin<\/strong>) statt, die diesem Kurs gegen\u00fcbersteht seine 26. Die Veranstaltung, die von heute bis Sonntag, den 27. August, stattfinden wird, bringt die wichtigsten zusammen <a href=\"https:\/\/www.rimontgo.es\/inversion-venta-bodegas-vi%C3%B1edos\/\">Weing\u00fcter in der Umgebung<\/a>, f\u00e4llt mit den wichtigsten Festen der Gemeinde zusammen und markiert einen Wendepunkt im Kalender der Einwohner. Diejenigen, die schon einmal dabei waren, brauchen keine weiteren Gr\u00fcnde, um die Erfahrung zu wiederholen. F\u00fcr Anf\u00e4nger sind hier 5 \u00fcberzeugende Gr\u00fcnde, die Sie dazu bringen werden, Ihr Glas zu erheben und nachdr\u00fccklich anzusto\u00dfen, wenn es fast Erntezeit ist.<\/p>\n<p><strong>1) Es wird diejenigen geben, die es sein m\u00fcssen<\/strong><\/p>\n<p>Die <strong>wichtigsten Winzer von Requena<\/strong> wissen, wie wichtig es ist, bei dieser Veranstaltung pr\u00e4sent zu sein. Sebir\u00e1n, Sierra Norte, Covi\u00f1as, Cuevas, Murviedro, Dominio de la Vega, Vicente Gandia, Pago de Tharsys, Torreo Oria&#8230; sie alle werden an der Veranstaltung teilnehmen, ebenso wie die D.O. Utiel-Requena. Die Messe ist ein Beweis f\u00fcr die Fortschritte, die Unternehmen in der Region in den letzten Jahrzehnten erlebt haben, indem sie ihre Produktionssysteme modernisierten, ihre Vertriebskan\u00e4le strafften und qualitativ hochwertige Abf\u00fcllungen mit zunehmendem Ruhm erreichten. Das Qualit\u00e4tsimage des valencianischen Weins w\u00e4chst durch Partnerschaften mit dem Sektor.<\/p>\n<p><strong>2) Workshops, Verkostungen, Verkostungen&#8230;<\/strong><\/p>\n<p>F\u00fcr Langeweile bleibt keine Zeit. Das Programm von Ferevin 2017 umfasst Wettbewerbe, kommentierte Verkostungen und sogar eine <strong>offene Kochsession,<\/strong> bei der die Hausfrauen von Requena die typischen Produkte der Region probieren werden. Es sollte daran erinnert werden, dass wir uns in einem Gebiet von gro\u00dfem gastronomischem Wert befinden, in dem L\u00f6ffelgerichte hervorstechen, insbesondere Reis und Kartoffeln sowie W\u00fcrste, die von der gesch\u00fctzten geografischen Angabe abgedeckt sind. Es ist eine gro\u00dfartige Gelegenheit, unter anderem Wurst, Chorizo, G\u00fce\u00f1a, Hunde- oder Blutwurst zu probieren. Den Besuchern wird ein Verkostungsgutschein im Wert von 8 Euro zur Verf\u00fcgung gestellt.<\/p>\n<p><strong>3) Die Zeit f\u00fcr Cava ist gekommen<\/strong><br \/>Das Prestige von Requena in der Herstellung von Schaumweinen wird immer ber\u00fcchtigter, wie die Gr\u00fcndung <strong>der Vereinigung der Cava-Produzenten von Requena<\/strong> best\u00e4tigt, die aus bis zu acht Weing\u00fctern besteht. Cava hat <a href=\"https:\/\/www.rimontgo.es\/inversion-venta-bodegas-vi%C3%B1edos\/\">das katalanische Weinetikett<\/a> erhalten, aber die Wahrheit ist, dass sich seine Produktion zu diversifizieren beginnt. Die valencianischen Chardonnay-Plantagen wachsen exponentiell, mit der gleichen Geschwindigkeit, mit der die Weing\u00fcter von Requena beginnen, Preise bei verschiedenen Wettbewerben auf der ganzen Welt zu gewinnen. Nun, in dieser Hinsicht stechen Dominion de la Vega, Pago de Tarsys, Torre Oria und Castell del Sorells hervor.<\/p>\n<p><strong>4) Logistikeinrichtungen<\/strong><br \/>Als Neuheit in diesem Jahr bleibt das Messegel\u00e4nde ganzt\u00e4gig von 11 bis 22 Uhr ge\u00f6ffnet (mit Ausnahme des Sonntags, an dem die Schlie\u00dfung um 14:30 Uhr erfolgt). Die Besucher haben viel Zeit, um die Weine und Cavas zu genie\u00dfen, ohne sich Gedanken \u00fcber das Trinken von Alkohol machen zu m\u00fcssen. Am Freitag, den 25. August, gibt es kostenlose Busse aus Valencia f\u00fcr alle, die die Messe besuchen m\u00f6chten und sich keine Sorgen um Parken oder Fahren machen m\u00fcssen. Au\u00dferdem gibt es 30 % Rabatt auf den Verkostungsgutschein f\u00fcr diejenigen, die nachweisen, dass sie mit Renfe Cercan\u00edas anreisen, um die Nutzung \u00f6ffentlicher Verkehrsmittel zu f\u00f6rdern.<br \/>Au\u00dferdem gibt es 30 % Rabatt auf den Verkostungsgutschein f\u00fcr diejenigen, die nachweisen, dass sie mit Renfe Cercan\u00edas anreisen, um die Nutzung \u00f6ffentlicher Verkehrsmittel zu f\u00f6rdern.<\/p>\n<p><strong>5) Die Erntesaison beginnt<\/strong><br \/>Obwohl es an der Zeit ist, sich vom Sommer zu verabschieden, begr\u00fc\u00dfen die Bewohner von Requena eine f\u00fcr sie sehr wichtige Saison. Die Rede ist von den Erntemonaten, die auf der Nordhalbkugel zwischen <strong>August und Oktober<\/strong> liegen. Die Ernennung f\u00e4llt auch mit der Feier der gro\u00dfen Feste der Gemeinde zusammen. Es gibt keinen Zweifel an dem besonderen Moment f\u00fcr die Bauern in der Gegend, wo der Wein eine wesentliche Lebensweise ist.<\/p>\n<p>Au\u00dferdem gibt es 30 % Rabatt auf den Verkostungsgutschein f\u00fcr diejenigen, die nachweisen, dass sie mit Renfe Cercan\u00edas angekommen sind, um die Nutzung \u00f6ffentlicher Verkehrsmittel zu f\u00f6rdern.<\/p>\n\n\n<p><br><\/p>\n","protected":false},"excerpt":{"rendered":"<p>Ferevin, Requenense Wine Fair, bietet eine einzigartige Gelegenheit, die besten Weine zu entdecken, die in den Weing\u00fctern dieser valencianischen Region produziert werden.<\/p>\n","protected":false},"author":1,"featured_media":20977,"comment_status":"open","ping_status":"open","sticky":false,"template":"","format":"standard","meta":{"_mi_skip_tracking":false,"_monsterinsights_sitenote_active":false,"_monsterinsights_sitenote_note":"","_monsterinsights_sitenote_category":0,"footnotes":""},"categories":[3045],"tags":[],"yoast_head":"<!-- This site is optimized with the Yoast SEO plugin v21.5 - https:\/\/yoast.com\/wordpress\/plugins\/seo\/ -->\n<title>Ferevin: Qualit\u00e4tsweine auf der Requenense Wine Fair | Rimontg\u00f3 Wineries<\/title>\n<meta name=\"description\" content=\"Ferevin, Requenense Wine Fair, bietet eine einzigartige Gelegenheit, die besten Weine zu entdecken, die in den Weing\u00fctern dieser valencianischen Region produziert werden.\" \/>\n<meta name=\"robots\" content=\"index, follow, max-snippet:-1, max-image-preview:large, max-video-preview:-1\" \/>\n<link rel=\"canonical\" href=\"https:\/\/www.rimontgowineries.com\/blog\/de\/5-grunde-ferevin-nicht-zu-verpassen\/\" \/>\n<meta property=\"og:locale\" content=\"es_ES\" \/>\n<meta property=\"og:type\" content=\"article\" \/>\n<meta property=\"og:title\" content=\"Ferevin: Qualit\u00e4tsweine auf der Requenense Wine Fair | Rimontg\u00f3 Wineries\" \/>\n<meta property=\"og:description\" content=\"Ferevin, Requenense Wine Fair, bietet eine einzigartige Gelegenheit, die besten Weine zu entdecken, die in den Weing\u00fctern dieser valencianischen Region produziert werden.\" \/>\n<meta property=\"og:url\" content=\"https:\/\/www.rimontgowineries.com\/blog\/de\/5-grunde-ferevin-nicht-zu-verpassen\/\" \/>\n<meta property=\"og:site_name\" content=\"Rimontgo Wineries\" \/>\n<meta property=\"article:published_time\" content=\"2017-08-24T12:25:00+00:00\" \/>\n<meta property=\"article:modified_time\" content=\"2023-03-13T16:59:24+00:00\" \/>\n<meta property=\"og:image\" content=\"https:\/\/www.rimontgowineries.com\/blog\/wp-content\/uploads\/2020\/07\/Vinos-de-Requena.jpg\" \/>\n\t<meta property=\"og:image:width\" content=\"625\" \/>\n\t<meta property=\"og:image:height\" content=\"322\" \/>\n\t<meta property=\"og:image:type\" content=\"image\/jpeg\" \/>\n<meta name=\"author\" content=\"Rimontg\u00f3\" \/>\n<meta name=\"twitter:card\" content=\"summary_large_image\" \/>\n<meta name=\"twitter:label1\" content=\"Written by\" \/>\n\t<meta name=\"twitter:data1\" content=\"Rimontg\u00f3\" \/>\n\t<meta name=\"twitter:label2\" content=\"Est. reading time\" \/>\n\t<meta name=\"twitter:data2\" content=\"4 minutos\" \/>\n<script type=\"application\/ld+json\" class=\"yoast-schema-graph\">{\"@context\":\"https:\/\/schema.org\",\"@graph\":[{\"@type\":\"Article\",\"@id\":\"https:\/\/www.rimontgowineries.com\/blog\/de\/5-grunde-ferevin-nicht-zu-verpassen\/#article\",\"isPartOf\":{\"@id\":\"https:\/\/www.rimontgowineries.com\/blog\/de\/5-grunde-ferevin-nicht-zu-verpassen\/\"},\"author\":{\"name\":\"Rimontg\u00f3\",\"@id\":\"https:\/\/www.rimontgowineries.com\/blog\/#\/schema\/person\/6a5818c38bd30c858e2236707d38658d\"},\"headline\":\"5 Gr\u00fcnde, Ferevin nicht zu verpassen\",\"datePublished\":\"2017-08-24T12:25:00+00:00\",\"dateModified\":\"2023-03-13T16:59:24+00:00\",\"mainEntityOfPage\":{\"@id\":\"https:\/\/www.rimontgowineries.com\/blog\/de\/5-grunde-ferevin-nicht-zu-verpassen\/\"},\"wordCount\":728,\"commentCount\":0,\"publisher\":{\"@id\":\"https:\/\/www.rimontgowineries.com\/blog\/#organization\"},\"articleSection\":[\"Feste und Veranstaltungen\"],\"inLanguage\":\"es\",\"potentialAction\":[{\"@type\":\"CommentAction\",\"name\":\"Comment\",\"target\":[\"https:\/\/www.rimontgowineries.com\/blog\/de\/5-grunde-ferevin-nicht-zu-verpassen\/#respond\"]}]},{\"@type\":\"WebPage\",\"@id\":\"https:\/\/www.rimontgowineries.com\/blog\/de\/5-grunde-ferevin-nicht-zu-verpassen\/\",\"url\":\"https:\/\/www.rimontgowineries.com\/blog\/de\/5-grunde-ferevin-nicht-zu-verpassen\/\",\"name\":\"Ferevin: Qualit\u00e4tsweine auf der Requenense Wine Fair | Rimontg\u00f3 Wineries\",\"isPartOf\":{\"@id\":\"https:\/\/www.rimontgowineries.com\/blog\/#website\"},\"datePublished\":\"2017-08-24T12:25:00+00:00\",\"dateModified\":\"2023-03-13T16:59:24+00:00\",\"description\":\"Ferevin, Requenense Wine Fair, bietet eine einzigartige Gelegenheit, die besten Weine zu entdecken, die in den Weing\u00fctern dieser valencianischen Region produziert werden.\",\"breadcrumb\":{\"@id\":\"https:\/\/www.rimontgowineries.com\/blog\/de\/5-grunde-ferevin-nicht-zu-verpassen\/#breadcrumb\"},\"inLanguage\":\"es\",\"potentialAction\":[{\"@type\":\"ReadAction\",\"target\":[\"https:\/\/www.rimontgowineries.com\/blog\/de\/5-grunde-ferevin-nicht-zu-verpassen\/\"]}]},{\"@type\":\"BreadcrumbList\",\"@id\":\"https:\/\/www.rimontgowineries.com\/blog\/de\/5-grunde-ferevin-nicht-zu-verpassen\/#breadcrumb\",\"itemListElement\":[{\"@type\":\"ListItem\",\"position\":1,\"name\":\"Home\",\"item\":\"https:\/\/www.rimontgowineries.com\/blog\/es\/\"},{\"@type\":\"ListItem\",\"position\":2,\"name\":\"5 Gr\u00fcnde, Ferevin nicht zu verpassen\"}]},{\"@type\":\"WebSite\",\"@id\":\"https:\/\/www.rimontgowineries.com\/blog\/#website\",\"url\":\"https:\/\/www.rimontgowineries.com\/blog\/\",\"name\":\"Rimontgo Wineries\",\"description\":\"Rimontgo Wineries\",\"publisher\":{\"@id\":\"https:\/\/www.rimontgowineries.com\/blog\/#organization\"},\"potentialAction\":[{\"@type\":\"SearchAction\",\"target\":{\"@type\":\"EntryPoint\",\"urlTemplate\":\"https:\/\/www.rimontgowineries.com\/blog\/?s={search_term_string}\"},\"query-input\":\"required name=search_term_string\"}],\"inLanguage\":\"es\"},{\"@type\":\"Organization\",\"@id\":\"https:\/\/www.rimontgowineries.com\/blog\/#organization\",\"name\":\"Rimontgo Wineries\",\"url\":\"https:\/\/www.rimontgowineries.com\/blog\/\",\"logo\":{\"@type\":\"ImageObject\",\"inLanguage\":\"es\",\"@id\":\"https:\/\/www.rimontgowineries.com\/blog\/#\/schema\/logo\/image\/\",\"url\":\"https:\/\/www.rimontgowineries.com\/blog\/wp-content\/uploads\/2020\/03\/logo_bodegas_wineries_EN.svg\",\"contentUrl\":\"https:\/\/www.rimontgowineries.com\/blog\/wp-content\/uploads\/2020\/03\/logo_bodegas_wineries_EN.svg\",\"width\":134,\"height\":34,\"caption\":\"Rimontgo Wineries\"},\"image\":{\"@id\":\"https:\/\/www.rimontgowineries.com\/blog\/#\/schema\/logo\/image\/\"}},{\"@type\":\"Person\",\"@id\":\"https:\/\/www.rimontgowineries.com\/blog\/#\/schema\/person\/6a5818c38bd30c858e2236707d38658d\",\"name\":\"Rimontg\u00f3\",\"image\":{\"@type\":\"ImageObject\",\"inLanguage\":\"es\",\"@id\":\"https:\/\/www.rimontgowineries.com\/blog\/#\/schema\/person\/image\/\",\"url\":\"https:\/\/secure.gravatar.com\/avatar\/13d3e33b6bb55067dd20ab7a5d23c488?s=96&d=mm&r=g\",\"contentUrl\":\"https:\/\/secure.gravatar.com\/avatar\/13d3e33b6bb55067dd20ab7a5d23c488?s=96&d=mm&r=g\",\"caption\":\"Rimontg\u00f3\"},\"url\":\"https:\/\/www.rimontgowineries.com\/blog\/author\/tecnicos\/\"}]}<\/script>\n<!-- \/ Yoast SEO plugin. -->","yoast_head_json":{"title":"Ferevin: Qualit\u00e4tsweine auf der Requenense Wine Fair | Rimontg\u00f3 Wineries","description":"Ferevin, Requenense Wine Fair, bietet eine einzigartige Gelegenheit, die besten Weine zu entdecken, die in den Weing\u00fctern dieser valencianischen Region produziert werden.","robots":{"index":"index","follow":"follow","max-snippet":"max-snippet:-1","max-image-preview":"max-image-preview:large","max-video-preview":"max-video-preview:-1"},"canonical":"https:\/\/www.rimontgowineries.com\/blog\/de\/5-grunde-ferevin-nicht-zu-verpassen\/","og_locale":"es_ES","og_type":"article","og_title":"Ferevin: Qualit\u00e4tsweine auf der Requenense Wine Fair | Rimontg\u00f3 Wineries","og_description":"Ferevin, Requenense Wine Fair, bietet eine einzigartige Gelegenheit, die besten Weine zu entdecken, die in den Weing\u00fctern dieser valencianischen Region produziert werden.","og_url":"https:\/\/www.rimontgowineries.com\/blog\/de\/5-grunde-ferevin-nicht-zu-verpassen\/","og_site_name":"Rimontgo Wineries","article_published_time":"2017-08-24T12:25:00+00:00","article_modified_time":"2023-03-13T16:59:24+00:00","og_image":[{"width":625,"height":322,"url":"https:\/\/www.rimontgowineries.com\/blog\/wp-content\/uploads\/2020\/07\/Vinos-de-Requena.jpg","type":"image\/jpeg"}],"author":"Rimontg\u00f3","twitter_card":"summary_large_image","twitter_misc":{"Written by":"Rimontg\u00f3","Est. reading time":"4 minutos"},"schema":{"@context":"https:\/\/schema.org","@graph":[{"@type":"Article","@id":"https:\/\/www.rimontgowineries.com\/blog\/de\/5-grunde-ferevin-nicht-zu-verpassen\/#article","isPartOf":{"@id":"https:\/\/www.rimontgowineries.com\/blog\/de\/5-grunde-ferevin-nicht-zu-verpassen\/"},"author":{"name":"Rimontg\u00f3","@id":"https:\/\/www.rimontgowineries.com\/blog\/#\/schema\/person\/6a5818c38bd30c858e2236707d38658d"},"headline":"5 Gr\u00fcnde, Ferevin nicht zu verpassen","datePublished":"2017-08-24T12:25:00+00:00","dateModified":"2023-03-13T16:59:24+00:00","mainEntityOfPage":{"@id":"https:\/\/www.rimontgowineries.com\/blog\/de\/5-grunde-ferevin-nicht-zu-verpassen\/"},"wordCount":728,"commentCount":0,"publisher":{"@id":"https:\/\/www.rimontgowineries.com\/blog\/#organization"},"articleSection":["Feste und Veranstaltungen"],"inLanguage":"es","potentialAction":[{"@type":"CommentAction","name":"Comment","target":["https:\/\/www.rimontgowineries.com\/blog\/de\/5-grunde-ferevin-nicht-zu-verpassen\/#respond"]}]},{"@type":"WebPage","@id":"https:\/\/www.rimontgowineries.com\/blog\/de\/5-grunde-ferevin-nicht-zu-verpassen\/","url":"https:\/\/www.rimontgowineries.com\/blog\/de\/5-grunde-ferevin-nicht-zu-verpassen\/","name":"Ferevin: Qualit\u00e4tsweine auf der Requenense Wine Fair | Rimontg\u00f3 Wineries","isPartOf":{"@id":"https:\/\/www.rimontgowineries.com\/blog\/#website"},"datePublished":"2017-08-24T12:25:00+00:00","dateModified":"2023-03-13T16:59:24+00:00","description":"Ferevin, Requenense Wine Fair, bietet eine einzigartige Gelegenheit, die besten Weine zu entdecken, die in den Weing\u00fctern dieser valencianischen Region produziert werden.","breadcrumb":{"@id":"https:\/\/www.rimontgowineries.com\/blog\/de\/5-grunde-ferevin-nicht-zu-verpassen\/#breadcrumb"},"inLanguage":"es","potentialAction":[{"@type":"ReadAction","target":["https:\/\/www.rimontgowineries.com\/blog\/de\/5-grunde-ferevin-nicht-zu-verpassen\/"]}]},{"@type":"BreadcrumbList","@id":"https:\/\/www.rimontgowineries.com\/blog\/de\/5-grunde-ferevin-nicht-zu-verpassen\/#breadcrumb","itemListElement":[{"@type":"ListItem","position":1,"name":"Home","item":"https:\/\/www.rimontgowineries.com\/blog\/es\/"},{"@type":"ListItem","position":2,"name":"5 Gr\u00fcnde, Ferevin nicht zu verpassen"}]},{"@type":"WebSite","@id":"https:\/\/www.rimontgowineries.com\/blog\/#website","url":"https:\/\/www.rimontgowineries.com\/blog\/","name":"Rimontgo Wineries","description":"Rimontgo Wineries","publisher":{"@id":"https:\/\/www.rimontgowineries.com\/blog\/#organization"},"potentialAction":[{"@type":"SearchAction","target":{"@type":"EntryPoint","urlTemplate":"https:\/\/www.rimontgowineries.com\/blog\/?s={search_term_string}"},"query-input":"required name=search_term_string"}],"inLanguage":"es"},{"@type":"Organization","@id":"https:\/\/www.rimontgowineries.com\/blog\/#organization","name":"Rimontgo Wineries","url":"https:\/\/www.rimontgowineries.com\/blog\/","logo":{"@type":"ImageObject","inLanguage":"es","@id":"https:\/\/www.rimontgowineries.com\/blog\/#\/schema\/logo\/image\/","url":"https:\/\/www.rimontgowineries.com\/blog\/wp-content\/uploads\/2020\/03\/logo_bodegas_wineries_EN.svg","contentUrl":"https:\/\/www.rimontgowineries.com\/blog\/wp-content\/uploads\/2020\/03\/logo_bodegas_wineries_EN.svg","width":134,"height":34,"caption":"Rimontgo Wineries"},"image":{"@id":"https:\/\/www.rimontgowineries.com\/blog\/#\/schema\/logo\/image\/"}},{"@type":"Person","@id":"https:\/\/www.rimontgowineries.com\/blog\/#\/schema\/person\/6a5818c38bd30c858e2236707d38658d","name":"Rimontg\u00f3","image":{"@type":"ImageObject","inLanguage":"es","@id":"https:\/\/www.rimontgowineries.com\/blog\/#\/schema\/person\/image\/","url":"https:\/\/secure.gravatar.com\/avatar\/13d3e33b6bb55067dd20ab7a5d23c488?s=96&d=mm&r=g","contentUrl":"https:\/\/secure.gravatar.com\/avatar\/13d3e33b6bb55067dd20ab7a5d23c488?s=96&d=mm&r=g","caption":"Rimontg\u00f3"},"url":"https:\/\/www.rimontgowineries.com\/blog\/author\/tecnicos\/"}]}},"_links":{"self":[{"href":"https:\/\/www.rimontgowineries.com\/blog\/wp-json\/wp\/v2\/posts\/21754"}],"collection":[{"href":"https:\/\/www.rimontgowineries.com\/blog\/wp-json\/wp\/v2\/posts"}],"about":[{"href":"https:\/\/www.rimontgowineries.com\/blog\/wp-json\/wp\/v2\/types\/post"}],"author":[{"embeddable":true,"href":"https:\/\/www.rimontgowineries.com\/blog\/wp-json\/wp\/v2\/users\/1"}],"replies":[{"embeddable":true,"href":"https:\/\/www.rimontgowineries.com\/blog\/wp-json\/wp\/v2\/comments?post=21754"}],"version-history":[{"count":3,"href":"https:\/\/www.rimontgowineries.com\/blog\/wp-json\/wp\/v2\/posts\/21754\/revisions"}],"predecessor-version":[{"id":21819,"href":"https:\/\/www.rimontgowineries.com\/blog\/wp-json\/wp\/v2\/posts\/21754\/revisions\/21819"}],"wp:featuredmedia":[{"embeddable":true,"href":"https:\/\/www.rimontgowineries.com\/blog\/wp-json\/wp\/v2\/media\/20977"}],"wp:attachment":[{"href":"https:\/\/www.rimontgowineries.com\/blog\/wp-json\/wp\/v2\/media?parent=21754"}],"wp:term":[{"taxonomy":"category","embeddable":true,"href":"https:\/\/www.rimontgowineries.com\/blog\/wp-json\/wp\/v2\/categories?post=21754"},{"taxonomy":"post_tag","embeddable":true,"href":"https:\/\/www.rimontgowineries.com\/blog\/wp-json\/wp\/v2\/tags?post=21754"}],"curies":[{"name":"wp","href":"https:\/\/api.w.org\/{rel}","templated":true}]}}