{"id":21892,"date":"2023-03-23T19:46:11","date_gmt":"2023-03-23T18:46:11","guid":{"rendered":"https:\/\/www.rimontgowineries.com\/blog\/?p=21892"},"modified":"2023-04-03T15:15:24","modified_gmt":"2023-04-03T13:15:24","slug":"coulee-de-serrant-3","status":"publish","type":"post","link":"https:\/\/www.rimontgowineries.com\/blog\/de\/coulee-de-serrant-3\/","title":{"rendered":"Coul\u00e9e de Serrant"},"content":{"rendered":"<p>La Coul\u00e9e de Serrant (Savennieres) stammt aus dem 12. Jahrhundert, als Zisterzienserm\u00f6nche dieses St\u00fcck Land zum ersten Mal bearbeiteten. Das Grundst\u00fcck hat eine eigene Zahlungsbezeichnung und seine sieben Hektar sind ausschlie\u00dflich mit Chenin Blanc bepflanzt. Die B\u00f6den bestehen aus Schiefer und die Weinberge werden ausschlie\u00dflich mit Viehtrieb und mit Gem\u00fcsepr\u00e4paraten bearbeitet.<\/p>\n<p>Der Weinberg geh\u00f6rt Nicolas Joly, der gro\u00dfen Referenz im biodynamischen Weinbau. Auf den Spuren von Rudolf Steiner begann Joly 1980 mit der biodynamischen Landwirtschaft und seit 1984 werden alle Weinberge nach dieser Methode bewirtschaftet. In diesem Zusammenhang hat er mehrere B\u00fccher geschrieben, darunter besonders ber\u00fchmte \u00abDer Wein vom Himmel zur Erde\u00bb, \u00abWas ist biodynamischer Wein?\u00bb und \u201eEntmystifizierung des biodynamischen Weins\u201c.<\/p>\n<p>Neben der nat\u00fcrlichen Vinifizierung nach biodynamischen Kriterien verzichtet Joly auf selektierte Hefen, chemische Produkte und Chaptalisierung, sondern f\u00fcgt bei der Abf\u00fcllung nur ein Minimum an Schwefel hinzu. Das Ergebnis ist ein hochkomplexer, naturbelassener Wein, der je nach \u00d6ffnungstag unendliche Nuancen bietet. Joly selbst empfiehlt, den Wein zwei oder drei Tage im Voraus zu \u00f6ffnen und sorgt daf\u00fcr, dass der Wein nicht oxidiert, wenn der Wein mehrere Tage offen gelassen wird, er verbessert sich sogar.<\/p>\n<p>La Coul\u00e9e de Serrant ist einer dieser magischen Weinberge, die Sie verzaubern, sobald Sie ihren Boden betreten und der Blick jede Ecke des H\u00fcgels bedeckt, auf dem sie sich befindet.<\/p>\n<p>Als ich das letzte Mal dort war, haben wir vor dem Weinberg gegessen. Auf einem kleinen H\u00fcgel hinter dem Haus. Ein Tisch und mehrere St\u00fchle umgeben von Weinreben. Wir hatten Aufschnitt, Brot und Obst gekauft. Nat\u00fcrlich haben wir mehrere Flaschen Wein mitgebracht. Sicherlich g\u00e4be es in der Gegend ein gutes Restaurant, aber ich glaube nicht, dass wir in irgendeinem von ihnen so viel gegessen h\u00e4tten wie dort. Kurz darauf tauchte unerwartet Nicol\u00e1s Joly auf und wir unterhielten uns mit ihm. Er gab uns einen kleinen Meisterkurs \u00fcber Biodynamik, der diesen Tag noch unvergesslicher machte. Denn in der Welt des Weins passiert so etwas, ohne mehr und ohne es vorherzusehen. Die Sterne richten sich am Ende unter denen von uns aus, die eine Leidenschaft f\u00fcr die Weinwelt ausstrahlen. Jeder kann aus einem Teil der Welt stammen und sogar unterschiedliche Jobs haben, aber Wein vereint und schafft einen magischen Heiligenschein, der alles einfach macht.<\/p>\n","protected":false},"excerpt":{"rendered":"<p>La Coul\u00e9e de Serrant stammt aus dem 12. Jahrhundert und wurde seitdem von Zisterzienserm\u00f6nchen gepflanzt. Ein einzigartiges Produkt der Familie Joly.<\/p>\n","protected":false},"author":2,"featured_media":21885,"comment_status":"open","ping_status":"open","sticky":false,"template":"","format":"standard","meta":{"_mi_skip_tracking":false,"_monsterinsights_sitenote_active":false,"_monsterinsights_sitenote_note":"","_monsterinsights_sitenote_category":0,"footnotes":""},"categories":[3098],"tags":[],"yoast_head":"<!-- This site is optimized with the Yoast SEO plugin v21.5 - https:\/\/yoast.com\/wordpress\/plugins\/seo\/ -->\n<title>Coul\u00e9e de Serrant | Rimontg\u00f3 Bodegas<\/title>\n<meta name=\"description\" content=\"Este vi\u00f1edo que data del siglo XII se cultiva unicamente con la variedad Chenin Blanc y sigue la metodolog\u00eda biodin\u00e1mica.\" \/>\n<meta name=\"robots\" content=\"index, follow, max-snippet:-1, max-image-preview:large, max-video-preview:-1\" \/>\n<link rel=\"canonical\" href=\"https:\/\/www.rimontgowineries.com\/blog\/de\/coulee-de-serrant-3\/\" \/>\n<meta property=\"og:locale\" content=\"es_ES\" \/>\n<meta property=\"og:type\" content=\"article\" \/>\n<meta property=\"og:title\" content=\"Coul\u00e9e de Serrant | Rimontg\u00f3 Bodegas\" \/>\n<meta property=\"og:description\" content=\"Este vi\u00f1edo que data del siglo XII se cultiva unicamente con la variedad Chenin Blanc y sigue la metodolog\u00eda biodin\u00e1mica.\" \/>\n<meta property=\"og:url\" content=\"https:\/\/www.rimontgowineries.com\/blog\/de\/coulee-de-serrant-3\/\" \/>\n<meta property=\"og:site_name\" content=\"Rimontgo Wineries\" \/>\n<meta property=\"article:published_time\" content=\"2023-03-23T18:46:11+00:00\" \/>\n<meta property=\"article:modified_time\" content=\"2023-04-03T13:15:24+00:00\" \/>\n<meta property=\"og:image\" content=\"https:\/\/www.rimontgowineries.com\/blog\/wp-content\/uploads\/2023\/03\/Coulee-de-Serrant.jpg\" \/>\n\t<meta property=\"og:image:width\" content=\"972\" \/>\n\t<meta property=\"og:image:height\" content=\"388\" \/>\n\t<meta property=\"og:image:type\" content=\"image\/jpeg\" \/>\n<meta name=\"author\" content=\"Juan Luis Vanrell\" \/>\n<meta name=\"twitter:card\" content=\"summary_large_image\" \/>\n<meta name=\"twitter:label1\" content=\"Written by\" \/>\n\t<meta name=\"twitter:data1\" content=\"Juan Luis Vanrell\" \/>\n\t<meta name=\"twitter:label2\" content=\"Est. reading time\" \/>\n\t<meta name=\"twitter:data2\" content=\"2 minutos\" \/>\n<script type=\"application\/ld+json\" class=\"yoast-schema-graph\">{\"@context\":\"https:\/\/schema.org\",\"@graph\":[{\"@type\":\"Article\",\"@id\":\"https:\/\/www.rimontgowineries.com\/blog\/de\/coulee-de-serrant-3\/#article\",\"isPartOf\":{\"@id\":\"https:\/\/www.rimontgowineries.com\/blog\/de\/coulee-de-serrant-3\/\"},\"author\":{\"name\":\"Juan Luis Vanrell\",\"@id\":\"https:\/\/www.rimontgowineries.com\/blog\/#\/schema\/person\/9dc43a22f8b4b5cca821369523f3c455\"},\"headline\":\"Coul\u00e9e de Serrant\",\"datePublished\":\"2023-03-23T18:46:11+00:00\",\"dateModified\":\"2023-04-03T13:15:24+00:00\",\"mainEntityOfPage\":{\"@id\":\"https:\/\/www.rimontgowineries.com\/blog\/de\/coulee-de-serrant-3\/\"},\"wordCount\":394,\"commentCount\":0,\"publisher\":{\"@id\":\"https:\/\/www.rimontgowineries.com\/blog\/#organization\"},\"articleSection\":[\"Weinwelt\"],\"inLanguage\":\"es\",\"potentialAction\":[{\"@type\":\"CommentAction\",\"name\":\"Comment\",\"target\":[\"https:\/\/www.rimontgowineries.com\/blog\/de\/coulee-de-serrant-3\/#respond\"]}]},{\"@type\":\"WebPage\",\"@id\":\"https:\/\/www.rimontgowineries.com\/blog\/de\/coulee-de-serrant-3\/\",\"url\":\"https:\/\/www.rimontgowineries.com\/blog\/de\/coulee-de-serrant-3\/\",\"name\":\"Coul\u00e9e de Serrant | Rimontg\u00f3 Bodegas\",\"isPartOf\":{\"@id\":\"https:\/\/www.rimontgowineries.com\/blog\/#website\"},\"datePublished\":\"2023-03-23T18:46:11+00:00\",\"dateModified\":\"2023-04-03T13:15:24+00:00\",\"description\":\"Este vi\u00f1edo que data del siglo XII se cultiva unicamente con la variedad Chenin Blanc y sigue la metodolog\u00eda biodin\u00e1mica.\",\"breadcrumb\":{\"@id\":\"https:\/\/www.rimontgowineries.com\/blog\/de\/coulee-de-serrant-3\/#breadcrumb\"},\"inLanguage\":\"es\",\"potentialAction\":[{\"@type\":\"ReadAction\",\"target\":[\"https:\/\/www.rimontgowineries.com\/blog\/de\/coulee-de-serrant-3\/\"]}]},{\"@type\":\"BreadcrumbList\",\"@id\":\"https:\/\/www.rimontgowineries.com\/blog\/de\/coulee-de-serrant-3\/#breadcrumb\",\"itemListElement\":[{\"@type\":\"ListItem\",\"position\":1,\"name\":\"Home\",\"item\":\"https:\/\/www.rimontgowineries.com\/blog\/es\/\"},{\"@type\":\"ListItem\",\"position\":2,\"name\":\"Coul\u00e9e de Serrant\"}]},{\"@type\":\"WebSite\",\"@id\":\"https:\/\/www.rimontgowineries.com\/blog\/#website\",\"url\":\"https:\/\/www.rimontgowineries.com\/blog\/\",\"name\":\"Rimontgo Wineries\",\"description\":\"Rimontgo Wineries\",\"publisher\":{\"@id\":\"https:\/\/www.rimontgowineries.com\/blog\/#organization\"},\"potentialAction\":[{\"@type\":\"SearchAction\",\"target\":{\"@type\":\"EntryPoint\",\"urlTemplate\":\"https:\/\/www.rimontgowineries.com\/blog\/?s={search_term_string}\"},\"query-input\":\"required name=search_term_string\"}],\"inLanguage\":\"es\"},{\"@type\":\"Organization\",\"@id\":\"https:\/\/www.rimontgowineries.com\/blog\/#organization\",\"name\":\"Rimontgo Wineries\",\"url\":\"https:\/\/www.rimontgowineries.com\/blog\/\",\"logo\":{\"@type\":\"ImageObject\",\"inLanguage\":\"es\",\"@id\":\"https:\/\/www.rimontgowineries.com\/blog\/#\/schema\/logo\/image\/\",\"url\":\"https:\/\/www.rimontgowineries.com\/blog\/wp-content\/uploads\/2020\/03\/logo_bodegas_wineries_EN.svg\",\"contentUrl\":\"https:\/\/www.rimontgowineries.com\/blog\/wp-content\/uploads\/2020\/03\/logo_bodegas_wineries_EN.svg\",\"width\":134,\"height\":34,\"caption\":\"Rimontgo Wineries\"},\"image\":{\"@id\":\"https:\/\/www.rimontgowineries.com\/blog\/#\/schema\/logo\/image\/\"}},{\"@type\":\"Person\",\"@id\":\"https:\/\/www.rimontgowineries.com\/blog\/#\/schema\/person\/9dc43a22f8b4b5cca821369523f3c455\",\"name\":\"Juan Luis Vanrell\",\"image\":{\"@type\":\"ImageObject\",\"inLanguage\":\"es\",\"@id\":\"https:\/\/www.rimontgowineries.com\/blog\/#\/schema\/person\/image\/\",\"url\":\"https:\/\/secure.gravatar.com\/avatar\/ffaf84a9253780c50f123fc18a9c2266?s=96&d=mm&r=g\",\"contentUrl\":\"https:\/\/secure.gravatar.com\/avatar\/ffaf84a9253780c50f123fc18a9c2266?s=96&d=mm&r=g\",\"caption\":\"Juan Luis Vanrell\"},\"url\":\"https:\/\/www.rimontgowineries.com\/blog\/author\/juanluis\/\"}]}<\/script>\n<!-- \/ Yoast SEO plugin. -->","yoast_head_json":{"title":"Coul\u00e9e de Serrant | Rimontg\u00f3 Bodegas","description":"Este vi\u00f1edo que data del siglo XII se cultiva unicamente con la variedad Chenin Blanc y sigue la metodolog\u00eda biodin\u00e1mica.","robots":{"index":"index","follow":"follow","max-snippet":"max-snippet:-1","max-image-preview":"max-image-preview:large","max-video-preview":"max-video-preview:-1"},"canonical":"https:\/\/www.rimontgowineries.com\/blog\/de\/coulee-de-serrant-3\/","og_locale":"es_ES","og_type":"article","og_title":"Coul\u00e9e de Serrant | Rimontg\u00f3 Bodegas","og_description":"Este vi\u00f1edo que data del siglo XII se cultiva unicamente con la variedad Chenin Blanc y sigue la metodolog\u00eda biodin\u00e1mica.","og_url":"https:\/\/www.rimontgowineries.com\/blog\/de\/coulee-de-serrant-3\/","og_site_name":"Rimontgo Wineries","article_published_time":"2023-03-23T18:46:11+00:00","article_modified_time":"2023-04-03T13:15:24+00:00","og_image":[{"width":972,"height":388,"url":"https:\/\/www.rimontgowineries.com\/blog\/wp-content\/uploads\/2023\/03\/Coulee-de-Serrant.jpg","type":"image\/jpeg"}],"author":"Juan Luis Vanrell","twitter_card":"summary_large_image","twitter_misc":{"Written by":"Juan Luis Vanrell","Est. reading time":"2 minutos"},"schema":{"@context":"https:\/\/schema.org","@graph":[{"@type":"Article","@id":"https:\/\/www.rimontgowineries.com\/blog\/de\/coulee-de-serrant-3\/#article","isPartOf":{"@id":"https:\/\/www.rimontgowineries.com\/blog\/de\/coulee-de-serrant-3\/"},"author":{"name":"Juan Luis Vanrell","@id":"https:\/\/www.rimontgowineries.com\/blog\/#\/schema\/person\/9dc43a22f8b4b5cca821369523f3c455"},"headline":"Coul\u00e9e de Serrant","datePublished":"2023-03-23T18:46:11+00:00","dateModified":"2023-04-03T13:15:24+00:00","mainEntityOfPage":{"@id":"https:\/\/www.rimontgowineries.com\/blog\/de\/coulee-de-serrant-3\/"},"wordCount":394,"commentCount":0,"publisher":{"@id":"https:\/\/www.rimontgowineries.com\/blog\/#organization"},"articleSection":["Weinwelt"],"inLanguage":"es","potentialAction":[{"@type":"CommentAction","name":"Comment","target":["https:\/\/www.rimontgowineries.com\/blog\/de\/coulee-de-serrant-3\/#respond"]}]},{"@type":"WebPage","@id":"https:\/\/www.rimontgowineries.com\/blog\/de\/coulee-de-serrant-3\/","url":"https:\/\/www.rimontgowineries.com\/blog\/de\/coulee-de-serrant-3\/","name":"Coul\u00e9e de Serrant | Rimontg\u00f3 Bodegas","isPartOf":{"@id":"https:\/\/www.rimontgowineries.com\/blog\/#website"},"datePublished":"2023-03-23T18:46:11+00:00","dateModified":"2023-04-03T13:15:24+00:00","description":"Este vi\u00f1edo que data del siglo XII se cultiva unicamente con la variedad Chenin Blanc y sigue la metodolog\u00eda biodin\u00e1mica.","breadcrumb":{"@id":"https:\/\/www.rimontgowineries.com\/blog\/de\/coulee-de-serrant-3\/#breadcrumb"},"inLanguage":"es","potentialAction":[{"@type":"ReadAction","target":["https:\/\/www.rimontgowineries.com\/blog\/de\/coulee-de-serrant-3\/"]}]},{"@type":"BreadcrumbList","@id":"https:\/\/www.rimontgowineries.com\/blog\/de\/coulee-de-serrant-3\/#breadcrumb","itemListElement":[{"@type":"ListItem","position":1,"name":"Home","item":"https:\/\/www.rimontgowineries.com\/blog\/es\/"},{"@type":"ListItem","position":2,"name":"Coul\u00e9e de Serrant"}]},{"@type":"WebSite","@id":"https:\/\/www.rimontgowineries.com\/blog\/#website","url":"https:\/\/www.rimontgowineries.com\/blog\/","name":"Rimontgo Wineries","description":"Rimontgo Wineries","publisher":{"@id":"https:\/\/www.rimontgowineries.com\/blog\/#organization"},"potentialAction":[{"@type":"SearchAction","target":{"@type":"EntryPoint","urlTemplate":"https:\/\/www.rimontgowineries.com\/blog\/?s={search_term_string}"},"query-input":"required name=search_term_string"}],"inLanguage":"es"},{"@type":"Organization","@id":"https:\/\/www.rimontgowineries.com\/blog\/#organization","name":"Rimontgo Wineries","url":"https:\/\/www.rimontgowineries.com\/blog\/","logo":{"@type":"ImageObject","inLanguage":"es","@id":"https:\/\/www.rimontgowineries.com\/blog\/#\/schema\/logo\/image\/","url":"https:\/\/www.rimontgowineries.com\/blog\/wp-content\/uploads\/2020\/03\/logo_bodegas_wineries_EN.svg","contentUrl":"https:\/\/www.rimontgowineries.com\/blog\/wp-content\/uploads\/2020\/03\/logo_bodegas_wineries_EN.svg","width":134,"height":34,"caption":"Rimontgo Wineries"},"image":{"@id":"https:\/\/www.rimontgowineries.com\/blog\/#\/schema\/logo\/image\/"}},{"@type":"Person","@id":"https:\/\/www.rimontgowineries.com\/blog\/#\/schema\/person\/9dc43a22f8b4b5cca821369523f3c455","name":"Juan Luis Vanrell","image":{"@type":"ImageObject","inLanguage":"es","@id":"https:\/\/www.rimontgowineries.com\/blog\/#\/schema\/person\/image\/","url":"https:\/\/secure.gravatar.com\/avatar\/ffaf84a9253780c50f123fc18a9c2266?s=96&d=mm&r=g","contentUrl":"https:\/\/secure.gravatar.com\/avatar\/ffaf84a9253780c50f123fc18a9c2266?s=96&d=mm&r=g","caption":"Juan Luis Vanrell"},"url":"https:\/\/www.rimontgowineries.com\/blog\/author\/juanluis\/"}]}},"_links":{"self":[{"href":"https:\/\/www.rimontgowineries.com\/blog\/wp-json\/wp\/v2\/posts\/21892"}],"collection":[{"href":"https:\/\/www.rimontgowineries.com\/blog\/wp-json\/wp\/v2\/posts"}],"about":[{"href":"https:\/\/www.rimontgowineries.com\/blog\/wp-json\/wp\/v2\/types\/post"}],"author":[{"embeddable":true,"href":"https:\/\/www.rimontgowineries.com\/blog\/wp-json\/wp\/v2\/users\/2"}],"replies":[{"embeddable":true,"href":"https:\/\/www.rimontgowineries.com\/blog\/wp-json\/wp\/v2\/comments?post=21892"}],"version-history":[{"count":1,"href":"https:\/\/www.rimontgowineries.com\/blog\/wp-json\/wp\/v2\/posts\/21892\/revisions"}],"predecessor-version":[{"id":21893,"href":"https:\/\/www.rimontgowineries.com\/blog\/wp-json\/wp\/v2\/posts\/21892\/revisions\/21893"}],"wp:featuredmedia":[{"embeddable":true,"href":"https:\/\/www.rimontgowineries.com\/blog\/wp-json\/wp\/v2\/media\/21885"}],"wp:attachment":[{"href":"https:\/\/www.rimontgowineries.com\/blog\/wp-json\/wp\/v2\/media?parent=21892"}],"wp:term":[{"taxonomy":"category","embeddable":true,"href":"https:\/\/www.rimontgowineries.com\/blog\/wp-json\/wp\/v2\/categories?post=21892"},{"taxonomy":"post_tag","embeddable":true,"href":"https:\/\/www.rimontgowineries.com\/blog\/wp-json\/wp\/v2\/tags?post=21892"}],"curies":[{"name":"wp","href":"https:\/\/api.w.org\/{rel}","templated":true}]}}