{"id":22047,"date":"2023-05-05T13:39:56","date_gmt":"2023-05-05T11:39:56","guid":{"rendered":"https:\/\/www.rimontgowineries.com\/blog\/?p=22047"},"modified":"2023-06-05T16:27:10","modified_gmt":"2023-06-05T14:27:10","slug":"die-spanische-blindverkostungsmeisterschaft-2023","status":"publish","type":"post","link":"https:\/\/www.rimontgowineries.com\/blog\/de\/die-spanische-blindverkostungsmeisterschaft-2023\/","title":{"rendered":"Die spanische Blindverkostungsmeisterschaft 2023"},"content":{"rendered":"<p>Am Samstag, dem 6. Mai 2023, findet die vierte Ausgabe der Spanischen Blindverkostungsmeisterschaft im Weingut Gramona im Herzen des Pened\u00e8s statt. Die Meisterschaft, die von Daniel Monson\u00eds (Ecl\u00e8ctic Vins), Jos\u00e9 Luis Arangunde (Ribeira de Fefi\u00f1ans) und Philippe Cesco (Arrabal 18) organisiert wird, wird das Siegerteam f\u00fcr den Blind Tasting World Cup klassifizieren, der von der Ver\u00f6ffentlichung Revue du Vin de France organisiert wird, diesem Jahr im Ch\u00e2teau Sainte Roseline in der Provence am Samstag, den 14. Oktober.<\/p>\n<p>Die Anzahl der teilnehmenden Teams betr\u00e4gt 27. Jeder von ihnen besteht aus mindestens drei und h\u00f6chstens vier Verkostern. Es werden acht Weine verkostet, die von \u00fcberall auf der Welt stammen k\u00f6nnen. Die Dauer der Meisterschaft betr\u00e4gt 95 Minuten, zehn Minuten pro Wein, plus weitere f\u00fcnfzehn f\u00fcr abschlie\u00dfende \u00dcberlegungen. Die maximale Punktzahl, die f\u00fcr jeden Wein erreicht werden kann, betr\u00e4gt 26 Punkte. Dies sind die Bewertungskriterien:<\/p>\n<p>Hauptsorte: 10 Punkte<\/p>\n<p>Land: 3 Punkte.<\/p>\n<p>Bezeignung\/D.O.: 5 Punkte.<\/p>\n<p>Hersteller: 5 Punkte.<\/p>\n<p>Jahrgang: 3 Punkte f\u00fcr Hinzuf\u00fcgen\/Hinzuf\u00fcgen vor oder nach 1 Punkt.<\/p>\n<p>Die ersten drei Klassierten erhalten ein Set Weine und ein Set Produkte der Spiegelau Definition-Reihe. Das Meisterteam wird nicht nur Spanien bei der Weltmeisterschaft vertreten, sondern auch garantierten Zugang zur n\u00e4chsten Ausgabe der spanischen Meisterschaft als Titelverteidiger haben. Dar\u00fcber hinaus erhalten alle Teilnehmer als Geschenk ein Set aus zwei Gl\u00e4sern der Spiegelau Definition-Reihe, identisch mit denen, die f\u00fcr die Meisterschaft verwendet werden, und haben Zugang zu allen Veranstaltungen, die den ganzen Tag \u00fcber geplant sind.<\/p>\n<p>Wie es nicht anders sein k\u00f6nnte, werde ich mit meinem Team, Terroir a Ciegas, dort sein, um unsere zweite Meisterschaft zu erreichen und erneut am Weltcup teilzunehmen, um die Bronzemedaille, die wir in Avignon erreicht haben, im Jahr 2021 zu \u00fcbertreffen. Nat\u00fcrlich Die Herausforderung ist nicht einfach. In Spanien haben wir gro\u00dfartige Verkoster, aber bei diesem Wettbewerb sind Sie selbst Ihr gr\u00f6\u00dfter Rivale. Wenn Sie keine Weine treffen und keine Punkte hinzuf\u00fcgen, m\u00fcssen Sie nichts tun. Wissen, Studium, Beziehung, Inspiration und Gl\u00fcck sind die Schl\u00fcssel zum Sieg. Am Samstagmorgen, bevor wir das Haus verlassen und in Richtung Gramona aufbrechen, werden wir einen Champagner \u00f6ffnen, ansto\u00dfen und unseren Schlachtruf schreien.<\/p>\n<p>Alia Jacta est!<\/p>\n","protected":false},"excerpt":{"rendered":"<p>Die spanische Blindverkostungsmeisterschaft 2023 findet diesen Samstag, den 6. Mai, statt und Gastgeber ist das Weingut Gramona im Herzen von Pened\u00e9s.<\/p>\n","protected":false},"author":2,"featured_media":22029,"comment_status":"open","ping_status":"open","sticky":false,"template":"","format":"standard","meta":{"_mi_skip_tracking":false,"_monsterinsights_sitenote_active":false,"_monsterinsights_sitenote_note":"","_monsterinsights_sitenote_category":0,"footnotes":""},"categories":[3045],"tags":[],"yoast_head":"<!-- This site is optimized with the Yoast SEO plugin v21.5 - https:\/\/yoast.com\/wordpress\/plugins\/seo\/ -->\n<title>Campeonato Espa\u00f1a de Cata a Ciegas 2023 | Rimontgo Bodegas<\/title>\n<meta name=\"description\" content=\"El campeonato de Espa\u00f1a de Cata a Ciegas 2023 tendr\u00e1 lugar este s\u00e1bado 6 de mayo y la anfitriona ser\u00e1 la bodega Gramona en pleno Pened\u00e9s.\" \/>\n<meta name=\"robots\" content=\"index, follow, max-snippet:-1, max-image-preview:large, max-video-preview:-1\" \/>\n<link rel=\"canonical\" href=\"https:\/\/www.rimontgowineries.com\/blog\/de\/die-spanische-blindverkostungsmeisterschaft-2023\/\" \/>\n<meta property=\"og:locale\" content=\"es_ES\" \/>\n<meta property=\"og:type\" content=\"article\" \/>\n<meta property=\"og:title\" content=\"Campeonato Espa\u00f1a de Cata a Ciegas 2023 | Rimontgo Bodegas\" \/>\n<meta property=\"og:description\" content=\"El campeonato de Espa\u00f1a de Cata a Ciegas 2023 tendr\u00e1 lugar este s\u00e1bado 6 de mayo y la anfitriona ser\u00e1 la bodega Gramona en pleno Pened\u00e9s.\" \/>\n<meta property=\"og:url\" content=\"https:\/\/www.rimontgowineries.com\/blog\/de\/die-spanische-blindverkostungsmeisterschaft-2023\/\" \/>\n<meta property=\"og:site_name\" content=\"Rimontgo Wineries\" \/>\n<meta property=\"article:published_time\" content=\"2023-05-05T11:39:56+00:00\" \/>\n<meta property=\"article:modified_time\" content=\"2023-06-05T14:27:10+00:00\" \/>\n<meta property=\"og:image\" content=\"https:\/\/www.rimontgowineries.com\/blog\/wp-content\/uploads\/2023\/05\/El-campeonato-de-Espana-de-Cata-a-Ciegas-2023-scaled.jpg\" \/>\n\t<meta property=\"og:image:width\" content=\"2560\" \/>\n\t<meta property=\"og:image:height\" content=\"1706\" \/>\n\t<meta property=\"og:image:type\" content=\"image\/jpeg\" \/>\n<meta name=\"author\" content=\"Juan Luis Vanrell\" \/>\n<meta name=\"twitter:card\" content=\"summary_large_image\" \/>\n<meta name=\"twitter:label1\" content=\"Written by\" \/>\n\t<meta name=\"twitter:data1\" content=\"Juan Luis Vanrell\" \/>\n\t<meta name=\"twitter:label2\" content=\"Est. reading time\" \/>\n\t<meta name=\"twitter:data2\" content=\"2 minutos\" \/>\n<script type=\"application\/ld+json\" class=\"yoast-schema-graph\">{\"@context\":\"https:\/\/schema.org\",\"@graph\":[{\"@type\":\"Article\",\"@id\":\"https:\/\/www.rimontgowineries.com\/blog\/de\/die-spanische-blindverkostungsmeisterschaft-2023\/#article\",\"isPartOf\":{\"@id\":\"https:\/\/www.rimontgowineries.com\/blog\/de\/die-spanische-blindverkostungsmeisterschaft-2023\/\"},\"author\":{\"name\":\"Juan Luis Vanrell\",\"@id\":\"https:\/\/www.rimontgowineries.com\/blog\/#\/schema\/person\/9dc43a22f8b4b5cca821369523f3c455\"},\"headline\":\"Die spanische Blindverkostungsmeisterschaft 2023\",\"datePublished\":\"2023-05-05T11:39:56+00:00\",\"dateModified\":\"2023-06-05T14:27:10+00:00\",\"mainEntityOfPage\":{\"@id\":\"https:\/\/www.rimontgowineries.com\/blog\/de\/die-spanische-blindverkostungsmeisterschaft-2023\/\"},\"wordCount\":375,\"commentCount\":0,\"publisher\":{\"@id\":\"https:\/\/www.rimontgowineries.com\/blog\/#organization\"},\"articleSection\":[\"Feste und Veranstaltungen\"],\"inLanguage\":\"es\",\"potentialAction\":[{\"@type\":\"CommentAction\",\"name\":\"Comment\",\"target\":[\"https:\/\/www.rimontgowineries.com\/blog\/de\/die-spanische-blindverkostungsmeisterschaft-2023\/#respond\"]}]},{\"@type\":\"WebPage\",\"@id\":\"https:\/\/www.rimontgowineries.com\/blog\/de\/die-spanische-blindverkostungsmeisterschaft-2023\/\",\"url\":\"https:\/\/www.rimontgowineries.com\/blog\/de\/die-spanische-blindverkostungsmeisterschaft-2023\/\",\"name\":\"Campeonato Espa\u00f1a de Cata a Ciegas 2023 | Rimontgo Bodegas\",\"isPartOf\":{\"@id\":\"https:\/\/www.rimontgowineries.com\/blog\/#website\"},\"datePublished\":\"2023-05-05T11:39:56+00:00\",\"dateModified\":\"2023-06-05T14:27:10+00:00\",\"description\":\"El campeonato de Espa\u00f1a de Cata a Ciegas 2023 tendr\u00e1 lugar este s\u00e1bado 6 de mayo y la anfitriona ser\u00e1 la bodega Gramona en pleno Pened\u00e9s.\",\"breadcrumb\":{\"@id\":\"https:\/\/www.rimontgowineries.com\/blog\/de\/die-spanische-blindverkostungsmeisterschaft-2023\/#breadcrumb\"},\"inLanguage\":\"es\",\"potentialAction\":[{\"@type\":\"ReadAction\",\"target\":[\"https:\/\/www.rimontgowineries.com\/blog\/de\/die-spanische-blindverkostungsmeisterschaft-2023\/\"]}]},{\"@type\":\"BreadcrumbList\",\"@id\":\"https:\/\/www.rimontgowineries.com\/blog\/de\/die-spanische-blindverkostungsmeisterschaft-2023\/#breadcrumb\",\"itemListElement\":[{\"@type\":\"ListItem\",\"position\":1,\"name\":\"Home\",\"item\":\"https:\/\/www.rimontgowineries.com\/blog\/es\/\"},{\"@type\":\"ListItem\",\"position\":2,\"name\":\"Die spanische Blindverkostungsmeisterschaft 2023\"}]},{\"@type\":\"WebSite\",\"@id\":\"https:\/\/www.rimontgowineries.com\/blog\/#website\",\"url\":\"https:\/\/www.rimontgowineries.com\/blog\/\",\"name\":\"Rimontgo Wineries\",\"description\":\"Rimontgo Wineries\",\"publisher\":{\"@id\":\"https:\/\/www.rimontgowineries.com\/blog\/#organization\"},\"potentialAction\":[{\"@type\":\"SearchAction\",\"target\":{\"@type\":\"EntryPoint\",\"urlTemplate\":\"https:\/\/www.rimontgowineries.com\/blog\/?s={search_term_string}\"},\"query-input\":\"required name=search_term_string\"}],\"inLanguage\":\"es\"},{\"@type\":\"Organization\",\"@id\":\"https:\/\/www.rimontgowineries.com\/blog\/#organization\",\"name\":\"Rimontgo Wineries\",\"url\":\"https:\/\/www.rimontgowineries.com\/blog\/\",\"logo\":{\"@type\":\"ImageObject\",\"inLanguage\":\"es\",\"@id\":\"https:\/\/www.rimontgowineries.com\/blog\/#\/schema\/logo\/image\/\",\"url\":\"https:\/\/www.rimontgowineries.com\/blog\/wp-content\/uploads\/2020\/03\/logo_bodegas_wineries_EN.svg\",\"contentUrl\":\"https:\/\/www.rimontgowineries.com\/blog\/wp-content\/uploads\/2020\/03\/logo_bodegas_wineries_EN.svg\",\"width\":134,\"height\":34,\"caption\":\"Rimontgo Wineries\"},\"image\":{\"@id\":\"https:\/\/www.rimontgowineries.com\/blog\/#\/schema\/logo\/image\/\"}},{\"@type\":\"Person\",\"@id\":\"https:\/\/www.rimontgowineries.com\/blog\/#\/schema\/person\/9dc43a22f8b4b5cca821369523f3c455\",\"name\":\"Juan Luis Vanrell\",\"image\":{\"@type\":\"ImageObject\",\"inLanguage\":\"es\",\"@id\":\"https:\/\/www.rimontgowineries.com\/blog\/#\/schema\/person\/image\/\",\"url\":\"https:\/\/secure.gravatar.com\/avatar\/ffaf84a9253780c50f123fc18a9c2266?s=96&d=mm&r=g\",\"contentUrl\":\"https:\/\/secure.gravatar.com\/avatar\/ffaf84a9253780c50f123fc18a9c2266?s=96&d=mm&r=g\",\"caption\":\"Juan Luis Vanrell\"},\"url\":\"https:\/\/www.rimontgowineries.com\/blog\/author\/juanluis\/\"}]}<\/script>\n<!-- \/ Yoast SEO plugin. -->","yoast_head_json":{"title":"Campeonato Espa\u00f1a de Cata a Ciegas 2023 | Rimontgo Bodegas","description":"El campeonato de Espa\u00f1a de Cata a Ciegas 2023 tendr\u00e1 lugar este s\u00e1bado 6 de mayo y la anfitriona ser\u00e1 la bodega Gramona en pleno Pened\u00e9s.","robots":{"index":"index","follow":"follow","max-snippet":"max-snippet:-1","max-image-preview":"max-image-preview:large","max-video-preview":"max-video-preview:-1"},"canonical":"https:\/\/www.rimontgowineries.com\/blog\/de\/die-spanische-blindverkostungsmeisterschaft-2023\/","og_locale":"es_ES","og_type":"article","og_title":"Campeonato Espa\u00f1a de Cata a Ciegas 2023 | Rimontgo Bodegas","og_description":"El campeonato de Espa\u00f1a de Cata a Ciegas 2023 tendr\u00e1 lugar este s\u00e1bado 6 de mayo y la anfitriona ser\u00e1 la bodega Gramona en pleno Pened\u00e9s.","og_url":"https:\/\/www.rimontgowineries.com\/blog\/de\/die-spanische-blindverkostungsmeisterschaft-2023\/","og_site_name":"Rimontgo Wineries","article_published_time":"2023-05-05T11:39:56+00:00","article_modified_time":"2023-06-05T14:27:10+00:00","og_image":[{"width":2560,"height":1706,"url":"https:\/\/www.rimontgowineries.com\/blog\/wp-content\/uploads\/2023\/05\/El-campeonato-de-Espana-de-Cata-a-Ciegas-2023-scaled.jpg","type":"image\/jpeg"}],"author":"Juan Luis Vanrell","twitter_card":"summary_large_image","twitter_misc":{"Written by":"Juan Luis Vanrell","Est. reading time":"2 minutos"},"schema":{"@context":"https:\/\/schema.org","@graph":[{"@type":"Article","@id":"https:\/\/www.rimontgowineries.com\/blog\/de\/die-spanische-blindverkostungsmeisterschaft-2023\/#article","isPartOf":{"@id":"https:\/\/www.rimontgowineries.com\/blog\/de\/die-spanische-blindverkostungsmeisterschaft-2023\/"},"author":{"name":"Juan Luis Vanrell","@id":"https:\/\/www.rimontgowineries.com\/blog\/#\/schema\/person\/9dc43a22f8b4b5cca821369523f3c455"},"headline":"Die spanische Blindverkostungsmeisterschaft 2023","datePublished":"2023-05-05T11:39:56+00:00","dateModified":"2023-06-05T14:27:10+00:00","mainEntityOfPage":{"@id":"https:\/\/www.rimontgowineries.com\/blog\/de\/die-spanische-blindverkostungsmeisterschaft-2023\/"},"wordCount":375,"commentCount":0,"publisher":{"@id":"https:\/\/www.rimontgowineries.com\/blog\/#organization"},"articleSection":["Feste und Veranstaltungen"],"inLanguage":"es","potentialAction":[{"@type":"CommentAction","name":"Comment","target":["https:\/\/www.rimontgowineries.com\/blog\/de\/die-spanische-blindverkostungsmeisterschaft-2023\/#respond"]}]},{"@type":"WebPage","@id":"https:\/\/www.rimontgowineries.com\/blog\/de\/die-spanische-blindverkostungsmeisterschaft-2023\/","url":"https:\/\/www.rimontgowineries.com\/blog\/de\/die-spanische-blindverkostungsmeisterschaft-2023\/","name":"Campeonato Espa\u00f1a de Cata a Ciegas 2023 | Rimontgo Bodegas","isPartOf":{"@id":"https:\/\/www.rimontgowineries.com\/blog\/#website"},"datePublished":"2023-05-05T11:39:56+00:00","dateModified":"2023-06-05T14:27:10+00:00","description":"El campeonato de Espa\u00f1a de Cata a Ciegas 2023 tendr\u00e1 lugar este s\u00e1bado 6 de mayo y la anfitriona ser\u00e1 la bodega Gramona en pleno Pened\u00e9s.","breadcrumb":{"@id":"https:\/\/www.rimontgowineries.com\/blog\/de\/die-spanische-blindverkostungsmeisterschaft-2023\/#breadcrumb"},"inLanguage":"es","potentialAction":[{"@type":"ReadAction","target":["https:\/\/www.rimontgowineries.com\/blog\/de\/die-spanische-blindverkostungsmeisterschaft-2023\/"]}]},{"@type":"BreadcrumbList","@id":"https:\/\/www.rimontgowineries.com\/blog\/de\/die-spanische-blindverkostungsmeisterschaft-2023\/#breadcrumb","itemListElement":[{"@type":"ListItem","position":1,"name":"Home","item":"https:\/\/www.rimontgowineries.com\/blog\/es\/"},{"@type":"ListItem","position":2,"name":"Die spanische Blindverkostungsmeisterschaft 2023"}]},{"@type":"WebSite","@id":"https:\/\/www.rimontgowineries.com\/blog\/#website","url":"https:\/\/www.rimontgowineries.com\/blog\/","name":"Rimontgo Wineries","description":"Rimontgo Wineries","publisher":{"@id":"https:\/\/www.rimontgowineries.com\/blog\/#organization"},"potentialAction":[{"@type":"SearchAction","target":{"@type":"EntryPoint","urlTemplate":"https:\/\/www.rimontgowineries.com\/blog\/?s={search_term_string}"},"query-input":"required name=search_term_string"}],"inLanguage":"es"},{"@type":"Organization","@id":"https:\/\/www.rimontgowineries.com\/blog\/#organization","name":"Rimontgo Wineries","url":"https:\/\/www.rimontgowineries.com\/blog\/","logo":{"@type":"ImageObject","inLanguage":"es","@id":"https:\/\/www.rimontgowineries.com\/blog\/#\/schema\/logo\/image\/","url":"https:\/\/www.rimontgowineries.com\/blog\/wp-content\/uploads\/2020\/03\/logo_bodegas_wineries_EN.svg","contentUrl":"https:\/\/www.rimontgowineries.com\/blog\/wp-content\/uploads\/2020\/03\/logo_bodegas_wineries_EN.svg","width":134,"height":34,"caption":"Rimontgo Wineries"},"image":{"@id":"https:\/\/www.rimontgowineries.com\/blog\/#\/schema\/logo\/image\/"}},{"@type":"Person","@id":"https:\/\/www.rimontgowineries.com\/blog\/#\/schema\/person\/9dc43a22f8b4b5cca821369523f3c455","name":"Juan Luis Vanrell","image":{"@type":"ImageObject","inLanguage":"es","@id":"https:\/\/www.rimontgowineries.com\/blog\/#\/schema\/person\/image\/","url":"https:\/\/secure.gravatar.com\/avatar\/ffaf84a9253780c50f123fc18a9c2266?s=96&d=mm&r=g","contentUrl":"https:\/\/secure.gravatar.com\/avatar\/ffaf84a9253780c50f123fc18a9c2266?s=96&d=mm&r=g","caption":"Juan Luis Vanrell"},"url":"https:\/\/www.rimontgowineries.com\/blog\/author\/juanluis\/"}]}},"_links":{"self":[{"href":"https:\/\/www.rimontgowineries.com\/blog\/wp-json\/wp\/v2\/posts\/22047"}],"collection":[{"href":"https:\/\/www.rimontgowineries.com\/blog\/wp-json\/wp\/v2\/posts"}],"about":[{"href":"https:\/\/www.rimontgowineries.com\/blog\/wp-json\/wp\/v2\/types\/post"}],"author":[{"embeddable":true,"href":"https:\/\/www.rimontgowineries.com\/blog\/wp-json\/wp\/v2\/users\/2"}],"replies":[{"embeddable":true,"href":"https:\/\/www.rimontgowineries.com\/blog\/wp-json\/wp\/v2\/comments?post=22047"}],"version-history":[{"count":1,"href":"https:\/\/www.rimontgowineries.com\/blog\/wp-json\/wp\/v2\/posts\/22047\/revisions"}],"predecessor-version":[{"id":22048,"href":"https:\/\/www.rimontgowineries.com\/blog\/wp-json\/wp\/v2\/posts\/22047\/revisions\/22048"}],"wp:featuredmedia":[{"embeddable":true,"href":"https:\/\/www.rimontgowineries.com\/blog\/wp-json\/wp\/v2\/media\/22029"}],"wp:attachment":[{"href":"https:\/\/www.rimontgowineries.com\/blog\/wp-json\/wp\/v2\/media?parent=22047"}],"wp:term":[{"taxonomy":"category","embeddable":true,"href":"https:\/\/www.rimontgowineries.com\/blog\/wp-json\/wp\/v2\/categories?post=22047"},{"taxonomy":"post_tag","embeddable":true,"href":"https:\/\/www.rimontgowineries.com\/blog\/wp-json\/wp\/v2\/tags?post=22047"}],"curies":[{"name":"wp","href":"https:\/\/api.w.org\/{rel}","templated":true}]}}