{"id":22065,"date":"2023-05-10T18:23:11","date_gmt":"2023-05-10T16:23:11","guid":{"rendered":"https:\/\/www.rimontgowineries.com\/blog\/?p=22065"},"modified":"2023-06-05T16:26:17","modified_gmt":"2023-06-05T14:26:17","slug":"il-campionato-spagnolo-di-degustazione-alla-cieca-2023","status":"publish","type":"post","link":"https:\/\/www.rimontgowineries.com\/blog\/it\/il-campionato-spagnolo-di-degustazione-alla-cieca-2023\/","title":{"rendered":"Il Campionato spagnolo di degustazione alla cieca 2023"},"content":{"rendered":"<p>Sabato 6 maggio 2023, presso la cantina Gramona, nel cuore della regione del Pened\u00e8s, si svolger\u00e0 la quarta edizione del Campionato spagnolo di degustazione alla cieca. Il campionato, organizzato da Daniel Monson\u00eds (Ecl\u00e8ctic Vins), Jos\u00e9 Luis Arangunde (Ribeira de Fefi\u00f1ans) e Philippe Cesco (Arrabal 18), qualificher\u00e0 la squadra vincitrice per il Campionato mondiale di degustazione alla cieca organizzato dalla rivista Revue du Vin de France, quest&#8217;anno a Ch\u00e2teau Sainte Roseline, in Provenza, sabato 14 ottobre.<\/p>\n<p>Parteciperanno 27 squadre. Ogni squadra sar\u00e0 composta da un minimo di tre a un massimo di quattro degustatori. I vini da degustare saranno otto e potranno provenire da qualsiasi parte del mondo. La durata del campionato sar\u00e0 di 95 minuti, dieci minuti per ogni vino, pi\u00f9 altri quindici minuti per le riflessioni finali. Il punteggio massimo ottenibile per ogni vino \u00e8 di 26 punti, questi i criteri di valutazione:<\/p>\n<ul>\n<li>Variet\u00e0 principale: 10 punti<\/li>\n<li>Paese: 3 punti<\/li>\n<li>Denominazione\/D.O.: 5 punti<\/li>\n<li>Produttore: 5 punti<\/li>\n<li>Annata: 3 punti per annata\/annata precedente o successiva: 1 punto.<\/li>\n<\/ul>\n<p>I primi tre classificati riceveranno un set di vini e un set di prodotti della linea Spiegelau Definition. La squadra vincitrice, oltre a rappresentare la Spagna al Campionato del Mondo, si garantir\u00e0 l&#8217;accesso alla prossima edizione del Campionato spagnolo in qualit\u00e0 di campione in carica. Inoltre, tutti i partecipanti riceveranno in regalo un set di due bicchieri della gamma Spiegelau Definition, identici a quelli che verranno utilizzati per il Campionato, e avranno accesso a tutti gli eventi in programma durante la giornata.<\/p>\n<p>Come non poteva essere altrimenti, sar\u00f2 l\u00ec con la mia squadra, Terroir a Ciegas, con l&#8217;intenzione di ottenere il nostro secondo campionato e di ripetere la nostra partecipazione al Campionato del Mondo per superare la medaglia di bronzo vinta ad Avignone nel 2021. Naturalmente, la sfida non \u00e8 facile. In Spagna abbiamo grandi degustatori, ma in questa competizione il pi\u00f9 grande rivale \u00e8 se stessi. Se non si azzeccano i vini e non si ottengono punti, non c&#8217;\u00e8 niente da fare. Conoscenza, studio, comprensione, ispirazione e fortuna sono le chiavi della vittoria. Sabato mattina, prima di uscire di casa e dirigerci a Gramona, stapperemo uno champagne, brinderemo e grideremo il nostro grido di battaglia.<\/p>\n<p>Alea jacta est!<\/p>\n","protected":false},"excerpt":{"rendered":"<p>Il Campionato spagnolo di degustazione alla cieca 2023 si svolger\u00e0 sabato 6 maggio e sar\u00e0 ospitato dalla cantina Gramona, nel cuore della regione del Pened\u00e9s.<\/p>\n","protected":false},"author":2,"featured_media":22027,"comment_status":"open","ping_status":"open","sticky":false,"template":"","format":"standard","meta":{"_mi_skip_tracking":false,"_monsterinsights_sitenote_active":false,"_monsterinsights_sitenote_note":"","_monsterinsights_sitenote_category":0,"footnotes":""},"categories":[3039],"tags":[],"yoast_head":"<!-- This site is optimized with the Yoast SEO plugin v21.5 - https:\/\/yoast.com\/wordpress\/plugins\/seo\/ -->\n<title>Campionato Spagnolo di Degustazione alla Cieca 2023 | Rimontg\u00f3 Wineries<\/title>\n<meta name=\"description\" content=\"Il Campionato spagnolo di degustazione alla cieca 2023 si svolger\u00e0 sabato 6 maggio e sar\u00e0 ospitato dalla cantina Gramona, nel cuore della regione del Pened\u00e9s.\" \/>\n<meta name=\"robots\" content=\"index, follow, max-snippet:-1, max-image-preview:large, max-video-preview:-1\" \/>\n<link rel=\"canonical\" href=\"https:\/\/www.rimontgowineries.com\/blog\/it\/il-campionato-spagnolo-di-degustazione-alla-cieca-2023\/\" \/>\n<meta property=\"og:locale\" content=\"es_ES\" \/>\n<meta property=\"og:type\" content=\"article\" \/>\n<meta property=\"og:title\" content=\"Campionato Spagnolo di Degustazione alla Cieca 2023 | Rimontg\u00f3 Wineries\" \/>\n<meta property=\"og:description\" content=\"Il Campionato spagnolo di degustazione alla cieca 2023 si svolger\u00e0 sabato 6 maggio e sar\u00e0 ospitato dalla cantina Gramona, nel cuore della regione del Pened\u00e9s.\" \/>\n<meta property=\"og:url\" content=\"https:\/\/www.rimontgowineries.com\/blog\/it\/il-campionato-spagnolo-di-degustazione-alla-cieca-2023\/\" \/>\n<meta property=\"og:site_name\" content=\"Rimontgo Wineries\" \/>\n<meta property=\"article:published_time\" content=\"2023-05-10T16:23:11+00:00\" \/>\n<meta property=\"article:modified_time\" content=\"2023-06-05T14:26:17+00:00\" \/>\n<meta property=\"og:image\" content=\"https:\/\/www.rimontgowineries.com\/blog\/wp-content\/uploads\/2023\/05\/El-campeonato-de-Espana-de-Cata-a-Ciegas-2023-scaled.jpg\" \/>\n\t<meta property=\"og:image:width\" content=\"2560\" \/>\n\t<meta property=\"og:image:height\" content=\"1706\" \/>\n\t<meta property=\"og:image:type\" content=\"image\/jpeg\" \/>\n<meta name=\"author\" content=\"Juan Luis Vanrell\" \/>\n<meta name=\"twitter:card\" content=\"summary_large_image\" \/>\n<meta name=\"twitter:label1\" content=\"Written by\" \/>\n\t<meta name=\"twitter:data1\" content=\"Juan Luis Vanrell\" \/>\n\t<meta name=\"twitter:label2\" content=\"Est. reading time\" \/>\n\t<meta name=\"twitter:data2\" content=\"2 minutos\" \/>\n<script type=\"application\/ld+json\" class=\"yoast-schema-graph\">{\"@context\":\"https:\/\/schema.org\",\"@graph\":[{\"@type\":\"Article\",\"@id\":\"https:\/\/www.rimontgowineries.com\/blog\/it\/il-campionato-spagnolo-di-degustazione-alla-cieca-2023\/#article\",\"isPartOf\":{\"@id\":\"https:\/\/www.rimontgowineries.com\/blog\/it\/il-campionato-spagnolo-di-degustazione-alla-cieca-2023\/\"},\"author\":{\"name\":\"Juan Luis Vanrell\",\"@id\":\"https:\/\/www.rimontgowineries.com\/blog\/#\/schema\/person\/9dc43a22f8b4b5cca821369523f3c455\"},\"headline\":\"Il Campionato spagnolo di degustazione alla cieca 2023\",\"datePublished\":\"2023-05-10T16:23:11+00:00\",\"dateModified\":\"2023-06-05T14:26:17+00:00\",\"mainEntityOfPage\":{\"@id\":\"https:\/\/www.rimontgowineries.com\/blog\/it\/il-campionato-spagnolo-di-degustazione-alla-cieca-2023\/\"},\"wordCount\":364,\"commentCount\":0,\"publisher\":{\"@id\":\"https:\/\/www.rimontgowineries.com\/blog\/#organization\"},\"articleSection\":[\"Fiere ed eventi\"],\"inLanguage\":\"es\",\"potentialAction\":[{\"@type\":\"CommentAction\",\"name\":\"Comment\",\"target\":[\"https:\/\/www.rimontgowineries.com\/blog\/it\/il-campionato-spagnolo-di-degustazione-alla-cieca-2023\/#respond\"]}]},{\"@type\":\"WebPage\",\"@id\":\"https:\/\/www.rimontgowineries.com\/blog\/it\/il-campionato-spagnolo-di-degustazione-alla-cieca-2023\/\",\"url\":\"https:\/\/www.rimontgowineries.com\/blog\/it\/il-campionato-spagnolo-di-degustazione-alla-cieca-2023\/\",\"name\":\"Campionato Spagnolo di Degustazione alla Cieca 2023 | Rimontg\u00f3 Wineries\",\"isPartOf\":{\"@id\":\"https:\/\/www.rimontgowineries.com\/blog\/#website\"},\"datePublished\":\"2023-05-10T16:23:11+00:00\",\"dateModified\":\"2023-06-05T14:26:17+00:00\",\"description\":\"Il Campionato spagnolo di degustazione alla cieca 2023 si svolger\u00e0 sabato 6 maggio e sar\u00e0 ospitato dalla cantina Gramona, nel cuore della regione del Pened\u00e9s.\",\"breadcrumb\":{\"@id\":\"https:\/\/www.rimontgowineries.com\/blog\/it\/il-campionato-spagnolo-di-degustazione-alla-cieca-2023\/#breadcrumb\"},\"inLanguage\":\"es\",\"potentialAction\":[{\"@type\":\"ReadAction\",\"target\":[\"https:\/\/www.rimontgowineries.com\/blog\/it\/il-campionato-spagnolo-di-degustazione-alla-cieca-2023\/\"]}]},{\"@type\":\"BreadcrumbList\",\"@id\":\"https:\/\/www.rimontgowineries.com\/blog\/it\/il-campionato-spagnolo-di-degustazione-alla-cieca-2023\/#breadcrumb\",\"itemListElement\":[{\"@type\":\"ListItem\",\"position\":1,\"name\":\"Home\",\"item\":\"https:\/\/www.rimontgowineries.com\/blog\/es\/\"},{\"@type\":\"ListItem\",\"position\":2,\"name\":\"Il Campionato spagnolo di degustazione alla cieca 2023\"}]},{\"@type\":\"WebSite\",\"@id\":\"https:\/\/www.rimontgowineries.com\/blog\/#website\",\"url\":\"https:\/\/www.rimontgowineries.com\/blog\/\",\"name\":\"Rimontgo Wineries\",\"description\":\"Rimontgo Wineries\",\"publisher\":{\"@id\":\"https:\/\/www.rimontgowineries.com\/blog\/#organization\"},\"potentialAction\":[{\"@type\":\"SearchAction\",\"target\":{\"@type\":\"EntryPoint\",\"urlTemplate\":\"https:\/\/www.rimontgowineries.com\/blog\/?s={search_term_string}\"},\"query-input\":\"required name=search_term_string\"}],\"inLanguage\":\"es\"},{\"@type\":\"Organization\",\"@id\":\"https:\/\/www.rimontgowineries.com\/blog\/#organization\",\"name\":\"Rimontgo Wineries\",\"url\":\"https:\/\/www.rimontgowineries.com\/blog\/\",\"logo\":{\"@type\":\"ImageObject\",\"inLanguage\":\"es\",\"@id\":\"https:\/\/www.rimontgowineries.com\/blog\/#\/schema\/logo\/image\/\",\"url\":\"https:\/\/www.rimontgowineries.com\/blog\/wp-content\/uploads\/2020\/03\/logo_bodegas_wineries_EN.svg\",\"contentUrl\":\"https:\/\/www.rimontgowineries.com\/blog\/wp-content\/uploads\/2020\/03\/logo_bodegas_wineries_EN.svg\",\"width\":134,\"height\":34,\"caption\":\"Rimontgo Wineries\"},\"image\":{\"@id\":\"https:\/\/www.rimontgowineries.com\/blog\/#\/schema\/logo\/image\/\"}},{\"@type\":\"Person\",\"@id\":\"https:\/\/www.rimontgowineries.com\/blog\/#\/schema\/person\/9dc43a22f8b4b5cca821369523f3c455\",\"name\":\"Juan Luis Vanrell\",\"image\":{\"@type\":\"ImageObject\",\"inLanguage\":\"es\",\"@id\":\"https:\/\/www.rimontgowineries.com\/blog\/#\/schema\/person\/image\/\",\"url\":\"https:\/\/secure.gravatar.com\/avatar\/ffaf84a9253780c50f123fc18a9c2266?s=96&d=mm&r=g\",\"contentUrl\":\"https:\/\/secure.gravatar.com\/avatar\/ffaf84a9253780c50f123fc18a9c2266?s=96&d=mm&r=g\",\"caption\":\"Juan Luis Vanrell\"},\"url\":\"https:\/\/www.rimontgowineries.com\/blog\/author\/juanluis\/\"}]}<\/script>\n<!-- \/ Yoast SEO plugin. -->","yoast_head_json":{"title":"Campionato Spagnolo di Degustazione alla Cieca 2023 | Rimontg\u00f3 Wineries","description":"Il Campionato spagnolo di degustazione alla cieca 2023 si svolger\u00e0 sabato 6 maggio e sar\u00e0 ospitato dalla cantina Gramona, nel cuore della regione del Pened\u00e9s.","robots":{"index":"index","follow":"follow","max-snippet":"max-snippet:-1","max-image-preview":"max-image-preview:large","max-video-preview":"max-video-preview:-1"},"canonical":"https:\/\/www.rimontgowineries.com\/blog\/it\/il-campionato-spagnolo-di-degustazione-alla-cieca-2023\/","og_locale":"es_ES","og_type":"article","og_title":"Campionato Spagnolo di Degustazione alla Cieca 2023 | Rimontg\u00f3 Wineries","og_description":"Il Campionato spagnolo di degustazione alla cieca 2023 si svolger\u00e0 sabato 6 maggio e sar\u00e0 ospitato dalla cantina Gramona, nel cuore della regione del Pened\u00e9s.","og_url":"https:\/\/www.rimontgowineries.com\/blog\/it\/il-campionato-spagnolo-di-degustazione-alla-cieca-2023\/","og_site_name":"Rimontgo Wineries","article_published_time":"2023-05-10T16:23:11+00:00","article_modified_time":"2023-06-05T14:26:17+00:00","og_image":[{"width":2560,"height":1706,"url":"https:\/\/www.rimontgowineries.com\/blog\/wp-content\/uploads\/2023\/05\/El-campeonato-de-Espana-de-Cata-a-Ciegas-2023-scaled.jpg","type":"image\/jpeg"}],"author":"Juan Luis Vanrell","twitter_card":"summary_large_image","twitter_misc":{"Written by":"Juan Luis Vanrell","Est. reading time":"2 minutos"},"schema":{"@context":"https:\/\/schema.org","@graph":[{"@type":"Article","@id":"https:\/\/www.rimontgowineries.com\/blog\/it\/il-campionato-spagnolo-di-degustazione-alla-cieca-2023\/#article","isPartOf":{"@id":"https:\/\/www.rimontgowineries.com\/blog\/it\/il-campionato-spagnolo-di-degustazione-alla-cieca-2023\/"},"author":{"name":"Juan Luis Vanrell","@id":"https:\/\/www.rimontgowineries.com\/blog\/#\/schema\/person\/9dc43a22f8b4b5cca821369523f3c455"},"headline":"Il Campionato spagnolo di degustazione alla cieca 2023","datePublished":"2023-05-10T16:23:11+00:00","dateModified":"2023-06-05T14:26:17+00:00","mainEntityOfPage":{"@id":"https:\/\/www.rimontgowineries.com\/blog\/it\/il-campionato-spagnolo-di-degustazione-alla-cieca-2023\/"},"wordCount":364,"commentCount":0,"publisher":{"@id":"https:\/\/www.rimontgowineries.com\/blog\/#organization"},"articleSection":["Fiere ed eventi"],"inLanguage":"es","potentialAction":[{"@type":"CommentAction","name":"Comment","target":["https:\/\/www.rimontgowineries.com\/blog\/it\/il-campionato-spagnolo-di-degustazione-alla-cieca-2023\/#respond"]}]},{"@type":"WebPage","@id":"https:\/\/www.rimontgowineries.com\/blog\/it\/il-campionato-spagnolo-di-degustazione-alla-cieca-2023\/","url":"https:\/\/www.rimontgowineries.com\/blog\/it\/il-campionato-spagnolo-di-degustazione-alla-cieca-2023\/","name":"Campionato Spagnolo di Degustazione alla Cieca 2023 | Rimontg\u00f3 Wineries","isPartOf":{"@id":"https:\/\/www.rimontgowineries.com\/blog\/#website"},"datePublished":"2023-05-10T16:23:11+00:00","dateModified":"2023-06-05T14:26:17+00:00","description":"Il Campionato spagnolo di degustazione alla cieca 2023 si svolger\u00e0 sabato 6 maggio e sar\u00e0 ospitato dalla cantina Gramona, nel cuore della regione del Pened\u00e9s.","breadcrumb":{"@id":"https:\/\/www.rimontgowineries.com\/blog\/it\/il-campionato-spagnolo-di-degustazione-alla-cieca-2023\/#breadcrumb"},"inLanguage":"es","potentialAction":[{"@type":"ReadAction","target":["https:\/\/www.rimontgowineries.com\/blog\/it\/il-campionato-spagnolo-di-degustazione-alla-cieca-2023\/"]}]},{"@type":"BreadcrumbList","@id":"https:\/\/www.rimontgowineries.com\/blog\/it\/il-campionato-spagnolo-di-degustazione-alla-cieca-2023\/#breadcrumb","itemListElement":[{"@type":"ListItem","position":1,"name":"Home","item":"https:\/\/www.rimontgowineries.com\/blog\/es\/"},{"@type":"ListItem","position":2,"name":"Il Campionato spagnolo di degustazione alla cieca 2023"}]},{"@type":"WebSite","@id":"https:\/\/www.rimontgowineries.com\/blog\/#website","url":"https:\/\/www.rimontgowineries.com\/blog\/","name":"Rimontgo Wineries","description":"Rimontgo Wineries","publisher":{"@id":"https:\/\/www.rimontgowineries.com\/blog\/#organization"},"potentialAction":[{"@type":"SearchAction","target":{"@type":"EntryPoint","urlTemplate":"https:\/\/www.rimontgowineries.com\/blog\/?s={search_term_string}"},"query-input":"required name=search_term_string"}],"inLanguage":"es"},{"@type":"Organization","@id":"https:\/\/www.rimontgowineries.com\/blog\/#organization","name":"Rimontgo Wineries","url":"https:\/\/www.rimontgowineries.com\/blog\/","logo":{"@type":"ImageObject","inLanguage":"es","@id":"https:\/\/www.rimontgowineries.com\/blog\/#\/schema\/logo\/image\/","url":"https:\/\/www.rimontgowineries.com\/blog\/wp-content\/uploads\/2020\/03\/logo_bodegas_wineries_EN.svg","contentUrl":"https:\/\/www.rimontgowineries.com\/blog\/wp-content\/uploads\/2020\/03\/logo_bodegas_wineries_EN.svg","width":134,"height":34,"caption":"Rimontgo Wineries"},"image":{"@id":"https:\/\/www.rimontgowineries.com\/blog\/#\/schema\/logo\/image\/"}},{"@type":"Person","@id":"https:\/\/www.rimontgowineries.com\/blog\/#\/schema\/person\/9dc43a22f8b4b5cca821369523f3c455","name":"Juan Luis Vanrell","image":{"@type":"ImageObject","inLanguage":"es","@id":"https:\/\/www.rimontgowineries.com\/blog\/#\/schema\/person\/image\/","url":"https:\/\/secure.gravatar.com\/avatar\/ffaf84a9253780c50f123fc18a9c2266?s=96&d=mm&r=g","contentUrl":"https:\/\/secure.gravatar.com\/avatar\/ffaf84a9253780c50f123fc18a9c2266?s=96&d=mm&r=g","caption":"Juan Luis Vanrell"},"url":"https:\/\/www.rimontgowineries.com\/blog\/author\/juanluis\/"}]}},"_links":{"self":[{"href":"https:\/\/www.rimontgowineries.com\/blog\/wp-json\/wp\/v2\/posts\/22065"}],"collection":[{"href":"https:\/\/www.rimontgowineries.com\/blog\/wp-json\/wp\/v2\/posts"}],"about":[{"href":"https:\/\/www.rimontgowineries.com\/blog\/wp-json\/wp\/v2\/types\/post"}],"author":[{"embeddable":true,"href":"https:\/\/www.rimontgowineries.com\/blog\/wp-json\/wp\/v2\/users\/2"}],"replies":[{"embeddable":true,"href":"https:\/\/www.rimontgowineries.com\/blog\/wp-json\/wp\/v2\/comments?post=22065"}],"version-history":[{"count":1,"href":"https:\/\/www.rimontgowineries.com\/blog\/wp-json\/wp\/v2\/posts\/22065\/revisions"}],"predecessor-version":[{"id":22066,"href":"https:\/\/www.rimontgowineries.com\/blog\/wp-json\/wp\/v2\/posts\/22065\/revisions\/22066"}],"wp:featuredmedia":[{"embeddable":true,"href":"https:\/\/www.rimontgowineries.com\/blog\/wp-json\/wp\/v2\/media\/22027"}],"wp:attachment":[{"href":"https:\/\/www.rimontgowineries.com\/blog\/wp-json\/wp\/v2\/media?parent=22065"}],"wp:term":[{"taxonomy":"category","embeddable":true,"href":"https:\/\/www.rimontgowineries.com\/blog\/wp-json\/wp\/v2\/categories?post=22065"},{"taxonomy":"post_tag","embeddable":true,"href":"https:\/\/www.rimontgowineries.com\/blog\/wp-json\/wp\/v2\/tags?post=22065"}],"curies":[{"name":"wp","href":"https:\/\/api.w.org\/{rel}","templated":true}]}}