{"id":22256,"date":"2023-06-30T10:32:54","date_gmt":"2023-06-30T08:32:54","guid":{"rendered":"https:\/\/www.rimontgowineries.com\/blog\/?p=22256"},"modified":"2023-06-30T10:36:47","modified_gmt":"2023-06-30T08:36:47","slug":"saint-emilion-2","status":"publish","type":"post","link":"https:\/\/www.rimontgowineries.com\/blog\/fr\/saint-emilion-2\/","title":{"rendered":"Saint \u00c9milion"},"content":{"rendered":"<p>Le premier mot qui vient \u00e0 l&#8217;esprit quand on parle de Saint Emilion est beaut\u00e9. Pas en vain, en d\u00e9cembre 1999, cinq mille hectares de vignes, r\u00e9parties sur huit communes de la juridiction de Saint Emilion (Saint-\u00c9milion, Saint-Laurent-des-Combes, Saint-Christophe des Bardes, Saint-Pey d&#8217;Armens, Saint-\u00c9tienne de Lisse, Saint Sulpice de Faleyrens, Vignonet et Saint-Hippolyte), ont \u00e9t\u00e9 inscrits au patrimoine mondial de l&#8217;UNESCO.<\/p>\n<p>Au sublime paysage naturel s&#8217;ajoute le patrimoine historique et architectural d&#8217;une cit\u00e9 m\u00e9di\u00e9vale comme Saint Emilion, o\u00f9 ses \u00e9glises romantiques, ses ruelles pav\u00e9es, ses carri\u00e8res souterraines et son extraordinaire uniformit\u00e9 font de cette ville un lieu charmant, d&#8217;autant plus si l&#8217;on tient compte du grand nombre de cavistes occupant ses locaux commerciaux.<\/p>\n<p>A Saint Emilion, les sols sont tr\u00e8s vari\u00e9s, puisque l&#8217;on trouve de l&#8217;argile, de la marne, du sable, des graviers et des alluvions. Le merlot est le c\u00e9page pr\u00e9dominant, bien que le cabernet franc, dans une petite proportion, ait aussi son poids, en particulier dans les vins de Ch\u00e2teau Cheval Blanc, o\u00f9 il pr\u00e9vaut sur le merlot.<\/p>\n<p>Les vins de Saint Emilion ne figuraient pas dans le classement bordelais de 1855. Le premier r\u00e8glement formel date de 1955 et, contrairement \u00e0 ses voisins de la rive gauche, il est revu avec une certaine r\u00e9gularit\u00e9, l&#8217;ann\u00e9e 2012 \u00e9tant la derni\u00e8re \u00e0 \u00eatre r\u00e9alis\u00e9e.<\/p>\n<p>Les vins de l&#8217;AOC Santi Emilion Gran Cru sont r\u00e9partis en Premiers Grands Crus Class\u00e9s A (Ch\u00e2teau Ausone, Ch\u00e2teau Cheval Blanc, Ch\u00e2teau angelus et Ch\u00e2teau pavie) ; Premiers Grands Crus Class\u00e9s B (Ch\u00e2teau Beau-S\u00e9jourB\u00e9cot, Ch\u00e2teau Beaus\u00e9jour, Ch\u00e2teau B\u00e9lair, Ch\u00e2teau Canon, Ch\u00e2teau Canon-la-Gaffeli\u00e8re, Ch\u00e2teau Figeac, Clos Fourtet, Ch\u00e2teau La Gaffeli\u00e8re, Ch\u00e2teau Larcis-Ducasse, La Mondotte, Ch\u00e2teau Pavie-Ma qui , Ch\u00e2teau Troplong-Mondot, Ch\u00e2teau Trottevieille, Ch\u00e2teau Valandraud) et Grands Crus Class\u00e9s (63 ch\u00e2teaux).<\/p>\n<p>Surtout au printemps, Saint Emilion a une visite de trois ou quatre jours, d&#8217;autant plus que l&#8217;AOC de Pomerol, o\u00f9 se trouve le mythique Petrus, lui est contigu\u00eb. S\u00e9journer dans un ch\u00e2teau est la meilleure option pour visiter la r\u00e9gion et d\u00e9guster des vins qui sont un vrai d\u00e9lice pour les sens.<\/p>\n","protected":false},"excerpt":{"rendered":"<p>Surtout au printemps, Saint Emilion a une visite de trois ou quatre jours, d&#8217;autant plus que l&#8217;AOC de Pomerol, o\u00f9 se trouve le mythique Petrus, lui est contigu\u00eb. S\u00e9journer dans un ch\u00e2teau est la meilleure option pour visiter la r\u00e9gion et d\u00e9guster des vins qui sont un vrai d\u00e9lice pour les sens.<\/p>\n","protected":false},"author":2,"featured_media":22249,"comment_status":"open","ping_status":"open","sticky":false,"template":"","format":"standard","meta":{"_mi_skip_tracking":false,"_monsterinsights_sitenote_active":false,"_monsterinsights_sitenote_note":"","_monsterinsights_sitenote_category":0,"footnotes":""},"categories":[3035,3072,3096],"tags":[],"yoast_head":"<!-- This site is optimized with the Yoast SEO plugin v21.5 - https:\/\/yoast.com\/wordpress\/plugins\/seo\/ -->\n<title>Saint Emilion | Rimontg\u00f3 Bodegas<\/title>\n<meta name=\"description\" content=\"Saint Emilion: la belleza de un paisaje natural junto con patrimonio hist\u00f3rico y arquitect\u00f3nico de una ciudad medieval.\" \/>\n<meta name=\"robots\" content=\"index, follow, max-snippet:-1, max-image-preview:large, max-video-preview:-1\" \/>\n<link rel=\"canonical\" href=\"https:\/\/www.rimontgowineries.com\/blog\/fr\/saint-emilion-2\/\" \/>\n<meta property=\"og:locale\" content=\"es_ES\" \/>\n<meta property=\"og:type\" content=\"article\" \/>\n<meta property=\"og:title\" content=\"Saint Emilion | Rimontg\u00f3 Bodegas\" \/>\n<meta property=\"og:description\" content=\"Saint Emilion: la belleza de un paisaje natural junto con patrimonio hist\u00f3rico y arquitect\u00f3nico de una ciudad medieval.\" \/>\n<meta property=\"og:url\" content=\"https:\/\/www.rimontgowineries.com\/blog\/fr\/saint-emilion-2\/\" \/>\n<meta property=\"og:site_name\" content=\"Rimontgo Wineries\" \/>\n<meta property=\"article:published_time\" content=\"2023-06-30T08:32:54+00:00\" \/>\n<meta property=\"article:modified_time\" content=\"2023-06-30T08:36:47+00:00\" \/>\n<meta property=\"og:image\" content=\"https:\/\/www.rimontgowineries.com\/blog\/wp-content\/uploads\/2023\/06\/Saint-Emilion.jpg\" \/>\n\t<meta property=\"og:image:width\" content=\"1064\" \/>\n\t<meta property=\"og:image:height\" content=\"688\" \/>\n\t<meta property=\"og:image:type\" content=\"image\/jpeg\" \/>\n<meta name=\"author\" content=\"Juan Luis Vanrell\" \/>\n<meta name=\"twitter:card\" content=\"summary_large_image\" \/>\n<meta name=\"twitter:label1\" content=\"Written by\" \/>\n\t<meta name=\"twitter:data1\" content=\"Juan Luis Vanrell\" \/>\n\t<meta name=\"twitter:label2\" content=\"Est. reading time\" \/>\n\t<meta name=\"twitter:data2\" content=\"2 minutos\" \/>\n<script type=\"application\/ld+json\" class=\"yoast-schema-graph\">{\"@context\":\"https:\/\/schema.org\",\"@graph\":[{\"@type\":\"Article\",\"@id\":\"https:\/\/www.rimontgowineries.com\/blog\/fr\/saint-emilion-2\/#article\",\"isPartOf\":{\"@id\":\"https:\/\/www.rimontgowineries.com\/blog\/fr\/saint-emilion-2\/\"},\"author\":{\"name\":\"Juan Luis Vanrell\",\"@id\":\"https:\/\/www.rimontgowineries.com\/blog\/#\/schema\/person\/9dc43a22f8b4b5cca821369523f3c455\"},\"headline\":\"Saint \u00c9milion\",\"datePublished\":\"2023-06-30T08:32:54+00:00\",\"dateModified\":\"2023-06-30T08:36:47+00:00\",\"mainEntityOfPage\":{\"@id\":\"https:\/\/www.rimontgowineries.com\/blog\/fr\/saint-emilion-2\/\"},\"wordCount\":380,\"commentCount\":0,\"publisher\":{\"@id\":\"https:\/\/www.rimontgowineries.com\/blog\/#organization\"},\"articleSection\":[\"Appellations d'origine\",\"Domaines vinicoles\",\"Le monde du vin\"],\"inLanguage\":\"es\",\"potentialAction\":[{\"@type\":\"CommentAction\",\"name\":\"Comment\",\"target\":[\"https:\/\/www.rimontgowineries.com\/blog\/fr\/saint-emilion-2\/#respond\"]}]},{\"@type\":\"WebPage\",\"@id\":\"https:\/\/www.rimontgowineries.com\/blog\/fr\/saint-emilion-2\/\",\"url\":\"https:\/\/www.rimontgowineries.com\/blog\/fr\/saint-emilion-2\/\",\"name\":\"Saint Emilion | Rimontg\u00f3 Bodegas\",\"isPartOf\":{\"@id\":\"https:\/\/www.rimontgowineries.com\/blog\/#website\"},\"datePublished\":\"2023-06-30T08:32:54+00:00\",\"dateModified\":\"2023-06-30T08:36:47+00:00\",\"description\":\"Saint Emilion: la belleza de un paisaje natural junto con patrimonio hist\u00f3rico y arquitect\u00f3nico de una ciudad medieval.\",\"breadcrumb\":{\"@id\":\"https:\/\/www.rimontgowineries.com\/blog\/fr\/saint-emilion-2\/#breadcrumb\"},\"inLanguage\":\"es\",\"potentialAction\":[{\"@type\":\"ReadAction\",\"target\":[\"https:\/\/www.rimontgowineries.com\/blog\/fr\/saint-emilion-2\/\"]}]},{\"@type\":\"BreadcrumbList\",\"@id\":\"https:\/\/www.rimontgowineries.com\/blog\/fr\/saint-emilion-2\/#breadcrumb\",\"itemListElement\":[{\"@type\":\"ListItem\",\"position\":1,\"name\":\"Home\",\"item\":\"https:\/\/www.rimontgowineries.com\/blog\/es\/\"},{\"@type\":\"ListItem\",\"position\":2,\"name\":\"Saint \u00c9milion\"}]},{\"@type\":\"WebSite\",\"@id\":\"https:\/\/www.rimontgowineries.com\/blog\/#website\",\"url\":\"https:\/\/www.rimontgowineries.com\/blog\/\",\"name\":\"Rimontgo Wineries\",\"description\":\"Rimontgo Wineries\",\"publisher\":{\"@id\":\"https:\/\/www.rimontgowineries.com\/blog\/#organization\"},\"potentialAction\":[{\"@type\":\"SearchAction\",\"target\":{\"@type\":\"EntryPoint\",\"urlTemplate\":\"https:\/\/www.rimontgowineries.com\/blog\/?s={search_term_string}\"},\"query-input\":\"required name=search_term_string\"}],\"inLanguage\":\"es\"},{\"@type\":\"Organization\",\"@id\":\"https:\/\/www.rimontgowineries.com\/blog\/#organization\",\"name\":\"Rimontgo Wineries\",\"url\":\"https:\/\/www.rimontgowineries.com\/blog\/\",\"logo\":{\"@type\":\"ImageObject\",\"inLanguage\":\"es\",\"@id\":\"https:\/\/www.rimontgowineries.com\/blog\/#\/schema\/logo\/image\/\",\"url\":\"https:\/\/www.rimontgowineries.com\/blog\/wp-content\/uploads\/2020\/03\/logo_bodegas_wineries_EN.svg\",\"contentUrl\":\"https:\/\/www.rimontgowineries.com\/blog\/wp-content\/uploads\/2020\/03\/logo_bodegas_wineries_EN.svg\",\"width\":134,\"height\":34,\"caption\":\"Rimontgo Wineries\"},\"image\":{\"@id\":\"https:\/\/www.rimontgowineries.com\/blog\/#\/schema\/logo\/image\/\"}},{\"@type\":\"Person\",\"@id\":\"https:\/\/www.rimontgowineries.com\/blog\/#\/schema\/person\/9dc43a22f8b4b5cca821369523f3c455\",\"name\":\"Juan Luis Vanrell\",\"image\":{\"@type\":\"ImageObject\",\"inLanguage\":\"es\",\"@id\":\"https:\/\/www.rimontgowineries.com\/blog\/#\/schema\/person\/image\/\",\"url\":\"https:\/\/secure.gravatar.com\/avatar\/ffaf84a9253780c50f123fc18a9c2266?s=96&d=mm&r=g\",\"contentUrl\":\"https:\/\/secure.gravatar.com\/avatar\/ffaf84a9253780c50f123fc18a9c2266?s=96&d=mm&r=g\",\"caption\":\"Juan Luis Vanrell\"},\"url\":\"https:\/\/www.rimontgowineries.com\/blog\/author\/juanluis\/\"}]}<\/script>\n<!-- \/ Yoast SEO plugin. -->","yoast_head_json":{"title":"Saint Emilion | Rimontg\u00f3 Bodegas","description":"Saint Emilion: la belleza de un paisaje natural junto con patrimonio hist\u00f3rico y arquitect\u00f3nico de una ciudad medieval.","robots":{"index":"index","follow":"follow","max-snippet":"max-snippet:-1","max-image-preview":"max-image-preview:large","max-video-preview":"max-video-preview:-1"},"canonical":"https:\/\/www.rimontgowineries.com\/blog\/fr\/saint-emilion-2\/","og_locale":"es_ES","og_type":"article","og_title":"Saint Emilion | Rimontg\u00f3 Bodegas","og_description":"Saint Emilion: la belleza de un paisaje natural junto con patrimonio hist\u00f3rico y arquitect\u00f3nico de una ciudad medieval.","og_url":"https:\/\/www.rimontgowineries.com\/blog\/fr\/saint-emilion-2\/","og_site_name":"Rimontgo Wineries","article_published_time":"2023-06-30T08:32:54+00:00","article_modified_time":"2023-06-30T08:36:47+00:00","og_image":[{"width":1064,"height":688,"url":"https:\/\/www.rimontgowineries.com\/blog\/wp-content\/uploads\/2023\/06\/Saint-Emilion.jpg","type":"image\/jpeg"}],"author":"Juan Luis Vanrell","twitter_card":"summary_large_image","twitter_misc":{"Written by":"Juan Luis Vanrell","Est. reading time":"2 minutos"},"schema":{"@context":"https:\/\/schema.org","@graph":[{"@type":"Article","@id":"https:\/\/www.rimontgowineries.com\/blog\/fr\/saint-emilion-2\/#article","isPartOf":{"@id":"https:\/\/www.rimontgowineries.com\/blog\/fr\/saint-emilion-2\/"},"author":{"name":"Juan Luis Vanrell","@id":"https:\/\/www.rimontgowineries.com\/blog\/#\/schema\/person\/9dc43a22f8b4b5cca821369523f3c455"},"headline":"Saint \u00c9milion","datePublished":"2023-06-30T08:32:54+00:00","dateModified":"2023-06-30T08:36:47+00:00","mainEntityOfPage":{"@id":"https:\/\/www.rimontgowineries.com\/blog\/fr\/saint-emilion-2\/"},"wordCount":380,"commentCount":0,"publisher":{"@id":"https:\/\/www.rimontgowineries.com\/blog\/#organization"},"articleSection":["Appellations d'origine","Domaines vinicoles","Le monde du vin"],"inLanguage":"es","potentialAction":[{"@type":"CommentAction","name":"Comment","target":["https:\/\/www.rimontgowineries.com\/blog\/fr\/saint-emilion-2\/#respond"]}]},{"@type":"WebPage","@id":"https:\/\/www.rimontgowineries.com\/blog\/fr\/saint-emilion-2\/","url":"https:\/\/www.rimontgowineries.com\/blog\/fr\/saint-emilion-2\/","name":"Saint Emilion | Rimontg\u00f3 Bodegas","isPartOf":{"@id":"https:\/\/www.rimontgowineries.com\/blog\/#website"},"datePublished":"2023-06-30T08:32:54+00:00","dateModified":"2023-06-30T08:36:47+00:00","description":"Saint Emilion: la belleza de un paisaje natural junto con patrimonio hist\u00f3rico y arquitect\u00f3nico de una ciudad medieval.","breadcrumb":{"@id":"https:\/\/www.rimontgowineries.com\/blog\/fr\/saint-emilion-2\/#breadcrumb"},"inLanguage":"es","potentialAction":[{"@type":"ReadAction","target":["https:\/\/www.rimontgowineries.com\/blog\/fr\/saint-emilion-2\/"]}]},{"@type":"BreadcrumbList","@id":"https:\/\/www.rimontgowineries.com\/blog\/fr\/saint-emilion-2\/#breadcrumb","itemListElement":[{"@type":"ListItem","position":1,"name":"Home","item":"https:\/\/www.rimontgowineries.com\/blog\/es\/"},{"@type":"ListItem","position":2,"name":"Saint \u00c9milion"}]},{"@type":"WebSite","@id":"https:\/\/www.rimontgowineries.com\/blog\/#website","url":"https:\/\/www.rimontgowineries.com\/blog\/","name":"Rimontgo Wineries","description":"Rimontgo Wineries","publisher":{"@id":"https:\/\/www.rimontgowineries.com\/blog\/#organization"},"potentialAction":[{"@type":"SearchAction","target":{"@type":"EntryPoint","urlTemplate":"https:\/\/www.rimontgowineries.com\/blog\/?s={search_term_string}"},"query-input":"required name=search_term_string"}],"inLanguage":"es"},{"@type":"Organization","@id":"https:\/\/www.rimontgowineries.com\/blog\/#organization","name":"Rimontgo Wineries","url":"https:\/\/www.rimontgowineries.com\/blog\/","logo":{"@type":"ImageObject","inLanguage":"es","@id":"https:\/\/www.rimontgowineries.com\/blog\/#\/schema\/logo\/image\/","url":"https:\/\/www.rimontgowineries.com\/blog\/wp-content\/uploads\/2020\/03\/logo_bodegas_wineries_EN.svg","contentUrl":"https:\/\/www.rimontgowineries.com\/blog\/wp-content\/uploads\/2020\/03\/logo_bodegas_wineries_EN.svg","width":134,"height":34,"caption":"Rimontgo Wineries"},"image":{"@id":"https:\/\/www.rimontgowineries.com\/blog\/#\/schema\/logo\/image\/"}},{"@type":"Person","@id":"https:\/\/www.rimontgowineries.com\/blog\/#\/schema\/person\/9dc43a22f8b4b5cca821369523f3c455","name":"Juan Luis Vanrell","image":{"@type":"ImageObject","inLanguage":"es","@id":"https:\/\/www.rimontgowineries.com\/blog\/#\/schema\/person\/image\/","url":"https:\/\/secure.gravatar.com\/avatar\/ffaf84a9253780c50f123fc18a9c2266?s=96&d=mm&r=g","contentUrl":"https:\/\/secure.gravatar.com\/avatar\/ffaf84a9253780c50f123fc18a9c2266?s=96&d=mm&r=g","caption":"Juan Luis Vanrell"},"url":"https:\/\/www.rimontgowineries.com\/blog\/author\/juanluis\/"}]}},"_links":{"self":[{"href":"https:\/\/www.rimontgowineries.com\/blog\/wp-json\/wp\/v2\/posts\/22256"}],"collection":[{"href":"https:\/\/www.rimontgowineries.com\/blog\/wp-json\/wp\/v2\/posts"}],"about":[{"href":"https:\/\/www.rimontgowineries.com\/blog\/wp-json\/wp\/v2\/types\/post"}],"author":[{"embeddable":true,"href":"https:\/\/www.rimontgowineries.com\/blog\/wp-json\/wp\/v2\/users\/2"}],"replies":[{"embeddable":true,"href":"https:\/\/www.rimontgowineries.com\/blog\/wp-json\/wp\/v2\/comments?post=22256"}],"version-history":[{"count":2,"href":"https:\/\/www.rimontgowineries.com\/blog\/wp-json\/wp\/v2\/posts\/22256\/revisions"}],"predecessor-version":[{"id":22259,"href":"https:\/\/www.rimontgowineries.com\/blog\/wp-json\/wp\/v2\/posts\/22256\/revisions\/22259"}],"wp:featuredmedia":[{"embeddable":true,"href":"https:\/\/www.rimontgowineries.com\/blog\/wp-json\/wp\/v2\/media\/22249"}],"wp:attachment":[{"href":"https:\/\/www.rimontgowineries.com\/blog\/wp-json\/wp\/v2\/media?parent=22256"}],"wp:term":[{"taxonomy":"category","embeddable":true,"href":"https:\/\/www.rimontgowineries.com\/blog\/wp-json\/wp\/v2\/categories?post=22256"},{"taxonomy":"post_tag","embeddable":true,"href":"https:\/\/www.rimontgowineries.com\/blog\/wp-json\/wp\/v2\/tags?post=22256"}],"curies":[{"name":"wp","href":"https:\/\/api.w.org\/{rel}","templated":true}]}}