{"id":22403,"date":"2023-09-22T10:00:00","date_gmt":"2023-09-22T08:00:00","guid":{"rendered":"https:\/\/www.rimontgowineries.com\/blog\/?p=22403"},"modified":"2023-09-29T10:12:45","modified_gmt":"2023-09-29T08:12:45","slug":"los-claretes","status":"publish","type":"post","link":"https:\/\/www.rimontgowineries.com\/blog\/es\/los-claretes\/","title":{"rendered":"Los Claretes"},"content":{"rendered":"<p>Si los vinos rosados est\u00e1n, en cierto modo, marginados, los claretes son los grandes desconocidos. No obstante, recientemente he bebido un clarete, Espantaburros, de C\u00e9sar Fern\u00e1ndez, viticultor de Pe\u00f1aranda de Duero, que me llevado al punto de escribir este texto, no solo por lo que disfrut\u00e9 del vino sino, tambi\u00e9n, por reivindicar una forma de elaboraci\u00f3n denostada y que nos puede ofrecer grandes momentos.<\/p>\n<\/p>\n<p>\u00a0\u00a0\u00a0\u00a0\u00a0\u00a0\u00a0\u00a0\u00a0\u00a0\u00a0 El Espantaburros, elaborado con bobal, tempranillo y albillo mayor, es un vino fresco, con estructura y excelente acidez -gracias, principalmente, al albillo- pero con notas de fruta roja provenientes de las variedades tintas. Un vino sin complejidad, muy bien hecho, ideal para aperitivos y el verano. Mis opiniones, por supuesto, subjetivas, podr\u00e1n ser m\u00e1s o menos interesantes, pero al hablar de este tipo de vinos debemos empezar por el principio y dar respuesta a la pregunta obligada \u00bfqu\u00e9 es un clarete?<\/p>\n<\/p>\n<p>\u00a0\u00a0\u00a0\u00a0\u00a0\u00a0\u00a0\u00a0\u00a0\u00a0\u00a0 El nombre de clarete no pertenece a ninguna categor\u00eda oficial, sino que es la forma com\u00fan de llamar a un tipo de vino joven, que se elabora mezclando el mosto de uvas blancas y tintas para una fermentaci\u00f3n conjunta, respet\u00e1ndose el proceso de extracci\u00f3n del mosto en cada variedad. Como consecuencia de la mezcla, el color del vino es rosa p\u00e1lido y sus notas arom\u00e1ticas conjugan las propias de las variedades blancas con las tintas, principalmente, tempranillo. Es en las zonas de Castilla Le\u00f3n, como Cigales, Arlanza o Ribera del Duero, donde los claretes tienen una mayor presencia.<\/p>\n<\/p>\n<p>\u00a0\u00a0\u00a0\u00a0\u00a0\u00a0\u00a0\u00a0\u00a0\u00a0\u00a0 Por su parte, los rosados, m\u00e1s arraigados en Rioja y Navarra, adem\u00e1s de responder a una categor\u00eda oficial de vino, pueden ser elaborados solo con variedades tintas, pero sin presencia de hollejos, o a\u00f1adiendo, tambi\u00e9n, variedades blancas. La presencia de estas \u00faltimas es m\u00e1s reducida, por lo que los vinos suelen tener un punto m\u00e1s de color que los claretes. Los rosados se pueden elaborar de dos formas: mediante el sangrado, macerando la uva tinta para despu\u00e9s extraer el mosto sin las partes s\u00f3lidas, o por prensado, en cuyo caso este arrastra el color del hollejo. Adem\u00e1s, los vinos rosados, por su elaboraci\u00f3n m\u00e1s compleja, suelen tener una crianza, m\u00e1s o menos larga, que los clasifica en: joven, crianza, reserva o gran reserva. Dentro del mundo de los vinos rosados, resulta obligatorio nombrar Vi\u00f1a Tondonia, elaborado por L\u00f3pez de Heredia, posiblemente, el mejor rosado de nuestro pa\u00eds.<\/p>\n<\/p>\n<p>Las fechas estivales son el momento \u00f3ptimo. Una barbacoa, una paella, un arroz de pescado o simplemente piscina o playa son ideales para abrir y disfrutar de un clarete o de un rosado joven, eso s\u00ed, respetando siempre la filosof\u00eda del terroir. Pru\u00e9benlo, no se arrepentir\u00e1n.<\/p>\n<\/p>\n\n\n<p><\/p>\n","protected":false},"excerpt":{"rendered":"<p>Las fechas estivales son el momento \u00f3ptimo para beber claretes, esos grandes desconocidos. Es en las zonas de Castilla Le\u00f3n, como Cigales, Arlanza o Ribera del Duero, donde los claretes tienen una mayor presencia.<\/p>\n","protected":false},"author":2,"featured_media":22406,"comment_status":"open","ping_status":"open","sticky":false,"template":"","format":"standard","meta":{"_mi_skip_tracking":false,"_monsterinsights_sitenote_active":false,"_monsterinsights_sitenote_note":"","_monsterinsights_sitenote_category":0,"footnotes":""},"categories":[3064,3090],"tags":[],"yoast_head":"<!-- This site is optimized with the Yoast SEO plugin v21.5 - https:\/\/yoast.com\/wordpress\/plugins\/seo\/ -->\n<title>Los Claretes | Rimontg\u00f3 Bodegas<\/title>\n<meta name=\"description\" content=\"Si los vinos rosados est\u00e1n, en cierto modo, marginados, los claretes son los grandes desconocidos. Pru\u00e9benlo, no se arrepentir\u00e1n.\" \/>\n<meta name=\"robots\" content=\"index, follow, max-snippet:-1, max-image-preview:large, max-video-preview:-1\" \/>\n<link rel=\"canonical\" href=\"https:\/\/www.rimontgowineries.com\/blog\/es\/los-claretes\/\" \/>\n<meta property=\"og:locale\" content=\"es_ES\" \/>\n<meta property=\"og:type\" content=\"article\" \/>\n<meta property=\"og:title\" content=\"Los Claretes | Rimontg\u00f3 Bodegas\" \/>\n<meta property=\"og:description\" content=\"Si los vinos rosados est\u00e1n, en cierto modo, marginados, los claretes son los grandes desconocidos. Pru\u00e9benlo, no se arrepentir\u00e1n.\" \/>\n<meta property=\"og:url\" content=\"https:\/\/www.rimontgowineries.com\/blog\/es\/los-claretes\/\" \/>\n<meta property=\"og:site_name\" content=\"Rimontgo Wineries\" \/>\n<meta property=\"article:published_time\" content=\"2023-09-22T08:00:00+00:00\" \/>\n<meta property=\"article:modified_time\" content=\"2023-09-29T08:12:45+00:00\" \/>\n<meta property=\"og:image\" content=\"https:\/\/www.rimontgowineries.com\/blog\/wp-content\/uploads\/2023\/09\/1.jpg\" \/>\n\t<meta property=\"og:image:width\" content=\"940\" \/>\n\t<meta property=\"og:image:height\" content=\"788\" \/>\n\t<meta property=\"og:image:type\" content=\"image\/jpeg\" \/>\n<meta name=\"author\" content=\"Juan Luis Vanrell\" \/>\n<meta name=\"twitter:card\" content=\"summary_large_image\" \/>\n<meta name=\"twitter:label1\" content=\"Written by\" \/>\n\t<meta name=\"twitter:data1\" content=\"Juan Luis Vanrell\" \/>\n\t<meta name=\"twitter:label2\" content=\"Est. reading time\" \/>\n\t<meta name=\"twitter:data2\" content=\"2 minutos\" \/>\n<script type=\"application\/ld+json\" class=\"yoast-schema-graph\">{\"@context\":\"https:\/\/schema.org\",\"@graph\":[{\"@type\":\"Article\",\"@id\":\"https:\/\/www.rimontgowineries.com\/blog\/es\/los-claretes\/#article\",\"isPartOf\":{\"@id\":\"https:\/\/www.rimontgowineries.com\/blog\/es\/los-claretes\/\"},\"author\":{\"name\":\"Juan Luis Vanrell\",\"@id\":\"https:\/\/www.rimontgowineries.com\/blog\/#\/schema\/person\/9dc43a22f8b4b5cca821369523f3c455\"},\"headline\":\"Los Claretes\",\"datePublished\":\"2023-09-22T08:00:00+00:00\",\"dateModified\":\"2023-09-29T08:12:45+00:00\",\"mainEntityOfPage\":{\"@id\":\"https:\/\/www.rimontgowineries.com\/blog\/es\/los-claretes\/\"},\"wordCount\":473,\"commentCount\":0,\"publisher\":{\"@id\":\"https:\/\/www.rimontgowineries.com\/blog\/#organization\"},\"articleSection\":[\"Bodegas\",\"Mundo del vino\"],\"inLanguage\":\"es\",\"potentialAction\":[{\"@type\":\"CommentAction\",\"name\":\"Comment\",\"target\":[\"https:\/\/www.rimontgowineries.com\/blog\/es\/los-claretes\/#respond\"]}]},{\"@type\":\"WebPage\",\"@id\":\"https:\/\/www.rimontgowineries.com\/blog\/es\/los-claretes\/\",\"url\":\"https:\/\/www.rimontgowineries.com\/blog\/es\/los-claretes\/\",\"name\":\"Los Claretes | Rimontg\u00f3 Bodegas\",\"isPartOf\":{\"@id\":\"https:\/\/www.rimontgowineries.com\/blog\/#website\"},\"datePublished\":\"2023-09-22T08:00:00+00:00\",\"dateModified\":\"2023-09-29T08:12:45+00:00\",\"description\":\"Si los vinos rosados est\u00e1n, en cierto modo, marginados, los claretes son los grandes desconocidos. Pru\u00e9benlo, no se arrepentir\u00e1n.\",\"breadcrumb\":{\"@id\":\"https:\/\/www.rimontgowineries.com\/blog\/es\/los-claretes\/#breadcrumb\"},\"inLanguage\":\"es\",\"potentialAction\":[{\"@type\":\"ReadAction\",\"target\":[\"https:\/\/www.rimontgowineries.com\/blog\/es\/los-claretes\/\"]}]},{\"@type\":\"BreadcrumbList\",\"@id\":\"https:\/\/www.rimontgowineries.com\/blog\/es\/los-claretes\/#breadcrumb\",\"itemListElement\":[{\"@type\":\"ListItem\",\"position\":1,\"name\":\"Home\",\"item\":\"https:\/\/www.rimontgowineries.com\/blog\/es\/\"},{\"@type\":\"ListItem\",\"position\":2,\"name\":\"Los Claretes\"}]},{\"@type\":\"WebSite\",\"@id\":\"https:\/\/www.rimontgowineries.com\/blog\/#website\",\"url\":\"https:\/\/www.rimontgowineries.com\/blog\/\",\"name\":\"Rimontgo Wineries\",\"description\":\"Rimontgo Wineries\",\"publisher\":{\"@id\":\"https:\/\/www.rimontgowineries.com\/blog\/#organization\"},\"potentialAction\":[{\"@type\":\"SearchAction\",\"target\":{\"@type\":\"EntryPoint\",\"urlTemplate\":\"https:\/\/www.rimontgowineries.com\/blog\/?s={search_term_string}\"},\"query-input\":\"required name=search_term_string\"}],\"inLanguage\":\"es\"},{\"@type\":\"Organization\",\"@id\":\"https:\/\/www.rimontgowineries.com\/blog\/#organization\",\"name\":\"Rimontgo Wineries\",\"url\":\"https:\/\/www.rimontgowineries.com\/blog\/\",\"logo\":{\"@type\":\"ImageObject\",\"inLanguage\":\"es\",\"@id\":\"https:\/\/www.rimontgowineries.com\/blog\/#\/schema\/logo\/image\/\",\"url\":\"https:\/\/www.rimontgowineries.com\/blog\/wp-content\/uploads\/2020\/03\/logo_bodegas_wineries_EN.svg\",\"contentUrl\":\"https:\/\/www.rimontgowineries.com\/blog\/wp-content\/uploads\/2020\/03\/logo_bodegas_wineries_EN.svg\",\"width\":134,\"height\":34,\"caption\":\"Rimontgo Wineries\"},\"image\":{\"@id\":\"https:\/\/www.rimontgowineries.com\/blog\/#\/schema\/logo\/image\/\"}},{\"@type\":\"Person\",\"@id\":\"https:\/\/www.rimontgowineries.com\/blog\/#\/schema\/person\/9dc43a22f8b4b5cca821369523f3c455\",\"name\":\"Juan Luis Vanrell\",\"image\":{\"@type\":\"ImageObject\",\"inLanguage\":\"es\",\"@id\":\"https:\/\/www.rimontgowineries.com\/blog\/#\/schema\/person\/image\/\",\"url\":\"https:\/\/secure.gravatar.com\/avatar\/ffaf84a9253780c50f123fc18a9c2266?s=96&d=mm&r=g\",\"contentUrl\":\"https:\/\/secure.gravatar.com\/avatar\/ffaf84a9253780c50f123fc18a9c2266?s=96&d=mm&r=g\",\"caption\":\"Juan Luis Vanrell\"},\"url\":\"https:\/\/www.rimontgowineries.com\/blog\/author\/juanluis\/\"}]}<\/script>\n<!-- \/ Yoast SEO plugin. -->","yoast_head_json":{"title":"Los Claretes | Rimontg\u00f3 Bodegas","description":"Si los vinos rosados est\u00e1n, en cierto modo, marginados, los claretes son los grandes desconocidos. Pru\u00e9benlo, no se arrepentir\u00e1n.","robots":{"index":"index","follow":"follow","max-snippet":"max-snippet:-1","max-image-preview":"max-image-preview:large","max-video-preview":"max-video-preview:-1"},"canonical":"https:\/\/www.rimontgowineries.com\/blog\/es\/los-claretes\/","og_locale":"es_ES","og_type":"article","og_title":"Los Claretes | Rimontg\u00f3 Bodegas","og_description":"Si los vinos rosados est\u00e1n, en cierto modo, marginados, los claretes son los grandes desconocidos. Pru\u00e9benlo, no se arrepentir\u00e1n.","og_url":"https:\/\/www.rimontgowineries.com\/blog\/es\/los-claretes\/","og_site_name":"Rimontgo Wineries","article_published_time":"2023-09-22T08:00:00+00:00","article_modified_time":"2023-09-29T08:12:45+00:00","og_image":[{"width":940,"height":788,"url":"https:\/\/www.rimontgowineries.com\/blog\/wp-content\/uploads\/2023\/09\/1.jpg","type":"image\/jpeg"}],"author":"Juan Luis Vanrell","twitter_card":"summary_large_image","twitter_misc":{"Written by":"Juan Luis Vanrell","Est. reading time":"2 minutos"},"schema":{"@context":"https:\/\/schema.org","@graph":[{"@type":"Article","@id":"https:\/\/www.rimontgowineries.com\/blog\/es\/los-claretes\/#article","isPartOf":{"@id":"https:\/\/www.rimontgowineries.com\/blog\/es\/los-claretes\/"},"author":{"name":"Juan Luis Vanrell","@id":"https:\/\/www.rimontgowineries.com\/blog\/#\/schema\/person\/9dc43a22f8b4b5cca821369523f3c455"},"headline":"Los Claretes","datePublished":"2023-09-22T08:00:00+00:00","dateModified":"2023-09-29T08:12:45+00:00","mainEntityOfPage":{"@id":"https:\/\/www.rimontgowineries.com\/blog\/es\/los-claretes\/"},"wordCount":473,"commentCount":0,"publisher":{"@id":"https:\/\/www.rimontgowineries.com\/blog\/#organization"},"articleSection":["Bodegas","Mundo del vino"],"inLanguage":"es","potentialAction":[{"@type":"CommentAction","name":"Comment","target":["https:\/\/www.rimontgowineries.com\/blog\/es\/los-claretes\/#respond"]}]},{"@type":"WebPage","@id":"https:\/\/www.rimontgowineries.com\/blog\/es\/los-claretes\/","url":"https:\/\/www.rimontgowineries.com\/blog\/es\/los-claretes\/","name":"Los Claretes | Rimontg\u00f3 Bodegas","isPartOf":{"@id":"https:\/\/www.rimontgowineries.com\/blog\/#website"},"datePublished":"2023-09-22T08:00:00+00:00","dateModified":"2023-09-29T08:12:45+00:00","description":"Si los vinos rosados est\u00e1n, en cierto modo, marginados, los claretes son los grandes desconocidos. Pru\u00e9benlo, no se arrepentir\u00e1n.","breadcrumb":{"@id":"https:\/\/www.rimontgowineries.com\/blog\/es\/los-claretes\/#breadcrumb"},"inLanguage":"es","potentialAction":[{"@type":"ReadAction","target":["https:\/\/www.rimontgowineries.com\/blog\/es\/los-claretes\/"]}]},{"@type":"BreadcrumbList","@id":"https:\/\/www.rimontgowineries.com\/blog\/es\/los-claretes\/#breadcrumb","itemListElement":[{"@type":"ListItem","position":1,"name":"Home","item":"https:\/\/www.rimontgowineries.com\/blog\/es\/"},{"@type":"ListItem","position":2,"name":"Los Claretes"}]},{"@type":"WebSite","@id":"https:\/\/www.rimontgowineries.com\/blog\/#website","url":"https:\/\/www.rimontgowineries.com\/blog\/","name":"Rimontgo Wineries","description":"Rimontgo Wineries","publisher":{"@id":"https:\/\/www.rimontgowineries.com\/blog\/#organization"},"potentialAction":[{"@type":"SearchAction","target":{"@type":"EntryPoint","urlTemplate":"https:\/\/www.rimontgowineries.com\/blog\/?s={search_term_string}"},"query-input":"required name=search_term_string"}],"inLanguage":"es"},{"@type":"Organization","@id":"https:\/\/www.rimontgowineries.com\/blog\/#organization","name":"Rimontgo Wineries","url":"https:\/\/www.rimontgowineries.com\/blog\/","logo":{"@type":"ImageObject","inLanguage":"es","@id":"https:\/\/www.rimontgowineries.com\/blog\/#\/schema\/logo\/image\/","url":"https:\/\/www.rimontgowineries.com\/blog\/wp-content\/uploads\/2020\/03\/logo_bodegas_wineries_EN.svg","contentUrl":"https:\/\/www.rimontgowineries.com\/blog\/wp-content\/uploads\/2020\/03\/logo_bodegas_wineries_EN.svg","width":134,"height":34,"caption":"Rimontgo Wineries"},"image":{"@id":"https:\/\/www.rimontgowineries.com\/blog\/#\/schema\/logo\/image\/"}},{"@type":"Person","@id":"https:\/\/www.rimontgowineries.com\/blog\/#\/schema\/person\/9dc43a22f8b4b5cca821369523f3c455","name":"Juan Luis Vanrell","image":{"@type":"ImageObject","inLanguage":"es","@id":"https:\/\/www.rimontgowineries.com\/blog\/#\/schema\/person\/image\/","url":"https:\/\/secure.gravatar.com\/avatar\/ffaf84a9253780c50f123fc18a9c2266?s=96&d=mm&r=g","contentUrl":"https:\/\/secure.gravatar.com\/avatar\/ffaf84a9253780c50f123fc18a9c2266?s=96&d=mm&r=g","caption":"Juan Luis Vanrell"},"url":"https:\/\/www.rimontgowineries.com\/blog\/author\/juanluis\/"}]}},"_links":{"self":[{"href":"https:\/\/www.rimontgowineries.com\/blog\/wp-json\/wp\/v2\/posts\/22403"}],"collection":[{"href":"https:\/\/www.rimontgowineries.com\/blog\/wp-json\/wp\/v2\/posts"}],"about":[{"href":"https:\/\/www.rimontgowineries.com\/blog\/wp-json\/wp\/v2\/types\/post"}],"author":[{"embeddable":true,"href":"https:\/\/www.rimontgowineries.com\/blog\/wp-json\/wp\/v2\/users\/2"}],"replies":[{"embeddable":true,"href":"https:\/\/www.rimontgowineries.com\/blog\/wp-json\/wp\/v2\/comments?post=22403"}],"version-history":[{"count":3,"href":"https:\/\/www.rimontgowineries.com\/blog\/wp-json\/wp\/v2\/posts\/22403\/revisions"}],"predecessor-version":[{"id":22414,"href":"https:\/\/www.rimontgowineries.com\/blog\/wp-json\/wp\/v2\/posts\/22403\/revisions\/22414"}],"wp:featuredmedia":[{"embeddable":true,"href":"https:\/\/www.rimontgowineries.com\/blog\/wp-json\/wp\/v2\/media\/22406"}],"wp:attachment":[{"href":"https:\/\/www.rimontgowineries.com\/blog\/wp-json\/wp\/v2\/media?parent=22403"}],"wp:term":[{"taxonomy":"category","embeddable":true,"href":"https:\/\/www.rimontgowineries.com\/blog\/wp-json\/wp\/v2\/categories?post=22403"},{"taxonomy":"post_tag","embeddable":true,"href":"https:\/\/www.rimontgowineries.com\/blog\/wp-json\/wp\/v2\/tags?post=22403"}],"curies":[{"name":"wp","href":"https:\/\/api.w.org\/{rel}","templated":true}]}}