{"id":22936,"date":"2025-02-21T10:05:00","date_gmt":"2025-02-21T09:05:00","guid":{"rendered":"https:\/\/www.rimontgowineries.com\/blog\/?p=22936"},"modified":"2025-02-20T12:31:05","modified_gmt":"2025-02-20T11:31:05","slug":"verema-a-fete-son-25eme-anniversaire","status":"publish","type":"post","link":"https:\/\/www.rimontgowineries.com\/blog\/fr\/verema-a-fete-son-25eme-anniversaire\/","title":{"rendered":"Verema a f\u00eat\u00e9 son 25\u00e8me anniversaire"},"content":{"rendered":"\n<p>Depuis vingt-cinq ans, la plateforme vinicole valencienne VEREMA, par le biais de son forum, de son site web et de ses \u00e9v\u00e9nements, constitue un pont entre les caves, les producteurs et les amateurs de vin. Pour c\u00e9l\u00e9brer son 25e anniversaire, Verema a pr\u00e9par\u00e9, du 9 au 11 f\u00e9vrier, \u00e0 l&#8217;h\u00f4tel Las Arenas, un programme tr\u00e8s sp\u00e9cial r\u00e9unissant des caves prestigieuses et de grands vignerons. Pendant ces trois jours, les participants ont pu profiter de d\u00e9gustations exclusives, de pr\u00e9sentations et de tables rondes. J&#8217;ai notamment assist\u00e9 \u00e0 deux d\u00e9gustations exceptionnelles.<\/p>\n\n\n\n<p>Lors de la premi\u00e8re <strong>\u00abTable ronde et d\u00e9gustation comment\u00e9e : Rioja : pass\u00e9, pr\u00e9sent et futur\u00bb<\/strong>, les intervenants et les vins d\u00e9gust\u00e9s \u00e9taient les suivants:<\/p>\n\n\n\n<ol>\n<li><strong>Agust\u00edn Santolaya <\/strong>(Bodegas Roda):&nbsp;Roda I 2019 y Roda I Blanco 2021<\/li>\n\n\n\n<li><strong>Guillermo de Aranz\u00e1bal <\/strong>(La Rioja Alta SA):&nbsp;Finca Martelo 2019 y Vi\u00f1a Arana GR 201<\/li>\n\n\n\n<li><strong>Isaac Muga<\/strong> (Bodegas Muga):&nbsp;Muga Selecci\u00f3n Especial 2020 y Flor de Muga Blanco 2021<\/li>\n\n\n\n<li><strong>Javier Ba\u00f1ales<\/strong> (Bodegas Mart\u00ednez Lacuesta):&nbsp;Hinia&nbsp;Blanco Reserva 2020 y Colecci\u00f3n Familia 2012    Gran Reserva.<\/li>\n<\/ol>\n\n\n\n<p>Une d\u00e9gustation tr\u00e8s didactique sur les diff\u00e9rents types de vins de la Rioja, \u00e0 travers quatre grandes caves. Deux d&#8217;entre elles sont centenaires, comme La Rioja Alta, SA, et Mart\u00ednez Lacuesta, et les deux autres ont une grande tradition viticole, comme Roda et Muga. Deux fa\u00e7ons diff\u00e9rentes de faire du vin, mais dans les deux cas avec des r\u00e9sultats de grande qualit\u00e9.<\/p>\n\n\n\n<p>La deuxi\u00e8me d\u00e9gustation, <strong>\u00ab D\u00e9gustation pl\u00e9ni\u00e8re &#8211; Vignerons pour l&#8217;histoire \u00bb<\/strong>, a \u00e9t\u00e9 une exp\u00e9rience unique, gr\u00e2ce \u00e0 la pr\u00e9sence, notamment, d&#8217;Antonio Flores et de Mariano Garc\u00eda, deux des personnes les plus influentes dans l&#8217;histoire du vin de notre pays. Les intervenants et les vins d\u00e9gust\u00e9s \u00e9taient les suivants:<\/p>\n\n\n\n<ol>\n<li><strong>Montse Molina : Manzanilla Pasada en Rama Pastora<\/strong>. La passion de la manzanilla.<\/li>\n\n\n\n<li><strong>Jos\u00e9 Hidalgo Togores : Un r\u00eave en haut 2021<\/strong>. Un vin d&#8217;une grande fra\u00eecheur de Pago de los Capellanes.<\/li>\n\n\n\n<li><strong>Mariano Garc\u00eda : Baynos 2021<\/strong>. Le projet de Mauro dans la Rioja<\/li>\n\n\n\n<li><strong>Agust\u00edn Santolaya : Roda II 2000.<\/strong> Un vin de vingt-cinq ans d&#8217;\u00e2ge qui a rendu hommage \u00e0 l&#8217;anniversaire de Verema.<\/li>\n\n\n\n<li><strong>Antonio Flores : T\u00edo Pepe Amontillado Cuatro Palmas Colecci\u00f3n 2022.<\/strong> Il nous a enchant\u00e9s avec ses mots toujours passionnants sur les vins de Jerez.<\/li>\n<\/ol>\n\n\n\n<p>Au cours de ces vingt-cinq ann\u00e9es, Verema a \u00e9t\u00e9 un vecteur de partage d&#8217;exp\u00e9riences et de cr\u00e9ation de liens autour du vin. Cet anniversaire a montr\u00e9, une fois de plus, que le monde du vin est une fa\u00e7on de voir la vie. Merci pour toutes ces ann\u00e9es ! Vingt-cinq ans encore !<\/p>\n","protected":false},"excerpt":{"rendered":"<p>Depuis 25 ans, Verema est une r\u00e9f\u00e9rence dans le monde du vin, reliant les caves, les producteurs et les amateurs. Son anniversaire a r\u00e9uni les grands noms de l&#8217;\u0153nologie dans un \u00e9v\u00e9nement unique, avec des d\u00e9gustations m\u00e9morables comme celle consacr\u00e9e \u00e0 la Rioja et la session pl\u00e9ni\u00e8re \u00ab Les \u0153nologues pour l&#8217;histoire \u00bb, une c\u00e9l\u00e9bration qui a r\u00e9affirm\u00e9 la passion pour le vin et sa capacit\u00e9 \u00e0 cr\u00e9er une communaut\u00e9. Une c\u00e9l\u00e9bration qui a r\u00e9affirm\u00e9 la passion pour le vin et sa capacit\u00e9 \u00e0 cr\u00e9er une communaut\u00e9. \u00c0 bient\u00f4t pour de nombreuses autres ann\u00e9es !<\/p>\n","protected":false},"author":2,"featured_media":22933,"comment_status":"open","ping_status":"open","sticky":false,"template":"","format":"standard","meta":{"_mi_skip_tracking":false,"_monsterinsights_sitenote_active":false,"_monsterinsights_sitenote_note":"","_monsterinsights_sitenote_category":0,"footnotes":""},"categories":[3047,3096],"tags":[],"yoast_head":"<!-- This site is optimized with the Yoast SEO plugin v21.5 - https:\/\/yoast.com\/wordpress\/plugins\/seo\/ -->\n<title>Verema a f\u00eat\u00e9 son 25\u00e8me anniversaire | Rimontg\u00f3 Wineries<\/title>\n<meta name=\"description\" content=\"Verema a comm\u00e9mor\u00e9 son 25e anniversaire \u00e0 l&#039;h\u00f4tel Las Arenas. Trois jours avec de grands domaines viticoles et des \u0153nologues renomm\u00e9s.\" \/>\n<meta name=\"robots\" content=\"index, follow, max-snippet:-1, max-image-preview:large, max-video-preview:-1\" \/>\n<link rel=\"canonical\" href=\"https:\/\/www.rimontgowineries.com\/blog\/fr\/verema-a-fete-son-25eme-anniversaire\/\" \/>\n<meta property=\"og:locale\" content=\"es_ES\" \/>\n<meta property=\"og:type\" content=\"article\" \/>\n<meta property=\"og:title\" content=\"Verema a f\u00eat\u00e9 son 25\u00e8me anniversaire | Rimontg\u00f3 Wineries\" \/>\n<meta property=\"og:description\" content=\"Verema a comm\u00e9mor\u00e9 son 25e anniversaire \u00e0 l&#039;h\u00f4tel Las Arenas. Trois jours avec de grands domaines viticoles et des \u0153nologues renomm\u00e9s.\" \/>\n<meta property=\"og:url\" content=\"https:\/\/www.rimontgowineries.com\/blog\/fr\/verema-a-fete-son-25eme-anniversaire\/\" \/>\n<meta property=\"og:site_name\" content=\"Rimontgo Wineries\" \/>\n<meta property=\"article:published_time\" content=\"2025-02-21T09:05:00+00:00\" \/>\n<meta property=\"article:modified_time\" content=\"2025-02-20T11:31:05+00:00\" \/>\n<meta property=\"og:image\" content=\"https:\/\/www.rimontgowineries.com\/blog\/wp-content\/uploads\/2025\/02\/verema-25-aniversario-1.jpg\" \/>\n\t<meta property=\"og:image:width\" content=\"1863\" \/>\n\t<meta property=\"og:image:height\" content=\"920\" \/>\n\t<meta property=\"og:image:type\" content=\"image\/jpeg\" \/>\n<meta name=\"author\" content=\"Juan Luis Vanrell\" \/>\n<meta name=\"twitter:card\" content=\"summary_large_image\" \/>\n<meta name=\"twitter:label1\" content=\"Written by\" \/>\n\t<meta name=\"twitter:data1\" content=\"Juan Luis Vanrell\" \/>\n\t<meta name=\"twitter:label2\" content=\"Est. reading time\" \/>\n\t<meta name=\"twitter:data2\" content=\"2 minutos\" \/>\n<script type=\"application\/ld+json\" class=\"yoast-schema-graph\">{\"@context\":\"https:\/\/schema.org\",\"@graph\":[{\"@type\":\"Article\",\"@id\":\"https:\/\/www.rimontgowineries.com\/blog\/fr\/verema-a-fete-son-25eme-anniversaire\/#article\",\"isPartOf\":{\"@id\":\"https:\/\/www.rimontgowineries.com\/blog\/fr\/verema-a-fete-son-25eme-anniversaire\/\"},\"author\":{\"name\":\"Juan Luis Vanrell\",\"@id\":\"https:\/\/www.rimontgowineries.com\/blog\/#\/schema\/person\/9dc43a22f8b4b5cca821369523f3c455\"},\"headline\":\"Verema a f\u00eat\u00e9 son 25\u00e8me anniversaire\",\"datePublished\":\"2025-02-21T09:05:00+00:00\",\"dateModified\":\"2025-02-20T11:31:05+00:00\",\"mainEntityOfPage\":{\"@id\":\"https:\/\/www.rimontgowineries.com\/blog\/fr\/verema-a-fete-son-25eme-anniversaire\/\"},\"wordCount\":459,\"commentCount\":0,\"publisher\":{\"@id\":\"https:\/\/www.rimontgowineries.com\/blog\/#organization\"},\"articleSection\":[\"Festivals et \u00e9v\u00e9nements\",\"Le monde du vin\"],\"inLanguage\":\"es\",\"potentialAction\":[{\"@type\":\"CommentAction\",\"name\":\"Comment\",\"target\":[\"https:\/\/www.rimontgowineries.com\/blog\/fr\/verema-a-fete-son-25eme-anniversaire\/#respond\"]}]},{\"@type\":\"WebPage\",\"@id\":\"https:\/\/www.rimontgowineries.com\/blog\/fr\/verema-a-fete-son-25eme-anniversaire\/\",\"url\":\"https:\/\/www.rimontgowineries.com\/blog\/fr\/verema-a-fete-son-25eme-anniversaire\/\",\"name\":\"Verema a f\u00eat\u00e9 son 25\u00e8me anniversaire | Rimontg\u00f3 Wineries\",\"isPartOf\":{\"@id\":\"https:\/\/www.rimontgowineries.com\/blog\/#website\"},\"datePublished\":\"2025-02-21T09:05:00+00:00\",\"dateModified\":\"2025-02-20T11:31:05+00:00\",\"description\":\"Verema a comm\u00e9mor\u00e9 son 25e anniversaire \u00e0 l'h\u00f4tel Las Arenas. Trois jours avec de grands domaines viticoles et des \u0153nologues renomm\u00e9s.\",\"breadcrumb\":{\"@id\":\"https:\/\/www.rimontgowineries.com\/blog\/fr\/verema-a-fete-son-25eme-anniversaire\/#breadcrumb\"},\"inLanguage\":\"es\",\"potentialAction\":[{\"@type\":\"ReadAction\",\"target\":[\"https:\/\/www.rimontgowineries.com\/blog\/fr\/verema-a-fete-son-25eme-anniversaire\/\"]}]},{\"@type\":\"BreadcrumbList\",\"@id\":\"https:\/\/www.rimontgowineries.com\/blog\/fr\/verema-a-fete-son-25eme-anniversaire\/#breadcrumb\",\"itemListElement\":[{\"@type\":\"ListItem\",\"position\":1,\"name\":\"Home\",\"item\":\"https:\/\/www.rimontgowineries.com\/blog\/es\/\"},{\"@type\":\"ListItem\",\"position\":2,\"name\":\"Verema a f\u00eat\u00e9 son 25\u00e8me anniversaire\"}]},{\"@type\":\"WebSite\",\"@id\":\"https:\/\/www.rimontgowineries.com\/blog\/#website\",\"url\":\"https:\/\/www.rimontgowineries.com\/blog\/\",\"name\":\"Rimontgo Wineries\",\"description\":\"Rimontgo Wineries\",\"publisher\":{\"@id\":\"https:\/\/www.rimontgowineries.com\/blog\/#organization\"},\"potentialAction\":[{\"@type\":\"SearchAction\",\"target\":{\"@type\":\"EntryPoint\",\"urlTemplate\":\"https:\/\/www.rimontgowineries.com\/blog\/?s={search_term_string}\"},\"query-input\":\"required name=search_term_string\"}],\"inLanguage\":\"es\"},{\"@type\":\"Organization\",\"@id\":\"https:\/\/www.rimontgowineries.com\/blog\/#organization\",\"name\":\"Rimontgo Wineries\",\"url\":\"https:\/\/www.rimontgowineries.com\/blog\/\",\"logo\":{\"@type\":\"ImageObject\",\"inLanguage\":\"es\",\"@id\":\"https:\/\/www.rimontgowineries.com\/blog\/#\/schema\/logo\/image\/\",\"url\":\"https:\/\/www.rimontgowineries.com\/blog\/wp-content\/uploads\/2020\/03\/logo_bodegas_wineries_EN.svg\",\"contentUrl\":\"https:\/\/www.rimontgowineries.com\/blog\/wp-content\/uploads\/2020\/03\/logo_bodegas_wineries_EN.svg\",\"width\":134,\"height\":34,\"caption\":\"Rimontgo Wineries\"},\"image\":{\"@id\":\"https:\/\/www.rimontgowineries.com\/blog\/#\/schema\/logo\/image\/\"}},{\"@type\":\"Person\",\"@id\":\"https:\/\/www.rimontgowineries.com\/blog\/#\/schema\/person\/9dc43a22f8b4b5cca821369523f3c455\",\"name\":\"Juan Luis Vanrell\",\"image\":{\"@type\":\"ImageObject\",\"inLanguage\":\"es\",\"@id\":\"https:\/\/www.rimontgowineries.com\/blog\/#\/schema\/person\/image\/\",\"url\":\"https:\/\/secure.gravatar.com\/avatar\/ffaf84a9253780c50f123fc18a9c2266?s=96&d=mm&r=g\",\"contentUrl\":\"https:\/\/secure.gravatar.com\/avatar\/ffaf84a9253780c50f123fc18a9c2266?s=96&d=mm&r=g\",\"caption\":\"Juan Luis Vanrell\"},\"url\":\"https:\/\/www.rimontgowineries.com\/blog\/author\/juanluis\/\"}]}<\/script>\n<!-- \/ Yoast SEO plugin. -->","yoast_head_json":{"title":"Verema a f\u00eat\u00e9 son 25\u00e8me anniversaire | Rimontg\u00f3 Wineries","description":"Verema a comm\u00e9mor\u00e9 son 25e anniversaire \u00e0 l'h\u00f4tel Las Arenas. Trois jours avec de grands domaines viticoles et des \u0153nologues renomm\u00e9s.","robots":{"index":"index","follow":"follow","max-snippet":"max-snippet:-1","max-image-preview":"max-image-preview:large","max-video-preview":"max-video-preview:-1"},"canonical":"https:\/\/www.rimontgowineries.com\/blog\/fr\/verema-a-fete-son-25eme-anniversaire\/","og_locale":"es_ES","og_type":"article","og_title":"Verema a f\u00eat\u00e9 son 25\u00e8me anniversaire | Rimontg\u00f3 Wineries","og_description":"Verema a comm\u00e9mor\u00e9 son 25e anniversaire \u00e0 l'h\u00f4tel Las Arenas. Trois jours avec de grands domaines viticoles et des \u0153nologues renomm\u00e9s.","og_url":"https:\/\/www.rimontgowineries.com\/blog\/fr\/verema-a-fete-son-25eme-anniversaire\/","og_site_name":"Rimontgo Wineries","article_published_time":"2025-02-21T09:05:00+00:00","article_modified_time":"2025-02-20T11:31:05+00:00","og_image":[{"width":1863,"height":920,"url":"https:\/\/www.rimontgowineries.com\/blog\/wp-content\/uploads\/2025\/02\/verema-25-aniversario-1.jpg","type":"image\/jpeg"}],"author":"Juan Luis Vanrell","twitter_card":"summary_large_image","twitter_misc":{"Written by":"Juan Luis Vanrell","Est. reading time":"2 minutos"},"schema":{"@context":"https:\/\/schema.org","@graph":[{"@type":"Article","@id":"https:\/\/www.rimontgowineries.com\/blog\/fr\/verema-a-fete-son-25eme-anniversaire\/#article","isPartOf":{"@id":"https:\/\/www.rimontgowineries.com\/blog\/fr\/verema-a-fete-son-25eme-anniversaire\/"},"author":{"name":"Juan Luis Vanrell","@id":"https:\/\/www.rimontgowineries.com\/blog\/#\/schema\/person\/9dc43a22f8b4b5cca821369523f3c455"},"headline":"Verema a f\u00eat\u00e9 son 25\u00e8me anniversaire","datePublished":"2025-02-21T09:05:00+00:00","dateModified":"2025-02-20T11:31:05+00:00","mainEntityOfPage":{"@id":"https:\/\/www.rimontgowineries.com\/blog\/fr\/verema-a-fete-son-25eme-anniversaire\/"},"wordCount":459,"commentCount":0,"publisher":{"@id":"https:\/\/www.rimontgowineries.com\/blog\/#organization"},"articleSection":["Festivals et \u00e9v\u00e9nements","Le monde du vin"],"inLanguage":"es","potentialAction":[{"@type":"CommentAction","name":"Comment","target":["https:\/\/www.rimontgowineries.com\/blog\/fr\/verema-a-fete-son-25eme-anniversaire\/#respond"]}]},{"@type":"WebPage","@id":"https:\/\/www.rimontgowineries.com\/blog\/fr\/verema-a-fete-son-25eme-anniversaire\/","url":"https:\/\/www.rimontgowineries.com\/blog\/fr\/verema-a-fete-son-25eme-anniversaire\/","name":"Verema a f\u00eat\u00e9 son 25\u00e8me anniversaire | Rimontg\u00f3 Wineries","isPartOf":{"@id":"https:\/\/www.rimontgowineries.com\/blog\/#website"},"datePublished":"2025-02-21T09:05:00+00:00","dateModified":"2025-02-20T11:31:05+00:00","description":"Verema a comm\u00e9mor\u00e9 son 25e anniversaire \u00e0 l'h\u00f4tel Las Arenas. Trois jours avec de grands domaines viticoles et des \u0153nologues renomm\u00e9s.","breadcrumb":{"@id":"https:\/\/www.rimontgowineries.com\/blog\/fr\/verema-a-fete-son-25eme-anniversaire\/#breadcrumb"},"inLanguage":"es","potentialAction":[{"@type":"ReadAction","target":["https:\/\/www.rimontgowineries.com\/blog\/fr\/verema-a-fete-son-25eme-anniversaire\/"]}]},{"@type":"BreadcrumbList","@id":"https:\/\/www.rimontgowineries.com\/blog\/fr\/verema-a-fete-son-25eme-anniversaire\/#breadcrumb","itemListElement":[{"@type":"ListItem","position":1,"name":"Home","item":"https:\/\/www.rimontgowineries.com\/blog\/es\/"},{"@type":"ListItem","position":2,"name":"Verema a f\u00eat\u00e9 son 25\u00e8me anniversaire"}]},{"@type":"WebSite","@id":"https:\/\/www.rimontgowineries.com\/blog\/#website","url":"https:\/\/www.rimontgowineries.com\/blog\/","name":"Rimontgo Wineries","description":"Rimontgo Wineries","publisher":{"@id":"https:\/\/www.rimontgowineries.com\/blog\/#organization"},"potentialAction":[{"@type":"SearchAction","target":{"@type":"EntryPoint","urlTemplate":"https:\/\/www.rimontgowineries.com\/blog\/?s={search_term_string}"},"query-input":"required name=search_term_string"}],"inLanguage":"es"},{"@type":"Organization","@id":"https:\/\/www.rimontgowineries.com\/blog\/#organization","name":"Rimontgo Wineries","url":"https:\/\/www.rimontgowineries.com\/blog\/","logo":{"@type":"ImageObject","inLanguage":"es","@id":"https:\/\/www.rimontgowineries.com\/blog\/#\/schema\/logo\/image\/","url":"https:\/\/www.rimontgowineries.com\/blog\/wp-content\/uploads\/2020\/03\/logo_bodegas_wineries_EN.svg","contentUrl":"https:\/\/www.rimontgowineries.com\/blog\/wp-content\/uploads\/2020\/03\/logo_bodegas_wineries_EN.svg","width":134,"height":34,"caption":"Rimontgo Wineries"},"image":{"@id":"https:\/\/www.rimontgowineries.com\/blog\/#\/schema\/logo\/image\/"}},{"@type":"Person","@id":"https:\/\/www.rimontgowineries.com\/blog\/#\/schema\/person\/9dc43a22f8b4b5cca821369523f3c455","name":"Juan Luis Vanrell","image":{"@type":"ImageObject","inLanguage":"es","@id":"https:\/\/www.rimontgowineries.com\/blog\/#\/schema\/person\/image\/","url":"https:\/\/secure.gravatar.com\/avatar\/ffaf84a9253780c50f123fc18a9c2266?s=96&d=mm&r=g","contentUrl":"https:\/\/secure.gravatar.com\/avatar\/ffaf84a9253780c50f123fc18a9c2266?s=96&d=mm&r=g","caption":"Juan Luis Vanrell"},"url":"https:\/\/www.rimontgowineries.com\/blog\/author\/juanluis\/"}]}},"_links":{"self":[{"href":"https:\/\/www.rimontgowineries.com\/blog\/wp-json\/wp\/v2\/posts\/22936"}],"collection":[{"href":"https:\/\/www.rimontgowineries.com\/blog\/wp-json\/wp\/v2\/posts"}],"about":[{"href":"https:\/\/www.rimontgowineries.com\/blog\/wp-json\/wp\/v2\/types\/post"}],"author":[{"embeddable":true,"href":"https:\/\/www.rimontgowineries.com\/blog\/wp-json\/wp\/v2\/users\/2"}],"replies":[{"embeddable":true,"href":"https:\/\/www.rimontgowineries.com\/blog\/wp-json\/wp\/v2\/comments?post=22936"}],"version-history":[{"count":1,"href":"https:\/\/www.rimontgowineries.com\/blog\/wp-json\/wp\/v2\/posts\/22936\/revisions"}],"predecessor-version":[{"id":22937,"href":"https:\/\/www.rimontgowineries.com\/blog\/wp-json\/wp\/v2\/posts\/22936\/revisions\/22937"}],"wp:featuredmedia":[{"embeddable":true,"href":"https:\/\/www.rimontgowineries.com\/blog\/wp-json\/wp\/v2\/media\/22933"}],"wp:attachment":[{"href":"https:\/\/www.rimontgowineries.com\/blog\/wp-json\/wp\/v2\/media?parent=22936"}],"wp:term":[{"taxonomy":"category","embeddable":true,"href":"https:\/\/www.rimontgowineries.com\/blog\/wp-json\/wp\/v2\/categories?post=22936"},{"taxonomy":"post_tag","embeddable":true,"href":"https:\/\/www.rimontgowineries.com\/blog\/wp-json\/wp\/v2\/tags?post=22936"}],"curies":[{"name":"wp","href":"https:\/\/api.w.org\/{rel}","templated":true}]}}