{"id":22938,"date":"2025-02-21T10:05:00","date_gmt":"2025-02-21T09:05:00","guid":{"rendered":"https:\/\/www.rimontgowineries.com\/blog\/?p=22938"},"modified":"2025-02-20T12:38:02","modified_gmt":"2025-02-20T11:38:02","slug":"verema-ha-festeggiato-il-suo-25-anniversario","status":"publish","type":"post","link":"https:\/\/www.rimontgowineries.com\/blog\/it\/verema-ha-festeggiato-il-suo-25-anniversario\/","title":{"rendered":"Verema ha festeggiato il suo 25\u00b0 anniversario"},"content":{"rendered":"\n<p>Da venticinque anni, la piattaforma enologica valenciana VEREMA, attraverso il suo forum, il suo sito web e i suoi eventi, costituisce un ponte tra cantine, produttori e appassionati di vino. Per celebrare il suo 25\u00b0 anniversario, dal 9 all&#8217;11 febbraio, presso l&#8217;Hotel Las Arenas, Verema ha preparato un programma molto speciale, che ha riunito prestigiose cantine e grandi produttori di vino. Durante questi tre giorni, i partecipanti hanno potuto assistere a degustazioni esclusive, presentazioni e tavole rotonde. In particolare, ho partecipato a due degustazioni eccezionali.<\/p>\n\n\n\n<p>Nella prima <strong>\u201cTavola rotonda e degustazione commentata: Rioja: passato, presente e futuro\u201d<\/strong>, i relatori e i vini degustati sono stati:<\/p>\n\n\n\n<ol>\n<li><strong>Agust\u00edn Santolaya <\/strong>(Bodegas Roda):&nbsp;Roda I 2019 y Roda I Blanco 2021<\/li>\n\n\n\n<li><strong>Guillermo de Aranz\u00e1bal <\/strong>(La Rioja Alta SA):&nbsp;Finca Martelo 2019 y Vi\u00f1a Arana GR 201<\/li>\n\n\n\n<li><strong>Isaac Muga<\/strong> (Bodegas Muga):&nbsp;Muga Selecci\u00f3n Especial 2020 y Flor de Muga Blanco 2021<\/li>\n\n\n\n<li><strong>Javier Ba\u00f1ales<\/strong> (Bodegas Mart\u00ednez Lacuesta):&nbsp;Hinia&nbsp;Blanco Reserva 2020 y Colecci\u00f3n Familia 2012    Gran Reserva.<\/li>\n<\/ol>\n\n\n\n<p>Una degustazione molto didattica sui diversi tipi di vini della Rioja, attraverso quattro grandi cantine. Due di esse sono centenarie, come La Rioja Alta, SA, e Mart\u00ednez Lacuesta, e le altre due hanno una grande tradizione enologica, come Roda e Muga. Due modi diversi di vinificare, ma in entrambi i casi con risultati di alta qualit\u00e0.<\/p>\n\n\n\n<p>La seconda delle degustazioni,<strong> \u201cDegustazione plenaria &#8211; Vignaioli per la storia\u201d<\/strong>, \u00e8 stata un&#8217;esperienza unica, grazie alla presenza, in particolare, di Antonio Flores e Mariano Garc\u00eda, due delle persone pi\u00f9 influenti nella storia vinicola del nostro Paese. I relatori e i vini degustati sono stati:<\/p>\n\n\n\n<ol>\n<li><strong>Montse Molina: Manzanilla Pasada en Rama Pastora<\/strong>. La passione per la manzanilla.<\/li>\n\n\n\n<li><strong>Jos\u00e9 Hidalgo Togores: Un sogno nelle alture 2021.<\/strong> Un vino di grande freschezza da Pago de los Capellanes.<\/li>\n\n\n\n<li><strong>Mariano Garc\u00eda: Baynos 2021<\/strong>. Il progetto di Mauro a La Rioja<\/li>\n\n\n\n<li><strong>Agust\u00edn Santolaya: Roda II 2000.<\/strong> Un vino di venticinque anni che ha reso omaggio all&#8217;anniversario di Verema.<\/li>\n\n\n\n<li><strong>Antonio Flores: T\u00edo Pepe Amontillado Cuatro Palmas Colecci\u00f3n 2022<\/strong>. Ci ha deliziato con le sue parole, sempre emozionanti sui vini di Jerez.<\/li>\n<\/ol>\n\n\n\n<p>In questi venticinque anni, Verema \u00e8 stato un veicolo per condividere esperienze e creare legami intorno al vino. Questo anniversario ha dimostrato, ancora una volta, che il mondo del vino \u00e8 un modo di guardare alla vita. Grazie per tutti questi anni, e arrivederci ad altri venticinque anni!<\/p>\n","protected":false},"excerpt":{"rendered":"<p>Da 25 anni Verema \u00e8 un punto di riferimento nel mondo del vino, che mette in contatto cantine, produttori e appassionati. Il suo anniversario ha riunito grandi nomi dell&#8217;enologia in un evento unico, con degustazioni memorabili come quella dedicata alla Rioja e la sessione plenaria \u201cEnologi per la storia\u201d, una celebrazione che ha riaffermato la passione per il vino e la sua capacit\u00e0 di creare comunit\u00e0. Una festa che ha riaffermato la passione per il vino e la sua capacit\u00e0 di creare comunit\u00e0. A tanti altri anni!<\/p>\n","protected":false},"author":2,"featured_media":22927,"comment_status":"open","ping_status":"open","sticky":false,"template":"","format":"standard","meta":{"_mi_skip_tracking":false,"_monsterinsights_sitenote_active":false,"_monsterinsights_sitenote_note":"","_monsterinsights_sitenote_category":0,"footnotes":""},"categories":[3039,3100],"tags":[],"yoast_head":"<!-- This site is optimized with the Yoast SEO plugin v21.5 - https:\/\/yoast.com\/wordpress\/plugins\/seo\/ -->\n<title>Verema ha festeggiato il suo 25\u00b0 anniversario | Rimontg\u00f3 Wineries<\/title>\n<meta name=\"description\" content=\"Verema ha commemorato il suo 25\u00b0 anniversario con un incontro all&#039;Hotel Las Arenas. Tre giorni con grandi cantine e rinomati enologi.\" \/>\n<meta name=\"robots\" content=\"index, follow, max-snippet:-1, max-image-preview:large, max-video-preview:-1\" \/>\n<link rel=\"canonical\" href=\"https:\/\/www.rimontgowineries.com\/blog\/it\/verema-ha-festeggiato-il-suo-25-anniversario\/\" \/>\n<meta property=\"og:locale\" content=\"es_ES\" \/>\n<meta property=\"og:type\" content=\"article\" \/>\n<meta property=\"og:title\" content=\"Verema ha festeggiato il suo 25\u00b0 anniversario | Rimontg\u00f3 Wineries\" \/>\n<meta property=\"og:description\" content=\"Verema ha commemorato il suo 25\u00b0 anniversario con un incontro all&#039;Hotel Las Arenas. Tre giorni con grandi cantine e rinomati enologi.\" \/>\n<meta property=\"og:url\" content=\"https:\/\/www.rimontgowineries.com\/blog\/it\/verema-ha-festeggiato-il-suo-25-anniversario\/\" \/>\n<meta property=\"og:site_name\" content=\"Rimontgo Wineries\" \/>\n<meta property=\"article:published_time\" content=\"2025-02-21T09:05:00+00:00\" \/>\n<meta property=\"article:modified_time\" content=\"2025-02-20T11:38:02+00:00\" \/>\n<meta property=\"og:image\" content=\"https:\/\/www.rimontgowineries.com\/blog\/wp-content\/uploads\/2025\/02\/verema-25-aniversario-1.jpg\" \/>\n\t<meta property=\"og:image:width\" content=\"1863\" \/>\n\t<meta property=\"og:image:height\" content=\"920\" \/>\n\t<meta property=\"og:image:type\" content=\"image\/jpeg\" \/>\n<meta name=\"author\" content=\"Juan Luis Vanrell\" \/>\n<meta name=\"twitter:card\" content=\"summary_large_image\" \/>\n<meta name=\"twitter:label1\" content=\"Written by\" \/>\n\t<meta name=\"twitter:data1\" content=\"Juan Luis Vanrell\" \/>\n\t<meta name=\"twitter:label2\" content=\"Est. reading time\" \/>\n\t<meta name=\"twitter:data2\" content=\"2 minutos\" \/>\n<script type=\"application\/ld+json\" class=\"yoast-schema-graph\">{\"@context\":\"https:\/\/schema.org\",\"@graph\":[{\"@type\":\"Article\",\"@id\":\"https:\/\/www.rimontgowineries.com\/blog\/it\/verema-ha-festeggiato-il-suo-25-anniversario\/#article\",\"isPartOf\":{\"@id\":\"https:\/\/www.rimontgowineries.com\/blog\/it\/verema-ha-festeggiato-il-suo-25-anniversario\/\"},\"author\":{\"name\":\"Juan Luis Vanrell\",\"@id\":\"https:\/\/www.rimontgowineries.com\/blog\/#\/schema\/person\/9dc43a22f8b4b5cca821369523f3c455\"},\"headline\":\"Verema ha festeggiato il suo 25\u00b0 anniversario\",\"datePublished\":\"2025-02-21T09:05:00+00:00\",\"dateModified\":\"2025-02-20T11:38:02+00:00\",\"mainEntityOfPage\":{\"@id\":\"https:\/\/www.rimontgowineries.com\/blog\/it\/verema-ha-festeggiato-il-suo-25-anniversario\/\"},\"wordCount\":397,\"commentCount\":0,\"publisher\":{\"@id\":\"https:\/\/www.rimontgowineries.com\/blog\/#organization\"},\"articleSection\":[\"Fiere ed eventi\",\"Mondo del vino\"],\"inLanguage\":\"es\",\"potentialAction\":[{\"@type\":\"CommentAction\",\"name\":\"Comment\",\"target\":[\"https:\/\/www.rimontgowineries.com\/blog\/it\/verema-ha-festeggiato-il-suo-25-anniversario\/#respond\"]}]},{\"@type\":\"WebPage\",\"@id\":\"https:\/\/www.rimontgowineries.com\/blog\/it\/verema-ha-festeggiato-il-suo-25-anniversario\/\",\"url\":\"https:\/\/www.rimontgowineries.com\/blog\/it\/verema-ha-festeggiato-il-suo-25-anniversario\/\",\"name\":\"Verema ha festeggiato il suo 25\u00b0 anniversario | Rimontg\u00f3 Wineries\",\"isPartOf\":{\"@id\":\"https:\/\/www.rimontgowineries.com\/blog\/#website\"},\"datePublished\":\"2025-02-21T09:05:00+00:00\",\"dateModified\":\"2025-02-20T11:38:02+00:00\",\"description\":\"Verema ha commemorato il suo 25\u00b0 anniversario con un incontro all'Hotel Las Arenas. Tre giorni con grandi cantine e rinomati enologi.\",\"breadcrumb\":{\"@id\":\"https:\/\/www.rimontgowineries.com\/blog\/it\/verema-ha-festeggiato-il-suo-25-anniversario\/#breadcrumb\"},\"inLanguage\":\"es\",\"potentialAction\":[{\"@type\":\"ReadAction\",\"target\":[\"https:\/\/www.rimontgowineries.com\/blog\/it\/verema-ha-festeggiato-il-suo-25-anniversario\/\"]}]},{\"@type\":\"BreadcrumbList\",\"@id\":\"https:\/\/www.rimontgowineries.com\/blog\/it\/verema-ha-festeggiato-il-suo-25-anniversario\/#breadcrumb\",\"itemListElement\":[{\"@type\":\"ListItem\",\"position\":1,\"name\":\"Home\",\"item\":\"https:\/\/www.rimontgowineries.com\/blog\/es\/\"},{\"@type\":\"ListItem\",\"position\":2,\"name\":\"Verema ha festeggiato il suo 25\u00b0 anniversario\"}]},{\"@type\":\"WebSite\",\"@id\":\"https:\/\/www.rimontgowineries.com\/blog\/#website\",\"url\":\"https:\/\/www.rimontgowineries.com\/blog\/\",\"name\":\"Rimontgo Wineries\",\"description\":\"Rimontgo Wineries\",\"publisher\":{\"@id\":\"https:\/\/www.rimontgowineries.com\/blog\/#organization\"},\"potentialAction\":[{\"@type\":\"SearchAction\",\"target\":{\"@type\":\"EntryPoint\",\"urlTemplate\":\"https:\/\/www.rimontgowineries.com\/blog\/?s={search_term_string}\"},\"query-input\":\"required name=search_term_string\"}],\"inLanguage\":\"es\"},{\"@type\":\"Organization\",\"@id\":\"https:\/\/www.rimontgowineries.com\/blog\/#organization\",\"name\":\"Rimontgo Wineries\",\"url\":\"https:\/\/www.rimontgowineries.com\/blog\/\",\"logo\":{\"@type\":\"ImageObject\",\"inLanguage\":\"es\",\"@id\":\"https:\/\/www.rimontgowineries.com\/blog\/#\/schema\/logo\/image\/\",\"url\":\"https:\/\/www.rimontgowineries.com\/blog\/wp-content\/uploads\/2020\/03\/logo_bodegas_wineries_EN.svg\",\"contentUrl\":\"https:\/\/www.rimontgowineries.com\/blog\/wp-content\/uploads\/2020\/03\/logo_bodegas_wineries_EN.svg\",\"width\":134,\"height\":34,\"caption\":\"Rimontgo Wineries\"},\"image\":{\"@id\":\"https:\/\/www.rimontgowineries.com\/blog\/#\/schema\/logo\/image\/\"}},{\"@type\":\"Person\",\"@id\":\"https:\/\/www.rimontgowineries.com\/blog\/#\/schema\/person\/9dc43a22f8b4b5cca821369523f3c455\",\"name\":\"Juan Luis Vanrell\",\"image\":{\"@type\":\"ImageObject\",\"inLanguage\":\"es\",\"@id\":\"https:\/\/www.rimontgowineries.com\/blog\/#\/schema\/person\/image\/\",\"url\":\"https:\/\/secure.gravatar.com\/avatar\/ffaf84a9253780c50f123fc18a9c2266?s=96&d=mm&r=g\",\"contentUrl\":\"https:\/\/secure.gravatar.com\/avatar\/ffaf84a9253780c50f123fc18a9c2266?s=96&d=mm&r=g\",\"caption\":\"Juan Luis Vanrell\"},\"url\":\"https:\/\/www.rimontgowineries.com\/blog\/author\/juanluis\/\"}]}<\/script>\n<!-- \/ Yoast SEO plugin. -->","yoast_head_json":{"title":"Verema ha festeggiato il suo 25\u00b0 anniversario | Rimontg\u00f3 Wineries","description":"Verema ha commemorato il suo 25\u00b0 anniversario con un incontro all'Hotel Las Arenas. Tre giorni con grandi cantine e rinomati enologi.","robots":{"index":"index","follow":"follow","max-snippet":"max-snippet:-1","max-image-preview":"max-image-preview:large","max-video-preview":"max-video-preview:-1"},"canonical":"https:\/\/www.rimontgowineries.com\/blog\/it\/verema-ha-festeggiato-il-suo-25-anniversario\/","og_locale":"es_ES","og_type":"article","og_title":"Verema ha festeggiato il suo 25\u00b0 anniversario | Rimontg\u00f3 Wineries","og_description":"Verema ha commemorato il suo 25\u00b0 anniversario con un incontro all'Hotel Las Arenas. Tre giorni con grandi cantine e rinomati enologi.","og_url":"https:\/\/www.rimontgowineries.com\/blog\/it\/verema-ha-festeggiato-il-suo-25-anniversario\/","og_site_name":"Rimontgo Wineries","article_published_time":"2025-02-21T09:05:00+00:00","article_modified_time":"2025-02-20T11:38:02+00:00","og_image":[{"width":1863,"height":920,"url":"https:\/\/www.rimontgowineries.com\/blog\/wp-content\/uploads\/2025\/02\/verema-25-aniversario-1.jpg","type":"image\/jpeg"}],"author":"Juan Luis Vanrell","twitter_card":"summary_large_image","twitter_misc":{"Written by":"Juan Luis Vanrell","Est. reading time":"2 minutos"},"schema":{"@context":"https:\/\/schema.org","@graph":[{"@type":"Article","@id":"https:\/\/www.rimontgowineries.com\/blog\/it\/verema-ha-festeggiato-il-suo-25-anniversario\/#article","isPartOf":{"@id":"https:\/\/www.rimontgowineries.com\/blog\/it\/verema-ha-festeggiato-il-suo-25-anniversario\/"},"author":{"name":"Juan Luis Vanrell","@id":"https:\/\/www.rimontgowineries.com\/blog\/#\/schema\/person\/9dc43a22f8b4b5cca821369523f3c455"},"headline":"Verema ha festeggiato il suo 25\u00b0 anniversario","datePublished":"2025-02-21T09:05:00+00:00","dateModified":"2025-02-20T11:38:02+00:00","mainEntityOfPage":{"@id":"https:\/\/www.rimontgowineries.com\/blog\/it\/verema-ha-festeggiato-il-suo-25-anniversario\/"},"wordCount":397,"commentCount":0,"publisher":{"@id":"https:\/\/www.rimontgowineries.com\/blog\/#organization"},"articleSection":["Fiere ed eventi","Mondo del vino"],"inLanguage":"es","potentialAction":[{"@type":"CommentAction","name":"Comment","target":["https:\/\/www.rimontgowineries.com\/blog\/it\/verema-ha-festeggiato-il-suo-25-anniversario\/#respond"]}]},{"@type":"WebPage","@id":"https:\/\/www.rimontgowineries.com\/blog\/it\/verema-ha-festeggiato-il-suo-25-anniversario\/","url":"https:\/\/www.rimontgowineries.com\/blog\/it\/verema-ha-festeggiato-il-suo-25-anniversario\/","name":"Verema ha festeggiato il suo 25\u00b0 anniversario | Rimontg\u00f3 Wineries","isPartOf":{"@id":"https:\/\/www.rimontgowineries.com\/blog\/#website"},"datePublished":"2025-02-21T09:05:00+00:00","dateModified":"2025-02-20T11:38:02+00:00","description":"Verema ha commemorato il suo 25\u00b0 anniversario con un incontro all'Hotel Las Arenas. Tre giorni con grandi cantine e rinomati enologi.","breadcrumb":{"@id":"https:\/\/www.rimontgowineries.com\/blog\/it\/verema-ha-festeggiato-il-suo-25-anniversario\/#breadcrumb"},"inLanguage":"es","potentialAction":[{"@type":"ReadAction","target":["https:\/\/www.rimontgowineries.com\/blog\/it\/verema-ha-festeggiato-il-suo-25-anniversario\/"]}]},{"@type":"BreadcrumbList","@id":"https:\/\/www.rimontgowineries.com\/blog\/it\/verema-ha-festeggiato-il-suo-25-anniversario\/#breadcrumb","itemListElement":[{"@type":"ListItem","position":1,"name":"Home","item":"https:\/\/www.rimontgowineries.com\/blog\/es\/"},{"@type":"ListItem","position":2,"name":"Verema ha festeggiato il suo 25\u00b0 anniversario"}]},{"@type":"WebSite","@id":"https:\/\/www.rimontgowineries.com\/blog\/#website","url":"https:\/\/www.rimontgowineries.com\/blog\/","name":"Rimontgo Wineries","description":"Rimontgo Wineries","publisher":{"@id":"https:\/\/www.rimontgowineries.com\/blog\/#organization"},"potentialAction":[{"@type":"SearchAction","target":{"@type":"EntryPoint","urlTemplate":"https:\/\/www.rimontgowineries.com\/blog\/?s={search_term_string}"},"query-input":"required name=search_term_string"}],"inLanguage":"es"},{"@type":"Organization","@id":"https:\/\/www.rimontgowineries.com\/blog\/#organization","name":"Rimontgo Wineries","url":"https:\/\/www.rimontgowineries.com\/blog\/","logo":{"@type":"ImageObject","inLanguage":"es","@id":"https:\/\/www.rimontgowineries.com\/blog\/#\/schema\/logo\/image\/","url":"https:\/\/www.rimontgowineries.com\/blog\/wp-content\/uploads\/2020\/03\/logo_bodegas_wineries_EN.svg","contentUrl":"https:\/\/www.rimontgowineries.com\/blog\/wp-content\/uploads\/2020\/03\/logo_bodegas_wineries_EN.svg","width":134,"height":34,"caption":"Rimontgo Wineries"},"image":{"@id":"https:\/\/www.rimontgowineries.com\/blog\/#\/schema\/logo\/image\/"}},{"@type":"Person","@id":"https:\/\/www.rimontgowineries.com\/blog\/#\/schema\/person\/9dc43a22f8b4b5cca821369523f3c455","name":"Juan Luis Vanrell","image":{"@type":"ImageObject","inLanguage":"es","@id":"https:\/\/www.rimontgowineries.com\/blog\/#\/schema\/person\/image\/","url":"https:\/\/secure.gravatar.com\/avatar\/ffaf84a9253780c50f123fc18a9c2266?s=96&d=mm&r=g","contentUrl":"https:\/\/secure.gravatar.com\/avatar\/ffaf84a9253780c50f123fc18a9c2266?s=96&d=mm&r=g","caption":"Juan Luis Vanrell"},"url":"https:\/\/www.rimontgowineries.com\/blog\/author\/juanluis\/"}]}},"_links":{"self":[{"href":"https:\/\/www.rimontgowineries.com\/blog\/wp-json\/wp\/v2\/posts\/22938"}],"collection":[{"href":"https:\/\/www.rimontgowineries.com\/blog\/wp-json\/wp\/v2\/posts"}],"about":[{"href":"https:\/\/www.rimontgowineries.com\/blog\/wp-json\/wp\/v2\/types\/post"}],"author":[{"embeddable":true,"href":"https:\/\/www.rimontgowineries.com\/blog\/wp-json\/wp\/v2\/users\/2"}],"replies":[{"embeddable":true,"href":"https:\/\/www.rimontgowineries.com\/blog\/wp-json\/wp\/v2\/comments?post=22938"}],"version-history":[{"count":1,"href":"https:\/\/www.rimontgowineries.com\/blog\/wp-json\/wp\/v2\/posts\/22938\/revisions"}],"predecessor-version":[{"id":22939,"href":"https:\/\/www.rimontgowineries.com\/blog\/wp-json\/wp\/v2\/posts\/22938\/revisions\/22939"}],"wp:featuredmedia":[{"embeddable":true,"href":"https:\/\/www.rimontgowineries.com\/blog\/wp-json\/wp\/v2\/media\/22927"}],"wp:attachment":[{"href":"https:\/\/www.rimontgowineries.com\/blog\/wp-json\/wp\/v2\/media?parent=22938"}],"wp:term":[{"taxonomy":"category","embeddable":true,"href":"https:\/\/www.rimontgowineries.com\/blog\/wp-json\/wp\/v2\/categories?post=22938"},{"taxonomy":"post_tag","embeddable":true,"href":"https:\/\/www.rimontgowineries.com\/blog\/wp-json\/wp\/v2\/tags?post=22938"}],"curies":[{"name":"wp","href":"https:\/\/api.w.org\/{rel}","templated":true}]}}