{"id":22940,"date":"2025-02-21T10:05:00","date_gmt":"2025-02-21T09:05:00","guid":{"rendered":"https:\/\/www.rimontgowineries.com\/blog\/?p=22940"},"modified":"2025-02-20T12:47:55","modified_gmt":"2025-02-20T11:47:55","slug":"verema-feierte-sein-25-jahriges-bestehen","status":"publish","type":"post","link":"https:\/\/www.rimontgowineries.com\/blog\/de\/verema-feierte-sein-25-jahriges-bestehen\/","title":{"rendered":"Verema feierte sein 25-j\u00e4hriges Bestehen"},"content":{"rendered":"\n<p>Seit f\u00fcnfundzwanzig Jahren bildet die valencianische Weinplattform VEREMA mit ihrem Forum, ihrer Website und ihren Veranstaltungen eine Br\u00fccke zwischen Weinkellereien, Erzeugern und Weinliebhabern. Zur Feier ihres 25-j\u00e4hrigen Bestehens hat Verema vom 9. bis 11. Februar im Hotel Las Arenas ein ganz besonderes Programm vorbereitet, das renommierte Weing\u00fcter und gro\u00dfe Winzer zusammenbringt. W\u00e4hrend dieser drei Tage kamen die Teilnehmer in den Genuss exklusiver Verkostungen, Pr\u00e4sentationen und Gespr\u00e4chsrunden. Ich habe insbesondere an zwei au\u00dfergew\u00f6hnlichen Verkostungen teilgenommen.<\/p>\n\n\n\n<p>Bei der ersten<strong> \u00abRunder Tisch und kommentierte Verkostung: Rioja: Vergangenheit, Gegenwart und Zukunft\u00bb <\/strong>waren die Redner und verkosteten Weine:<\/p>\n\n\n\n<ol>\n<li><strong>Agust\u00edn Santolaya<\/strong> (Bodegas Roda): Roda I 2019 und Roda I White 2021.<\/li>\n\n\n\n<li><strong>Guillermo de Aranz\u00e1bal<\/strong> (La Rioja Alta SA): Finca Martelo 2019 und Vi\u00f1a Arana GR 2016<\/li>\n\n\n\n<li><strong>Isaac Muga<\/strong> (Bodegas Muga): Muga Selecci\u00f3n Especial 2020 und Flor de Muga White 2021<\/li>\n\n\n\n<li><strong>Javier Ba\u00f1ales <\/strong>(Bodegas Mart\u00ednez Lacuesta): Hinia Blanco Reserva 2020 und Colecci\u00f3n Familia 2012 Gran Reserva.<\/li>\n<\/ol>\n\n\n\n<p>Eine sehr lehrreiche Verkostung der verschiedenen Rioja-Weintypen in vier gro\u00dfen Bodegas. Zwei von ihnen sind Hundertj\u00e4hrige, wie La Rioja Alta, SA, und Mart\u00ednez Lacuesta, und die anderen beiden haben eine gro\u00dfe Weinbautradition, wie Roda und Muga. Zwei unterschiedliche Arten der Weinherstellung, aber in beiden F\u00e4llen mit qualitativ hochwertigen Ergebnissen.<\/p>\n\n\n\n<p>Die zweite der Verkostungen, <strong>\u00abPlenarverkostung &#8211; Winzer f\u00fcr die Geschichte\u00bb<\/strong>, war ein einzigartiges Erlebnis, vor allem dank der Anwesenheit von Antonio Flores und Mariano Garc\u00eda, zwei der einflussreichsten Pers\u00f6nlichkeiten der Weingeschichte unseres Landes. Die Referenten und die verkosteten Weine waren:<\/p>\n\n\n\n<ol>\n<li><strong>Montse Molina: Manzanilla Pasada en Rama Pastora<\/strong>. Die Leidenschaft f\u00fcr Manzanilla.<\/li>\n\n\n\n<li><strong>Jos\u00e9 Hidalgo Togores: Ein Traum in der H\u00f6he 2021<\/strong>. Ein Wein von gro\u00dfer Frische aus Pago de los Capellanes.<\/li>\n\n\n\n<li><strong>Mariano Garc\u00eda: Baynos 2021<\/strong>. Das Projekt von Mauro in La Rioja<\/li>\n\n\n\n<li><strong>Agust\u00edn Santolaya: Roda II 2000<\/strong>. Ein f\u00fcnfundzwanzig Jahre alter Wein, der das Jubil\u00e4um von Verema w\u00fcrdigt.<\/li>\n\n\n\n<li>Antonio Flores: T\u00edo Pepe Amontillado Cuatro Palmas Colecci\u00f3n 2022. Er erfreute uns mit seinen Worten, die immer wieder von den Weinen aus Jerez schw\u00e4rmen.<\/li>\n<\/ol>\n\n\n\n<p>In diesen f\u00fcnfundzwanzig Jahren war Verema ein Mittel, um Erfahrungen auszutauschen und Verbindungen rund um den Wein zu schaffen. Dieses Jubil\u00e4um hat einmal mehr gezeigt, dass die Welt des Weins eine Art ist, das Leben zu betrachten. Vielen Dank f\u00fcr all diese Jahre! Auf weitere f\u00fcnfundzwanzig Jahre!<\/p>\n","protected":false},"excerpt":{"rendered":"<p>Seit 25 Jahren ist die Verema ein Bezugspunkt in der Welt des Weins und verbindet Weinkellereien, Erzeuger und Liebhaber. Das Jubil\u00e4um brachte gro\u00dfe Namen der \u00d6nologie in einer einzigartigen Veranstaltung zusammen, mit denkw\u00fcrdigen Verkostungen wie derjenigen, die dem Rioja gewidmet war, und der Plenarsitzung \u201e\u00d6nologen f\u00fcr die Geschichte\u201c, einer Feier, die die Leidenschaft f\u00fcr den Wein und seine F\u00e4higkeit, Gemeinschaft zu schaffen, bekr\u00e4ftigt hat. Ein Fest, das die Leidenschaft f\u00fcr den Wein und seine F\u00e4higkeit, Gemeinschaft zu schaffen, bekr\u00e4ftigt hat. Auf viele weitere Jahre!<\/p>\n","protected":false},"author":2,"featured_media":22932,"comment_status":"open","ping_status":"open","sticky":false,"template":"","format":"standard","meta":{"_mi_skip_tracking":false,"_monsterinsights_sitenote_active":false,"_monsterinsights_sitenote_note":"","_monsterinsights_sitenote_category":0,"footnotes":""},"categories":[3045,3098],"tags":[],"yoast_head":"<!-- This site is optimized with the Yoast SEO plugin v21.5 - https:\/\/yoast.com\/wordpress\/plugins\/seo\/ -->\n<title>Verema feierte sein 25-j\u00e4hriges Bestehen | Rimontg\u00f3 Wineries<\/title>\n<meta name=\"description\" content=\"Verema feierte sein 25-j\u00e4hriges Bestehen mit einem Treffen im Hotel Las Arenas. Drei Tage mit gro\u00dfen Weing\u00fctern und renommierten \u00d6nologen.\" \/>\n<meta name=\"robots\" content=\"index, follow, max-snippet:-1, max-image-preview:large, max-video-preview:-1\" \/>\n<link rel=\"canonical\" href=\"https:\/\/www.rimontgowineries.com\/blog\/de\/verema-feierte-sein-25-jahriges-bestehen\/\" \/>\n<meta property=\"og:locale\" content=\"es_ES\" \/>\n<meta property=\"og:type\" content=\"article\" \/>\n<meta property=\"og:title\" content=\"Verema feierte sein 25-j\u00e4hriges Bestehen | Rimontg\u00f3 Wineries\" \/>\n<meta property=\"og:description\" content=\"Verema feierte sein 25-j\u00e4hriges Bestehen mit einem Treffen im Hotel Las Arenas. Drei Tage mit gro\u00dfen Weing\u00fctern und renommierten \u00d6nologen.\" \/>\n<meta property=\"og:url\" content=\"https:\/\/www.rimontgowineries.com\/blog\/de\/verema-feierte-sein-25-jahriges-bestehen\/\" \/>\n<meta property=\"og:site_name\" content=\"Rimontgo Wineries\" \/>\n<meta property=\"article:published_time\" content=\"2025-02-21T09:05:00+00:00\" \/>\n<meta property=\"article:modified_time\" content=\"2025-02-20T11:47:55+00:00\" \/>\n<meta property=\"og:image\" content=\"https:\/\/www.rimontgowineries.com\/blog\/wp-content\/uploads\/2025\/02\/verema-25-aniversario-1.jpg\" \/>\n\t<meta property=\"og:image:width\" content=\"1863\" \/>\n\t<meta property=\"og:image:height\" content=\"920\" \/>\n\t<meta property=\"og:image:type\" content=\"image\/jpeg\" \/>\n<meta name=\"author\" content=\"Juan Luis Vanrell\" \/>\n<meta name=\"twitter:card\" content=\"summary_large_image\" \/>\n<meta name=\"twitter:label1\" content=\"Written by\" \/>\n\t<meta name=\"twitter:data1\" content=\"Juan Luis Vanrell\" \/>\n\t<meta name=\"twitter:label2\" content=\"Est. reading time\" \/>\n\t<meta name=\"twitter:data2\" content=\"2 minutos\" \/>\n<script type=\"application\/ld+json\" class=\"yoast-schema-graph\">{\"@context\":\"https:\/\/schema.org\",\"@graph\":[{\"@type\":\"Article\",\"@id\":\"https:\/\/www.rimontgowineries.com\/blog\/de\/verema-feierte-sein-25-jahriges-bestehen\/#article\",\"isPartOf\":{\"@id\":\"https:\/\/www.rimontgowineries.com\/blog\/de\/verema-feierte-sein-25-jahriges-bestehen\/\"},\"author\":{\"name\":\"Juan Luis Vanrell\",\"@id\":\"https:\/\/www.rimontgowineries.com\/blog\/#\/schema\/person\/9dc43a22f8b4b5cca821369523f3c455\"},\"headline\":\"Verema feierte sein 25-j\u00e4hriges Bestehen\",\"datePublished\":\"2025-02-21T09:05:00+00:00\",\"dateModified\":\"2025-02-20T11:47:55+00:00\",\"mainEntityOfPage\":{\"@id\":\"https:\/\/www.rimontgowineries.com\/blog\/de\/verema-feierte-sein-25-jahriges-bestehen\/\"},\"wordCount\":398,\"commentCount\":0,\"publisher\":{\"@id\":\"https:\/\/www.rimontgowineries.com\/blog\/#organization\"},\"articleSection\":[\"Feste und Veranstaltungen\",\"Weinwelt\"],\"inLanguage\":\"es\",\"potentialAction\":[{\"@type\":\"CommentAction\",\"name\":\"Comment\",\"target\":[\"https:\/\/www.rimontgowineries.com\/blog\/de\/verema-feierte-sein-25-jahriges-bestehen\/#respond\"]}]},{\"@type\":\"WebPage\",\"@id\":\"https:\/\/www.rimontgowineries.com\/blog\/de\/verema-feierte-sein-25-jahriges-bestehen\/\",\"url\":\"https:\/\/www.rimontgowineries.com\/blog\/de\/verema-feierte-sein-25-jahriges-bestehen\/\",\"name\":\"Verema feierte sein 25-j\u00e4hriges Bestehen | Rimontg\u00f3 Wineries\",\"isPartOf\":{\"@id\":\"https:\/\/www.rimontgowineries.com\/blog\/#website\"},\"datePublished\":\"2025-02-21T09:05:00+00:00\",\"dateModified\":\"2025-02-20T11:47:55+00:00\",\"description\":\"Verema feierte sein 25-j\u00e4hriges Bestehen mit einem Treffen im Hotel Las Arenas. Drei Tage mit gro\u00dfen Weing\u00fctern und renommierten \u00d6nologen.\",\"breadcrumb\":{\"@id\":\"https:\/\/www.rimontgowineries.com\/blog\/de\/verema-feierte-sein-25-jahriges-bestehen\/#breadcrumb\"},\"inLanguage\":\"es\",\"potentialAction\":[{\"@type\":\"ReadAction\",\"target\":[\"https:\/\/www.rimontgowineries.com\/blog\/de\/verema-feierte-sein-25-jahriges-bestehen\/\"]}]},{\"@type\":\"BreadcrumbList\",\"@id\":\"https:\/\/www.rimontgowineries.com\/blog\/de\/verema-feierte-sein-25-jahriges-bestehen\/#breadcrumb\",\"itemListElement\":[{\"@type\":\"ListItem\",\"position\":1,\"name\":\"Home\",\"item\":\"https:\/\/www.rimontgowineries.com\/blog\/es\/\"},{\"@type\":\"ListItem\",\"position\":2,\"name\":\"Verema feierte sein 25-j\u00e4hriges Bestehen\"}]},{\"@type\":\"WebSite\",\"@id\":\"https:\/\/www.rimontgowineries.com\/blog\/#website\",\"url\":\"https:\/\/www.rimontgowineries.com\/blog\/\",\"name\":\"Rimontgo Wineries\",\"description\":\"Rimontgo Wineries\",\"publisher\":{\"@id\":\"https:\/\/www.rimontgowineries.com\/blog\/#organization\"},\"potentialAction\":[{\"@type\":\"SearchAction\",\"target\":{\"@type\":\"EntryPoint\",\"urlTemplate\":\"https:\/\/www.rimontgowineries.com\/blog\/?s={search_term_string}\"},\"query-input\":\"required name=search_term_string\"}],\"inLanguage\":\"es\"},{\"@type\":\"Organization\",\"@id\":\"https:\/\/www.rimontgowineries.com\/blog\/#organization\",\"name\":\"Rimontgo Wineries\",\"url\":\"https:\/\/www.rimontgowineries.com\/blog\/\",\"logo\":{\"@type\":\"ImageObject\",\"inLanguage\":\"es\",\"@id\":\"https:\/\/www.rimontgowineries.com\/blog\/#\/schema\/logo\/image\/\",\"url\":\"https:\/\/www.rimontgowineries.com\/blog\/wp-content\/uploads\/2020\/03\/logo_bodegas_wineries_EN.svg\",\"contentUrl\":\"https:\/\/www.rimontgowineries.com\/blog\/wp-content\/uploads\/2020\/03\/logo_bodegas_wineries_EN.svg\",\"width\":134,\"height\":34,\"caption\":\"Rimontgo Wineries\"},\"image\":{\"@id\":\"https:\/\/www.rimontgowineries.com\/blog\/#\/schema\/logo\/image\/\"}},{\"@type\":\"Person\",\"@id\":\"https:\/\/www.rimontgowineries.com\/blog\/#\/schema\/person\/9dc43a22f8b4b5cca821369523f3c455\",\"name\":\"Juan Luis Vanrell\",\"image\":{\"@type\":\"ImageObject\",\"inLanguage\":\"es\",\"@id\":\"https:\/\/www.rimontgowineries.com\/blog\/#\/schema\/person\/image\/\",\"url\":\"https:\/\/secure.gravatar.com\/avatar\/ffaf84a9253780c50f123fc18a9c2266?s=96&d=mm&r=g\",\"contentUrl\":\"https:\/\/secure.gravatar.com\/avatar\/ffaf84a9253780c50f123fc18a9c2266?s=96&d=mm&r=g\",\"caption\":\"Juan Luis Vanrell\"},\"url\":\"https:\/\/www.rimontgowineries.com\/blog\/author\/juanluis\/\"}]}<\/script>\n<!-- \/ Yoast SEO plugin. -->","yoast_head_json":{"title":"Verema feierte sein 25-j\u00e4hriges Bestehen | Rimontg\u00f3 Wineries","description":"Verema feierte sein 25-j\u00e4hriges Bestehen mit einem Treffen im Hotel Las Arenas. Drei Tage mit gro\u00dfen Weing\u00fctern und renommierten \u00d6nologen.","robots":{"index":"index","follow":"follow","max-snippet":"max-snippet:-1","max-image-preview":"max-image-preview:large","max-video-preview":"max-video-preview:-1"},"canonical":"https:\/\/www.rimontgowineries.com\/blog\/de\/verema-feierte-sein-25-jahriges-bestehen\/","og_locale":"es_ES","og_type":"article","og_title":"Verema feierte sein 25-j\u00e4hriges Bestehen | Rimontg\u00f3 Wineries","og_description":"Verema feierte sein 25-j\u00e4hriges Bestehen mit einem Treffen im Hotel Las Arenas. Drei Tage mit gro\u00dfen Weing\u00fctern und renommierten \u00d6nologen.","og_url":"https:\/\/www.rimontgowineries.com\/blog\/de\/verema-feierte-sein-25-jahriges-bestehen\/","og_site_name":"Rimontgo Wineries","article_published_time":"2025-02-21T09:05:00+00:00","article_modified_time":"2025-02-20T11:47:55+00:00","og_image":[{"width":1863,"height":920,"url":"https:\/\/www.rimontgowineries.com\/blog\/wp-content\/uploads\/2025\/02\/verema-25-aniversario-1.jpg","type":"image\/jpeg"}],"author":"Juan Luis Vanrell","twitter_card":"summary_large_image","twitter_misc":{"Written by":"Juan Luis Vanrell","Est. reading time":"2 minutos"},"schema":{"@context":"https:\/\/schema.org","@graph":[{"@type":"Article","@id":"https:\/\/www.rimontgowineries.com\/blog\/de\/verema-feierte-sein-25-jahriges-bestehen\/#article","isPartOf":{"@id":"https:\/\/www.rimontgowineries.com\/blog\/de\/verema-feierte-sein-25-jahriges-bestehen\/"},"author":{"name":"Juan Luis Vanrell","@id":"https:\/\/www.rimontgowineries.com\/blog\/#\/schema\/person\/9dc43a22f8b4b5cca821369523f3c455"},"headline":"Verema feierte sein 25-j\u00e4hriges Bestehen","datePublished":"2025-02-21T09:05:00+00:00","dateModified":"2025-02-20T11:47:55+00:00","mainEntityOfPage":{"@id":"https:\/\/www.rimontgowineries.com\/blog\/de\/verema-feierte-sein-25-jahriges-bestehen\/"},"wordCount":398,"commentCount":0,"publisher":{"@id":"https:\/\/www.rimontgowineries.com\/blog\/#organization"},"articleSection":["Feste und Veranstaltungen","Weinwelt"],"inLanguage":"es","potentialAction":[{"@type":"CommentAction","name":"Comment","target":["https:\/\/www.rimontgowineries.com\/blog\/de\/verema-feierte-sein-25-jahriges-bestehen\/#respond"]}]},{"@type":"WebPage","@id":"https:\/\/www.rimontgowineries.com\/blog\/de\/verema-feierte-sein-25-jahriges-bestehen\/","url":"https:\/\/www.rimontgowineries.com\/blog\/de\/verema-feierte-sein-25-jahriges-bestehen\/","name":"Verema feierte sein 25-j\u00e4hriges Bestehen | Rimontg\u00f3 Wineries","isPartOf":{"@id":"https:\/\/www.rimontgowineries.com\/blog\/#website"},"datePublished":"2025-02-21T09:05:00+00:00","dateModified":"2025-02-20T11:47:55+00:00","description":"Verema feierte sein 25-j\u00e4hriges Bestehen mit einem Treffen im Hotel Las Arenas. Drei Tage mit gro\u00dfen Weing\u00fctern und renommierten \u00d6nologen.","breadcrumb":{"@id":"https:\/\/www.rimontgowineries.com\/blog\/de\/verema-feierte-sein-25-jahriges-bestehen\/#breadcrumb"},"inLanguage":"es","potentialAction":[{"@type":"ReadAction","target":["https:\/\/www.rimontgowineries.com\/blog\/de\/verema-feierte-sein-25-jahriges-bestehen\/"]}]},{"@type":"BreadcrumbList","@id":"https:\/\/www.rimontgowineries.com\/blog\/de\/verema-feierte-sein-25-jahriges-bestehen\/#breadcrumb","itemListElement":[{"@type":"ListItem","position":1,"name":"Home","item":"https:\/\/www.rimontgowineries.com\/blog\/es\/"},{"@type":"ListItem","position":2,"name":"Verema feierte sein 25-j\u00e4hriges Bestehen"}]},{"@type":"WebSite","@id":"https:\/\/www.rimontgowineries.com\/blog\/#website","url":"https:\/\/www.rimontgowineries.com\/blog\/","name":"Rimontgo Wineries","description":"Rimontgo Wineries","publisher":{"@id":"https:\/\/www.rimontgowineries.com\/blog\/#organization"},"potentialAction":[{"@type":"SearchAction","target":{"@type":"EntryPoint","urlTemplate":"https:\/\/www.rimontgowineries.com\/blog\/?s={search_term_string}"},"query-input":"required name=search_term_string"}],"inLanguage":"es"},{"@type":"Organization","@id":"https:\/\/www.rimontgowineries.com\/blog\/#organization","name":"Rimontgo Wineries","url":"https:\/\/www.rimontgowineries.com\/blog\/","logo":{"@type":"ImageObject","inLanguage":"es","@id":"https:\/\/www.rimontgowineries.com\/blog\/#\/schema\/logo\/image\/","url":"https:\/\/www.rimontgowineries.com\/blog\/wp-content\/uploads\/2020\/03\/logo_bodegas_wineries_EN.svg","contentUrl":"https:\/\/www.rimontgowineries.com\/blog\/wp-content\/uploads\/2020\/03\/logo_bodegas_wineries_EN.svg","width":134,"height":34,"caption":"Rimontgo Wineries"},"image":{"@id":"https:\/\/www.rimontgowineries.com\/blog\/#\/schema\/logo\/image\/"}},{"@type":"Person","@id":"https:\/\/www.rimontgowineries.com\/blog\/#\/schema\/person\/9dc43a22f8b4b5cca821369523f3c455","name":"Juan Luis Vanrell","image":{"@type":"ImageObject","inLanguage":"es","@id":"https:\/\/www.rimontgowineries.com\/blog\/#\/schema\/person\/image\/","url":"https:\/\/secure.gravatar.com\/avatar\/ffaf84a9253780c50f123fc18a9c2266?s=96&d=mm&r=g","contentUrl":"https:\/\/secure.gravatar.com\/avatar\/ffaf84a9253780c50f123fc18a9c2266?s=96&d=mm&r=g","caption":"Juan Luis Vanrell"},"url":"https:\/\/www.rimontgowineries.com\/blog\/author\/juanluis\/"}]}},"_links":{"self":[{"href":"https:\/\/www.rimontgowineries.com\/blog\/wp-json\/wp\/v2\/posts\/22940"}],"collection":[{"href":"https:\/\/www.rimontgowineries.com\/blog\/wp-json\/wp\/v2\/posts"}],"about":[{"href":"https:\/\/www.rimontgowineries.com\/blog\/wp-json\/wp\/v2\/types\/post"}],"author":[{"embeddable":true,"href":"https:\/\/www.rimontgowineries.com\/blog\/wp-json\/wp\/v2\/users\/2"}],"replies":[{"embeddable":true,"href":"https:\/\/www.rimontgowineries.com\/blog\/wp-json\/wp\/v2\/comments?post=22940"}],"version-history":[{"count":1,"href":"https:\/\/www.rimontgowineries.com\/blog\/wp-json\/wp\/v2\/posts\/22940\/revisions"}],"predecessor-version":[{"id":22942,"href":"https:\/\/www.rimontgowineries.com\/blog\/wp-json\/wp\/v2\/posts\/22940\/revisions\/22942"}],"wp:featuredmedia":[{"embeddable":true,"href":"https:\/\/www.rimontgowineries.com\/blog\/wp-json\/wp\/v2\/media\/22932"}],"wp:attachment":[{"href":"https:\/\/www.rimontgowineries.com\/blog\/wp-json\/wp\/v2\/media?parent=22940"}],"wp:term":[{"taxonomy":"category","embeddable":true,"href":"https:\/\/www.rimontgowineries.com\/blog\/wp-json\/wp\/v2\/categories?post=22940"},{"taxonomy":"post_tag","embeddable":true,"href":"https:\/\/www.rimontgowineries.com\/blog\/wp-json\/wp\/v2\/tags?post=22940"}],"curies":[{"name":"wp","href":"https:\/\/api.w.org\/{rel}","templated":true}]}}