{"id":23006,"date":"2025-03-21T12:51:40","date_gmt":"2025-03-21T11:51:40","guid":{"rendered":"https:\/\/www.rimontgowineries.com\/blog\/?p=23006"},"modified":"2025-03-21T12:51:42","modified_gmt":"2025-03-21T11:51:42","slug":"wina-pomaranczowe","status":"publish","type":"post","link":"https:\/\/www.rimontgowineries.com\/blog\/pl\/wina-pomaranczowe\/","title":{"rendered":"Wina pomara\u0144czowe"},"content":{"rendered":"\n<p>Kto nie s\u0142ysza\u0142 o winach pomara\u0144czowych? Od kilku lat ten rodzaj win sta\u0142 si\u0119 modny, jednak s\u0105 to wina z wielk\u0105 tradycj\u0105. Aby m\u00f3wi\u0107 o winach pomara\u0144czowych, musimy zacz\u0105\u0107 od win bia\u0142ych. Obecnie bia\u0142e wina produkowane s\u0105 bez maceracji sk\u00f3rek, st\u0105d ich blady odcie\u0144, ale w przesz\u0142o\u015bci moszcz bia\u0142ych win macerowa\u0142 si\u0119 ze sk\u00f3rkami, podobnie jak wina czerwone. Ten spos\u00f3b wytwarzania bia\u0142ych win da\u0142 &#8211; i nadal daje &#8211; w rezultacie wino pomara\u0144czowe.<\/p>\n\n\n\n<p>Wina pomara\u0144czowe maj\u0105 swoje korzenie w Gruzji, kt\u00f3ra jest r\u00f3wnie\u017c krajem, w kt\u00f3rym przypuszcza si\u0119, \u017ce powsta\u0142o to wino. Staro\u017cytne techniki produkcji wina obejmowa\u0142y maceracj\u0119 bia\u0142ego moszczu ze sk\u00f3rkami, a tak\u017ce powoln\u0105 fermentacj\u0119 w \u201eqveri\u201d, d\u0142ugich, glinianych amforach w kszta\u0142cie jajka o \u015bredniej pojemno\u015bci 1000 litr\u00f3w. Ten system produkcji wina zosta\u0142 wpisany na list\u0119 \u015bwiatowego dziedzictwa UNESCO.<\/p>\n\n\n\n<p>Ta forma produkcji wina, kt\u00f3ra by\u0142a nieco zaniedbana przez wieki, zosta\u0142a wskrzeszona pod koniec ubieg\u0142ego wieku we W\u0142oszech, w Collio Gorizia, na granicy ze S\u0142oweni\u0105. Od tego czasu nadal si\u0119 rozwija, nap\u0119dzany trendami w kierunku odrodzenia tradycyjnej uprawy winoro\u015bli, i stopniowo przekracza granice W\u0119gier, Serbii, Niemiec, Austrii, Francji, a nawet Nowego \u015awiata. Postacie takie jak Josko Gravener i Stanko Radikon by\u0142y kluczem do ekspansji win pomara\u0144czowych, opartych na odmianie takiej jak ribolla galla, idealnej do produkcji tego typu wina, a tak\u017ce na przywr\u00f3ceniu tradycyjnej produkcji wina (fermentacja bez kontroli temperatury, bez filtracji i bez u\u017cycia siarczan\u00f3w).<\/p>\n\n\n\n<p>Produkcja bia\u0142ego wina ze sk\u00f3rkami oznacza nie tylko pomara\u0144czowy kolor, ale tak\u017ce wzbogacenie substancji znajduj\u0105cych si\u0119 w sk\u00f3rkach, takich jak garbniki, polifenole i terpeny. Co wi\u0119cej, na poziomie sensorycznym wina pomara\u0144czowe wnosz\u0105 niuanse kandyzowanych owoc\u00f3w, miodu, sk\u00f3rki cytrusowej, pikantnych aromat\u00f3w, orzech\u00f3w, cynamonu, a tak\u017ce nuty krzemionki i prochu strzelniczego.<\/p>\n\n\n\n<p>Opanowali\u015bmy teori\u0119, teraz musimy zastosowa\u0107 j\u0105 w praktyce, wi\u0119c spr\u00f3bujmy win pomara\u0144czowych!<\/p>\n","protected":false},"excerpt":{"rendered":"<p>Wino pomara\u0144czowe, wytwarzane podobnie jak stare bia\u0142e wina z maceracj\u0105 na sk\u00f3rze, pochodzi z Gruzji. Winifikowane w glinianych amforach, jego technika zosta\u0142a odrodzona we W\u0142oszech i rozprzestrzeni\u0142a si\u0119 w ca\u0142ej Europie. Jego bursztynowy kolor i nuty kandyzowanych owoc\u00f3w, przypraw i cytrus\u00f3w sprawiaj\u0105, \u017ce jest to z\u0142o\u017cone i wyj\u0105tkowe wino.<\/p>\n","protected":false},"author":2,"featured_media":22990,"comment_status":"open","ping_status":"open","sticky":false,"template":"","format":"standard","meta":{"_mi_skip_tracking":false,"_monsterinsights_sitenote_active":false,"_monsterinsights_sitenote_note":"","_monsterinsights_sitenote_category":0,"footnotes":""},"categories":[23],"tags":[],"yoast_head":"<!-- This site is optimized with the Yoast SEO plugin v21.5 - https:\/\/yoast.com\/wordpress\/plugins\/seo\/ -->\n<title>Wino pomara\u0144czowe: tradycja przodk\u00f3w | Rimontg\u00f3 Wineries<\/title>\n<meta name=\"description\" content=\"Wino pomara\u0144czowe odzyskuje tysi\u0105cletnie techniki z maceracj\u0105 w amforach i unikalnym profilem pikantnych aromat\u00f3w, kandyzowanych owoc\u00f3w i cytrus\u00f3w.\" \/>\n<meta name=\"robots\" content=\"index, follow, max-snippet:-1, max-image-preview:large, max-video-preview:-1\" \/>\n<link rel=\"canonical\" href=\"https:\/\/www.rimontgowineries.com\/blog\/pl\/wina-pomaranczowe\/\" \/>\n<meta property=\"og:locale\" content=\"es_ES\" \/>\n<meta property=\"og:type\" content=\"article\" \/>\n<meta property=\"og:title\" content=\"Wino pomara\u0144czowe: tradycja przodk\u00f3w | Rimontg\u00f3 Wineries\" \/>\n<meta property=\"og:description\" content=\"Wino pomara\u0144czowe odzyskuje tysi\u0105cletnie techniki z maceracj\u0105 w amforach i unikalnym profilem pikantnych aromat\u00f3w, kandyzowanych owoc\u00f3w i cytrus\u00f3w.\" \/>\n<meta property=\"og:url\" content=\"https:\/\/www.rimontgowineries.com\/blog\/pl\/wina-pomaranczowe\/\" \/>\n<meta property=\"og:site_name\" content=\"Rimontgo Wineries\" \/>\n<meta property=\"article:published_time\" content=\"2025-03-21T11:51:40+00:00\" \/>\n<meta property=\"article:modified_time\" content=\"2025-03-21T11:51:42+00:00\" \/>\n<meta property=\"og:image\" content=\"https:\/\/www.rimontgowineries.com\/blog\/wp-content\/uploads\/2025\/03\/photo-1588685328095-cf9d5c09708f.jpg\" \/>\n\t<meta property=\"og:image:width\" content=\"2070\" \/>\n\t<meta property=\"og:image:height\" content=\"1380\" \/>\n\t<meta property=\"og:image:type\" content=\"image\/jpeg\" \/>\n<meta name=\"author\" content=\"Juan Luis Vanrell\" \/>\n<meta name=\"twitter:card\" content=\"summary_large_image\" \/>\n<meta name=\"twitter:label1\" content=\"Written by\" \/>\n\t<meta name=\"twitter:data1\" content=\"Juan Luis Vanrell\" \/>\n\t<meta name=\"twitter:label2\" content=\"Est. reading time\" \/>\n\t<meta name=\"twitter:data2\" content=\"2 minutos\" \/>\n<script type=\"application\/ld+json\" class=\"yoast-schema-graph\">{\"@context\":\"https:\/\/schema.org\",\"@graph\":[{\"@type\":\"Article\",\"@id\":\"https:\/\/www.rimontgowineries.com\/blog\/pl\/wina-pomaranczowe\/#article\",\"isPartOf\":{\"@id\":\"https:\/\/www.rimontgowineries.com\/blog\/pl\/wina-pomaranczowe\/\"},\"author\":{\"name\":\"Juan Luis Vanrell\",\"@id\":\"https:\/\/www.rimontgowineries.com\/blog\/#\/schema\/person\/9dc43a22f8b4b5cca821369523f3c455\"},\"headline\":\"Wina pomara\u0144czowe\",\"datePublished\":\"2025-03-21T11:51:40+00:00\",\"dateModified\":\"2025-03-21T11:51:42+00:00\",\"mainEntityOfPage\":{\"@id\":\"https:\/\/www.rimontgowineries.com\/blog\/pl\/wina-pomaranczowe\/\"},\"wordCount\":350,\"commentCount\":0,\"publisher\":{\"@id\":\"https:\/\/www.rimontgowineries.com\/blog\/#organization\"},\"articleSection\":[\"Uncategorized\"],\"inLanguage\":\"es\",\"potentialAction\":[{\"@type\":\"CommentAction\",\"name\":\"Comment\",\"target\":[\"https:\/\/www.rimontgowineries.com\/blog\/pl\/wina-pomaranczowe\/#respond\"]}]},{\"@type\":\"WebPage\",\"@id\":\"https:\/\/www.rimontgowineries.com\/blog\/pl\/wina-pomaranczowe\/\",\"url\":\"https:\/\/www.rimontgowineries.com\/blog\/pl\/wina-pomaranczowe\/\",\"name\":\"Wino pomara\u0144czowe: tradycja przodk\u00f3w | Rimontg\u00f3 Wineries\",\"isPartOf\":{\"@id\":\"https:\/\/www.rimontgowineries.com\/blog\/#website\"},\"datePublished\":\"2025-03-21T11:51:40+00:00\",\"dateModified\":\"2025-03-21T11:51:42+00:00\",\"description\":\"Wino pomara\u0144czowe odzyskuje tysi\u0105cletnie techniki z maceracj\u0105 w amforach i unikalnym profilem pikantnych aromat\u00f3w, kandyzowanych owoc\u00f3w i cytrus\u00f3w.\",\"breadcrumb\":{\"@id\":\"https:\/\/www.rimontgowineries.com\/blog\/pl\/wina-pomaranczowe\/#breadcrumb\"},\"inLanguage\":\"es\",\"potentialAction\":[{\"@type\":\"ReadAction\",\"target\":[\"https:\/\/www.rimontgowineries.com\/blog\/pl\/wina-pomaranczowe\/\"]}]},{\"@type\":\"BreadcrumbList\",\"@id\":\"https:\/\/www.rimontgowineries.com\/blog\/pl\/wina-pomaranczowe\/#breadcrumb\",\"itemListElement\":[{\"@type\":\"ListItem\",\"position\":1,\"name\":\"Home\",\"item\":\"https:\/\/www.rimontgowineries.com\/blog\/es\/\"},{\"@type\":\"ListItem\",\"position\":2,\"name\":\"Wina pomara\u0144czowe\"}]},{\"@type\":\"WebSite\",\"@id\":\"https:\/\/www.rimontgowineries.com\/blog\/#website\",\"url\":\"https:\/\/www.rimontgowineries.com\/blog\/\",\"name\":\"Rimontgo Wineries\",\"description\":\"Rimontgo Wineries\",\"publisher\":{\"@id\":\"https:\/\/www.rimontgowineries.com\/blog\/#organization\"},\"potentialAction\":[{\"@type\":\"SearchAction\",\"target\":{\"@type\":\"EntryPoint\",\"urlTemplate\":\"https:\/\/www.rimontgowineries.com\/blog\/?s={search_term_string}\"},\"query-input\":\"required name=search_term_string\"}],\"inLanguage\":\"es\"},{\"@type\":\"Organization\",\"@id\":\"https:\/\/www.rimontgowineries.com\/blog\/#organization\",\"name\":\"Rimontgo Wineries\",\"url\":\"https:\/\/www.rimontgowineries.com\/blog\/\",\"logo\":{\"@type\":\"ImageObject\",\"inLanguage\":\"es\",\"@id\":\"https:\/\/www.rimontgowineries.com\/blog\/#\/schema\/logo\/image\/\",\"url\":\"https:\/\/www.rimontgowineries.com\/blog\/wp-content\/uploads\/2020\/03\/logo_bodegas_wineries_EN.svg\",\"contentUrl\":\"https:\/\/www.rimontgowineries.com\/blog\/wp-content\/uploads\/2020\/03\/logo_bodegas_wineries_EN.svg\",\"width\":134,\"height\":34,\"caption\":\"Rimontgo Wineries\"},\"image\":{\"@id\":\"https:\/\/www.rimontgowineries.com\/blog\/#\/schema\/logo\/image\/\"}},{\"@type\":\"Person\",\"@id\":\"https:\/\/www.rimontgowineries.com\/blog\/#\/schema\/person\/9dc43a22f8b4b5cca821369523f3c455\",\"name\":\"Juan Luis Vanrell\",\"image\":{\"@type\":\"ImageObject\",\"inLanguage\":\"es\",\"@id\":\"https:\/\/www.rimontgowineries.com\/blog\/#\/schema\/person\/image\/\",\"url\":\"https:\/\/secure.gravatar.com\/avatar\/ffaf84a9253780c50f123fc18a9c2266?s=96&d=mm&r=g\",\"contentUrl\":\"https:\/\/secure.gravatar.com\/avatar\/ffaf84a9253780c50f123fc18a9c2266?s=96&d=mm&r=g\",\"caption\":\"Juan Luis Vanrell\"},\"url\":\"https:\/\/www.rimontgowineries.com\/blog\/author\/juanluis\/\"}]}<\/script>\n<!-- \/ Yoast SEO plugin. -->","yoast_head_json":{"title":"Wino pomara\u0144czowe: tradycja przodk\u00f3w | Rimontg\u00f3 Wineries","description":"Wino pomara\u0144czowe odzyskuje tysi\u0105cletnie techniki z maceracj\u0105 w amforach i unikalnym profilem pikantnych aromat\u00f3w, kandyzowanych owoc\u00f3w i cytrus\u00f3w.","robots":{"index":"index","follow":"follow","max-snippet":"max-snippet:-1","max-image-preview":"max-image-preview:large","max-video-preview":"max-video-preview:-1"},"canonical":"https:\/\/www.rimontgowineries.com\/blog\/pl\/wina-pomaranczowe\/","og_locale":"es_ES","og_type":"article","og_title":"Wino pomara\u0144czowe: tradycja przodk\u00f3w | Rimontg\u00f3 Wineries","og_description":"Wino pomara\u0144czowe odzyskuje tysi\u0105cletnie techniki z maceracj\u0105 w amforach i unikalnym profilem pikantnych aromat\u00f3w, kandyzowanych owoc\u00f3w i cytrus\u00f3w.","og_url":"https:\/\/www.rimontgowineries.com\/blog\/pl\/wina-pomaranczowe\/","og_site_name":"Rimontgo Wineries","article_published_time":"2025-03-21T11:51:40+00:00","article_modified_time":"2025-03-21T11:51:42+00:00","og_image":[{"width":2070,"height":1380,"url":"https:\/\/www.rimontgowineries.com\/blog\/wp-content\/uploads\/2025\/03\/photo-1588685328095-cf9d5c09708f.jpg","type":"image\/jpeg"}],"author":"Juan Luis Vanrell","twitter_card":"summary_large_image","twitter_misc":{"Written by":"Juan Luis Vanrell","Est. reading time":"2 minutos"},"schema":{"@context":"https:\/\/schema.org","@graph":[{"@type":"Article","@id":"https:\/\/www.rimontgowineries.com\/blog\/pl\/wina-pomaranczowe\/#article","isPartOf":{"@id":"https:\/\/www.rimontgowineries.com\/blog\/pl\/wina-pomaranczowe\/"},"author":{"name":"Juan Luis Vanrell","@id":"https:\/\/www.rimontgowineries.com\/blog\/#\/schema\/person\/9dc43a22f8b4b5cca821369523f3c455"},"headline":"Wina pomara\u0144czowe","datePublished":"2025-03-21T11:51:40+00:00","dateModified":"2025-03-21T11:51:42+00:00","mainEntityOfPage":{"@id":"https:\/\/www.rimontgowineries.com\/blog\/pl\/wina-pomaranczowe\/"},"wordCount":350,"commentCount":0,"publisher":{"@id":"https:\/\/www.rimontgowineries.com\/blog\/#organization"},"articleSection":["Uncategorized"],"inLanguage":"es","potentialAction":[{"@type":"CommentAction","name":"Comment","target":["https:\/\/www.rimontgowineries.com\/blog\/pl\/wina-pomaranczowe\/#respond"]}]},{"@type":"WebPage","@id":"https:\/\/www.rimontgowineries.com\/blog\/pl\/wina-pomaranczowe\/","url":"https:\/\/www.rimontgowineries.com\/blog\/pl\/wina-pomaranczowe\/","name":"Wino pomara\u0144czowe: tradycja przodk\u00f3w | Rimontg\u00f3 Wineries","isPartOf":{"@id":"https:\/\/www.rimontgowineries.com\/blog\/#website"},"datePublished":"2025-03-21T11:51:40+00:00","dateModified":"2025-03-21T11:51:42+00:00","description":"Wino pomara\u0144czowe odzyskuje tysi\u0105cletnie techniki z maceracj\u0105 w amforach i unikalnym profilem pikantnych aromat\u00f3w, kandyzowanych owoc\u00f3w i cytrus\u00f3w.","breadcrumb":{"@id":"https:\/\/www.rimontgowineries.com\/blog\/pl\/wina-pomaranczowe\/#breadcrumb"},"inLanguage":"es","potentialAction":[{"@type":"ReadAction","target":["https:\/\/www.rimontgowineries.com\/blog\/pl\/wina-pomaranczowe\/"]}]},{"@type":"BreadcrumbList","@id":"https:\/\/www.rimontgowineries.com\/blog\/pl\/wina-pomaranczowe\/#breadcrumb","itemListElement":[{"@type":"ListItem","position":1,"name":"Home","item":"https:\/\/www.rimontgowineries.com\/blog\/es\/"},{"@type":"ListItem","position":2,"name":"Wina pomara\u0144czowe"}]},{"@type":"WebSite","@id":"https:\/\/www.rimontgowineries.com\/blog\/#website","url":"https:\/\/www.rimontgowineries.com\/blog\/","name":"Rimontgo Wineries","description":"Rimontgo Wineries","publisher":{"@id":"https:\/\/www.rimontgowineries.com\/blog\/#organization"},"potentialAction":[{"@type":"SearchAction","target":{"@type":"EntryPoint","urlTemplate":"https:\/\/www.rimontgowineries.com\/blog\/?s={search_term_string}"},"query-input":"required name=search_term_string"}],"inLanguage":"es"},{"@type":"Organization","@id":"https:\/\/www.rimontgowineries.com\/blog\/#organization","name":"Rimontgo Wineries","url":"https:\/\/www.rimontgowineries.com\/blog\/","logo":{"@type":"ImageObject","inLanguage":"es","@id":"https:\/\/www.rimontgowineries.com\/blog\/#\/schema\/logo\/image\/","url":"https:\/\/www.rimontgowineries.com\/blog\/wp-content\/uploads\/2020\/03\/logo_bodegas_wineries_EN.svg","contentUrl":"https:\/\/www.rimontgowineries.com\/blog\/wp-content\/uploads\/2020\/03\/logo_bodegas_wineries_EN.svg","width":134,"height":34,"caption":"Rimontgo Wineries"},"image":{"@id":"https:\/\/www.rimontgowineries.com\/blog\/#\/schema\/logo\/image\/"}},{"@type":"Person","@id":"https:\/\/www.rimontgowineries.com\/blog\/#\/schema\/person\/9dc43a22f8b4b5cca821369523f3c455","name":"Juan Luis Vanrell","image":{"@type":"ImageObject","inLanguage":"es","@id":"https:\/\/www.rimontgowineries.com\/blog\/#\/schema\/person\/image\/","url":"https:\/\/secure.gravatar.com\/avatar\/ffaf84a9253780c50f123fc18a9c2266?s=96&d=mm&r=g","contentUrl":"https:\/\/secure.gravatar.com\/avatar\/ffaf84a9253780c50f123fc18a9c2266?s=96&d=mm&r=g","caption":"Juan Luis Vanrell"},"url":"https:\/\/www.rimontgowineries.com\/blog\/author\/juanluis\/"}]}},"_links":{"self":[{"href":"https:\/\/www.rimontgowineries.com\/blog\/wp-json\/wp\/v2\/posts\/23006"}],"collection":[{"href":"https:\/\/www.rimontgowineries.com\/blog\/wp-json\/wp\/v2\/posts"}],"about":[{"href":"https:\/\/www.rimontgowineries.com\/blog\/wp-json\/wp\/v2\/types\/post"}],"author":[{"embeddable":true,"href":"https:\/\/www.rimontgowineries.com\/blog\/wp-json\/wp\/v2\/users\/2"}],"replies":[{"embeddable":true,"href":"https:\/\/www.rimontgowineries.com\/blog\/wp-json\/wp\/v2\/comments?post=23006"}],"version-history":[{"count":1,"href":"https:\/\/www.rimontgowineries.com\/blog\/wp-json\/wp\/v2\/posts\/23006\/revisions"}],"predecessor-version":[{"id":23007,"href":"https:\/\/www.rimontgowineries.com\/blog\/wp-json\/wp\/v2\/posts\/23006\/revisions\/23007"}],"wp:featuredmedia":[{"embeddable":true,"href":"https:\/\/www.rimontgowineries.com\/blog\/wp-json\/wp\/v2\/media\/22990"}],"wp:attachment":[{"href":"https:\/\/www.rimontgowineries.com\/blog\/wp-json\/wp\/v2\/media?parent=23006"}],"wp:term":[{"taxonomy":"category","embeddable":true,"href":"https:\/\/www.rimontgowineries.com\/blog\/wp-json\/wp\/v2\/categories?post=23006"},{"taxonomy":"post_tag","embeddable":true,"href":"https:\/\/www.rimontgowineries.com\/blog\/wp-json\/wp\/v2\/tags?post=23006"}],"curies":[{"name":"wp","href":"https:\/\/api.w.org\/{rel}","templated":true}]}}