{"id":23027,"date":"2025-04-01T10:26:53","date_gmt":"2025-04-01T08:26:53","guid":{"rendered":"https:\/\/www.rimontgowineries.com\/blog\/?p=23027"},"modified":"2025-04-01T10:26:54","modified_gmt":"2025-04-01T08:26:54","slug":"os-sentidos-do-vinho-introducao","status":"publish","type":"post","link":"https:\/\/www.rimontgowineries.com\/blog\/pt\/os-sentidos-do-vinho-introducao\/","title":{"rendered":"Os sentidos do vinho: Introdu\u00e7\u00e3o"},"content":{"rendered":"\n<p>Tudo no vinho \u00e9 sintetizado no plural de uma \u00fanica palavra: SENTIDOS. Na verdade, o vinho enfatiza os nossos sentidos de uma forma brutal. Sua cor agu\u00e7a o olhar em busca de m\u00faltiplas nuances; Seu aroma faz o mesmo com o cheiro; e o sabor com o paladar. E se ampliarmos o significado da palavra, podemos aplic\u00e1-la a qualquer uma das esferas relacionadas com a felicidade, porque o vinho \u00e9 o grande potenciador dos nossos sentidos e, gra\u00e7as a ele, podemos desfrutar de infinitas sensa\u00e7\u00f5es positivas.<\/p>\n\n\n\n<p>Por\u00e9m, do ponto de vista estritamente te\u00f3rico, quando bebemos um copo de vinho h\u00e1 tr\u00eas coisas que costumamos fazer: primeiro, observar a sua cor; depois, cheire os aromas que ela exala; e, finalmente, prove. S\u00e3o orienta\u00e7\u00f5es que, salvo em momentos de informalidade, tendemos a seguir, tanto os amantes do mundo como os consumidores normais. E fazemos isto por v\u00e1rios motivos: primeiro porque sabemos que nem todos os vinhos t\u00eam a mesma cor e que isso pode nos dar uma pista sobre a sua variedade, al\u00e9m, claro, do facto de a cor de um vinho ser sempre atractiva. . Em segundo lugar, porque os aromas que existem num copo s\u00e3o muito variados e podem transportar-nos de um campo de flores a um mar salino, al\u00e9m de serem habitualmente inebriantes. E, em terceiro lugar, porque um vinho nunca tem o mesmo sabor, principalmente se os seus terroirs s\u00e3o muito diferentes, sem descurar, claro, que queremos deliciar-nos com os seus sabores. O resumo \u00e9 que temos curiosidade em descobrir as nuances daquilo que est\u00e1 diante de n\u00f3s e que nos faz desfrutar.<\/p>\n\n\n\n<p>Agora, n\u00f3s, geeks do vinho, vamos um pouco mais longe e tendemos a procurar infinitas notas dentro da garrafa que vamos beber, principalmente quando provamos \u00e0s cegas, por isso convido voc\u00ea a continuar lendo os demais cap\u00edtulos deste verbete para se aprofundar em todas as nuances. das diferentes fases de degusta\u00e7\u00e3o.<\/p>\n","protected":false},"excerpt":{"rendered":"<p>O vinho exprime-se no plural: sentidos. Desde as nuances da sua cor at\u00e9 \u00e0 complexidade dos seus aromas e sabores, cada copo desencadeia uma perce\u00e7\u00e3o diferente. Esta introdu\u00e7\u00e3o prop\u00f5e uma viagem pelas fases essenciais da prova de vinhos, convidando-o a deter-se nos pequenos detalhes que transformam o quotidiano em extraordin\u00e1rio.<\/p>\n","protected":false},"author":2,"featured_media":23018,"comment_status":"open","ping_status":"open","sticky":false,"template":"","format":"standard","meta":{"_mi_skip_tracking":false,"_monsterinsights_sitenote_active":false,"_monsterinsights_sitenote_note":"","_monsterinsights_sitenote_category":0,"footnotes":""},"categories":[3181],"tags":[],"yoast_head":"<!-- This site is optimized with the Yoast SEO plugin v21.5 - https:\/\/yoast.com\/wordpress\/plugins\/seo\/ -->\n<title>Introdu\u00e7\u00e3o \u00e0 experi\u00eancia sensorial | Rimontg\u00f3 Wineries<\/title>\n<meta name=\"description\" content=\"O vinho desperta a vis\u00e3o, o olfato e o paladar, tornando-o numa experi\u00eancia sensorial completa.\" \/>\n<meta name=\"robots\" content=\"index, follow, max-snippet:-1, max-image-preview:large, max-video-preview:-1\" \/>\n<link rel=\"canonical\" href=\"https:\/\/www.rimontgowineries.com\/blog\/pt\/os-sentidos-do-vinho-introducao\/\" \/>\n<meta property=\"og:locale\" content=\"es_ES\" \/>\n<meta property=\"og:type\" content=\"article\" \/>\n<meta property=\"og:title\" content=\"Introdu\u00e7\u00e3o \u00e0 experi\u00eancia sensorial | Rimontg\u00f3 Wineries\" \/>\n<meta property=\"og:description\" content=\"O vinho desperta a vis\u00e3o, o olfato e o paladar, tornando-o numa experi\u00eancia sensorial completa.\" \/>\n<meta property=\"og:url\" content=\"https:\/\/www.rimontgowineries.com\/blog\/pt\/os-sentidos-do-vinho-introducao\/\" \/>\n<meta property=\"og:site_name\" content=\"Rimontgo Wineries\" \/>\n<meta property=\"article:published_time\" content=\"2025-04-01T08:26:53+00:00\" \/>\n<meta property=\"article:modified_time\" content=\"2025-04-01T08:26:54+00:00\" \/>\n<meta property=\"og:image\" content=\"https:\/\/www.rimontgowineries.com\/blog\/wp-content\/uploads\/2025\/03\/corchos-blob-sentidos-intro.jpg\" \/>\n\t<meta property=\"og:image:width\" content=\"500\" \/>\n\t<meta property=\"og:image:height\" content=\"333\" \/>\n\t<meta property=\"og:image:type\" content=\"image\/jpeg\" \/>\n<meta name=\"author\" content=\"Juan Luis Vanrell\" \/>\n<meta name=\"twitter:card\" content=\"summary_large_image\" \/>\n<meta name=\"twitter:label1\" content=\"Written by\" \/>\n\t<meta name=\"twitter:data1\" content=\"Juan Luis Vanrell\" \/>\n\t<meta name=\"twitter:label2\" content=\"Est. reading time\" \/>\n\t<meta name=\"twitter:data2\" content=\"2 minutos\" \/>\n<script type=\"application\/ld+json\" class=\"yoast-schema-graph\">{\"@context\":\"https:\/\/schema.org\",\"@graph\":[{\"@type\":\"Article\",\"@id\":\"https:\/\/www.rimontgowineries.com\/blog\/pt\/os-sentidos-do-vinho-introducao\/#article\",\"isPartOf\":{\"@id\":\"https:\/\/www.rimontgowineries.com\/blog\/pt\/os-sentidos-do-vinho-introducao\/\"},\"author\":{\"name\":\"Juan Luis Vanrell\",\"@id\":\"https:\/\/www.rimontgowineries.com\/blog\/#\/schema\/person\/9dc43a22f8b4b5cca821369523f3c455\"},\"headline\":\"Os sentidos do vinho: Introdu\u00e7\u00e3o\",\"datePublished\":\"2025-04-01T08:26:53+00:00\",\"dateModified\":\"2025-04-01T08:26:54+00:00\",\"mainEntityOfPage\":{\"@id\":\"https:\/\/www.rimontgowineries.com\/blog\/pt\/os-sentidos-do-vinho-introducao\/\"},\"wordCount\":338,\"commentCount\":0,\"publisher\":{\"@id\":\"https:\/\/www.rimontgowineries.com\/blog\/#organization\"},\"articleSection\":[\"Mundo do vinho\"],\"inLanguage\":\"es\",\"potentialAction\":[{\"@type\":\"CommentAction\",\"name\":\"Comment\",\"target\":[\"https:\/\/www.rimontgowineries.com\/blog\/pt\/os-sentidos-do-vinho-introducao\/#respond\"]}]},{\"@type\":\"WebPage\",\"@id\":\"https:\/\/www.rimontgowineries.com\/blog\/pt\/os-sentidos-do-vinho-introducao\/\",\"url\":\"https:\/\/www.rimontgowineries.com\/blog\/pt\/os-sentidos-do-vinho-introducao\/\",\"name\":\"Introdu\u00e7\u00e3o \u00e0 experi\u00eancia sensorial | Rimontg\u00f3 Wineries\",\"isPartOf\":{\"@id\":\"https:\/\/www.rimontgowineries.com\/blog\/#website\"},\"datePublished\":\"2025-04-01T08:26:53+00:00\",\"dateModified\":\"2025-04-01T08:26:54+00:00\",\"description\":\"O vinho desperta a vis\u00e3o, o olfato e o paladar, tornando-o numa experi\u00eancia sensorial completa.\",\"breadcrumb\":{\"@id\":\"https:\/\/www.rimontgowineries.com\/blog\/pt\/os-sentidos-do-vinho-introducao\/#breadcrumb\"},\"inLanguage\":\"es\",\"potentialAction\":[{\"@type\":\"ReadAction\",\"target\":[\"https:\/\/www.rimontgowineries.com\/blog\/pt\/os-sentidos-do-vinho-introducao\/\"]}]},{\"@type\":\"BreadcrumbList\",\"@id\":\"https:\/\/www.rimontgowineries.com\/blog\/pt\/os-sentidos-do-vinho-introducao\/#breadcrumb\",\"itemListElement\":[{\"@type\":\"ListItem\",\"position\":1,\"name\":\"Home\",\"item\":\"https:\/\/www.rimontgowineries.com\/blog\/es\/\"},{\"@type\":\"ListItem\",\"position\":2,\"name\":\"Os sentidos do vinho: Introdu\u00e7\u00e3o\"}]},{\"@type\":\"WebSite\",\"@id\":\"https:\/\/www.rimontgowineries.com\/blog\/#website\",\"url\":\"https:\/\/www.rimontgowineries.com\/blog\/\",\"name\":\"Rimontgo Wineries\",\"description\":\"Rimontgo Wineries\",\"publisher\":{\"@id\":\"https:\/\/www.rimontgowineries.com\/blog\/#organization\"},\"potentialAction\":[{\"@type\":\"SearchAction\",\"target\":{\"@type\":\"EntryPoint\",\"urlTemplate\":\"https:\/\/www.rimontgowineries.com\/blog\/?s={search_term_string}\"},\"query-input\":\"required name=search_term_string\"}],\"inLanguage\":\"es\"},{\"@type\":\"Organization\",\"@id\":\"https:\/\/www.rimontgowineries.com\/blog\/#organization\",\"name\":\"Rimontgo Wineries\",\"url\":\"https:\/\/www.rimontgowineries.com\/blog\/\",\"logo\":{\"@type\":\"ImageObject\",\"inLanguage\":\"es\",\"@id\":\"https:\/\/www.rimontgowineries.com\/blog\/#\/schema\/logo\/image\/\",\"url\":\"https:\/\/www.rimontgowineries.com\/blog\/wp-content\/uploads\/2020\/03\/logo_bodegas_wineries_EN.svg\",\"contentUrl\":\"https:\/\/www.rimontgowineries.com\/blog\/wp-content\/uploads\/2020\/03\/logo_bodegas_wineries_EN.svg\",\"width\":134,\"height\":34,\"caption\":\"Rimontgo Wineries\"},\"image\":{\"@id\":\"https:\/\/www.rimontgowineries.com\/blog\/#\/schema\/logo\/image\/\"}},{\"@type\":\"Person\",\"@id\":\"https:\/\/www.rimontgowineries.com\/blog\/#\/schema\/person\/9dc43a22f8b4b5cca821369523f3c455\",\"name\":\"Juan Luis Vanrell\",\"image\":{\"@type\":\"ImageObject\",\"inLanguage\":\"es\",\"@id\":\"https:\/\/www.rimontgowineries.com\/blog\/#\/schema\/person\/image\/\",\"url\":\"https:\/\/secure.gravatar.com\/avatar\/ffaf84a9253780c50f123fc18a9c2266?s=96&d=mm&r=g\",\"contentUrl\":\"https:\/\/secure.gravatar.com\/avatar\/ffaf84a9253780c50f123fc18a9c2266?s=96&d=mm&r=g\",\"caption\":\"Juan Luis Vanrell\"},\"url\":\"https:\/\/www.rimontgowineries.com\/blog\/author\/juanluis\/\"}]}<\/script>\n<!-- \/ Yoast SEO plugin. -->","yoast_head_json":{"title":"Introdu\u00e7\u00e3o \u00e0 experi\u00eancia sensorial | Rimontg\u00f3 Wineries","description":"O vinho desperta a vis\u00e3o, o olfato e o paladar, tornando-o numa experi\u00eancia sensorial completa.","robots":{"index":"index","follow":"follow","max-snippet":"max-snippet:-1","max-image-preview":"max-image-preview:large","max-video-preview":"max-video-preview:-1"},"canonical":"https:\/\/www.rimontgowineries.com\/blog\/pt\/os-sentidos-do-vinho-introducao\/","og_locale":"es_ES","og_type":"article","og_title":"Introdu\u00e7\u00e3o \u00e0 experi\u00eancia sensorial | Rimontg\u00f3 Wineries","og_description":"O vinho desperta a vis\u00e3o, o olfato e o paladar, tornando-o numa experi\u00eancia sensorial completa.","og_url":"https:\/\/www.rimontgowineries.com\/blog\/pt\/os-sentidos-do-vinho-introducao\/","og_site_name":"Rimontgo Wineries","article_published_time":"2025-04-01T08:26:53+00:00","article_modified_time":"2025-04-01T08:26:54+00:00","og_image":[{"width":500,"height":333,"url":"https:\/\/www.rimontgowineries.com\/blog\/wp-content\/uploads\/2025\/03\/corchos-blob-sentidos-intro.jpg","type":"image\/jpeg"}],"author":"Juan Luis Vanrell","twitter_card":"summary_large_image","twitter_misc":{"Written by":"Juan Luis Vanrell","Est. reading time":"2 minutos"},"schema":{"@context":"https:\/\/schema.org","@graph":[{"@type":"Article","@id":"https:\/\/www.rimontgowineries.com\/blog\/pt\/os-sentidos-do-vinho-introducao\/#article","isPartOf":{"@id":"https:\/\/www.rimontgowineries.com\/blog\/pt\/os-sentidos-do-vinho-introducao\/"},"author":{"name":"Juan Luis Vanrell","@id":"https:\/\/www.rimontgowineries.com\/blog\/#\/schema\/person\/9dc43a22f8b4b5cca821369523f3c455"},"headline":"Os sentidos do vinho: Introdu\u00e7\u00e3o","datePublished":"2025-04-01T08:26:53+00:00","dateModified":"2025-04-01T08:26:54+00:00","mainEntityOfPage":{"@id":"https:\/\/www.rimontgowineries.com\/blog\/pt\/os-sentidos-do-vinho-introducao\/"},"wordCount":338,"commentCount":0,"publisher":{"@id":"https:\/\/www.rimontgowineries.com\/blog\/#organization"},"articleSection":["Mundo do vinho"],"inLanguage":"es","potentialAction":[{"@type":"CommentAction","name":"Comment","target":["https:\/\/www.rimontgowineries.com\/blog\/pt\/os-sentidos-do-vinho-introducao\/#respond"]}]},{"@type":"WebPage","@id":"https:\/\/www.rimontgowineries.com\/blog\/pt\/os-sentidos-do-vinho-introducao\/","url":"https:\/\/www.rimontgowineries.com\/blog\/pt\/os-sentidos-do-vinho-introducao\/","name":"Introdu\u00e7\u00e3o \u00e0 experi\u00eancia sensorial | Rimontg\u00f3 Wineries","isPartOf":{"@id":"https:\/\/www.rimontgowineries.com\/blog\/#website"},"datePublished":"2025-04-01T08:26:53+00:00","dateModified":"2025-04-01T08:26:54+00:00","description":"O vinho desperta a vis\u00e3o, o olfato e o paladar, tornando-o numa experi\u00eancia sensorial completa.","breadcrumb":{"@id":"https:\/\/www.rimontgowineries.com\/blog\/pt\/os-sentidos-do-vinho-introducao\/#breadcrumb"},"inLanguage":"es","potentialAction":[{"@type":"ReadAction","target":["https:\/\/www.rimontgowineries.com\/blog\/pt\/os-sentidos-do-vinho-introducao\/"]}]},{"@type":"BreadcrumbList","@id":"https:\/\/www.rimontgowineries.com\/blog\/pt\/os-sentidos-do-vinho-introducao\/#breadcrumb","itemListElement":[{"@type":"ListItem","position":1,"name":"Home","item":"https:\/\/www.rimontgowineries.com\/blog\/es\/"},{"@type":"ListItem","position":2,"name":"Os sentidos do vinho: Introdu\u00e7\u00e3o"}]},{"@type":"WebSite","@id":"https:\/\/www.rimontgowineries.com\/blog\/#website","url":"https:\/\/www.rimontgowineries.com\/blog\/","name":"Rimontgo Wineries","description":"Rimontgo Wineries","publisher":{"@id":"https:\/\/www.rimontgowineries.com\/blog\/#organization"},"potentialAction":[{"@type":"SearchAction","target":{"@type":"EntryPoint","urlTemplate":"https:\/\/www.rimontgowineries.com\/blog\/?s={search_term_string}"},"query-input":"required name=search_term_string"}],"inLanguage":"es"},{"@type":"Organization","@id":"https:\/\/www.rimontgowineries.com\/blog\/#organization","name":"Rimontgo Wineries","url":"https:\/\/www.rimontgowineries.com\/blog\/","logo":{"@type":"ImageObject","inLanguage":"es","@id":"https:\/\/www.rimontgowineries.com\/blog\/#\/schema\/logo\/image\/","url":"https:\/\/www.rimontgowineries.com\/blog\/wp-content\/uploads\/2020\/03\/logo_bodegas_wineries_EN.svg","contentUrl":"https:\/\/www.rimontgowineries.com\/blog\/wp-content\/uploads\/2020\/03\/logo_bodegas_wineries_EN.svg","width":134,"height":34,"caption":"Rimontgo Wineries"},"image":{"@id":"https:\/\/www.rimontgowineries.com\/blog\/#\/schema\/logo\/image\/"}},{"@type":"Person","@id":"https:\/\/www.rimontgowineries.com\/blog\/#\/schema\/person\/9dc43a22f8b4b5cca821369523f3c455","name":"Juan Luis Vanrell","image":{"@type":"ImageObject","inLanguage":"es","@id":"https:\/\/www.rimontgowineries.com\/blog\/#\/schema\/person\/image\/","url":"https:\/\/secure.gravatar.com\/avatar\/ffaf84a9253780c50f123fc18a9c2266?s=96&d=mm&r=g","contentUrl":"https:\/\/secure.gravatar.com\/avatar\/ffaf84a9253780c50f123fc18a9c2266?s=96&d=mm&r=g","caption":"Juan Luis Vanrell"},"url":"https:\/\/www.rimontgowineries.com\/blog\/author\/juanluis\/"}]}},"_links":{"self":[{"href":"https:\/\/www.rimontgowineries.com\/blog\/wp-json\/wp\/v2\/posts\/23027"}],"collection":[{"href":"https:\/\/www.rimontgowineries.com\/blog\/wp-json\/wp\/v2\/posts"}],"about":[{"href":"https:\/\/www.rimontgowineries.com\/blog\/wp-json\/wp\/v2\/types\/post"}],"author":[{"embeddable":true,"href":"https:\/\/www.rimontgowineries.com\/blog\/wp-json\/wp\/v2\/users\/2"}],"replies":[{"embeddable":true,"href":"https:\/\/www.rimontgowineries.com\/blog\/wp-json\/wp\/v2\/comments?post=23027"}],"version-history":[{"count":1,"href":"https:\/\/www.rimontgowineries.com\/blog\/wp-json\/wp\/v2\/posts\/23027\/revisions"}],"predecessor-version":[{"id":23028,"href":"https:\/\/www.rimontgowineries.com\/blog\/wp-json\/wp\/v2\/posts\/23027\/revisions\/23028"}],"wp:featuredmedia":[{"embeddable":true,"href":"https:\/\/www.rimontgowineries.com\/blog\/wp-json\/wp\/v2\/media\/23018"}],"wp:attachment":[{"href":"https:\/\/www.rimontgowineries.com\/blog\/wp-json\/wp\/v2\/media?parent=23027"}],"wp:term":[{"taxonomy":"category","embeddable":true,"href":"https:\/\/www.rimontgowineries.com\/blog\/wp-json\/wp\/v2\/categories?post=23027"},{"taxonomy":"post_tag","embeddable":true,"href":"https:\/\/www.rimontgowineries.com\/blog\/wp-json\/wp\/v2\/tags?post=23027"}],"curies":[{"name":"wp","href":"https:\/\/api.w.org\/{rel}","templated":true}]}}