{"id":23041,"date":"2025-04-07T10:29:29","date_gmt":"2025-04-07T08:29:29","guid":{"rendered":"https:\/\/www.rimontgowineries.com\/blog\/?p=23041"},"modified":"2025-04-07T10:29:30","modified_gmt":"2025-04-07T08:29:30","slug":"the-17th-vila-viniteca-tasting-award-in-pairs","status":"publish","type":"post","link":"https:\/\/www.rimontgowineries.com\/blog\/the-17th-vila-viniteca-tasting-award-in-pairs\/","title":{"rendered":"The 17th Vila Viniteca tasting award in pairs"},"content":{"rendered":"\n<p>Once again this year I was able to participate in the Premio Vila Viniteca de Cata por Parejas with my friend Daniel Monsonis. Like last year, we were fortunate to enter at the last minute, as we did not get a place during the registration phase, although this time we did not qualify for the final phase. The experience is always unforgettable. A magnificent staging that brings together the best national and international tasters, not in vain the winning couple was French and the second-placed Belgian.<\/p>\n\n\n\n<p>In this edition, the qualifying phase was very particular. In my opinion, four wines made the difference. The Grange des P\u00e8res 2018, Languedoc-Roussillon, and the Bu\u00e7aco Branco M\u00edstico 2017, Portugal, were almost impossible wines, while the PX was hard to fault, at least the variety and the zone. The key was the matching of the three sparkling wines (France, Spain and Italy) and Peter Sisseck&#8217;s tempranillo (PSI). With the sparkling wines we evaluated the option of the three countries, however, we also saw the possibility of Champagne-Corpinat-Cava, deciding on the latter since the wood and volume of the Franciacorta led us to Catalonia rather than Italy. On the other hand, with the Tempranillo we went for a modern Rioja, as we never saw the typicality of Ribera del Duero.<\/p>\n\n\n\n<p>These were the seven wines from the qualifying round: <\/p>\n\n\n\n<p><strong>&#8211; PSI 2021, Ribera del Duero<br>&#8211; La Grange des P\u00e8res 2018, Languedoc -Roussillon<br>&#8211; Bu\u00e7aco Branco M\u00edstico 2017, Portugal<br>&#8211; Jacquesson La Cuv\u00e9e 742 D\u00e9gorgement Tardif, Champagne<br>&#8211; L\u2019O de L\u2019Origan Brut Nature Edici\u00f3n 13, Cava<br>&#8211; Ca\u2019 Del Bosco Annamaria Clementi 2014, Franciacorta<br>&#8211; Alvear Pedro Xim\u00e9nez 1927, Montilla-Morales<\/strong><\/p>\n\n\n\n<p>We would have liked to have been able to participate in the finals, not only for being able to compete in the finals, but also for playing their seven wines. A priori, from the sidelines, we found the wines very enjoyable and playable, especially the Cabernet Sauvignon game, from France, New Zealand and Italy.<\/p>\n\n\n\n<p>The wines tasted in the Grand Final were:<\/p>\n\n\n\n<p><strong>&#8211; Agrapart &amp; Fils Terroirs Blanc de Blancs Extra Brut, Champagne<br>&#8211; Sandhi Romance Chardonnay 2022, California<br>&#8211; Pazo Barrantes Gran Vino Albari\u00f1o 2021, R\u00edas Baixas<br>&#8211; Paternina Gran Reserva 1962, Rioja<br>&#8211; Te Mata Coleraine 2021, New Zealand<br>&#8211; Ch\u00e2teau Latour Les Forts de Latour 2018, Bordeaux<br>&#8211; Marchesi Antinori Solaia 2020, Toscana<\/strong><\/p>\n\n\n\n<p>From here our congratulations to the winners of the 17th Vila Viniteca Tasting Award for Couples. Winning among 135 couples is a great success:<\/p>\n\n\n\n<p>1st Prize:<strong>\u00a0Maxime France y Pierre Citerne\u00a0<\/strong><br>2nd Prize:<strong>\u00a0Peter Arijs y Stijn Verleyen<\/strong><br>3rd Prize:<strong>\u00a0Alberto Bot\u00eda Gonz\u00e1lez y Eduardo Dequidt Herrero<\/strong><\/p>\n\n\n\n<p>Next year we will try again, although we hope to get a direct place to participate in the competition. In any case, we will continue training to be able to discover wines only with our senses, now, for the Spanish Championship!<\/p>\n","protected":false},"excerpt":{"rendered":"<p>Once again this year, Juan Luis Vanrell participated with Daniel Monsonis in the renowned Premio Vila Viniteca de Cata por Parejas. Although they did not manage to qualify for the final, the day left great sensations, wine challenges and a high-level atmosphere. Difficult wines, brave bets and a final phase with prestigious labels marked this edition, which ended with the victory of a French couple. A unique experience for wine and tasting lovers.<\/p>\n","protected":false},"author":2,"featured_media":23035,"comment_status":"open","ping_status":"open","sticky":false,"template":"","format":"standard","meta":{"_mi_skip_tracking":false,"_monsterinsights_sitenote_active":false,"_monsterinsights_sitenote_note":"","_monsterinsights_sitenote_category":0,"footnotes":""},"categories":[3043],"tags":[],"yoast_head":"<!-- This site is optimized with the Yoast SEO plugin v21.5 - https:\/\/yoast.com\/wordpress\/plugins\/seo\/ -->\n<title>The 17th Vila Viniteca tasting award in pairs - Rimontgo Wineries<\/title>\n<meta name=\"robots\" content=\"index, follow, max-snippet:-1, max-image-preview:large, max-video-preview:-1\" \/>\n<link rel=\"canonical\" href=\"https:\/\/www.rimontgowineries.com\/blog\/the-17th-vila-viniteca-tasting-award-in-pairs\/\" \/>\n<meta property=\"og:locale\" content=\"es_ES\" \/>\n<meta property=\"og:type\" content=\"article\" \/>\n<meta property=\"og:title\" content=\"The 17th Vila Viniteca tasting award in pairs - Rimontgo Wineries\" \/>\n<meta property=\"og:description\" content=\"Once again this year, Juan Luis Vanrell participated with Daniel Monsonis in the renowned Premio Vila Viniteca de Cata por Parejas. Although they did not manage to qualify for the final, the day left great sensations, wine challenges and a high-level atmosphere. Difficult wines, brave bets and a final phase with prestigious labels marked this edition, which ended with the victory of a French couple. A unique experience for wine and tasting lovers.\" \/>\n<meta property=\"og:url\" content=\"https:\/\/www.rimontgowineries.com\/blog\/the-17th-vila-viniteca-tasting-award-in-pairs\/\" \/>\n<meta property=\"og:site_name\" content=\"Rimontgo Wineries\" \/>\n<meta property=\"article:published_time\" content=\"2025-04-07T08:29:29+00:00\" \/>\n<meta property=\"article:modified_time\" content=\"2025-04-07T08:29:30+00:00\" \/>\n<meta property=\"og:image\" content=\"https:\/\/www.rimontgowineries.com\/blog\/wp-content\/uploads\/2025\/04\/17-vila-viniteca.jpg\" \/>\n\t<meta property=\"og:image:width\" content=\"799\" \/>\n\t<meta property=\"og:image:height\" content=\"533\" \/>\n\t<meta property=\"og:image:type\" content=\"image\/jpeg\" \/>\n<meta name=\"author\" content=\"Juan Luis Vanrell\" \/>\n<meta name=\"twitter:card\" content=\"summary_large_image\" \/>\n<meta name=\"twitter:label1\" content=\"Written by\" \/>\n\t<meta name=\"twitter:data1\" content=\"Juan Luis Vanrell\" \/>\n\t<meta name=\"twitter:label2\" content=\"Est. reading time\" \/>\n\t<meta name=\"twitter:data2\" content=\"3 minutos\" \/>\n<script type=\"application\/ld+json\" class=\"yoast-schema-graph\">{\"@context\":\"https:\/\/schema.org\",\"@graph\":[{\"@type\":\"Article\",\"@id\":\"https:\/\/www.rimontgowineries.com\/blog\/the-17th-vila-viniteca-tasting-award-in-pairs\/#article\",\"isPartOf\":{\"@id\":\"https:\/\/www.rimontgowineries.com\/blog\/the-17th-vila-viniteca-tasting-award-in-pairs\/\"},\"author\":{\"name\":\"Juan Luis Vanrell\",\"@id\":\"https:\/\/www.rimontgowineries.com\/blog\/#\/schema\/person\/9dc43a22f8b4b5cca821369523f3c455\"},\"headline\":\"The 17th Vila Viniteca tasting award in pairs\",\"datePublished\":\"2025-04-07T08:29:29+00:00\",\"dateModified\":\"2025-04-07T08:29:30+00:00\",\"mainEntityOfPage\":{\"@id\":\"https:\/\/www.rimontgowineries.com\/blog\/the-17th-vila-viniteca-tasting-award-in-pairs\/\"},\"wordCount\":476,\"commentCount\":0,\"publisher\":{\"@id\":\"https:\/\/www.rimontgowineries.com\/blog\/#organization\"},\"articleSection\":[\"Festivals and events\"],\"inLanguage\":\"es\",\"potentialAction\":[{\"@type\":\"CommentAction\",\"name\":\"Comment\",\"target\":[\"https:\/\/www.rimontgowineries.com\/blog\/the-17th-vila-viniteca-tasting-award-in-pairs\/#respond\"]}]},{\"@type\":\"WebPage\",\"@id\":\"https:\/\/www.rimontgowineries.com\/blog\/the-17th-vila-viniteca-tasting-award-in-pairs\/\",\"url\":\"https:\/\/www.rimontgowineries.com\/blog\/the-17th-vila-viniteca-tasting-award-in-pairs\/\",\"name\":\"The 17th Vila Viniteca tasting award in pairs - Rimontgo Wineries\",\"isPartOf\":{\"@id\":\"https:\/\/www.rimontgowineries.com\/blog\/#website\"},\"datePublished\":\"2025-04-07T08:29:29+00:00\",\"dateModified\":\"2025-04-07T08:29:30+00:00\",\"breadcrumb\":{\"@id\":\"https:\/\/www.rimontgowineries.com\/blog\/the-17th-vila-viniteca-tasting-award-in-pairs\/#breadcrumb\"},\"inLanguage\":\"es\",\"potentialAction\":[{\"@type\":\"ReadAction\",\"target\":[\"https:\/\/www.rimontgowineries.com\/blog\/the-17th-vila-viniteca-tasting-award-in-pairs\/\"]}]},{\"@type\":\"BreadcrumbList\",\"@id\":\"https:\/\/www.rimontgowineries.com\/blog\/the-17th-vila-viniteca-tasting-award-in-pairs\/#breadcrumb\",\"itemListElement\":[{\"@type\":\"ListItem\",\"position\":1,\"name\":\"Home\",\"item\":\"https:\/\/www.rimontgowineries.com\/blog\/es\/\"},{\"@type\":\"ListItem\",\"position\":2,\"name\":\"The 17th Vila Viniteca tasting award in pairs\"}]},{\"@type\":\"WebSite\",\"@id\":\"https:\/\/www.rimontgowineries.com\/blog\/#website\",\"url\":\"https:\/\/www.rimontgowineries.com\/blog\/\",\"name\":\"Rimontgo Wineries\",\"description\":\"Rimontgo Wineries\",\"publisher\":{\"@id\":\"https:\/\/www.rimontgowineries.com\/blog\/#organization\"},\"potentialAction\":[{\"@type\":\"SearchAction\",\"target\":{\"@type\":\"EntryPoint\",\"urlTemplate\":\"https:\/\/www.rimontgowineries.com\/blog\/?s={search_term_string}\"},\"query-input\":\"required name=search_term_string\"}],\"inLanguage\":\"es\"},{\"@type\":\"Organization\",\"@id\":\"https:\/\/www.rimontgowineries.com\/blog\/#organization\",\"name\":\"Rimontgo Wineries\",\"url\":\"https:\/\/www.rimontgowineries.com\/blog\/\",\"logo\":{\"@type\":\"ImageObject\",\"inLanguage\":\"es\",\"@id\":\"https:\/\/www.rimontgowineries.com\/blog\/#\/schema\/logo\/image\/\",\"url\":\"https:\/\/www.rimontgowineries.com\/blog\/wp-content\/uploads\/2020\/03\/logo_bodegas_wineries_EN.svg\",\"contentUrl\":\"https:\/\/www.rimontgowineries.com\/blog\/wp-content\/uploads\/2020\/03\/logo_bodegas_wineries_EN.svg\",\"width\":134,\"height\":34,\"caption\":\"Rimontgo Wineries\"},\"image\":{\"@id\":\"https:\/\/www.rimontgowineries.com\/blog\/#\/schema\/logo\/image\/\"}},{\"@type\":\"Person\",\"@id\":\"https:\/\/www.rimontgowineries.com\/blog\/#\/schema\/person\/9dc43a22f8b4b5cca821369523f3c455\",\"name\":\"Juan Luis Vanrell\",\"image\":{\"@type\":\"ImageObject\",\"inLanguage\":\"es\",\"@id\":\"https:\/\/www.rimontgowineries.com\/blog\/#\/schema\/person\/image\/\",\"url\":\"https:\/\/secure.gravatar.com\/avatar\/ffaf84a9253780c50f123fc18a9c2266?s=96&d=mm&r=g\",\"contentUrl\":\"https:\/\/secure.gravatar.com\/avatar\/ffaf84a9253780c50f123fc18a9c2266?s=96&d=mm&r=g\",\"caption\":\"Juan Luis Vanrell\"},\"url\":\"https:\/\/www.rimontgowineries.com\/blog\/author\/juanluis\/\"}]}<\/script>\n<!-- \/ Yoast SEO plugin. -->","yoast_head_json":{"title":"The 17th Vila Viniteca tasting award in pairs - Rimontgo Wineries","robots":{"index":"index","follow":"follow","max-snippet":"max-snippet:-1","max-image-preview":"max-image-preview:large","max-video-preview":"max-video-preview:-1"},"canonical":"https:\/\/www.rimontgowineries.com\/blog\/the-17th-vila-viniteca-tasting-award-in-pairs\/","og_locale":"es_ES","og_type":"article","og_title":"The 17th Vila Viniteca tasting award in pairs - Rimontgo Wineries","og_description":"Once again this year, Juan Luis Vanrell participated with Daniel Monsonis in the renowned Premio Vila Viniteca de Cata por Parejas. Although they did not manage to qualify for the final, the day left great sensations, wine challenges and a high-level atmosphere. Difficult wines, brave bets and a final phase with prestigious labels marked this edition, which ended with the victory of a French couple. A unique experience for wine and tasting lovers.","og_url":"https:\/\/www.rimontgowineries.com\/blog\/the-17th-vila-viniteca-tasting-award-in-pairs\/","og_site_name":"Rimontgo Wineries","article_published_time":"2025-04-07T08:29:29+00:00","article_modified_time":"2025-04-07T08:29:30+00:00","og_image":[{"width":799,"height":533,"url":"https:\/\/www.rimontgowineries.com\/blog\/wp-content\/uploads\/2025\/04\/17-vila-viniteca.jpg","type":"image\/jpeg"}],"author":"Juan Luis Vanrell","twitter_card":"summary_large_image","twitter_misc":{"Written by":"Juan Luis Vanrell","Est. reading time":"3 minutos"},"schema":{"@context":"https:\/\/schema.org","@graph":[{"@type":"Article","@id":"https:\/\/www.rimontgowineries.com\/blog\/the-17th-vila-viniteca-tasting-award-in-pairs\/#article","isPartOf":{"@id":"https:\/\/www.rimontgowineries.com\/blog\/the-17th-vila-viniteca-tasting-award-in-pairs\/"},"author":{"name":"Juan Luis Vanrell","@id":"https:\/\/www.rimontgowineries.com\/blog\/#\/schema\/person\/9dc43a22f8b4b5cca821369523f3c455"},"headline":"The 17th Vila Viniteca tasting award in pairs","datePublished":"2025-04-07T08:29:29+00:00","dateModified":"2025-04-07T08:29:30+00:00","mainEntityOfPage":{"@id":"https:\/\/www.rimontgowineries.com\/blog\/the-17th-vila-viniteca-tasting-award-in-pairs\/"},"wordCount":476,"commentCount":0,"publisher":{"@id":"https:\/\/www.rimontgowineries.com\/blog\/#organization"},"articleSection":["Festivals and events"],"inLanguage":"es","potentialAction":[{"@type":"CommentAction","name":"Comment","target":["https:\/\/www.rimontgowineries.com\/blog\/the-17th-vila-viniteca-tasting-award-in-pairs\/#respond"]}]},{"@type":"WebPage","@id":"https:\/\/www.rimontgowineries.com\/blog\/the-17th-vila-viniteca-tasting-award-in-pairs\/","url":"https:\/\/www.rimontgowineries.com\/blog\/the-17th-vila-viniteca-tasting-award-in-pairs\/","name":"The 17th Vila Viniteca tasting award in pairs - Rimontgo Wineries","isPartOf":{"@id":"https:\/\/www.rimontgowineries.com\/blog\/#website"},"datePublished":"2025-04-07T08:29:29+00:00","dateModified":"2025-04-07T08:29:30+00:00","breadcrumb":{"@id":"https:\/\/www.rimontgowineries.com\/blog\/the-17th-vila-viniteca-tasting-award-in-pairs\/#breadcrumb"},"inLanguage":"es","potentialAction":[{"@type":"ReadAction","target":["https:\/\/www.rimontgowineries.com\/blog\/the-17th-vila-viniteca-tasting-award-in-pairs\/"]}]},{"@type":"BreadcrumbList","@id":"https:\/\/www.rimontgowineries.com\/blog\/the-17th-vila-viniteca-tasting-award-in-pairs\/#breadcrumb","itemListElement":[{"@type":"ListItem","position":1,"name":"Home","item":"https:\/\/www.rimontgowineries.com\/blog\/es\/"},{"@type":"ListItem","position":2,"name":"The 17th Vila Viniteca tasting award in pairs"}]},{"@type":"WebSite","@id":"https:\/\/www.rimontgowineries.com\/blog\/#website","url":"https:\/\/www.rimontgowineries.com\/blog\/","name":"Rimontgo Wineries","description":"Rimontgo Wineries","publisher":{"@id":"https:\/\/www.rimontgowineries.com\/blog\/#organization"},"potentialAction":[{"@type":"SearchAction","target":{"@type":"EntryPoint","urlTemplate":"https:\/\/www.rimontgowineries.com\/blog\/?s={search_term_string}"},"query-input":"required name=search_term_string"}],"inLanguage":"es"},{"@type":"Organization","@id":"https:\/\/www.rimontgowineries.com\/blog\/#organization","name":"Rimontgo Wineries","url":"https:\/\/www.rimontgowineries.com\/blog\/","logo":{"@type":"ImageObject","inLanguage":"es","@id":"https:\/\/www.rimontgowineries.com\/blog\/#\/schema\/logo\/image\/","url":"https:\/\/www.rimontgowineries.com\/blog\/wp-content\/uploads\/2020\/03\/logo_bodegas_wineries_EN.svg","contentUrl":"https:\/\/www.rimontgowineries.com\/blog\/wp-content\/uploads\/2020\/03\/logo_bodegas_wineries_EN.svg","width":134,"height":34,"caption":"Rimontgo Wineries"},"image":{"@id":"https:\/\/www.rimontgowineries.com\/blog\/#\/schema\/logo\/image\/"}},{"@type":"Person","@id":"https:\/\/www.rimontgowineries.com\/blog\/#\/schema\/person\/9dc43a22f8b4b5cca821369523f3c455","name":"Juan Luis Vanrell","image":{"@type":"ImageObject","inLanguage":"es","@id":"https:\/\/www.rimontgowineries.com\/blog\/#\/schema\/person\/image\/","url":"https:\/\/secure.gravatar.com\/avatar\/ffaf84a9253780c50f123fc18a9c2266?s=96&d=mm&r=g","contentUrl":"https:\/\/secure.gravatar.com\/avatar\/ffaf84a9253780c50f123fc18a9c2266?s=96&d=mm&r=g","caption":"Juan Luis Vanrell"},"url":"https:\/\/www.rimontgowineries.com\/blog\/author\/juanluis\/"}]}},"_links":{"self":[{"href":"https:\/\/www.rimontgowineries.com\/blog\/wp-json\/wp\/v2\/posts\/23041"}],"collection":[{"href":"https:\/\/www.rimontgowineries.com\/blog\/wp-json\/wp\/v2\/posts"}],"about":[{"href":"https:\/\/www.rimontgowineries.com\/blog\/wp-json\/wp\/v2\/types\/post"}],"author":[{"embeddable":true,"href":"https:\/\/www.rimontgowineries.com\/blog\/wp-json\/wp\/v2\/users\/2"}],"replies":[{"embeddable":true,"href":"https:\/\/www.rimontgowineries.com\/blog\/wp-json\/wp\/v2\/comments?post=23041"}],"version-history":[{"count":1,"href":"https:\/\/www.rimontgowineries.com\/blog\/wp-json\/wp\/v2\/posts\/23041\/revisions"}],"predecessor-version":[{"id":23043,"href":"https:\/\/www.rimontgowineries.com\/blog\/wp-json\/wp\/v2\/posts\/23041\/revisions\/23043"}],"wp:featuredmedia":[{"embeddable":true,"href":"https:\/\/www.rimontgowineries.com\/blog\/wp-json\/wp\/v2\/media\/23035"}],"wp:attachment":[{"href":"https:\/\/www.rimontgowineries.com\/blog\/wp-json\/wp\/v2\/media?parent=23041"}],"wp:term":[{"taxonomy":"category","embeddable":true,"href":"https:\/\/www.rimontgowineries.com\/blog\/wp-json\/wp\/v2\/categories?post=23041"},{"taxonomy":"post_tag","embeddable":true,"href":"https:\/\/www.rimontgowineries.com\/blog\/wp-json\/wp\/v2\/tags?post=23041"}],"curies":[{"name":"wp","href":"https:\/\/api.w.org\/{rel}","templated":true}]}}