{"id":23044,"date":"2025-04-07T10:44:17","date_gmt":"2025-04-07T08:44:17","guid":{"rendered":"https:\/\/www.rimontgowineries.com\/blog\/?p=23044"},"modified":"2025-04-07T10:44:18","modified_gmt":"2025-04-07T08:44:18","slug":"der-17-preis-der-vila-viniteca-fur-verkostungen-zu-zweit","status":"publish","type":"post","link":"https:\/\/www.rimontgowineries.com\/blog\/de\/der-17-preis-der-vila-viniteca-fur-verkostungen-zu-zweit\/","title":{"rendered":"Der 17. Preis der Vila Viniteca f\u00fcr Verkostungen zu zweit"},"content":{"rendered":"\n<p>Auch in diesem Jahr konnte ich mit meinem Freund Daniel Monsonis am Premio Vila Viniteca de Cata por Parejas teilnehmen. Wie im letzten Jahr hatten wir das Gl\u00fcck, uns in letzter Minute anzumelden, da wir in der Anmeldephase keinen Platz mehr bekommen hatten, obwohl wir uns diesmal nicht f\u00fcr die Endrunde qualifiziert hatten. Es ist immer ein unvergessliches Erlebnis. Eine gro\u00dfartige Veranstaltung, die die besten nationalen und internationalen Verkoster zusammenbringt, nicht umsonst war das Siegerpaar ein franz\u00f6sisches und das zweitplatzierte ein belgisches.<\/p>\n\n\n\n<p>Bei dieser Ausgabe war die Qualifikationsphase sehr speziell. Meiner Meinung nach haben vier Weine den Unterschied gemacht. Der Grange des P\u00e8res 2018, Languedoc-Roussillon, und der Bu\u00e7aco Branco M\u00edstico 2017, Portugal, waren fast unm\u00f6gliche Weine, w\u00e4hrend am PX kaum etwas auszusetzen war, zumindest was die Sorte und das Gebiet angeht. Das Entscheidende war die Abstimmung der drei Schaumweine (Frankreich, Spanien und Italien) und des Tempranillo von Peter Sisseck (PSI). Bei den Schaumweinen haben wir die Option der drei L\u00e4nder in Betracht gezogen, aber auch die M\u00f6glichkeit von Champagner-Corpinat-Cava, wobei wir uns f\u00fcr letzteren entschieden haben, da uns das Holz und das Volumen des Franciacorta eher nach Katalonien als nach Italien gef\u00fchrt haben. Beim Tempranillo hingegen haben wir uns f\u00fcr einen modernen Rioja entschieden, da wir die Typizit\u00e4t des Ribera del Duero nicht erkannt haben.<\/p>\n\n\n\n<p>Dies waren die sieben Weine der Qualifikationsphase:<\/p>\n\n\n\n<p><strong>\u2013 PSI 2021, Ribera del Duero<br>\u2013 La Grange des P\u00e8res 2018, Languedoc -Roussillon<br>\u2013 Bu\u00e7aco Branco M\u00edstico 2017, Portugal<br>\u2013 Jacquesson La Cuv\u00e9e 742 D\u00e9gorgement Tardif, Champagne<br>\u2013 L\u2019O de L\u2019Origan Brut Nature Edici\u00f3n 13, Cava<br>\u2013 Ca\u2019 Del Bosco Annamaria Clementi 2014, Franciacorta<br>\u2013 Alvear Pedro Xim\u00e9nez 1927, Montilla-Morales<\/strong><\/p>\n\n\n\n<p>Wir h\u00e4tten gerne an der Endrunde teilgenommen, nicht nur um das Finale spielen zu k\u00f6nnen, sondern auch um ihre sieben Weine zu spielen. Von vornherein fanden wir die Weine sehr angenehm und spielbar, insbesondere den Cabernet Sauvignon aus Frankreich, Neuseeland und Italien.<\/p>\n\n\n\n<p>Die im gro\u00dfen Finale verkosteten Weine waren:<\/p>\n\n\n\n<p><strong>\u2013 Agrapart &amp; Fils Terroirs Blanc de Blancs Extra Brut, Champagne<br>\u2013 Sandhi Romance Chardonnay 2022, California<br>\u2013 Pazo Barrantes Gran Vino Albari\u00f1o 2021, R\u00edas Baixas<br>\u2013 Paternina Gran Reserva 1962, Rioja<br>\u2013 Te Mata Coleraine 2021, New Zealand<br>\u2013 Ch\u00e2teau Latour Les Forts de Latour 2018, Bordeaux<br>\u2013 Marchesi Antinori Solaia 2020, Toscana<\/strong><\/p>\n\n\n\n<p>Wir gratulieren den Gewinnern des 17. Vila Viniteca Wine Tasting Award f\u00fcr Paare. Unter 135 Paaren zu gewinnen ist ein gro\u00dfer Erfolg:<\/p>\n\n\n\n<ol>\n<li>Preis:<strong>\u00a0Maxime France y Pierre Citerne\u00a0<\/strong><\/li>\n\n\n\n<li>Preis:<strong>\u00a0Peter Arijs y Stijn Verleyen<\/strong><\/li>\n\n\n\n<li>Preis:<strong>\u00a0Alberto Bot\u00eda Gonz\u00e1lez y Eduardo Dequidt Herrero<\/strong><\/li>\n<\/ol>\n\n\n\n<p>N\u00e4chstes Jahr werden wir es wieder versuchen, obwohl wir hoffen, einen direkten Platz f\u00fcr die Teilnahme zu bekommen. Auf jeden Fall werden wir weiter trainieren, um die Weine nur mit unseren Sinnen entdecken zu k\u00f6nnen, und jetzt auf zur spanischen Meisterschaft!<\/p>\n","protected":false},"excerpt":{"rendered":"<p>Auch in diesem Jahr nahmen Juan Luis Vanrell und Daniel Monsonis wieder am renommierten Vila Viniteca Wine Tasting Award f\u00fcr Paare teil. Obwohl sie sich nicht f\u00fcr das Finale qualifizieren konnten, hinterlie\u00df der Tag gro\u00dfe Eindr\u00fccke, weinselige Herausforderungen und eine Atmosph\u00e4re auf hohem Niveau. Schwierige Weine, mutige Wetten und eine Endphase mit renommierten Etiketten kennzeichneten diese Ausgabe, die mit dem Sieg eines franz\u00f6sischen Paares endete. Ein einzigartiges Erlebnis f\u00fcr Wein- und Verkostungsliebhaber.<\/p>\n","protected":false},"author":2,"featured_media":23036,"comment_status":"open","ping_status":"open","sticky":false,"template":"","format":"standard","meta":{"_mi_skip_tracking":false,"_monsterinsights_sitenote_active":false,"_monsterinsights_sitenote_note":"","_monsterinsights_sitenote_category":0,"footnotes":""},"categories":[3045],"tags":[],"yoast_head":"<!-- This site is optimized with the Yoast SEO plugin v21.5 - https:\/\/yoast.com\/wordpress\/plugins\/seo\/ -->\n<title>Der 17. Preis der Vila Viniteca f\u00fcr Verkostungen zu zweit - Rimontgo Wineries<\/title>\n<meta name=\"robots\" content=\"index, follow, max-snippet:-1, max-image-preview:large, max-video-preview:-1\" \/>\n<link rel=\"canonical\" href=\"https:\/\/www.rimontgowineries.com\/blog\/de\/der-17-preis-der-vila-viniteca-fur-verkostungen-zu-zweit\/\" \/>\n<meta property=\"og:locale\" content=\"es_ES\" \/>\n<meta property=\"og:type\" content=\"article\" \/>\n<meta property=\"og:title\" content=\"Der 17. Preis der Vila Viniteca f\u00fcr Verkostungen zu zweit - Rimontgo Wineries\" \/>\n<meta property=\"og:description\" content=\"Auch in diesem Jahr nahmen Juan Luis Vanrell und Daniel Monsonis wieder am renommierten Vila Viniteca Wine Tasting Award f\u00fcr Paare teil. Obwohl sie sich nicht f\u00fcr das Finale qualifizieren konnten, hinterlie\u00df der Tag gro\u00dfe Eindr\u00fccke, weinselige Herausforderungen und eine Atmosph\u00e4re auf hohem Niveau. Schwierige Weine, mutige Wetten und eine Endphase mit renommierten Etiketten kennzeichneten diese Ausgabe, die mit dem Sieg eines franz\u00f6sischen Paares endete. Ein einzigartiges Erlebnis f\u00fcr Wein- und Verkostungsliebhaber.\" \/>\n<meta property=\"og:url\" content=\"https:\/\/www.rimontgowineries.com\/blog\/de\/der-17-preis-der-vila-viniteca-fur-verkostungen-zu-zweit\/\" \/>\n<meta property=\"og:site_name\" content=\"Rimontgo Wineries\" \/>\n<meta property=\"article:published_time\" content=\"2025-04-07T08:44:17+00:00\" \/>\n<meta property=\"article:modified_time\" content=\"2025-04-07T08:44:18+00:00\" \/>\n<meta property=\"og:image\" content=\"https:\/\/www.rimontgowineries.com\/blog\/wp-content\/uploads\/2025\/04\/17-vila-viniteca.jpg\" \/>\n\t<meta property=\"og:image:width\" content=\"799\" \/>\n\t<meta property=\"og:image:height\" content=\"533\" \/>\n\t<meta property=\"og:image:type\" content=\"image\/jpeg\" \/>\n<meta name=\"author\" content=\"Juan Luis Vanrell\" \/>\n<meta name=\"twitter:card\" content=\"summary_large_image\" \/>\n<meta name=\"twitter:label1\" content=\"Written by\" \/>\n\t<meta name=\"twitter:data1\" content=\"Juan Luis Vanrell\" \/>\n\t<meta name=\"twitter:label2\" content=\"Est. reading time\" \/>\n\t<meta name=\"twitter:data2\" content=\"3 minutos\" \/>\n<script type=\"application\/ld+json\" class=\"yoast-schema-graph\">{\"@context\":\"https:\/\/schema.org\",\"@graph\":[{\"@type\":\"Article\",\"@id\":\"https:\/\/www.rimontgowineries.com\/blog\/de\/der-17-preis-der-vila-viniteca-fur-verkostungen-zu-zweit\/#article\",\"isPartOf\":{\"@id\":\"https:\/\/www.rimontgowineries.com\/blog\/de\/der-17-preis-der-vila-viniteca-fur-verkostungen-zu-zweit\/\"},\"author\":{\"name\":\"Juan Luis Vanrell\",\"@id\":\"https:\/\/www.rimontgowineries.com\/blog\/#\/schema\/person\/9dc43a22f8b4b5cca821369523f3c455\"},\"headline\":\"Der 17. Preis der Vila Viniteca f\u00fcr Verkostungen zu zweit\",\"datePublished\":\"2025-04-07T08:44:17+00:00\",\"dateModified\":\"2025-04-07T08:44:18+00:00\",\"mainEntityOfPage\":{\"@id\":\"https:\/\/www.rimontgowineries.com\/blog\/de\/der-17-preis-der-vila-viniteca-fur-verkostungen-zu-zweit\/\"},\"wordCount\":475,\"commentCount\":0,\"publisher\":{\"@id\":\"https:\/\/www.rimontgowineries.com\/blog\/#organization\"},\"articleSection\":[\"Feste und Veranstaltungen\"],\"inLanguage\":\"es\",\"potentialAction\":[{\"@type\":\"CommentAction\",\"name\":\"Comment\",\"target\":[\"https:\/\/www.rimontgowineries.com\/blog\/de\/der-17-preis-der-vila-viniteca-fur-verkostungen-zu-zweit\/#respond\"]}]},{\"@type\":\"WebPage\",\"@id\":\"https:\/\/www.rimontgowineries.com\/blog\/de\/der-17-preis-der-vila-viniteca-fur-verkostungen-zu-zweit\/\",\"url\":\"https:\/\/www.rimontgowineries.com\/blog\/de\/der-17-preis-der-vila-viniteca-fur-verkostungen-zu-zweit\/\",\"name\":\"Der 17. Preis der Vila Viniteca f\u00fcr Verkostungen zu zweit - Rimontgo Wineries\",\"isPartOf\":{\"@id\":\"https:\/\/www.rimontgowineries.com\/blog\/#website\"},\"datePublished\":\"2025-04-07T08:44:17+00:00\",\"dateModified\":\"2025-04-07T08:44:18+00:00\",\"breadcrumb\":{\"@id\":\"https:\/\/www.rimontgowineries.com\/blog\/de\/der-17-preis-der-vila-viniteca-fur-verkostungen-zu-zweit\/#breadcrumb\"},\"inLanguage\":\"es\",\"potentialAction\":[{\"@type\":\"ReadAction\",\"target\":[\"https:\/\/www.rimontgowineries.com\/blog\/de\/der-17-preis-der-vila-viniteca-fur-verkostungen-zu-zweit\/\"]}]},{\"@type\":\"BreadcrumbList\",\"@id\":\"https:\/\/www.rimontgowineries.com\/blog\/de\/der-17-preis-der-vila-viniteca-fur-verkostungen-zu-zweit\/#breadcrumb\",\"itemListElement\":[{\"@type\":\"ListItem\",\"position\":1,\"name\":\"Home\",\"item\":\"https:\/\/www.rimontgowineries.com\/blog\/es\/\"},{\"@type\":\"ListItem\",\"position\":2,\"name\":\"Der 17. Preis der Vila Viniteca f\u00fcr Verkostungen zu zweit\"}]},{\"@type\":\"WebSite\",\"@id\":\"https:\/\/www.rimontgowineries.com\/blog\/#website\",\"url\":\"https:\/\/www.rimontgowineries.com\/blog\/\",\"name\":\"Rimontgo Wineries\",\"description\":\"Rimontgo Wineries\",\"publisher\":{\"@id\":\"https:\/\/www.rimontgowineries.com\/blog\/#organization\"},\"potentialAction\":[{\"@type\":\"SearchAction\",\"target\":{\"@type\":\"EntryPoint\",\"urlTemplate\":\"https:\/\/www.rimontgowineries.com\/blog\/?s={search_term_string}\"},\"query-input\":\"required name=search_term_string\"}],\"inLanguage\":\"es\"},{\"@type\":\"Organization\",\"@id\":\"https:\/\/www.rimontgowineries.com\/blog\/#organization\",\"name\":\"Rimontgo Wineries\",\"url\":\"https:\/\/www.rimontgowineries.com\/blog\/\",\"logo\":{\"@type\":\"ImageObject\",\"inLanguage\":\"es\",\"@id\":\"https:\/\/www.rimontgowineries.com\/blog\/#\/schema\/logo\/image\/\",\"url\":\"https:\/\/www.rimontgowineries.com\/blog\/wp-content\/uploads\/2020\/03\/logo_bodegas_wineries_EN.svg\",\"contentUrl\":\"https:\/\/www.rimontgowineries.com\/blog\/wp-content\/uploads\/2020\/03\/logo_bodegas_wineries_EN.svg\",\"width\":134,\"height\":34,\"caption\":\"Rimontgo Wineries\"},\"image\":{\"@id\":\"https:\/\/www.rimontgowineries.com\/blog\/#\/schema\/logo\/image\/\"}},{\"@type\":\"Person\",\"@id\":\"https:\/\/www.rimontgowineries.com\/blog\/#\/schema\/person\/9dc43a22f8b4b5cca821369523f3c455\",\"name\":\"Juan Luis Vanrell\",\"image\":{\"@type\":\"ImageObject\",\"inLanguage\":\"es\",\"@id\":\"https:\/\/www.rimontgowineries.com\/blog\/#\/schema\/person\/image\/\",\"url\":\"https:\/\/secure.gravatar.com\/avatar\/ffaf84a9253780c50f123fc18a9c2266?s=96&d=mm&r=g\",\"contentUrl\":\"https:\/\/secure.gravatar.com\/avatar\/ffaf84a9253780c50f123fc18a9c2266?s=96&d=mm&r=g\",\"caption\":\"Juan Luis Vanrell\"},\"url\":\"https:\/\/www.rimontgowineries.com\/blog\/author\/juanluis\/\"}]}<\/script>\n<!-- \/ Yoast SEO plugin. -->","yoast_head_json":{"title":"Der 17. Preis der Vila Viniteca f\u00fcr Verkostungen zu zweit - Rimontgo Wineries","robots":{"index":"index","follow":"follow","max-snippet":"max-snippet:-1","max-image-preview":"max-image-preview:large","max-video-preview":"max-video-preview:-1"},"canonical":"https:\/\/www.rimontgowineries.com\/blog\/de\/der-17-preis-der-vila-viniteca-fur-verkostungen-zu-zweit\/","og_locale":"es_ES","og_type":"article","og_title":"Der 17. Preis der Vila Viniteca f\u00fcr Verkostungen zu zweit - Rimontgo Wineries","og_description":"Auch in diesem Jahr nahmen Juan Luis Vanrell und Daniel Monsonis wieder am renommierten Vila Viniteca Wine Tasting Award f\u00fcr Paare teil. Obwohl sie sich nicht f\u00fcr das Finale qualifizieren konnten, hinterlie\u00df der Tag gro\u00dfe Eindr\u00fccke, weinselige Herausforderungen und eine Atmosph\u00e4re auf hohem Niveau. Schwierige Weine, mutige Wetten und eine Endphase mit renommierten Etiketten kennzeichneten diese Ausgabe, die mit dem Sieg eines franz\u00f6sischen Paares endete. Ein einzigartiges Erlebnis f\u00fcr Wein- und Verkostungsliebhaber.","og_url":"https:\/\/www.rimontgowineries.com\/blog\/de\/der-17-preis-der-vila-viniteca-fur-verkostungen-zu-zweit\/","og_site_name":"Rimontgo Wineries","article_published_time":"2025-04-07T08:44:17+00:00","article_modified_time":"2025-04-07T08:44:18+00:00","og_image":[{"width":799,"height":533,"url":"https:\/\/www.rimontgowineries.com\/blog\/wp-content\/uploads\/2025\/04\/17-vila-viniteca.jpg","type":"image\/jpeg"}],"author":"Juan Luis Vanrell","twitter_card":"summary_large_image","twitter_misc":{"Written by":"Juan Luis Vanrell","Est. reading time":"3 minutos"},"schema":{"@context":"https:\/\/schema.org","@graph":[{"@type":"Article","@id":"https:\/\/www.rimontgowineries.com\/blog\/de\/der-17-preis-der-vila-viniteca-fur-verkostungen-zu-zweit\/#article","isPartOf":{"@id":"https:\/\/www.rimontgowineries.com\/blog\/de\/der-17-preis-der-vila-viniteca-fur-verkostungen-zu-zweit\/"},"author":{"name":"Juan Luis Vanrell","@id":"https:\/\/www.rimontgowineries.com\/blog\/#\/schema\/person\/9dc43a22f8b4b5cca821369523f3c455"},"headline":"Der 17. Preis der Vila Viniteca f\u00fcr Verkostungen zu zweit","datePublished":"2025-04-07T08:44:17+00:00","dateModified":"2025-04-07T08:44:18+00:00","mainEntityOfPage":{"@id":"https:\/\/www.rimontgowineries.com\/blog\/de\/der-17-preis-der-vila-viniteca-fur-verkostungen-zu-zweit\/"},"wordCount":475,"commentCount":0,"publisher":{"@id":"https:\/\/www.rimontgowineries.com\/blog\/#organization"},"articleSection":["Feste und Veranstaltungen"],"inLanguage":"es","potentialAction":[{"@type":"CommentAction","name":"Comment","target":["https:\/\/www.rimontgowineries.com\/blog\/de\/der-17-preis-der-vila-viniteca-fur-verkostungen-zu-zweit\/#respond"]}]},{"@type":"WebPage","@id":"https:\/\/www.rimontgowineries.com\/blog\/de\/der-17-preis-der-vila-viniteca-fur-verkostungen-zu-zweit\/","url":"https:\/\/www.rimontgowineries.com\/blog\/de\/der-17-preis-der-vila-viniteca-fur-verkostungen-zu-zweit\/","name":"Der 17. Preis der Vila Viniteca f\u00fcr Verkostungen zu zweit - Rimontgo Wineries","isPartOf":{"@id":"https:\/\/www.rimontgowineries.com\/blog\/#website"},"datePublished":"2025-04-07T08:44:17+00:00","dateModified":"2025-04-07T08:44:18+00:00","breadcrumb":{"@id":"https:\/\/www.rimontgowineries.com\/blog\/de\/der-17-preis-der-vila-viniteca-fur-verkostungen-zu-zweit\/#breadcrumb"},"inLanguage":"es","potentialAction":[{"@type":"ReadAction","target":["https:\/\/www.rimontgowineries.com\/blog\/de\/der-17-preis-der-vila-viniteca-fur-verkostungen-zu-zweit\/"]}]},{"@type":"BreadcrumbList","@id":"https:\/\/www.rimontgowineries.com\/blog\/de\/der-17-preis-der-vila-viniteca-fur-verkostungen-zu-zweit\/#breadcrumb","itemListElement":[{"@type":"ListItem","position":1,"name":"Home","item":"https:\/\/www.rimontgowineries.com\/blog\/es\/"},{"@type":"ListItem","position":2,"name":"Der 17. Preis der Vila Viniteca f\u00fcr Verkostungen zu zweit"}]},{"@type":"WebSite","@id":"https:\/\/www.rimontgowineries.com\/blog\/#website","url":"https:\/\/www.rimontgowineries.com\/blog\/","name":"Rimontgo Wineries","description":"Rimontgo Wineries","publisher":{"@id":"https:\/\/www.rimontgowineries.com\/blog\/#organization"},"potentialAction":[{"@type":"SearchAction","target":{"@type":"EntryPoint","urlTemplate":"https:\/\/www.rimontgowineries.com\/blog\/?s={search_term_string}"},"query-input":"required name=search_term_string"}],"inLanguage":"es"},{"@type":"Organization","@id":"https:\/\/www.rimontgowineries.com\/blog\/#organization","name":"Rimontgo Wineries","url":"https:\/\/www.rimontgowineries.com\/blog\/","logo":{"@type":"ImageObject","inLanguage":"es","@id":"https:\/\/www.rimontgowineries.com\/blog\/#\/schema\/logo\/image\/","url":"https:\/\/www.rimontgowineries.com\/blog\/wp-content\/uploads\/2020\/03\/logo_bodegas_wineries_EN.svg","contentUrl":"https:\/\/www.rimontgowineries.com\/blog\/wp-content\/uploads\/2020\/03\/logo_bodegas_wineries_EN.svg","width":134,"height":34,"caption":"Rimontgo Wineries"},"image":{"@id":"https:\/\/www.rimontgowineries.com\/blog\/#\/schema\/logo\/image\/"}},{"@type":"Person","@id":"https:\/\/www.rimontgowineries.com\/blog\/#\/schema\/person\/9dc43a22f8b4b5cca821369523f3c455","name":"Juan Luis Vanrell","image":{"@type":"ImageObject","inLanguage":"es","@id":"https:\/\/www.rimontgowineries.com\/blog\/#\/schema\/person\/image\/","url":"https:\/\/secure.gravatar.com\/avatar\/ffaf84a9253780c50f123fc18a9c2266?s=96&d=mm&r=g","contentUrl":"https:\/\/secure.gravatar.com\/avatar\/ffaf84a9253780c50f123fc18a9c2266?s=96&d=mm&r=g","caption":"Juan Luis Vanrell"},"url":"https:\/\/www.rimontgowineries.com\/blog\/author\/juanluis\/"}]}},"_links":{"self":[{"href":"https:\/\/www.rimontgowineries.com\/blog\/wp-json\/wp\/v2\/posts\/23044"}],"collection":[{"href":"https:\/\/www.rimontgowineries.com\/blog\/wp-json\/wp\/v2\/posts"}],"about":[{"href":"https:\/\/www.rimontgowineries.com\/blog\/wp-json\/wp\/v2\/types\/post"}],"author":[{"embeddable":true,"href":"https:\/\/www.rimontgowineries.com\/blog\/wp-json\/wp\/v2\/users\/2"}],"replies":[{"embeddable":true,"href":"https:\/\/www.rimontgowineries.com\/blog\/wp-json\/wp\/v2\/comments?post=23044"}],"version-history":[{"count":1,"href":"https:\/\/www.rimontgowineries.com\/blog\/wp-json\/wp\/v2\/posts\/23044\/revisions"}],"predecessor-version":[{"id":23045,"href":"https:\/\/www.rimontgowineries.com\/blog\/wp-json\/wp\/v2\/posts\/23044\/revisions\/23045"}],"wp:featuredmedia":[{"embeddable":true,"href":"https:\/\/www.rimontgowineries.com\/blog\/wp-json\/wp\/v2\/media\/23036"}],"wp:attachment":[{"href":"https:\/\/www.rimontgowineries.com\/blog\/wp-json\/wp\/v2\/media?parent=23044"}],"wp:term":[{"taxonomy":"category","embeddable":true,"href":"https:\/\/www.rimontgowineries.com\/blog\/wp-json\/wp\/v2\/categories?post=23044"},{"taxonomy":"post_tag","embeddable":true,"href":"https:\/\/www.rimontgowineries.com\/blog\/wp-json\/wp\/v2\/tags?post=23044"}],"curies":[{"name":"wp","href":"https:\/\/api.w.org\/{rel}","templated":true}]}}