{"id":23046,"date":"2025-04-07T10:52:19","date_gmt":"2025-04-07T08:52:19","guid":{"rendered":"https:\/\/www.rimontgowineries.com\/blog\/?p=23046"},"modified":"2025-04-07T10:52:20","modified_gmt":"2025-04-07T08:52:20","slug":"le-17e-prix-vila-viniteca-de-la-degustation-par-paires","status":"publish","type":"post","link":"https:\/\/www.rimontgowineries.com\/blog\/fr\/le-17e-prix-vila-viniteca-de-la-degustation-par-paires\/","title":{"rendered":"Le 17e prix Vila Viniteca de la d\u00e9gustation par paires."},"content":{"rendered":"\n<p>Cette ann\u00e9e encore, j&#8217;ai pu participer au Premio Vila Viniteca de Cata por Parejas avec mon ami Daniel Monsonis. Comme l&#8217;ann\u00e9e derni\u00e8re, nous avons eu la chance de nous inscrire \u00e0 la derni\u00e8re minute, car nous n&#8217;avions pas obtenu de place lors de la phase d&#8217;inscription, bien que cette fois nous ne nous soyons pas qualifi\u00e9s pour la phase finale. L&#8217;exp\u00e9rience est toujours inoubliable. Une magnifique mise en sc\u00e8ne qui r\u00e9unit les meilleurs d\u00e9gustateurs nationaux et internationaux, ce qui n&#8217;a pas emp\u00each\u00e9 le duo gagnant d&#8217;\u00eatre fran\u00e7ais et le duo second d&#8217;\u00eatre belge.<\/p>\n\n\n\n<p>Lors de cette \u00e9dition, la phase de qualification a \u00e9t\u00e9 tr\u00e8s particuli\u00e8re. A mon avis, quatre vins ont fait la diff\u00e9rence. La Grange des P\u00e8res 2018, Languedoc-Roussillon, et le Bu\u00e7aco Branco M\u00edstico 2017, Portugal, \u00e9taient des vins presque impossibles, tandis que le PX \u00e9tait difficilement critiquable, du moins en ce qui concerne le c\u00e9page et la r\u00e9gion. La cl\u00e9 \u00e9tait l&#8217;accord entre les trois vins mousseux (France, Espagne et Italie) et le tempranillo de Peter Sisseck (PSI). En ce qui concerne les vins mousseux, nous avons envisag\u00e9 l&#8217;option des trois pays, mais nous avons \u00e9galement envisag\u00e9 la possibilit\u00e9 d&#8217;un Champagne-Corpinat-Cava, en optant pour ce dernier car le bois et le volume du Franciacorta nous ont incit\u00e9s \u00e0 choisir la Catalogne plut\u00f4t que l&#8217;Italie. En revanche, avec le Tempranillo, nous avons opt\u00e9 pour une Rioja moderne, car nous n&#8217;avons jamais vu la typicit\u00e9 de Ribera del Duero.<\/p>\n\n\n\n<p>Il s&#8217;agit des sept vins issus de la phase de qualification :<\/p>\n\n\n\n<p><strong>\u2013 PSI 2021, Ribera del Duero<br>\u2013 La Grange des P\u00e8res 2018, Languedoc -Roussillon<br>\u2013 Bu\u00e7aco Branco M\u00edstico 2017, Portugal<br>\u2013 Jacquesson La Cuv\u00e9e 742 D\u00e9gorgement Tardif, Champagne<br>\u2013 L\u2019O de L\u2019Origan Brut Nature Edici\u00f3n 13, Cava<br>\u2013 Ca\u2019 Del Bosco Annamaria Clementi 2014, Franciacorta<br>\u2013 Alvear Pedro Xim\u00e9nez 1927, Montilla-Morales<\/strong><\/p>\n\n\n\n<p>Nous aurions aim\u00e9 pouvoir participer \u00e0 la phase finale, non seulement pour pouvoir jouer la finale, mais aussi pour jouer leurs sept vins. A priori, depuis les coulisses, nous avons trouv\u00e9 les vins tr\u00e8s agr\u00e9ables et jouables, en particulier le jeu du Cabernet Sauvignon, de France, de Nouvelle-Z\u00e9lande et d&#8217;Italie.<\/p>\n\n\n\n<p>Les vins d\u00e9gust\u00e9s lors de la grande finale \u00e9taient :<\/p>\n\n\n\n<p><strong>\u2013 Agrapart &amp; Fils Terroirs Blanc de Blancs Extra Brut, Champagne<br>\u2013 Sandhi Romance Chardonnay 2022, California<br>\u2013 Pazo Barrantes Gran Vino Albari\u00f1o 2021, R\u00edas Baixas<br>\u2013 Paternina Gran Reserva 1962, Rioja<br>\u2013 Te Mata Coleraine 2021, New Zealand<br>\u2013 Ch\u00e2teau Latour Les Forts de Latour 2018, Bordeaux<br>\u2013 Marchesi Antinori Solaia 2020, Toscana<\/strong><\/p>\n\n\n\n<p>Nous tenons \u00e0 f\u00e9liciter les laur\u00e9ats de la 17e \u00e9dition du Prix Vila Viniteca de la d\u00e9gustation de vins en couple. C&#8217;est un grand succ\u00e8s de gagner sur 135 paires :<\/p>\n\n\n\n<p>1er prix :<strong>\u00a0Maxime France y Pierre Citerne\u00a0<\/strong><br>2\u00e8me prix :<strong>\u00a0Peter Arijs y Stijn Verleyen<\/strong><br>3\u00e8me prix :<strong>\u00a0Alberto Bot\u00eda Gonz\u00e1lez y Eduardo Dequidt Herrero<\/strong><\/p>\n\n\n\n<p>L&#8217;ann\u00e9e prochaine, nous essaierons \u00e0 nouveau, bien que nous esp\u00e9rions obtenir une place directe pour la participation. En tout cas, nous continuerons \u00e0 nous entra\u00eener pour pouvoir d\u00e9couvrir les vins uniquement avec nos sens, et maintenant, en route pour le Championnat d&#8217;Espagne !<\/p>\n","protected":false},"excerpt":{"rendered":"<p>Cette ann\u00e9e encore, Juan Luis Vanrell et Daniel Monsonis ont particip\u00e9 au c\u00e9l\u00e8bre prix de d\u00e9gustation de vins Vila Viniteca pour les couples. Bien qu&#8217;ils n&#8217;aient pas r\u00e9ussi \u00e0 se qualifier pour la finale, la journ\u00e9e a \u00e9t\u00e9 riche en sensations, en d\u00e9fis \u0153nologiques et en ambiance de haut niveau. Des vins difficiles, des paris courageux et une phase finale avec des \u00e9tiquettes prestigieuses ont marqu\u00e9 cette \u00e9dition, qui s&#8217;est termin\u00e9e par la victoire d&#8217;un couple fran\u00e7ais. Une exp\u00e9rience unique pour les amateurs de vin et de d\u00e9gustation.<\/p>\n","protected":false},"author":2,"featured_media":23037,"comment_status":"open","ping_status":"open","sticky":false,"template":"","format":"standard","meta":{"_mi_skip_tracking":false,"_monsterinsights_sitenote_active":false,"_monsterinsights_sitenote_note":"","_monsterinsights_sitenote_category":0,"footnotes":""},"categories":[3047],"tags":[],"yoast_head":"<!-- This site is optimized with the Yoast SEO plugin v21.5 - https:\/\/yoast.com\/wordpress\/plugins\/seo\/ -->\n<title>Le 17e prix Vila Viniteca de la d\u00e9gustation par paires. - Rimontgo Wineries<\/title>\n<meta name=\"robots\" content=\"index, follow, max-snippet:-1, max-image-preview:large, max-video-preview:-1\" \/>\n<link rel=\"canonical\" href=\"https:\/\/www.rimontgowineries.com\/blog\/fr\/le-17e-prix-vila-viniteca-de-la-degustation-par-paires\/\" \/>\n<meta property=\"og:locale\" content=\"es_ES\" \/>\n<meta property=\"og:type\" content=\"article\" \/>\n<meta property=\"og:title\" content=\"Le 17e prix Vila Viniteca de la d\u00e9gustation par paires. - Rimontgo Wineries\" \/>\n<meta property=\"og:description\" content=\"Cette ann\u00e9e encore, Juan Luis Vanrell et Daniel Monsonis ont particip\u00e9 au c\u00e9l\u00e8bre prix de d\u00e9gustation de vins Vila Viniteca pour les couples. Bien qu&#039;ils n&#039;aient pas r\u00e9ussi \u00e0 se qualifier pour la finale, la journ\u00e9e a \u00e9t\u00e9 riche en sensations, en d\u00e9fis \u0153nologiques et en ambiance de haut niveau. Des vins difficiles, des paris courageux et une phase finale avec des \u00e9tiquettes prestigieuses ont marqu\u00e9 cette \u00e9dition, qui s&#039;est termin\u00e9e par la victoire d&#039;un couple fran\u00e7ais. Une exp\u00e9rience unique pour les amateurs de vin et de d\u00e9gustation.\" \/>\n<meta property=\"og:url\" content=\"https:\/\/www.rimontgowineries.com\/blog\/fr\/le-17e-prix-vila-viniteca-de-la-degustation-par-paires\/\" \/>\n<meta property=\"og:site_name\" content=\"Rimontgo Wineries\" \/>\n<meta property=\"article:published_time\" content=\"2025-04-07T08:52:19+00:00\" \/>\n<meta property=\"article:modified_time\" content=\"2025-04-07T08:52:20+00:00\" \/>\n<meta property=\"og:image\" content=\"https:\/\/www.rimontgowineries.com\/blog\/wp-content\/uploads\/2025\/04\/17-vila-viniteca.jpg\" \/>\n\t<meta property=\"og:image:width\" content=\"799\" \/>\n\t<meta property=\"og:image:height\" content=\"533\" \/>\n\t<meta property=\"og:image:type\" content=\"image\/jpeg\" \/>\n<meta name=\"author\" content=\"Juan Luis Vanrell\" \/>\n<meta name=\"twitter:card\" content=\"summary_large_image\" \/>\n<meta name=\"twitter:label1\" content=\"Written by\" \/>\n\t<meta name=\"twitter:data1\" content=\"Juan Luis Vanrell\" \/>\n\t<meta name=\"twitter:label2\" content=\"Est. reading time\" \/>\n\t<meta name=\"twitter:data2\" content=\"3 minutos\" \/>\n<script type=\"application\/ld+json\" class=\"yoast-schema-graph\">{\"@context\":\"https:\/\/schema.org\",\"@graph\":[{\"@type\":\"Article\",\"@id\":\"https:\/\/www.rimontgowineries.com\/blog\/fr\/le-17e-prix-vila-viniteca-de-la-degustation-par-paires\/#article\",\"isPartOf\":{\"@id\":\"https:\/\/www.rimontgowineries.com\/blog\/fr\/le-17e-prix-vila-viniteca-de-la-degustation-par-paires\/\"},\"author\":{\"name\":\"Juan Luis Vanrell\",\"@id\":\"https:\/\/www.rimontgowineries.com\/blog\/#\/schema\/person\/9dc43a22f8b4b5cca821369523f3c455\"},\"headline\":\"Le 17e prix Vila Viniteca de la d\u00e9gustation par paires.\",\"datePublished\":\"2025-04-07T08:52:19+00:00\",\"dateModified\":\"2025-04-07T08:52:20+00:00\",\"mainEntityOfPage\":{\"@id\":\"https:\/\/www.rimontgowineries.com\/blog\/fr\/le-17e-prix-vila-viniteca-de-la-degustation-par-paires\/\"},\"wordCount\":534,\"commentCount\":0,\"publisher\":{\"@id\":\"https:\/\/www.rimontgowineries.com\/blog\/#organization\"},\"articleSection\":[\"Festivals et \u00e9v\u00e9nements\"],\"inLanguage\":\"es\",\"potentialAction\":[{\"@type\":\"CommentAction\",\"name\":\"Comment\",\"target\":[\"https:\/\/www.rimontgowineries.com\/blog\/fr\/le-17e-prix-vila-viniteca-de-la-degustation-par-paires\/#respond\"]}]},{\"@type\":\"WebPage\",\"@id\":\"https:\/\/www.rimontgowineries.com\/blog\/fr\/le-17e-prix-vila-viniteca-de-la-degustation-par-paires\/\",\"url\":\"https:\/\/www.rimontgowineries.com\/blog\/fr\/le-17e-prix-vila-viniteca-de-la-degustation-par-paires\/\",\"name\":\"Le 17e prix Vila Viniteca de la d\u00e9gustation par paires. - Rimontgo Wineries\",\"isPartOf\":{\"@id\":\"https:\/\/www.rimontgowineries.com\/blog\/#website\"},\"datePublished\":\"2025-04-07T08:52:19+00:00\",\"dateModified\":\"2025-04-07T08:52:20+00:00\",\"breadcrumb\":{\"@id\":\"https:\/\/www.rimontgowineries.com\/blog\/fr\/le-17e-prix-vila-viniteca-de-la-degustation-par-paires\/#breadcrumb\"},\"inLanguage\":\"es\",\"potentialAction\":[{\"@type\":\"ReadAction\",\"target\":[\"https:\/\/www.rimontgowineries.com\/blog\/fr\/le-17e-prix-vila-viniteca-de-la-degustation-par-paires\/\"]}]},{\"@type\":\"BreadcrumbList\",\"@id\":\"https:\/\/www.rimontgowineries.com\/blog\/fr\/le-17e-prix-vila-viniteca-de-la-degustation-par-paires\/#breadcrumb\",\"itemListElement\":[{\"@type\":\"ListItem\",\"position\":1,\"name\":\"Home\",\"item\":\"https:\/\/www.rimontgowineries.com\/blog\/es\/\"},{\"@type\":\"ListItem\",\"position\":2,\"name\":\"Le 17e prix Vila Viniteca de la d\u00e9gustation par paires.\"}]},{\"@type\":\"WebSite\",\"@id\":\"https:\/\/www.rimontgowineries.com\/blog\/#website\",\"url\":\"https:\/\/www.rimontgowineries.com\/blog\/\",\"name\":\"Rimontgo Wineries\",\"description\":\"Rimontgo Wineries\",\"publisher\":{\"@id\":\"https:\/\/www.rimontgowineries.com\/blog\/#organization\"},\"potentialAction\":[{\"@type\":\"SearchAction\",\"target\":{\"@type\":\"EntryPoint\",\"urlTemplate\":\"https:\/\/www.rimontgowineries.com\/blog\/?s={search_term_string}\"},\"query-input\":\"required name=search_term_string\"}],\"inLanguage\":\"es\"},{\"@type\":\"Organization\",\"@id\":\"https:\/\/www.rimontgowineries.com\/blog\/#organization\",\"name\":\"Rimontgo Wineries\",\"url\":\"https:\/\/www.rimontgowineries.com\/blog\/\",\"logo\":{\"@type\":\"ImageObject\",\"inLanguage\":\"es\",\"@id\":\"https:\/\/www.rimontgowineries.com\/blog\/#\/schema\/logo\/image\/\",\"url\":\"https:\/\/www.rimontgowineries.com\/blog\/wp-content\/uploads\/2020\/03\/logo_bodegas_wineries_EN.svg\",\"contentUrl\":\"https:\/\/www.rimontgowineries.com\/blog\/wp-content\/uploads\/2020\/03\/logo_bodegas_wineries_EN.svg\",\"width\":134,\"height\":34,\"caption\":\"Rimontgo Wineries\"},\"image\":{\"@id\":\"https:\/\/www.rimontgowineries.com\/blog\/#\/schema\/logo\/image\/\"}},{\"@type\":\"Person\",\"@id\":\"https:\/\/www.rimontgowineries.com\/blog\/#\/schema\/person\/9dc43a22f8b4b5cca821369523f3c455\",\"name\":\"Juan Luis Vanrell\",\"image\":{\"@type\":\"ImageObject\",\"inLanguage\":\"es\",\"@id\":\"https:\/\/www.rimontgowineries.com\/blog\/#\/schema\/person\/image\/\",\"url\":\"https:\/\/secure.gravatar.com\/avatar\/ffaf84a9253780c50f123fc18a9c2266?s=96&d=mm&r=g\",\"contentUrl\":\"https:\/\/secure.gravatar.com\/avatar\/ffaf84a9253780c50f123fc18a9c2266?s=96&d=mm&r=g\",\"caption\":\"Juan Luis Vanrell\"},\"url\":\"https:\/\/www.rimontgowineries.com\/blog\/author\/juanluis\/\"}]}<\/script>\n<!-- \/ Yoast SEO plugin. -->","yoast_head_json":{"title":"Le 17e prix Vila Viniteca de la d\u00e9gustation par paires. - Rimontgo Wineries","robots":{"index":"index","follow":"follow","max-snippet":"max-snippet:-1","max-image-preview":"max-image-preview:large","max-video-preview":"max-video-preview:-1"},"canonical":"https:\/\/www.rimontgowineries.com\/blog\/fr\/le-17e-prix-vila-viniteca-de-la-degustation-par-paires\/","og_locale":"es_ES","og_type":"article","og_title":"Le 17e prix Vila Viniteca de la d\u00e9gustation par paires. - Rimontgo Wineries","og_description":"Cette ann\u00e9e encore, Juan Luis Vanrell et Daniel Monsonis ont particip\u00e9 au c\u00e9l\u00e8bre prix de d\u00e9gustation de vins Vila Viniteca pour les couples. Bien qu'ils n'aient pas r\u00e9ussi \u00e0 se qualifier pour la finale, la journ\u00e9e a \u00e9t\u00e9 riche en sensations, en d\u00e9fis \u0153nologiques et en ambiance de haut niveau. Des vins difficiles, des paris courageux et une phase finale avec des \u00e9tiquettes prestigieuses ont marqu\u00e9 cette \u00e9dition, qui s'est termin\u00e9e par la victoire d'un couple fran\u00e7ais. Une exp\u00e9rience unique pour les amateurs de vin et de d\u00e9gustation.","og_url":"https:\/\/www.rimontgowineries.com\/blog\/fr\/le-17e-prix-vila-viniteca-de-la-degustation-par-paires\/","og_site_name":"Rimontgo Wineries","article_published_time":"2025-04-07T08:52:19+00:00","article_modified_time":"2025-04-07T08:52:20+00:00","og_image":[{"width":799,"height":533,"url":"https:\/\/www.rimontgowineries.com\/blog\/wp-content\/uploads\/2025\/04\/17-vila-viniteca.jpg","type":"image\/jpeg"}],"author":"Juan Luis Vanrell","twitter_card":"summary_large_image","twitter_misc":{"Written by":"Juan Luis Vanrell","Est. reading time":"3 minutos"},"schema":{"@context":"https:\/\/schema.org","@graph":[{"@type":"Article","@id":"https:\/\/www.rimontgowineries.com\/blog\/fr\/le-17e-prix-vila-viniteca-de-la-degustation-par-paires\/#article","isPartOf":{"@id":"https:\/\/www.rimontgowineries.com\/blog\/fr\/le-17e-prix-vila-viniteca-de-la-degustation-par-paires\/"},"author":{"name":"Juan Luis Vanrell","@id":"https:\/\/www.rimontgowineries.com\/blog\/#\/schema\/person\/9dc43a22f8b4b5cca821369523f3c455"},"headline":"Le 17e prix Vila Viniteca de la d\u00e9gustation par paires.","datePublished":"2025-04-07T08:52:19+00:00","dateModified":"2025-04-07T08:52:20+00:00","mainEntityOfPage":{"@id":"https:\/\/www.rimontgowineries.com\/blog\/fr\/le-17e-prix-vila-viniteca-de-la-degustation-par-paires\/"},"wordCount":534,"commentCount":0,"publisher":{"@id":"https:\/\/www.rimontgowineries.com\/blog\/#organization"},"articleSection":["Festivals et \u00e9v\u00e9nements"],"inLanguage":"es","potentialAction":[{"@type":"CommentAction","name":"Comment","target":["https:\/\/www.rimontgowineries.com\/blog\/fr\/le-17e-prix-vila-viniteca-de-la-degustation-par-paires\/#respond"]}]},{"@type":"WebPage","@id":"https:\/\/www.rimontgowineries.com\/blog\/fr\/le-17e-prix-vila-viniteca-de-la-degustation-par-paires\/","url":"https:\/\/www.rimontgowineries.com\/blog\/fr\/le-17e-prix-vila-viniteca-de-la-degustation-par-paires\/","name":"Le 17e prix Vila Viniteca de la d\u00e9gustation par paires. - Rimontgo Wineries","isPartOf":{"@id":"https:\/\/www.rimontgowineries.com\/blog\/#website"},"datePublished":"2025-04-07T08:52:19+00:00","dateModified":"2025-04-07T08:52:20+00:00","breadcrumb":{"@id":"https:\/\/www.rimontgowineries.com\/blog\/fr\/le-17e-prix-vila-viniteca-de-la-degustation-par-paires\/#breadcrumb"},"inLanguage":"es","potentialAction":[{"@type":"ReadAction","target":["https:\/\/www.rimontgowineries.com\/blog\/fr\/le-17e-prix-vila-viniteca-de-la-degustation-par-paires\/"]}]},{"@type":"BreadcrumbList","@id":"https:\/\/www.rimontgowineries.com\/blog\/fr\/le-17e-prix-vila-viniteca-de-la-degustation-par-paires\/#breadcrumb","itemListElement":[{"@type":"ListItem","position":1,"name":"Home","item":"https:\/\/www.rimontgowineries.com\/blog\/es\/"},{"@type":"ListItem","position":2,"name":"Le 17e prix Vila Viniteca de la d\u00e9gustation par paires."}]},{"@type":"WebSite","@id":"https:\/\/www.rimontgowineries.com\/blog\/#website","url":"https:\/\/www.rimontgowineries.com\/blog\/","name":"Rimontgo Wineries","description":"Rimontgo Wineries","publisher":{"@id":"https:\/\/www.rimontgowineries.com\/blog\/#organization"},"potentialAction":[{"@type":"SearchAction","target":{"@type":"EntryPoint","urlTemplate":"https:\/\/www.rimontgowineries.com\/blog\/?s={search_term_string}"},"query-input":"required name=search_term_string"}],"inLanguage":"es"},{"@type":"Organization","@id":"https:\/\/www.rimontgowineries.com\/blog\/#organization","name":"Rimontgo Wineries","url":"https:\/\/www.rimontgowineries.com\/blog\/","logo":{"@type":"ImageObject","inLanguage":"es","@id":"https:\/\/www.rimontgowineries.com\/blog\/#\/schema\/logo\/image\/","url":"https:\/\/www.rimontgowineries.com\/blog\/wp-content\/uploads\/2020\/03\/logo_bodegas_wineries_EN.svg","contentUrl":"https:\/\/www.rimontgowineries.com\/blog\/wp-content\/uploads\/2020\/03\/logo_bodegas_wineries_EN.svg","width":134,"height":34,"caption":"Rimontgo Wineries"},"image":{"@id":"https:\/\/www.rimontgowineries.com\/blog\/#\/schema\/logo\/image\/"}},{"@type":"Person","@id":"https:\/\/www.rimontgowineries.com\/blog\/#\/schema\/person\/9dc43a22f8b4b5cca821369523f3c455","name":"Juan Luis Vanrell","image":{"@type":"ImageObject","inLanguage":"es","@id":"https:\/\/www.rimontgowineries.com\/blog\/#\/schema\/person\/image\/","url":"https:\/\/secure.gravatar.com\/avatar\/ffaf84a9253780c50f123fc18a9c2266?s=96&d=mm&r=g","contentUrl":"https:\/\/secure.gravatar.com\/avatar\/ffaf84a9253780c50f123fc18a9c2266?s=96&d=mm&r=g","caption":"Juan Luis Vanrell"},"url":"https:\/\/www.rimontgowineries.com\/blog\/author\/juanluis\/"}]}},"_links":{"self":[{"href":"https:\/\/www.rimontgowineries.com\/blog\/wp-json\/wp\/v2\/posts\/23046"}],"collection":[{"href":"https:\/\/www.rimontgowineries.com\/blog\/wp-json\/wp\/v2\/posts"}],"about":[{"href":"https:\/\/www.rimontgowineries.com\/blog\/wp-json\/wp\/v2\/types\/post"}],"author":[{"embeddable":true,"href":"https:\/\/www.rimontgowineries.com\/blog\/wp-json\/wp\/v2\/users\/2"}],"replies":[{"embeddable":true,"href":"https:\/\/www.rimontgowineries.com\/blog\/wp-json\/wp\/v2\/comments?post=23046"}],"version-history":[{"count":1,"href":"https:\/\/www.rimontgowineries.com\/blog\/wp-json\/wp\/v2\/posts\/23046\/revisions"}],"predecessor-version":[{"id":23047,"href":"https:\/\/www.rimontgowineries.com\/blog\/wp-json\/wp\/v2\/posts\/23046\/revisions\/23047"}],"wp:featuredmedia":[{"embeddable":true,"href":"https:\/\/www.rimontgowineries.com\/blog\/wp-json\/wp\/v2\/media\/23037"}],"wp:attachment":[{"href":"https:\/\/www.rimontgowineries.com\/blog\/wp-json\/wp\/v2\/media?parent=23046"}],"wp:term":[{"taxonomy":"category","embeddable":true,"href":"https:\/\/www.rimontgowineries.com\/blog\/wp-json\/wp\/v2\/categories?post=23046"},{"taxonomy":"post_tag","embeddable":true,"href":"https:\/\/www.rimontgowineries.com\/blog\/wp-json\/wp\/v2\/tags?post=23046"}],"curies":[{"name":"wp","href":"https:\/\/api.w.org\/{rel}","templated":true}]}}