{"id":23050,"date":"2025-04-07T11:06:07","date_gmt":"2025-04-07T09:06:07","guid":{"rendered":"https:\/\/www.rimontgowineries.com\/blog\/?p=23050"},"modified":"2025-04-07T11:08:29","modified_gmt":"2025-04-07T09:08:29","slug":"17-nagroda-vila-viniteca-za-degustacje-w-parach","status":"publish","type":"post","link":"https:\/\/www.rimontgowineries.com\/blog\/pl\/17-nagroda-vila-viniteca-za-degustacje-w-parach\/","title":{"rendered":"17. nagroda Vila Viniteca za degustacj\u0119 w parach"},"content":{"rendered":"\n<p>Po raz kolejny w tym roku mog\u0142em wzi\u0105\u0107 udzia\u0142 w Premio Vila Viniteca de Cata por Parejas wraz z moim przyjacielem Danielem Monsonisem. Podobnie jak w zesz\u0142ym roku, mieli\u015bmy szcz\u0119\u015bcie zg\u0142osi\u0107 si\u0119 w ostatniej chwili, poniewa\u017c nie otrzymali\u015bmy miejsca w fazie rejestracji, cho\u0107 tym razem nie zakwalifikowali\u015bmy si\u0119 do fazy fina\u0142owej. Do\u015bwiadczenie jest zawsze niezapomniane. Wspania\u0142a inscenizacja, kt\u00f3ra gromadzi najlepszych krajowych i mi\u0119dzynarodowych degustator\u00f3w, nie na pr\u00f3\u017cno zwyci\u0119ska para by\u0142a francuska, a drugie miejsce zaj\u0119\u0142a para belgijska.<\/p>\n\n\n\n<p>W tej edycji faza kwalifikacyjna by\u0142a bardzo szczeg\u00f3lna. Moim zdaniem cztery wina zrobi\u0142y r\u00f3\u017cnic\u0119. Grange des P\u00e8res 2018, Langwedocja-Roussillon, i Bu\u00e7aco Branco M\u00edstico 2017, Portugalia, by\u0142y winami prawie niemo\u017cliwymi, podczas gdy PX trudno by\u0142o wini\u0107, przynajmniej odmian\u0119 i obszar. Kluczem by\u0142o dopasowanie trzech win musuj\u0105cych (Francja, Hiszpania i W\u0142ochy) oraz tempranillo Petera Sissecka (PSI). W przypadku win musuj\u0105cych rozwa\u017cali\u015bmy opcj\u0119 trzech kraj\u00f3w, jednak przyjrzeli\u015bmy si\u0119 r\u00f3wnie\u017c mo\u017cliwo\u015bciom Szampania-Corpinat-Cava, decyduj\u0105c si\u0119 na t\u0119 ostatni\u0105, poniewa\u017c drewno i obj\u0119to\u015b\u0107 Franciacorty sk\u0142oni\u0142y nas raczej do Katalonii ni\u017c do W\u0142och. Z drugiej strony, z Tempranillo wybrali\u015bmy nowoczesn\u0105 Rioj\u0119, poniewa\u017c nigdy nie widzieli\u015bmy typowo\u015bci Ribera del Duero.<\/p>\n\n\n\n<p>To by\u0142o siedem win z fazy kwalifikacyjnej:<\/p>\n\n\n\n<p><strong>\u2013 PSI 2021, Ribera del Duero<br>\u2013 La Grange des P\u00e8res 2018, Languedoc -Roussillon<br>\u2013 Bu\u00e7aco Branco M\u00edstico 2017, Portugal<br>\u2013 Jacquesson La Cuv\u00e9e 742 D\u00e9gorgement Tardif, Champagne<br>\u2013 L\u2019O de L\u2019Origan Brut Nature Edici\u00f3n 13, Cava<br>\u2013 Ca\u2019 Del Bosco Annamaria Clementi 2014, Franciacorta<br>\u2013 Alvear Pedro Xim\u00e9nez 1927, Montilla-Morales<\/strong><\/p>\n\n\n\n<p>Chcieliby\u015bmy m\u00f3c uczestniczy\u0107 w fazie fina\u0142owej, nie tylko po to, aby m\u00f3c zagra\u0107 w finale, ale tak\u017ce zagra\u0107 w ich siedem win. A priori, z boku, stwierdzili\u015bmy, \u017ce wina by\u0142y bardzo przyjemne i grywalne, zw\u0142aszcza gra Cabernet Sauvignon, z Francji, Nowej Zelandii i W\u0142och.<\/p>\n\n\n\n<p>Wina degustowane w Wielkim Finale to:<\/p>\n\n\n\n<p><strong>\u2013 Agrapart &amp; Fils Terroirs Blanc de Blancs Extra Brut, Champagne<br>\u2013 Sandhi Romance Chardonnay 2022, California<br>\u2013 Pazo Barrantes Gran Vino Albari\u00f1o 2021, R\u00edas Baixas<br>\u2013 Paternina Gran Reserva 1962, Rioja<br>\u2013 Te Mata Coleraine 2021, New Zealand<br>\u2013 Ch\u00e2teau Latour Les Forts de Latour 2018, Bordeaux<br>\u2013 Marchesi Antinori Solaia 2020, Toscana<\/strong><\/p>\n\n\n\n<div class=\"wp-block-group is-layout-constrained wp-block-group-is-layout-constrained\"><div class=\"wp-block-group__inner-container\">\n<p>Chcieliby\u015bmy pogratulowa\u0107 zwyci\u0119zcom 17. edycji Vila Viniteca Wine Tasting Award for Pairs. Zwyci\u0119stwo w\u015br\u00f3d 135 par to wielki sukces:<\/p>\n\n\n\n<ol>\n<li>nagroda:<strong>\u00a0Maxime France y Pierre Citerne\u00a0<\/strong><\/li>\n\n\n\n<li>nagroda:<strong>\u00a0Peter Arijs y Stijn Verleyen<\/strong><\/li>\n\n\n\n<li>nagroda:<strong>\u00a0Alberto Bot\u00eda Gonz\u00e1lez y Eduardo Dequidt Herrero<\/strong><\/li>\n<\/ol>\n<\/div><\/div>\n\n\n\n<p>W przysz\u0142ym roku spr\u00f3bujemy ponownie, cho\u0107 mamy nadziej\u0119, \u017ce otrzymamy bezpo\u015brednie miejsce do udzia\u0142u w konkursie. W ka\u017cdym razie b\u0119dziemy kontynuowa\u0107 treningi, aby m\u00f3c odkrywa\u0107 wina tylko naszymi zmys\u0142ami, a teraz ruszajmy na Mistrzostwa Hiszpanii!<\/p>\n","protected":false},"excerpt":{"rendered":"<p>Po raz kolejny w tym roku Juan Luis Vanrell i Daniel Monsonis wzi\u0119li udzia\u0142 w renomowanym konkursie Vila Viniteca Wine Tasting Award for Pairs. Mimo \u017ce nie uda\u0142o im si\u0119 zakwalifikowa\u0107 do fina\u0142u, dzie\u0144 pozostawi\u0142 po sobie wspania\u0142e wra\u017cenia, wyzwania zwi\u0105zane z winem i atmosfer\u0119 na wysokim poziomie. Trudne wina, odwa\u017cne zak\u0142ady i faza fina\u0142owa z presti\u017cowymi etykietami charakteryzowa\u0142y t\u0119 edycj\u0119, kt\u00f3ra zako\u0144czy\u0142a si\u0119 zwyci\u0119stwem francuskiej pary. Wyj\u0105tkowe do\u015bwiadczenie dla mi\u0142o\u015bnik\u00f3w wina i degustacji.<\/p>\n","protected":false},"author":2,"featured_media":23039,"comment_status":"open","ping_status":"open","sticky":false,"template":"","format":"standard","meta":{"_mi_skip_tracking":false,"_monsterinsights_sitenote_active":false,"_monsterinsights_sitenote_note":"","_monsterinsights_sitenote_category":0,"footnotes":""},"categories":[3050],"tags":[],"yoast_head":"<!-- This site is optimized with the Yoast SEO plugin v21.5 - https:\/\/yoast.com\/wordpress\/plugins\/seo\/ -->\n<title>17. nagroda Vila Viniteca za degustacj\u0119 w parach - Rimontgo Wineries<\/title>\n<meta name=\"robots\" content=\"index, follow, max-snippet:-1, max-image-preview:large, max-video-preview:-1\" \/>\n<link rel=\"canonical\" href=\"https:\/\/www.rimontgowineries.com\/blog\/pl\/17-nagroda-vila-viniteca-za-degustacje-w-parach\/\" \/>\n<meta property=\"og:locale\" content=\"es_ES\" \/>\n<meta property=\"og:type\" content=\"article\" \/>\n<meta property=\"og:title\" content=\"17. nagroda Vila Viniteca za degustacj\u0119 w parach - Rimontgo Wineries\" \/>\n<meta property=\"og:description\" content=\"Po raz kolejny w tym roku Juan Luis Vanrell i Daniel Monsonis wzi\u0119li udzia\u0142 w renomowanym konkursie Vila Viniteca Wine Tasting Award for Pairs. Mimo \u017ce nie uda\u0142o im si\u0119 zakwalifikowa\u0107 do fina\u0142u, dzie\u0144 pozostawi\u0142 po sobie wspania\u0142e wra\u017cenia, wyzwania zwi\u0105zane z winem i atmosfer\u0119 na wysokim poziomie. Trudne wina, odwa\u017cne zak\u0142ady i faza fina\u0142owa z presti\u017cowymi etykietami charakteryzowa\u0142y t\u0119 edycj\u0119, kt\u00f3ra zako\u0144czy\u0142a si\u0119 zwyci\u0119stwem francuskiej pary. Wyj\u0105tkowe do\u015bwiadczenie dla mi\u0142o\u015bnik\u00f3w wina i degustacji.\" \/>\n<meta property=\"og:url\" content=\"https:\/\/www.rimontgowineries.com\/blog\/pl\/17-nagroda-vila-viniteca-za-degustacje-w-parach\/\" \/>\n<meta property=\"og:site_name\" content=\"Rimontgo Wineries\" \/>\n<meta property=\"article:published_time\" content=\"2025-04-07T09:06:07+00:00\" \/>\n<meta property=\"article:modified_time\" content=\"2025-04-07T09:08:29+00:00\" \/>\n<meta property=\"og:image\" content=\"https:\/\/www.rimontgowineries.com\/blog\/wp-content\/uploads\/2025\/04\/17-vila-viniteca.jpg\" \/>\n\t<meta property=\"og:image:width\" content=\"799\" \/>\n\t<meta property=\"og:image:height\" content=\"533\" \/>\n\t<meta property=\"og:image:type\" content=\"image\/jpeg\" \/>\n<meta name=\"author\" content=\"Juan Luis Vanrell\" \/>\n<meta name=\"twitter:card\" content=\"summary_large_image\" \/>\n<meta name=\"twitter:label1\" content=\"Written by\" \/>\n\t<meta name=\"twitter:data1\" content=\"Juan Luis Vanrell\" \/>\n\t<meta name=\"twitter:label2\" content=\"Est. reading time\" \/>\n\t<meta name=\"twitter:data2\" content=\"2 minutos\" \/>\n<script type=\"application\/ld+json\" class=\"yoast-schema-graph\">{\"@context\":\"https:\/\/schema.org\",\"@graph\":[{\"@type\":\"Article\",\"@id\":\"https:\/\/www.rimontgowineries.com\/blog\/pl\/17-nagroda-vila-viniteca-za-degustacje-w-parach\/#article\",\"isPartOf\":{\"@id\":\"https:\/\/www.rimontgowineries.com\/blog\/pl\/17-nagroda-vila-viniteca-za-degustacje-w-parach\/\"},\"author\":{\"name\":\"Juan Luis Vanrell\",\"@id\":\"https:\/\/www.rimontgowineries.com\/blog\/#\/schema\/person\/9dc43a22f8b4b5cca821369523f3c455\"},\"headline\":\"17. nagroda Vila Viniteca za degustacj\u0119 w parach\",\"datePublished\":\"2025-04-07T09:06:07+00:00\",\"dateModified\":\"2025-04-07T09:08:29+00:00\",\"mainEntityOfPage\":{\"@id\":\"https:\/\/www.rimontgowineries.com\/blog\/pl\/17-nagroda-vila-viniteca-za-degustacje-w-parach\/\"},\"wordCount\":474,\"commentCount\":0,\"publisher\":{\"@id\":\"https:\/\/www.rimontgowineries.com\/blog\/#organization\"},\"articleSection\":[\"Imprezy i wydarzenia\"],\"inLanguage\":\"es\",\"potentialAction\":[{\"@type\":\"CommentAction\",\"name\":\"Comment\",\"target\":[\"https:\/\/www.rimontgowineries.com\/blog\/pl\/17-nagroda-vila-viniteca-za-degustacje-w-parach\/#respond\"]}]},{\"@type\":\"WebPage\",\"@id\":\"https:\/\/www.rimontgowineries.com\/blog\/pl\/17-nagroda-vila-viniteca-za-degustacje-w-parach\/\",\"url\":\"https:\/\/www.rimontgowineries.com\/blog\/pl\/17-nagroda-vila-viniteca-za-degustacje-w-parach\/\",\"name\":\"17. nagroda Vila Viniteca za degustacj\u0119 w parach - Rimontgo Wineries\",\"isPartOf\":{\"@id\":\"https:\/\/www.rimontgowineries.com\/blog\/#website\"},\"datePublished\":\"2025-04-07T09:06:07+00:00\",\"dateModified\":\"2025-04-07T09:08:29+00:00\",\"breadcrumb\":{\"@id\":\"https:\/\/www.rimontgowineries.com\/blog\/pl\/17-nagroda-vila-viniteca-za-degustacje-w-parach\/#breadcrumb\"},\"inLanguage\":\"es\",\"potentialAction\":[{\"@type\":\"ReadAction\",\"target\":[\"https:\/\/www.rimontgowineries.com\/blog\/pl\/17-nagroda-vila-viniteca-za-degustacje-w-parach\/\"]}]},{\"@type\":\"BreadcrumbList\",\"@id\":\"https:\/\/www.rimontgowineries.com\/blog\/pl\/17-nagroda-vila-viniteca-za-degustacje-w-parach\/#breadcrumb\",\"itemListElement\":[{\"@type\":\"ListItem\",\"position\":1,\"name\":\"Home\",\"item\":\"https:\/\/www.rimontgowineries.com\/blog\/es\/\"},{\"@type\":\"ListItem\",\"position\":2,\"name\":\"17. nagroda Vila Viniteca za degustacj\u0119 w parach\"}]},{\"@type\":\"WebSite\",\"@id\":\"https:\/\/www.rimontgowineries.com\/blog\/#website\",\"url\":\"https:\/\/www.rimontgowineries.com\/blog\/\",\"name\":\"Rimontgo Wineries\",\"description\":\"Rimontgo Wineries\",\"publisher\":{\"@id\":\"https:\/\/www.rimontgowineries.com\/blog\/#organization\"},\"potentialAction\":[{\"@type\":\"SearchAction\",\"target\":{\"@type\":\"EntryPoint\",\"urlTemplate\":\"https:\/\/www.rimontgowineries.com\/blog\/?s={search_term_string}\"},\"query-input\":\"required name=search_term_string\"}],\"inLanguage\":\"es\"},{\"@type\":\"Organization\",\"@id\":\"https:\/\/www.rimontgowineries.com\/blog\/#organization\",\"name\":\"Rimontgo Wineries\",\"url\":\"https:\/\/www.rimontgowineries.com\/blog\/\",\"logo\":{\"@type\":\"ImageObject\",\"inLanguage\":\"es\",\"@id\":\"https:\/\/www.rimontgowineries.com\/blog\/#\/schema\/logo\/image\/\",\"url\":\"https:\/\/www.rimontgowineries.com\/blog\/wp-content\/uploads\/2020\/03\/logo_bodegas_wineries_EN.svg\",\"contentUrl\":\"https:\/\/www.rimontgowineries.com\/blog\/wp-content\/uploads\/2020\/03\/logo_bodegas_wineries_EN.svg\",\"width\":134,\"height\":34,\"caption\":\"Rimontgo Wineries\"},\"image\":{\"@id\":\"https:\/\/www.rimontgowineries.com\/blog\/#\/schema\/logo\/image\/\"}},{\"@type\":\"Person\",\"@id\":\"https:\/\/www.rimontgowineries.com\/blog\/#\/schema\/person\/9dc43a22f8b4b5cca821369523f3c455\",\"name\":\"Juan Luis Vanrell\",\"image\":{\"@type\":\"ImageObject\",\"inLanguage\":\"es\",\"@id\":\"https:\/\/www.rimontgowineries.com\/blog\/#\/schema\/person\/image\/\",\"url\":\"https:\/\/secure.gravatar.com\/avatar\/ffaf84a9253780c50f123fc18a9c2266?s=96&d=mm&r=g\",\"contentUrl\":\"https:\/\/secure.gravatar.com\/avatar\/ffaf84a9253780c50f123fc18a9c2266?s=96&d=mm&r=g\",\"caption\":\"Juan Luis Vanrell\"},\"url\":\"https:\/\/www.rimontgowineries.com\/blog\/author\/juanluis\/\"}]}<\/script>\n<!-- \/ Yoast SEO plugin. -->","yoast_head_json":{"title":"17. nagroda Vila Viniteca za degustacj\u0119 w parach - Rimontgo Wineries","robots":{"index":"index","follow":"follow","max-snippet":"max-snippet:-1","max-image-preview":"max-image-preview:large","max-video-preview":"max-video-preview:-1"},"canonical":"https:\/\/www.rimontgowineries.com\/blog\/pl\/17-nagroda-vila-viniteca-za-degustacje-w-parach\/","og_locale":"es_ES","og_type":"article","og_title":"17. nagroda Vila Viniteca za degustacj\u0119 w parach - Rimontgo Wineries","og_description":"Po raz kolejny w tym roku Juan Luis Vanrell i Daniel Monsonis wzi\u0119li udzia\u0142 w renomowanym konkursie Vila Viniteca Wine Tasting Award for Pairs. Mimo \u017ce nie uda\u0142o im si\u0119 zakwalifikowa\u0107 do fina\u0142u, dzie\u0144 pozostawi\u0142 po sobie wspania\u0142e wra\u017cenia, wyzwania zwi\u0105zane z winem i atmosfer\u0119 na wysokim poziomie. Trudne wina, odwa\u017cne zak\u0142ady i faza fina\u0142owa z presti\u017cowymi etykietami charakteryzowa\u0142y t\u0119 edycj\u0119, kt\u00f3ra zako\u0144czy\u0142a si\u0119 zwyci\u0119stwem francuskiej pary. Wyj\u0105tkowe do\u015bwiadczenie dla mi\u0142o\u015bnik\u00f3w wina i degustacji.","og_url":"https:\/\/www.rimontgowineries.com\/blog\/pl\/17-nagroda-vila-viniteca-za-degustacje-w-parach\/","og_site_name":"Rimontgo Wineries","article_published_time":"2025-04-07T09:06:07+00:00","article_modified_time":"2025-04-07T09:08:29+00:00","og_image":[{"width":799,"height":533,"url":"https:\/\/www.rimontgowineries.com\/blog\/wp-content\/uploads\/2025\/04\/17-vila-viniteca.jpg","type":"image\/jpeg"}],"author":"Juan Luis Vanrell","twitter_card":"summary_large_image","twitter_misc":{"Written by":"Juan Luis Vanrell","Est. reading time":"2 minutos"},"schema":{"@context":"https:\/\/schema.org","@graph":[{"@type":"Article","@id":"https:\/\/www.rimontgowineries.com\/blog\/pl\/17-nagroda-vila-viniteca-za-degustacje-w-parach\/#article","isPartOf":{"@id":"https:\/\/www.rimontgowineries.com\/blog\/pl\/17-nagroda-vila-viniteca-za-degustacje-w-parach\/"},"author":{"name":"Juan Luis Vanrell","@id":"https:\/\/www.rimontgowineries.com\/blog\/#\/schema\/person\/9dc43a22f8b4b5cca821369523f3c455"},"headline":"17. nagroda Vila Viniteca za degustacj\u0119 w parach","datePublished":"2025-04-07T09:06:07+00:00","dateModified":"2025-04-07T09:08:29+00:00","mainEntityOfPage":{"@id":"https:\/\/www.rimontgowineries.com\/blog\/pl\/17-nagroda-vila-viniteca-za-degustacje-w-parach\/"},"wordCount":474,"commentCount":0,"publisher":{"@id":"https:\/\/www.rimontgowineries.com\/blog\/#organization"},"articleSection":["Imprezy i wydarzenia"],"inLanguage":"es","potentialAction":[{"@type":"CommentAction","name":"Comment","target":["https:\/\/www.rimontgowineries.com\/blog\/pl\/17-nagroda-vila-viniteca-za-degustacje-w-parach\/#respond"]}]},{"@type":"WebPage","@id":"https:\/\/www.rimontgowineries.com\/blog\/pl\/17-nagroda-vila-viniteca-za-degustacje-w-parach\/","url":"https:\/\/www.rimontgowineries.com\/blog\/pl\/17-nagroda-vila-viniteca-za-degustacje-w-parach\/","name":"17. nagroda Vila Viniteca za degustacj\u0119 w parach - Rimontgo Wineries","isPartOf":{"@id":"https:\/\/www.rimontgowineries.com\/blog\/#website"},"datePublished":"2025-04-07T09:06:07+00:00","dateModified":"2025-04-07T09:08:29+00:00","breadcrumb":{"@id":"https:\/\/www.rimontgowineries.com\/blog\/pl\/17-nagroda-vila-viniteca-za-degustacje-w-parach\/#breadcrumb"},"inLanguage":"es","potentialAction":[{"@type":"ReadAction","target":["https:\/\/www.rimontgowineries.com\/blog\/pl\/17-nagroda-vila-viniteca-za-degustacje-w-parach\/"]}]},{"@type":"BreadcrumbList","@id":"https:\/\/www.rimontgowineries.com\/blog\/pl\/17-nagroda-vila-viniteca-za-degustacje-w-parach\/#breadcrumb","itemListElement":[{"@type":"ListItem","position":1,"name":"Home","item":"https:\/\/www.rimontgowineries.com\/blog\/es\/"},{"@type":"ListItem","position":2,"name":"17. nagroda Vila Viniteca za degustacj\u0119 w parach"}]},{"@type":"WebSite","@id":"https:\/\/www.rimontgowineries.com\/blog\/#website","url":"https:\/\/www.rimontgowineries.com\/blog\/","name":"Rimontgo Wineries","description":"Rimontgo Wineries","publisher":{"@id":"https:\/\/www.rimontgowineries.com\/blog\/#organization"},"potentialAction":[{"@type":"SearchAction","target":{"@type":"EntryPoint","urlTemplate":"https:\/\/www.rimontgowineries.com\/blog\/?s={search_term_string}"},"query-input":"required name=search_term_string"}],"inLanguage":"es"},{"@type":"Organization","@id":"https:\/\/www.rimontgowineries.com\/blog\/#organization","name":"Rimontgo Wineries","url":"https:\/\/www.rimontgowineries.com\/blog\/","logo":{"@type":"ImageObject","inLanguage":"es","@id":"https:\/\/www.rimontgowineries.com\/blog\/#\/schema\/logo\/image\/","url":"https:\/\/www.rimontgowineries.com\/blog\/wp-content\/uploads\/2020\/03\/logo_bodegas_wineries_EN.svg","contentUrl":"https:\/\/www.rimontgowineries.com\/blog\/wp-content\/uploads\/2020\/03\/logo_bodegas_wineries_EN.svg","width":134,"height":34,"caption":"Rimontgo Wineries"},"image":{"@id":"https:\/\/www.rimontgowineries.com\/blog\/#\/schema\/logo\/image\/"}},{"@type":"Person","@id":"https:\/\/www.rimontgowineries.com\/blog\/#\/schema\/person\/9dc43a22f8b4b5cca821369523f3c455","name":"Juan Luis Vanrell","image":{"@type":"ImageObject","inLanguage":"es","@id":"https:\/\/www.rimontgowineries.com\/blog\/#\/schema\/person\/image\/","url":"https:\/\/secure.gravatar.com\/avatar\/ffaf84a9253780c50f123fc18a9c2266?s=96&d=mm&r=g","contentUrl":"https:\/\/secure.gravatar.com\/avatar\/ffaf84a9253780c50f123fc18a9c2266?s=96&d=mm&r=g","caption":"Juan Luis Vanrell"},"url":"https:\/\/www.rimontgowineries.com\/blog\/author\/juanluis\/"}]}},"_links":{"self":[{"href":"https:\/\/www.rimontgowineries.com\/blog\/wp-json\/wp\/v2\/posts\/23050"}],"collection":[{"href":"https:\/\/www.rimontgowineries.com\/blog\/wp-json\/wp\/v2\/posts"}],"about":[{"href":"https:\/\/www.rimontgowineries.com\/blog\/wp-json\/wp\/v2\/types\/post"}],"author":[{"embeddable":true,"href":"https:\/\/www.rimontgowineries.com\/blog\/wp-json\/wp\/v2\/users\/2"}],"replies":[{"embeddable":true,"href":"https:\/\/www.rimontgowineries.com\/blog\/wp-json\/wp\/v2\/comments?post=23050"}],"version-history":[{"count":1,"href":"https:\/\/www.rimontgowineries.com\/blog\/wp-json\/wp\/v2\/posts\/23050\/revisions"}],"predecessor-version":[{"id":23051,"href":"https:\/\/www.rimontgowineries.com\/blog\/wp-json\/wp\/v2\/posts\/23050\/revisions\/23051"}],"wp:featuredmedia":[{"embeddable":true,"href":"https:\/\/www.rimontgowineries.com\/blog\/wp-json\/wp\/v2\/media\/23039"}],"wp:attachment":[{"href":"https:\/\/www.rimontgowineries.com\/blog\/wp-json\/wp\/v2\/media?parent=23050"}],"wp:term":[{"taxonomy":"category","embeddable":true,"href":"https:\/\/www.rimontgowineries.com\/blog\/wp-json\/wp\/v2\/categories?post=23050"},{"taxonomy":"post_tag","embeddable":true,"href":"https:\/\/www.rimontgowineries.com\/blog\/wp-json\/wp\/v2\/tags?post=23050"}],"curies":[{"name":"wp","href":"https:\/\/api.w.org\/{rel}","templated":true}]}}