{"id":23056,"date":"2025-04-25T12:10:58","date_gmt":"2025-04-25T10:10:58","guid":{"rendered":"https:\/\/www.rimontgowineries.com\/blog\/?p=23056"},"modified":"2025-04-25T12:11:35","modified_gmt":"2025-04-25T10:11:35","slug":"los-sentidos-del-vino-el-color","status":"publish","type":"post","link":"https:\/\/www.rimontgowineries.com\/blog\/es\/los-sentidos-del-vino-el-color\/","title":{"rendered":"Los sentidos del vino: el color"},"content":{"rendered":"\n<p>El color de un vino no es casual, sino que responde a diversos motivos. Hay vinos con mayor capa de color; otros que tienen un ribete amoratado o cereza o atejado, en diversos grados; tambi\u00e9n algunos que son m\u00e1s limpios y brillantes. Todas estas circunstancias no son fortuitas, sino que responden a determinados y variados factores.<\/p>\n\n\n\n<p>Cada variedad de uva tiene sus propias caracter\u00edsticas. Unas dan tonos m\u00e1s claros y otras m\u00e1s oscuros. Por ejemplo, la pinot noir, la nebbiolo, la garnacha, la poulsard, la merenzao\/trosseau dan capas bajas, mientras que la cabernet sauvignon, la merlot, la tempranillo, la garnacha tintorera o la syrah muestras capas altas. No obstante, debemos tener presente que la forma de elaboraci\u00f3n tambi\u00e9n influye, de forma importante, en el color final, pues el tiempo de maceraci\u00f3n de la uva tinta proporcionar\u00e1 vinos de mayor color, mientras que la maceraci\u00f3n de variedades blancas dar\u00e1 lugar a vinos naranjas.<\/p>\n\n\n\n<p>La edad del vino tambi\u00e9n deja su huella. Cuanto m\u00e1s viejo, la oxidaci\u00f3n es mayor, por lo que el color del vino se oscurece en los blancos y da tonos atejados en los tintos. As\u00ed, con car\u00e1cter general, el ribete de los vinos blancos j\u00f3venes es m\u00e1s p\u00e1lido, mientras que en los tintos j\u00f3venes es m\u00e1s amoratado. Reglas que tambi\u00e9n son aplicables a los espumosos y en los vinos dulces.<\/p>\n\n\n\n<p>Las horas de sol de las zonas vin\u00edcolas tambi\u00e9n tienen su influencia en el color de los vinos. Como regla general, porque siempre es matizable, cuanto m\u00e1s sol m\u00e1s color, ejemplo que es palpable en la mayor\u00eda de las zonas de Espa\u00f1a y Portugal, en el sur de Francia, en el sur de Italia, en California, en Chile, en Argentina o en Sud\u00e1frica. Regla que, l\u00f3gicamente, resulta aplicable al viceversa en las zonas fr\u00edas, con menos horas de sol, pues dan vinos de tonos m\u00e1s p\u00e1lidos.<\/p>\n","protected":false},"excerpt":{"rendered":"<p>El color del vino no es solo una cuesti\u00f3n est\u00e9tica, sino una pista sensorial que revela su origen, su edad, su variedad y hasta su clima. Desde los matices p\u00e1lidos de un blanco joven hasta los ribetes atejados de un tinto envejecido, el vino habla a trav\u00e9s de sus tonos.<\/p>\n","protected":false},"author":2,"featured_media":23058,"comment_status":"open","ping_status":"open","sticky":false,"template":"","format":"standard","meta":{"_mi_skip_tracking":false,"_monsterinsights_sitenote_active":false,"_monsterinsights_sitenote_note":"","_monsterinsights_sitenote_category":0,"footnotes":""},"categories":[3090],"tags":[],"yoast_head":"<!-- This site is optimized with the Yoast SEO plugin v21.5 - https:\/\/yoast.com\/wordpress\/plugins\/seo\/ -->\n<title>El color del vino: qu\u00e9 lo determina y qu\u00e9 revela | Rimontg\u00f3 Bodegas<\/title>\n<meta name=\"description\" content=\"La variedad de uva, el m\u00e9todo de elaboraci\u00f3n, la edad del vino y el clima determinan su color. Una mirada al lenguaje visual del vino.\" \/>\n<meta name=\"robots\" content=\"index, follow, max-snippet:-1, max-image-preview:large, max-video-preview:-1\" \/>\n<link rel=\"canonical\" href=\"https:\/\/www.rimontgowineries.com\/blog\/es\/los-sentidos-del-vino-el-color\/\" \/>\n<meta property=\"og:locale\" content=\"es_ES\" \/>\n<meta property=\"og:type\" content=\"article\" \/>\n<meta property=\"og:title\" content=\"El color del vino: qu\u00e9 lo determina y qu\u00e9 revela | Rimontg\u00f3 Bodegas\" \/>\n<meta property=\"og:description\" content=\"La variedad de uva, el m\u00e9todo de elaboraci\u00f3n, la edad del vino y el clima determinan su color. Una mirada al lenguaje visual del vino.\" \/>\n<meta property=\"og:url\" content=\"https:\/\/www.rimontgowineries.com\/blog\/es\/los-sentidos-del-vino-el-color\/\" \/>\n<meta property=\"og:site_name\" content=\"Rimontgo Wineries\" \/>\n<meta property=\"article:published_time\" content=\"2025-04-25T10:10:58+00:00\" \/>\n<meta property=\"article:modified_time\" content=\"2025-04-25T10:11:35+00:00\" \/>\n<meta property=\"og:image\" content=\"https:\/\/www.rimontgowineries.com\/blog\/wp-content\/uploads\/2025\/04\/vino-color-1.jpg\" \/>\n\t<meta property=\"og:image:width\" content=\"2072\" \/>\n\t<meta property=\"og:image:height\" content=\"1379\" \/>\n\t<meta property=\"og:image:type\" content=\"image\/jpeg\" \/>\n<meta name=\"author\" content=\"Juan Luis Vanrell\" \/>\n<meta name=\"twitter:card\" content=\"summary_large_image\" \/>\n<meta name=\"twitter:label1\" content=\"Written by\" \/>\n\t<meta name=\"twitter:data1\" content=\"Juan Luis Vanrell\" \/>\n\t<meta name=\"twitter:label2\" content=\"Est. reading time\" \/>\n\t<meta name=\"twitter:data2\" content=\"2 minutos\" \/>\n<script type=\"application\/ld+json\" class=\"yoast-schema-graph\">{\"@context\":\"https:\/\/schema.org\",\"@graph\":[{\"@type\":\"Article\",\"@id\":\"https:\/\/www.rimontgowineries.com\/blog\/es\/los-sentidos-del-vino-el-color\/#article\",\"isPartOf\":{\"@id\":\"https:\/\/www.rimontgowineries.com\/blog\/es\/los-sentidos-del-vino-el-color\/\"},\"author\":{\"name\":\"Juan Luis Vanrell\",\"@id\":\"https:\/\/www.rimontgowineries.com\/blog\/#\/schema\/person\/9dc43a22f8b4b5cca821369523f3c455\"},\"headline\":\"Los sentidos del vino: el color\",\"datePublished\":\"2025-04-25T10:10:58+00:00\",\"dateModified\":\"2025-04-25T10:11:35+00:00\",\"mainEntityOfPage\":{\"@id\":\"https:\/\/www.rimontgowineries.com\/blog\/es\/los-sentidos-del-vino-el-color\/\"},\"wordCount\":345,\"commentCount\":6,\"publisher\":{\"@id\":\"https:\/\/www.rimontgowineries.com\/blog\/#organization\"},\"articleSection\":[\"Mundo del vino\"],\"inLanguage\":\"es\",\"potentialAction\":[{\"@type\":\"CommentAction\",\"name\":\"Comment\",\"target\":[\"https:\/\/www.rimontgowineries.com\/blog\/es\/los-sentidos-del-vino-el-color\/#respond\"]}]},{\"@type\":\"WebPage\",\"@id\":\"https:\/\/www.rimontgowineries.com\/blog\/es\/los-sentidos-del-vino-el-color\/\",\"url\":\"https:\/\/www.rimontgowineries.com\/blog\/es\/los-sentidos-del-vino-el-color\/\",\"name\":\"El color del vino: qu\u00e9 lo determina y qu\u00e9 revela | Rimontg\u00f3 Bodegas\",\"isPartOf\":{\"@id\":\"https:\/\/www.rimontgowineries.com\/blog\/#website\"},\"datePublished\":\"2025-04-25T10:10:58+00:00\",\"dateModified\":\"2025-04-25T10:11:35+00:00\",\"description\":\"La variedad de uva, el m\u00e9todo de elaboraci\u00f3n, la edad del vino y el clima determinan su color. Una mirada al lenguaje visual del vino.\",\"breadcrumb\":{\"@id\":\"https:\/\/www.rimontgowineries.com\/blog\/es\/los-sentidos-del-vino-el-color\/#breadcrumb\"},\"inLanguage\":\"es\",\"potentialAction\":[{\"@type\":\"ReadAction\",\"target\":[\"https:\/\/www.rimontgowineries.com\/blog\/es\/los-sentidos-del-vino-el-color\/\"]}]},{\"@type\":\"BreadcrumbList\",\"@id\":\"https:\/\/www.rimontgowineries.com\/blog\/es\/los-sentidos-del-vino-el-color\/#breadcrumb\",\"itemListElement\":[{\"@type\":\"ListItem\",\"position\":1,\"name\":\"Home\",\"item\":\"https:\/\/www.rimontgowineries.com\/blog\/es\/\"},{\"@type\":\"ListItem\",\"position\":2,\"name\":\"Los sentidos del vino: el color\"}]},{\"@type\":\"WebSite\",\"@id\":\"https:\/\/www.rimontgowineries.com\/blog\/#website\",\"url\":\"https:\/\/www.rimontgowineries.com\/blog\/\",\"name\":\"Rimontgo Wineries\",\"description\":\"Rimontgo Wineries\",\"publisher\":{\"@id\":\"https:\/\/www.rimontgowineries.com\/blog\/#organization\"},\"potentialAction\":[{\"@type\":\"SearchAction\",\"target\":{\"@type\":\"EntryPoint\",\"urlTemplate\":\"https:\/\/www.rimontgowineries.com\/blog\/?s={search_term_string}\"},\"query-input\":\"required name=search_term_string\"}],\"inLanguage\":\"es\"},{\"@type\":\"Organization\",\"@id\":\"https:\/\/www.rimontgowineries.com\/blog\/#organization\",\"name\":\"Rimontgo Wineries\",\"url\":\"https:\/\/www.rimontgowineries.com\/blog\/\",\"logo\":{\"@type\":\"ImageObject\",\"inLanguage\":\"es\",\"@id\":\"https:\/\/www.rimontgowineries.com\/blog\/#\/schema\/logo\/image\/\",\"url\":\"https:\/\/www.rimontgowineries.com\/blog\/wp-content\/uploads\/2020\/03\/logo_bodegas_wineries_EN.svg\",\"contentUrl\":\"https:\/\/www.rimontgowineries.com\/blog\/wp-content\/uploads\/2020\/03\/logo_bodegas_wineries_EN.svg\",\"width\":134,\"height\":34,\"caption\":\"Rimontgo Wineries\"},\"image\":{\"@id\":\"https:\/\/www.rimontgowineries.com\/blog\/#\/schema\/logo\/image\/\"}},{\"@type\":\"Person\",\"@id\":\"https:\/\/www.rimontgowineries.com\/blog\/#\/schema\/person\/9dc43a22f8b4b5cca821369523f3c455\",\"name\":\"Juan Luis Vanrell\",\"image\":{\"@type\":\"ImageObject\",\"inLanguage\":\"es\",\"@id\":\"https:\/\/www.rimontgowineries.com\/blog\/#\/schema\/person\/image\/\",\"url\":\"https:\/\/secure.gravatar.com\/avatar\/ffaf84a9253780c50f123fc18a9c2266?s=96&d=mm&r=g\",\"contentUrl\":\"https:\/\/secure.gravatar.com\/avatar\/ffaf84a9253780c50f123fc18a9c2266?s=96&d=mm&r=g\",\"caption\":\"Juan Luis Vanrell\"},\"url\":\"https:\/\/www.rimontgowineries.com\/blog\/author\/juanluis\/\"}]}<\/script>\n<!-- \/ Yoast SEO plugin. -->","yoast_head_json":{"title":"El color del vino: qu\u00e9 lo determina y qu\u00e9 revela | Rimontg\u00f3 Bodegas","description":"La variedad de uva, el m\u00e9todo de elaboraci\u00f3n, la edad del vino y el clima determinan su color. Una mirada al lenguaje visual del vino.","robots":{"index":"index","follow":"follow","max-snippet":"max-snippet:-1","max-image-preview":"max-image-preview:large","max-video-preview":"max-video-preview:-1"},"canonical":"https:\/\/www.rimontgowineries.com\/blog\/es\/los-sentidos-del-vino-el-color\/","og_locale":"es_ES","og_type":"article","og_title":"El color del vino: qu\u00e9 lo determina y qu\u00e9 revela | Rimontg\u00f3 Bodegas","og_description":"La variedad de uva, el m\u00e9todo de elaboraci\u00f3n, la edad del vino y el clima determinan su color. Una mirada al lenguaje visual del vino.","og_url":"https:\/\/www.rimontgowineries.com\/blog\/es\/los-sentidos-del-vino-el-color\/","og_site_name":"Rimontgo Wineries","article_published_time":"2025-04-25T10:10:58+00:00","article_modified_time":"2025-04-25T10:11:35+00:00","og_image":[{"width":2072,"height":1379,"url":"https:\/\/www.rimontgowineries.com\/blog\/wp-content\/uploads\/2025\/04\/vino-color-1.jpg","type":"image\/jpeg"}],"author":"Juan Luis Vanrell","twitter_card":"summary_large_image","twitter_misc":{"Written by":"Juan Luis Vanrell","Est. reading time":"2 minutos"},"schema":{"@context":"https:\/\/schema.org","@graph":[{"@type":"Article","@id":"https:\/\/www.rimontgowineries.com\/blog\/es\/los-sentidos-del-vino-el-color\/#article","isPartOf":{"@id":"https:\/\/www.rimontgowineries.com\/blog\/es\/los-sentidos-del-vino-el-color\/"},"author":{"name":"Juan Luis Vanrell","@id":"https:\/\/www.rimontgowineries.com\/blog\/#\/schema\/person\/9dc43a22f8b4b5cca821369523f3c455"},"headline":"Los sentidos del vino: el color","datePublished":"2025-04-25T10:10:58+00:00","dateModified":"2025-04-25T10:11:35+00:00","mainEntityOfPage":{"@id":"https:\/\/www.rimontgowineries.com\/blog\/es\/los-sentidos-del-vino-el-color\/"},"wordCount":345,"commentCount":6,"publisher":{"@id":"https:\/\/www.rimontgowineries.com\/blog\/#organization"},"articleSection":["Mundo del vino"],"inLanguage":"es","potentialAction":[{"@type":"CommentAction","name":"Comment","target":["https:\/\/www.rimontgowineries.com\/blog\/es\/los-sentidos-del-vino-el-color\/#respond"]}]},{"@type":"WebPage","@id":"https:\/\/www.rimontgowineries.com\/blog\/es\/los-sentidos-del-vino-el-color\/","url":"https:\/\/www.rimontgowineries.com\/blog\/es\/los-sentidos-del-vino-el-color\/","name":"El color del vino: qu\u00e9 lo determina y qu\u00e9 revela | Rimontg\u00f3 Bodegas","isPartOf":{"@id":"https:\/\/www.rimontgowineries.com\/blog\/#website"},"datePublished":"2025-04-25T10:10:58+00:00","dateModified":"2025-04-25T10:11:35+00:00","description":"La variedad de uva, el m\u00e9todo de elaboraci\u00f3n, la edad del vino y el clima determinan su color. Una mirada al lenguaje visual del vino.","breadcrumb":{"@id":"https:\/\/www.rimontgowineries.com\/blog\/es\/los-sentidos-del-vino-el-color\/#breadcrumb"},"inLanguage":"es","potentialAction":[{"@type":"ReadAction","target":["https:\/\/www.rimontgowineries.com\/blog\/es\/los-sentidos-del-vino-el-color\/"]}]},{"@type":"BreadcrumbList","@id":"https:\/\/www.rimontgowineries.com\/blog\/es\/los-sentidos-del-vino-el-color\/#breadcrumb","itemListElement":[{"@type":"ListItem","position":1,"name":"Home","item":"https:\/\/www.rimontgowineries.com\/blog\/es\/"},{"@type":"ListItem","position":2,"name":"Los sentidos del vino: el color"}]},{"@type":"WebSite","@id":"https:\/\/www.rimontgowineries.com\/blog\/#website","url":"https:\/\/www.rimontgowineries.com\/blog\/","name":"Rimontgo Wineries","description":"Rimontgo Wineries","publisher":{"@id":"https:\/\/www.rimontgowineries.com\/blog\/#organization"},"potentialAction":[{"@type":"SearchAction","target":{"@type":"EntryPoint","urlTemplate":"https:\/\/www.rimontgowineries.com\/blog\/?s={search_term_string}"},"query-input":"required name=search_term_string"}],"inLanguage":"es"},{"@type":"Organization","@id":"https:\/\/www.rimontgowineries.com\/blog\/#organization","name":"Rimontgo Wineries","url":"https:\/\/www.rimontgowineries.com\/blog\/","logo":{"@type":"ImageObject","inLanguage":"es","@id":"https:\/\/www.rimontgowineries.com\/blog\/#\/schema\/logo\/image\/","url":"https:\/\/www.rimontgowineries.com\/blog\/wp-content\/uploads\/2020\/03\/logo_bodegas_wineries_EN.svg","contentUrl":"https:\/\/www.rimontgowineries.com\/blog\/wp-content\/uploads\/2020\/03\/logo_bodegas_wineries_EN.svg","width":134,"height":34,"caption":"Rimontgo Wineries"},"image":{"@id":"https:\/\/www.rimontgowineries.com\/blog\/#\/schema\/logo\/image\/"}},{"@type":"Person","@id":"https:\/\/www.rimontgowineries.com\/blog\/#\/schema\/person\/9dc43a22f8b4b5cca821369523f3c455","name":"Juan Luis Vanrell","image":{"@type":"ImageObject","inLanguage":"es","@id":"https:\/\/www.rimontgowineries.com\/blog\/#\/schema\/person\/image\/","url":"https:\/\/secure.gravatar.com\/avatar\/ffaf84a9253780c50f123fc18a9c2266?s=96&d=mm&r=g","contentUrl":"https:\/\/secure.gravatar.com\/avatar\/ffaf84a9253780c50f123fc18a9c2266?s=96&d=mm&r=g","caption":"Juan Luis Vanrell"},"url":"https:\/\/www.rimontgowineries.com\/blog\/author\/juanluis\/"}]}},"_links":{"self":[{"href":"https:\/\/www.rimontgowineries.com\/blog\/wp-json\/wp\/v2\/posts\/23056"}],"collection":[{"href":"https:\/\/www.rimontgowineries.com\/blog\/wp-json\/wp\/v2\/posts"}],"about":[{"href":"https:\/\/www.rimontgowineries.com\/blog\/wp-json\/wp\/v2\/types\/post"}],"author":[{"embeddable":true,"href":"https:\/\/www.rimontgowineries.com\/blog\/wp-json\/wp\/v2\/users\/2"}],"replies":[{"embeddable":true,"href":"https:\/\/www.rimontgowineries.com\/blog\/wp-json\/wp\/v2\/comments?post=23056"}],"version-history":[{"count":1,"href":"https:\/\/www.rimontgowineries.com\/blog\/wp-json\/wp\/v2\/posts\/23056\/revisions"}],"predecessor-version":[{"id":23057,"href":"https:\/\/www.rimontgowineries.com\/blog\/wp-json\/wp\/v2\/posts\/23056\/revisions\/23057"}],"wp:featuredmedia":[{"embeddable":true,"href":"https:\/\/www.rimontgowineries.com\/blog\/wp-json\/wp\/v2\/media\/23058"}],"wp:attachment":[{"href":"https:\/\/www.rimontgowineries.com\/blog\/wp-json\/wp\/v2\/media?parent=23056"}],"wp:term":[{"taxonomy":"category","embeddable":true,"href":"https:\/\/www.rimontgowineries.com\/blog\/wp-json\/wp\/v2\/categories?post=23056"},{"taxonomy":"post_tag","embeddable":true,"href":"https:\/\/www.rimontgowineries.com\/blog\/wp-json\/wp\/v2\/tags?post=23056"}],"curies":[{"name":"wp","href":"https:\/\/api.w.org\/{rel}","templated":true}]}}