{"id":23067,"date":"2025-04-29T17:26:34","date_gmt":"2025-04-29T15:26:34","guid":{"rendered":"https:\/\/www.rimontgowineries.com\/blog\/?p=23067"},"modified":"2025-04-29T17:26:37","modified_gmt":"2025-04-29T15:26:37","slug":"les-sens-du-vin-la-couleur","status":"publish","type":"post","link":"https:\/\/www.rimontgowineries.com\/blog\/fr\/les-sens-du-vin-la-couleur\/","title":{"rendered":"Les sens du vin : la couleur"},"content":{"rendered":"\n<p>La couleur d\u2019un vin n\u2019est pas une co\u00efncidence, mais r\u00e9pond \u00e0 diverses raisons. Il existe des vins avec une plus grande couche de couleur ; d&#8217;autres qui ont une bordure violette, cerise ou noire, \u00e0 des degr\u00e9s divers ; aussi certains qui sont plus propres et plus lumineux. Toutes ces circonstances ne sont pas fortuites, mais r\u00e9pondent \u00e0 des facteurs certains et vari\u00e9s.<\/p>\n\n\n\n<p>Chaque c\u00e9page poss\u00e8de ses propres caract\u00e9ristiques. Certains donnent des tons plus clairs et d\u2019autres plus fonc\u00e9s. Par exemple, le Pinot Noir, le Nebbiolo, le Grenache, le Poulsard, le Merenzao\/Trosseau donnent des couches basses, tandis que le Cabernet Sauvignon, le Merlot, le Tempranillo, le Garnacha Tintorera ou la Syrah pr\u00e9sentent des couches \u00e9lev\u00e9es. Cependant, il faut garder \u00e0 l&#8217;esprit que le mode de production a \u00e9galement une influence importante sur la couleur finale, puisque le temps de mac\u00e9ration des raisins rouges donnera des vins plus color\u00e9s, tandis que la mac\u00e9ration des c\u00e9pages blancs donnera naissance \u00e0 des vins oranges.<\/p>\n\n\n\n<p>L&#8217;\u00e2ge du vin laisse \u00e9galement des traces. Plus il est \u00e2g\u00e9, plus l&#8217;oxydation est importante, c&#8217;est pourquoi la couleur du vin fonce chez les blancs et donne des tons sombres chez les rouges. Ainsi, en g\u00e9n\u00e9ral, le bord des vins blancs jeunes est plus p\u00e2le, tandis que celui des vins rouges jeunes est plus violet. Des r\u00e8gles qui s&#8217;appliquent \u00e9galement aux vins mousseux et aux vins doux.<\/p>\n\n\n\n<p>Les heures d&#8217;ensoleillement dans les zones viticoles ont \u00e9galement une influence sur la couleur des vins. En r\u00e8gle g\u00e9n\u00e9rale, parce que c&#8217;est toujours nuanc\u00e9, plus il y a de soleil, plus il y a de couleur, un exemple palpable dans la plupart des r\u00e9gions d&#8217;Espagne et du Portugal, dans le sud de la France, dans le sud de l&#8217;Italie, en Californie, au Chili, en Argentine ou en Afrique du Sud. Une r\u00e8gle qui, logiquement, s&#8217;applique inversement dans les r\u00e9gions froides, avec moins d&#8217;heures d&#8217;ensoleillement, car elles produisent des vins aux tons plus p\u00e2les.<\/p>\n","protected":false},"excerpt":{"rendered":"<p>La couleur du vin n&#8217;est pas seulement une question esth\u00e9tique, mais un indice sensoriel qui r\u00e9v\u00e8le son origine, son \u00e2ge, son c\u00e9page et m\u00eame son climat. Des nuances p\u00e2les d&#8217;un blanc jeune aux teintes taupes d&#8217;un rouge vieilli, le vin parle par ses tons.<\/p>\n","protected":false},"author":2,"featured_media":23061,"comment_status":"open","ping_status":"open","sticky":false,"template":"","format":"standard","meta":{"_mi_skip_tracking":false,"_monsterinsights_sitenote_active":false,"_monsterinsights_sitenote_note":"","_monsterinsights_sitenote_category":0,"footnotes":""},"categories":[3096],"tags":[],"yoast_head":"<!-- This site is optimized with the Yoast SEO plugin v21.5 - https:\/\/yoast.com\/wordpress\/plugins\/seo\/ -->\n<title>La couleur du vin : ce qui la d\u00e9termine et ce qu&#039;elle r\u00e9v\u00e8le | Rimontg\u00f3 Bodegas<\/title>\n<meta name=\"description\" content=\"Le c\u00e9page, la m\u00e9thode de vinification, l&#039;\u00e2ge du vin et le climat d\u00e9terminent sa couleur. Un regard sur le langage visuel du vin.\" \/>\n<meta name=\"robots\" content=\"index, follow, max-snippet:-1, max-image-preview:large, max-video-preview:-1\" \/>\n<link rel=\"canonical\" href=\"https:\/\/www.rimontgowineries.com\/blog\/fr\/les-sens-du-vin-la-couleur\/\" \/>\n<meta property=\"og:locale\" content=\"es_ES\" \/>\n<meta property=\"og:type\" content=\"article\" \/>\n<meta property=\"og:title\" content=\"La couleur du vin : ce qui la d\u00e9termine et ce qu&#039;elle r\u00e9v\u00e8le | Rimontg\u00f3 Bodegas\" \/>\n<meta property=\"og:description\" content=\"Le c\u00e9page, la m\u00e9thode de vinification, l&#039;\u00e2ge du vin et le climat d\u00e9terminent sa couleur. Un regard sur le langage visuel du vin.\" \/>\n<meta property=\"og:url\" content=\"https:\/\/www.rimontgowineries.com\/blog\/fr\/les-sens-du-vin-la-couleur\/\" \/>\n<meta property=\"og:site_name\" content=\"Rimontgo Wineries\" \/>\n<meta property=\"article:published_time\" content=\"2025-04-29T15:26:34+00:00\" \/>\n<meta property=\"article:modified_time\" content=\"2025-04-29T15:26:37+00:00\" \/>\n<meta property=\"og:image\" content=\"https:\/\/www.rimontgowineries.com\/blog\/wp-content\/uploads\/2025\/04\/vino-color-1.jpg\" \/>\n\t<meta property=\"og:image:width\" content=\"2072\" \/>\n\t<meta property=\"og:image:height\" content=\"1379\" \/>\n\t<meta property=\"og:image:type\" content=\"image\/jpeg\" \/>\n<meta name=\"author\" content=\"Juan Luis Vanrell\" \/>\n<meta name=\"twitter:card\" content=\"summary_large_image\" \/>\n<meta name=\"twitter:label1\" content=\"Written by\" \/>\n\t<meta name=\"twitter:data1\" content=\"Juan Luis Vanrell\" \/>\n\t<meta name=\"twitter:label2\" content=\"Est. reading time\" \/>\n\t<meta name=\"twitter:data2\" content=\"2 minutos\" \/>\n<script type=\"application\/ld+json\" class=\"yoast-schema-graph\">{\"@context\":\"https:\/\/schema.org\",\"@graph\":[{\"@type\":\"Article\",\"@id\":\"https:\/\/www.rimontgowineries.com\/blog\/fr\/les-sens-du-vin-la-couleur\/#article\",\"isPartOf\":{\"@id\":\"https:\/\/www.rimontgowineries.com\/blog\/fr\/les-sens-du-vin-la-couleur\/\"},\"author\":{\"name\":\"Juan Luis Vanrell\",\"@id\":\"https:\/\/www.rimontgowineries.com\/blog\/#\/schema\/person\/9dc43a22f8b4b5cca821369523f3c455\"},\"headline\":\"Les sens du vin : la couleur\",\"datePublished\":\"2025-04-29T15:26:34+00:00\",\"dateModified\":\"2025-04-29T15:26:37+00:00\",\"mainEntityOfPage\":{\"@id\":\"https:\/\/www.rimontgowineries.com\/blog\/fr\/les-sens-du-vin-la-couleur\/\"},\"wordCount\":351,\"commentCount\":0,\"publisher\":{\"@id\":\"https:\/\/www.rimontgowineries.com\/blog\/#organization\"},\"articleSection\":[\"Le monde du vin\"],\"inLanguage\":\"es\",\"potentialAction\":[{\"@type\":\"CommentAction\",\"name\":\"Comment\",\"target\":[\"https:\/\/www.rimontgowineries.com\/blog\/fr\/les-sens-du-vin-la-couleur\/#respond\"]}]},{\"@type\":\"WebPage\",\"@id\":\"https:\/\/www.rimontgowineries.com\/blog\/fr\/les-sens-du-vin-la-couleur\/\",\"url\":\"https:\/\/www.rimontgowineries.com\/blog\/fr\/les-sens-du-vin-la-couleur\/\",\"name\":\"La couleur du vin : ce qui la d\u00e9termine et ce qu'elle r\u00e9v\u00e8le | Rimontg\u00f3 Bodegas\",\"isPartOf\":{\"@id\":\"https:\/\/www.rimontgowineries.com\/blog\/#website\"},\"datePublished\":\"2025-04-29T15:26:34+00:00\",\"dateModified\":\"2025-04-29T15:26:37+00:00\",\"description\":\"Le c\u00e9page, la m\u00e9thode de vinification, l'\u00e2ge du vin et le climat d\u00e9terminent sa couleur. Un regard sur le langage visuel du vin.\",\"breadcrumb\":{\"@id\":\"https:\/\/www.rimontgowineries.com\/blog\/fr\/les-sens-du-vin-la-couleur\/#breadcrumb\"},\"inLanguage\":\"es\",\"potentialAction\":[{\"@type\":\"ReadAction\",\"target\":[\"https:\/\/www.rimontgowineries.com\/blog\/fr\/les-sens-du-vin-la-couleur\/\"]}]},{\"@type\":\"BreadcrumbList\",\"@id\":\"https:\/\/www.rimontgowineries.com\/blog\/fr\/les-sens-du-vin-la-couleur\/#breadcrumb\",\"itemListElement\":[{\"@type\":\"ListItem\",\"position\":1,\"name\":\"Home\",\"item\":\"https:\/\/www.rimontgowineries.com\/blog\/es\/\"},{\"@type\":\"ListItem\",\"position\":2,\"name\":\"Les sens du vin : la couleur\"}]},{\"@type\":\"WebSite\",\"@id\":\"https:\/\/www.rimontgowineries.com\/blog\/#website\",\"url\":\"https:\/\/www.rimontgowineries.com\/blog\/\",\"name\":\"Rimontgo Wineries\",\"description\":\"Rimontgo Wineries\",\"publisher\":{\"@id\":\"https:\/\/www.rimontgowineries.com\/blog\/#organization\"},\"potentialAction\":[{\"@type\":\"SearchAction\",\"target\":{\"@type\":\"EntryPoint\",\"urlTemplate\":\"https:\/\/www.rimontgowineries.com\/blog\/?s={search_term_string}\"},\"query-input\":\"required name=search_term_string\"}],\"inLanguage\":\"es\"},{\"@type\":\"Organization\",\"@id\":\"https:\/\/www.rimontgowineries.com\/blog\/#organization\",\"name\":\"Rimontgo Wineries\",\"url\":\"https:\/\/www.rimontgowineries.com\/blog\/\",\"logo\":{\"@type\":\"ImageObject\",\"inLanguage\":\"es\",\"@id\":\"https:\/\/www.rimontgowineries.com\/blog\/#\/schema\/logo\/image\/\",\"url\":\"https:\/\/www.rimontgowineries.com\/blog\/wp-content\/uploads\/2020\/03\/logo_bodegas_wineries_EN.svg\",\"contentUrl\":\"https:\/\/www.rimontgowineries.com\/blog\/wp-content\/uploads\/2020\/03\/logo_bodegas_wineries_EN.svg\",\"width\":134,\"height\":34,\"caption\":\"Rimontgo Wineries\"},\"image\":{\"@id\":\"https:\/\/www.rimontgowineries.com\/blog\/#\/schema\/logo\/image\/\"}},{\"@type\":\"Person\",\"@id\":\"https:\/\/www.rimontgowineries.com\/blog\/#\/schema\/person\/9dc43a22f8b4b5cca821369523f3c455\",\"name\":\"Juan Luis Vanrell\",\"image\":{\"@type\":\"ImageObject\",\"inLanguage\":\"es\",\"@id\":\"https:\/\/www.rimontgowineries.com\/blog\/#\/schema\/person\/image\/\",\"url\":\"https:\/\/secure.gravatar.com\/avatar\/ffaf84a9253780c50f123fc18a9c2266?s=96&d=mm&r=g\",\"contentUrl\":\"https:\/\/secure.gravatar.com\/avatar\/ffaf84a9253780c50f123fc18a9c2266?s=96&d=mm&r=g\",\"caption\":\"Juan Luis Vanrell\"},\"url\":\"https:\/\/www.rimontgowineries.com\/blog\/author\/juanluis\/\"}]}<\/script>\n<!-- \/ Yoast SEO plugin. -->","yoast_head_json":{"title":"La couleur du vin : ce qui la d\u00e9termine et ce qu'elle r\u00e9v\u00e8le | Rimontg\u00f3 Bodegas","description":"Le c\u00e9page, la m\u00e9thode de vinification, l'\u00e2ge du vin et le climat d\u00e9terminent sa couleur. Un regard sur le langage visuel du vin.","robots":{"index":"index","follow":"follow","max-snippet":"max-snippet:-1","max-image-preview":"max-image-preview:large","max-video-preview":"max-video-preview:-1"},"canonical":"https:\/\/www.rimontgowineries.com\/blog\/fr\/les-sens-du-vin-la-couleur\/","og_locale":"es_ES","og_type":"article","og_title":"La couleur du vin : ce qui la d\u00e9termine et ce qu'elle r\u00e9v\u00e8le | Rimontg\u00f3 Bodegas","og_description":"Le c\u00e9page, la m\u00e9thode de vinification, l'\u00e2ge du vin et le climat d\u00e9terminent sa couleur. Un regard sur le langage visuel du vin.","og_url":"https:\/\/www.rimontgowineries.com\/blog\/fr\/les-sens-du-vin-la-couleur\/","og_site_name":"Rimontgo Wineries","article_published_time":"2025-04-29T15:26:34+00:00","article_modified_time":"2025-04-29T15:26:37+00:00","og_image":[{"width":2072,"height":1379,"url":"https:\/\/www.rimontgowineries.com\/blog\/wp-content\/uploads\/2025\/04\/vino-color-1.jpg","type":"image\/jpeg"}],"author":"Juan Luis Vanrell","twitter_card":"summary_large_image","twitter_misc":{"Written by":"Juan Luis Vanrell","Est. reading time":"2 minutos"},"schema":{"@context":"https:\/\/schema.org","@graph":[{"@type":"Article","@id":"https:\/\/www.rimontgowineries.com\/blog\/fr\/les-sens-du-vin-la-couleur\/#article","isPartOf":{"@id":"https:\/\/www.rimontgowineries.com\/blog\/fr\/les-sens-du-vin-la-couleur\/"},"author":{"name":"Juan Luis Vanrell","@id":"https:\/\/www.rimontgowineries.com\/blog\/#\/schema\/person\/9dc43a22f8b4b5cca821369523f3c455"},"headline":"Les sens du vin : la couleur","datePublished":"2025-04-29T15:26:34+00:00","dateModified":"2025-04-29T15:26:37+00:00","mainEntityOfPage":{"@id":"https:\/\/www.rimontgowineries.com\/blog\/fr\/les-sens-du-vin-la-couleur\/"},"wordCount":351,"commentCount":0,"publisher":{"@id":"https:\/\/www.rimontgowineries.com\/blog\/#organization"},"articleSection":["Le monde du vin"],"inLanguage":"es","potentialAction":[{"@type":"CommentAction","name":"Comment","target":["https:\/\/www.rimontgowineries.com\/blog\/fr\/les-sens-du-vin-la-couleur\/#respond"]}]},{"@type":"WebPage","@id":"https:\/\/www.rimontgowineries.com\/blog\/fr\/les-sens-du-vin-la-couleur\/","url":"https:\/\/www.rimontgowineries.com\/blog\/fr\/les-sens-du-vin-la-couleur\/","name":"La couleur du vin : ce qui la d\u00e9termine et ce qu'elle r\u00e9v\u00e8le | Rimontg\u00f3 Bodegas","isPartOf":{"@id":"https:\/\/www.rimontgowineries.com\/blog\/#website"},"datePublished":"2025-04-29T15:26:34+00:00","dateModified":"2025-04-29T15:26:37+00:00","description":"Le c\u00e9page, la m\u00e9thode de vinification, l'\u00e2ge du vin et le climat d\u00e9terminent sa couleur. Un regard sur le langage visuel du vin.","breadcrumb":{"@id":"https:\/\/www.rimontgowineries.com\/blog\/fr\/les-sens-du-vin-la-couleur\/#breadcrumb"},"inLanguage":"es","potentialAction":[{"@type":"ReadAction","target":["https:\/\/www.rimontgowineries.com\/blog\/fr\/les-sens-du-vin-la-couleur\/"]}]},{"@type":"BreadcrumbList","@id":"https:\/\/www.rimontgowineries.com\/blog\/fr\/les-sens-du-vin-la-couleur\/#breadcrumb","itemListElement":[{"@type":"ListItem","position":1,"name":"Home","item":"https:\/\/www.rimontgowineries.com\/blog\/es\/"},{"@type":"ListItem","position":2,"name":"Les sens du vin : la couleur"}]},{"@type":"WebSite","@id":"https:\/\/www.rimontgowineries.com\/blog\/#website","url":"https:\/\/www.rimontgowineries.com\/blog\/","name":"Rimontgo Wineries","description":"Rimontgo Wineries","publisher":{"@id":"https:\/\/www.rimontgowineries.com\/blog\/#organization"},"potentialAction":[{"@type":"SearchAction","target":{"@type":"EntryPoint","urlTemplate":"https:\/\/www.rimontgowineries.com\/blog\/?s={search_term_string}"},"query-input":"required name=search_term_string"}],"inLanguage":"es"},{"@type":"Organization","@id":"https:\/\/www.rimontgowineries.com\/blog\/#organization","name":"Rimontgo Wineries","url":"https:\/\/www.rimontgowineries.com\/blog\/","logo":{"@type":"ImageObject","inLanguage":"es","@id":"https:\/\/www.rimontgowineries.com\/blog\/#\/schema\/logo\/image\/","url":"https:\/\/www.rimontgowineries.com\/blog\/wp-content\/uploads\/2020\/03\/logo_bodegas_wineries_EN.svg","contentUrl":"https:\/\/www.rimontgowineries.com\/blog\/wp-content\/uploads\/2020\/03\/logo_bodegas_wineries_EN.svg","width":134,"height":34,"caption":"Rimontgo Wineries"},"image":{"@id":"https:\/\/www.rimontgowineries.com\/blog\/#\/schema\/logo\/image\/"}},{"@type":"Person","@id":"https:\/\/www.rimontgowineries.com\/blog\/#\/schema\/person\/9dc43a22f8b4b5cca821369523f3c455","name":"Juan Luis Vanrell","image":{"@type":"ImageObject","inLanguage":"es","@id":"https:\/\/www.rimontgowineries.com\/blog\/#\/schema\/person\/image\/","url":"https:\/\/secure.gravatar.com\/avatar\/ffaf84a9253780c50f123fc18a9c2266?s=96&d=mm&r=g","contentUrl":"https:\/\/secure.gravatar.com\/avatar\/ffaf84a9253780c50f123fc18a9c2266?s=96&d=mm&r=g","caption":"Juan Luis Vanrell"},"url":"https:\/\/www.rimontgowineries.com\/blog\/author\/juanluis\/"}]}},"_links":{"self":[{"href":"https:\/\/www.rimontgowineries.com\/blog\/wp-json\/wp\/v2\/posts\/23067"}],"collection":[{"href":"https:\/\/www.rimontgowineries.com\/blog\/wp-json\/wp\/v2\/posts"}],"about":[{"href":"https:\/\/www.rimontgowineries.com\/blog\/wp-json\/wp\/v2\/types\/post"}],"author":[{"embeddable":true,"href":"https:\/\/www.rimontgowineries.com\/blog\/wp-json\/wp\/v2\/users\/2"}],"replies":[{"embeddable":true,"href":"https:\/\/www.rimontgowineries.com\/blog\/wp-json\/wp\/v2\/comments?post=23067"}],"version-history":[{"count":1,"href":"https:\/\/www.rimontgowineries.com\/blog\/wp-json\/wp\/v2\/posts\/23067\/revisions"}],"predecessor-version":[{"id":23068,"href":"https:\/\/www.rimontgowineries.com\/blog\/wp-json\/wp\/v2\/posts\/23067\/revisions\/23068"}],"wp:featuredmedia":[{"embeddable":true,"href":"https:\/\/www.rimontgowineries.com\/blog\/wp-json\/wp\/v2\/media\/23061"}],"wp:attachment":[{"href":"https:\/\/www.rimontgowineries.com\/blog\/wp-json\/wp\/v2\/media?parent=23067"}],"wp:term":[{"taxonomy":"category","embeddable":true,"href":"https:\/\/www.rimontgowineries.com\/blog\/wp-json\/wp\/v2\/categories?post=23067"},{"taxonomy":"post_tag","embeddable":true,"href":"https:\/\/www.rimontgowineries.com\/blog\/wp-json\/wp\/v2\/tags?post=23067"}],"curies":[{"name":"wp","href":"https:\/\/api.w.org\/{rel}","templated":true}]}}