{"id":23069,"date":"2025-04-29T17:39:30","date_gmt":"2025-04-29T15:39:30","guid":{"rendered":"https:\/\/www.rimontgowineries.com\/blog\/?p=23069"},"modified":"2025-04-29T17:39:33","modified_gmt":"2025-04-29T15:39:33","slug":"die-sinne-des-weins-die-farbe","status":"publish","type":"post","link":"https:\/\/www.rimontgowineries.com\/blog\/de\/die-sinne-des-weins-die-farbe\/","title":{"rendered":"Die Sinne Des Weins: Die Farbe"},"content":{"rendered":"\n<p>Die Farbe eines Weines ist kein Zufall, sondern hat verschiedene Ursachen. Es gibt Weine mit einer gr\u00f6\u00dferen Farbschicht; andere haben in unterschiedlichem Ausma\u00df einen violetten, kirschroten oder schwarzen Rand; auch einige, die sauberer und heller sind. All diese Umst\u00e4nde sind kein Zufall, sondern reagieren auf bestimmte und unterschiedliche Faktoren.<\/p>\n\n\n\n<p>Jede Rebsorte hat ihre eigenen Eigenschaften. Einige ergeben hellere T\u00f6ne, andere dunklere. Beispielsweise ergeben Pinot Noir, Nebbiolo, Grenache, Poulsard, Merenzao\/Trosseau niedrige Schichten, w\u00e4hrend Cabernet Sauvignon, Merlot, Tempranillo, Garnacha Tintorera oder Syrah hohe Schichten aufweisen. Wir m\u00fcssen jedoch bedenken, dass auch die Art der Herstellung einen wichtigen Einfluss auf die endg\u00fcltige Farbe hat, da die Mazerationszeit der roten Trauben den Weinen eine st\u00e4rkere Farbe verleiht, w\u00e4hrend die Mazeration der wei\u00dfen Sorten orangefarbene Weine hervorbringt. .<\/p>\n\n\n\n<p>Auch das Alter des Weines hinterl\u00e4sst seine Spuren. Je \u00e4lter er ist, desto st\u00e4rker ist die Oxidation, weshalb die Farbe des Weins bei Wei\u00dfweinen dunkler wird und bei Rotweinen dunkle T\u00f6ne ergibt. So ist der Rand bei jungen Wei\u00dfweinen im Allgemeinen blasser, w\u00e4hrend er bei jungen Rotweinen eher violett ist. Regeln, die auch f\u00fcr Schaumweine und S\u00fc\u00dfweine gelten.<\/p>\n\n\n\n<p>Auch die Sonnenstunden in den Weinanbaugebieten haben Einfluss auf die Farbe der Weine. Generell gilt, weil es immer nuanciert ist, je mehr Sonne, desto mehr Farbe, ein Beispiel, das in den meisten Gegenden Spaniens und Portugals, im S\u00fcden Frankreichs, im S\u00fcden Italiens, in Kalifornien, in Chile, sp\u00fcrbar ist Argentinien oder in S\u00fcdafrika. Eine Regel, die in kalten Gegenden mit weniger Sonnenstunden logischerweise auch umgekehrt gilt, da dort Weine mit blasseren T\u00f6nen entstehen.<\/p>\n","protected":false},"excerpt":{"rendered":"<p>Die Farbe des Weins ist nicht nur eine \u00e4sthetische Frage, sondern ein sensorischer Hinweis, der seine Herkunft, sein Alter, seine Sorte und sogar sein Klima verr\u00e4t. Von den hellen Schattierungen eines jungen Wei\u00dfweins bis zu den taupefarbenen T\u00f6nen eines gealterten Rotweins &#8211; Wein spricht durch seine T\u00f6ne.<\/p>\n","protected":false},"author":2,"featured_media":23060,"comment_status":"open","ping_status":"open","sticky":false,"template":"","format":"standard","meta":{"_mi_skip_tracking":false,"_monsterinsights_sitenote_active":false,"_monsterinsights_sitenote_note":"","_monsterinsights_sitenote_category":0,"footnotes":""},"categories":[3098],"tags":[],"yoast_head":"<!-- This site is optimized with the Yoast SEO plugin v21.5 - https:\/\/yoast.com\/wordpress\/plugins\/seo\/ -->\n<title>El color del vino: qu\u00e9 lo determina y qu\u00e9 revela | Rimontg\u00f3 Wineries<\/title>\n<meta name=\"description\" content=\"Die Rebsorte, die Weinbereitungsmethode, das Alter des Weins und das Klima bestimmen seine Farbe. Ein Blick auf die visuelle Sprache des Weins.\" \/>\n<meta name=\"robots\" content=\"index, follow, max-snippet:-1, max-image-preview:large, max-video-preview:-1\" \/>\n<link rel=\"canonical\" href=\"https:\/\/www.rimontgowineries.com\/blog\/de\/die-sinne-des-weins-die-farbe\/\" \/>\n<meta property=\"og:locale\" content=\"es_ES\" \/>\n<meta property=\"og:type\" content=\"article\" \/>\n<meta property=\"og:title\" content=\"El color del vino: qu\u00e9 lo determina y qu\u00e9 revela | Rimontg\u00f3 Wineries\" \/>\n<meta property=\"og:description\" content=\"Die Rebsorte, die Weinbereitungsmethode, das Alter des Weins und das Klima bestimmen seine Farbe. Ein Blick auf die visuelle Sprache des Weins.\" \/>\n<meta property=\"og:url\" content=\"https:\/\/www.rimontgowineries.com\/blog\/de\/die-sinne-des-weins-die-farbe\/\" \/>\n<meta property=\"og:site_name\" content=\"Rimontgo Wineries\" \/>\n<meta property=\"article:published_time\" content=\"2025-04-29T15:39:30+00:00\" \/>\n<meta property=\"article:modified_time\" content=\"2025-04-29T15:39:33+00:00\" \/>\n<meta property=\"og:image\" content=\"https:\/\/www.rimontgowineries.com\/blog\/wp-content\/uploads\/2025\/04\/vino-color-1.jpg\" \/>\n\t<meta property=\"og:image:width\" content=\"2072\" \/>\n\t<meta property=\"og:image:height\" content=\"1379\" \/>\n\t<meta property=\"og:image:type\" content=\"image\/jpeg\" \/>\n<meta name=\"author\" content=\"Juan Luis Vanrell\" \/>\n<meta name=\"twitter:card\" content=\"summary_large_image\" \/>\n<meta name=\"twitter:label1\" content=\"Written by\" \/>\n\t<meta name=\"twitter:data1\" content=\"Juan Luis Vanrell\" \/>\n\t<meta name=\"twitter:label2\" content=\"Est. reading time\" \/>\n\t<meta name=\"twitter:data2\" content=\"2 minutos\" \/>\n<script type=\"application\/ld+json\" class=\"yoast-schema-graph\">{\"@context\":\"https:\/\/schema.org\",\"@graph\":[{\"@type\":\"Article\",\"@id\":\"https:\/\/www.rimontgowineries.com\/blog\/de\/die-sinne-des-weins-die-farbe\/#article\",\"isPartOf\":{\"@id\":\"https:\/\/www.rimontgowineries.com\/blog\/de\/die-sinne-des-weins-die-farbe\/\"},\"author\":{\"name\":\"Juan Luis Vanrell\",\"@id\":\"https:\/\/www.rimontgowineries.com\/blog\/#\/schema\/person\/9dc43a22f8b4b5cca821369523f3c455\"},\"headline\":\"Die Sinne Des Weins: Die Farbe\",\"datePublished\":\"2025-04-29T15:39:30+00:00\",\"dateModified\":\"2025-04-29T15:39:33+00:00\",\"mainEntityOfPage\":{\"@id\":\"https:\/\/www.rimontgowineries.com\/blog\/de\/die-sinne-des-weins-die-farbe\/\"},\"wordCount\":281,\"commentCount\":0,\"publisher\":{\"@id\":\"https:\/\/www.rimontgowineries.com\/blog\/#organization\"},\"articleSection\":[\"Weinwelt\"],\"inLanguage\":\"es\",\"potentialAction\":[{\"@type\":\"CommentAction\",\"name\":\"Comment\",\"target\":[\"https:\/\/www.rimontgowineries.com\/blog\/de\/die-sinne-des-weins-die-farbe\/#respond\"]}]},{\"@type\":\"WebPage\",\"@id\":\"https:\/\/www.rimontgowineries.com\/blog\/de\/die-sinne-des-weins-die-farbe\/\",\"url\":\"https:\/\/www.rimontgowineries.com\/blog\/de\/die-sinne-des-weins-die-farbe\/\",\"name\":\"El color del vino: qu\u00e9 lo determina y qu\u00e9 revela | Rimontg\u00f3 Wineries\",\"isPartOf\":{\"@id\":\"https:\/\/www.rimontgowineries.com\/blog\/#website\"},\"datePublished\":\"2025-04-29T15:39:30+00:00\",\"dateModified\":\"2025-04-29T15:39:33+00:00\",\"description\":\"Die Rebsorte, die Weinbereitungsmethode, das Alter des Weins und das Klima bestimmen seine Farbe. Ein Blick auf die visuelle Sprache des Weins.\",\"breadcrumb\":{\"@id\":\"https:\/\/www.rimontgowineries.com\/blog\/de\/die-sinne-des-weins-die-farbe\/#breadcrumb\"},\"inLanguage\":\"es\",\"potentialAction\":[{\"@type\":\"ReadAction\",\"target\":[\"https:\/\/www.rimontgowineries.com\/blog\/de\/die-sinne-des-weins-die-farbe\/\"]}]},{\"@type\":\"BreadcrumbList\",\"@id\":\"https:\/\/www.rimontgowineries.com\/blog\/de\/die-sinne-des-weins-die-farbe\/#breadcrumb\",\"itemListElement\":[{\"@type\":\"ListItem\",\"position\":1,\"name\":\"Home\",\"item\":\"https:\/\/www.rimontgowineries.com\/blog\/es\/\"},{\"@type\":\"ListItem\",\"position\":2,\"name\":\"Die Sinne Des Weins: Die Farbe\"}]},{\"@type\":\"WebSite\",\"@id\":\"https:\/\/www.rimontgowineries.com\/blog\/#website\",\"url\":\"https:\/\/www.rimontgowineries.com\/blog\/\",\"name\":\"Rimontgo Wineries\",\"description\":\"Rimontgo Wineries\",\"publisher\":{\"@id\":\"https:\/\/www.rimontgowineries.com\/blog\/#organization\"},\"potentialAction\":[{\"@type\":\"SearchAction\",\"target\":{\"@type\":\"EntryPoint\",\"urlTemplate\":\"https:\/\/www.rimontgowineries.com\/blog\/?s={search_term_string}\"},\"query-input\":\"required name=search_term_string\"}],\"inLanguage\":\"es\"},{\"@type\":\"Organization\",\"@id\":\"https:\/\/www.rimontgowineries.com\/blog\/#organization\",\"name\":\"Rimontgo Wineries\",\"url\":\"https:\/\/www.rimontgowineries.com\/blog\/\",\"logo\":{\"@type\":\"ImageObject\",\"inLanguage\":\"es\",\"@id\":\"https:\/\/www.rimontgowineries.com\/blog\/#\/schema\/logo\/image\/\",\"url\":\"https:\/\/www.rimontgowineries.com\/blog\/wp-content\/uploads\/2020\/03\/logo_bodegas_wineries_EN.svg\",\"contentUrl\":\"https:\/\/www.rimontgowineries.com\/blog\/wp-content\/uploads\/2020\/03\/logo_bodegas_wineries_EN.svg\",\"width\":134,\"height\":34,\"caption\":\"Rimontgo Wineries\"},\"image\":{\"@id\":\"https:\/\/www.rimontgowineries.com\/blog\/#\/schema\/logo\/image\/\"}},{\"@type\":\"Person\",\"@id\":\"https:\/\/www.rimontgowineries.com\/blog\/#\/schema\/person\/9dc43a22f8b4b5cca821369523f3c455\",\"name\":\"Juan Luis Vanrell\",\"image\":{\"@type\":\"ImageObject\",\"inLanguage\":\"es\",\"@id\":\"https:\/\/www.rimontgowineries.com\/blog\/#\/schema\/person\/image\/\",\"url\":\"https:\/\/secure.gravatar.com\/avatar\/ffaf84a9253780c50f123fc18a9c2266?s=96&d=mm&r=g\",\"contentUrl\":\"https:\/\/secure.gravatar.com\/avatar\/ffaf84a9253780c50f123fc18a9c2266?s=96&d=mm&r=g\",\"caption\":\"Juan Luis Vanrell\"},\"url\":\"https:\/\/www.rimontgowineries.com\/blog\/author\/juanluis\/\"}]}<\/script>\n<!-- \/ Yoast SEO plugin. -->","yoast_head_json":{"title":"El color del vino: qu\u00e9 lo determina y qu\u00e9 revela | Rimontg\u00f3 Wineries","description":"Die Rebsorte, die Weinbereitungsmethode, das Alter des Weins und das Klima bestimmen seine Farbe. Ein Blick auf die visuelle Sprache des Weins.","robots":{"index":"index","follow":"follow","max-snippet":"max-snippet:-1","max-image-preview":"max-image-preview:large","max-video-preview":"max-video-preview:-1"},"canonical":"https:\/\/www.rimontgowineries.com\/blog\/de\/die-sinne-des-weins-die-farbe\/","og_locale":"es_ES","og_type":"article","og_title":"El color del vino: qu\u00e9 lo determina y qu\u00e9 revela | Rimontg\u00f3 Wineries","og_description":"Die Rebsorte, die Weinbereitungsmethode, das Alter des Weins und das Klima bestimmen seine Farbe. Ein Blick auf die visuelle Sprache des Weins.","og_url":"https:\/\/www.rimontgowineries.com\/blog\/de\/die-sinne-des-weins-die-farbe\/","og_site_name":"Rimontgo Wineries","article_published_time":"2025-04-29T15:39:30+00:00","article_modified_time":"2025-04-29T15:39:33+00:00","og_image":[{"width":2072,"height":1379,"url":"https:\/\/www.rimontgowineries.com\/blog\/wp-content\/uploads\/2025\/04\/vino-color-1.jpg","type":"image\/jpeg"}],"author":"Juan Luis Vanrell","twitter_card":"summary_large_image","twitter_misc":{"Written by":"Juan Luis Vanrell","Est. reading time":"2 minutos"},"schema":{"@context":"https:\/\/schema.org","@graph":[{"@type":"Article","@id":"https:\/\/www.rimontgowineries.com\/blog\/de\/die-sinne-des-weins-die-farbe\/#article","isPartOf":{"@id":"https:\/\/www.rimontgowineries.com\/blog\/de\/die-sinne-des-weins-die-farbe\/"},"author":{"name":"Juan Luis Vanrell","@id":"https:\/\/www.rimontgowineries.com\/blog\/#\/schema\/person\/9dc43a22f8b4b5cca821369523f3c455"},"headline":"Die Sinne Des Weins: Die Farbe","datePublished":"2025-04-29T15:39:30+00:00","dateModified":"2025-04-29T15:39:33+00:00","mainEntityOfPage":{"@id":"https:\/\/www.rimontgowineries.com\/blog\/de\/die-sinne-des-weins-die-farbe\/"},"wordCount":281,"commentCount":0,"publisher":{"@id":"https:\/\/www.rimontgowineries.com\/blog\/#organization"},"articleSection":["Weinwelt"],"inLanguage":"es","potentialAction":[{"@type":"CommentAction","name":"Comment","target":["https:\/\/www.rimontgowineries.com\/blog\/de\/die-sinne-des-weins-die-farbe\/#respond"]}]},{"@type":"WebPage","@id":"https:\/\/www.rimontgowineries.com\/blog\/de\/die-sinne-des-weins-die-farbe\/","url":"https:\/\/www.rimontgowineries.com\/blog\/de\/die-sinne-des-weins-die-farbe\/","name":"El color del vino: qu\u00e9 lo determina y qu\u00e9 revela | Rimontg\u00f3 Wineries","isPartOf":{"@id":"https:\/\/www.rimontgowineries.com\/blog\/#website"},"datePublished":"2025-04-29T15:39:30+00:00","dateModified":"2025-04-29T15:39:33+00:00","description":"Die Rebsorte, die Weinbereitungsmethode, das Alter des Weins und das Klima bestimmen seine Farbe. Ein Blick auf die visuelle Sprache des Weins.","breadcrumb":{"@id":"https:\/\/www.rimontgowineries.com\/blog\/de\/die-sinne-des-weins-die-farbe\/#breadcrumb"},"inLanguage":"es","potentialAction":[{"@type":"ReadAction","target":["https:\/\/www.rimontgowineries.com\/blog\/de\/die-sinne-des-weins-die-farbe\/"]}]},{"@type":"BreadcrumbList","@id":"https:\/\/www.rimontgowineries.com\/blog\/de\/die-sinne-des-weins-die-farbe\/#breadcrumb","itemListElement":[{"@type":"ListItem","position":1,"name":"Home","item":"https:\/\/www.rimontgowineries.com\/blog\/es\/"},{"@type":"ListItem","position":2,"name":"Die Sinne Des Weins: Die Farbe"}]},{"@type":"WebSite","@id":"https:\/\/www.rimontgowineries.com\/blog\/#website","url":"https:\/\/www.rimontgowineries.com\/blog\/","name":"Rimontgo Wineries","description":"Rimontgo Wineries","publisher":{"@id":"https:\/\/www.rimontgowineries.com\/blog\/#organization"},"potentialAction":[{"@type":"SearchAction","target":{"@type":"EntryPoint","urlTemplate":"https:\/\/www.rimontgowineries.com\/blog\/?s={search_term_string}"},"query-input":"required name=search_term_string"}],"inLanguage":"es"},{"@type":"Organization","@id":"https:\/\/www.rimontgowineries.com\/blog\/#organization","name":"Rimontgo Wineries","url":"https:\/\/www.rimontgowineries.com\/blog\/","logo":{"@type":"ImageObject","inLanguage":"es","@id":"https:\/\/www.rimontgowineries.com\/blog\/#\/schema\/logo\/image\/","url":"https:\/\/www.rimontgowineries.com\/blog\/wp-content\/uploads\/2020\/03\/logo_bodegas_wineries_EN.svg","contentUrl":"https:\/\/www.rimontgowineries.com\/blog\/wp-content\/uploads\/2020\/03\/logo_bodegas_wineries_EN.svg","width":134,"height":34,"caption":"Rimontgo Wineries"},"image":{"@id":"https:\/\/www.rimontgowineries.com\/blog\/#\/schema\/logo\/image\/"}},{"@type":"Person","@id":"https:\/\/www.rimontgowineries.com\/blog\/#\/schema\/person\/9dc43a22f8b4b5cca821369523f3c455","name":"Juan Luis Vanrell","image":{"@type":"ImageObject","inLanguage":"es","@id":"https:\/\/www.rimontgowineries.com\/blog\/#\/schema\/person\/image\/","url":"https:\/\/secure.gravatar.com\/avatar\/ffaf84a9253780c50f123fc18a9c2266?s=96&d=mm&r=g","contentUrl":"https:\/\/secure.gravatar.com\/avatar\/ffaf84a9253780c50f123fc18a9c2266?s=96&d=mm&r=g","caption":"Juan Luis Vanrell"},"url":"https:\/\/www.rimontgowineries.com\/blog\/author\/juanluis\/"}]}},"_links":{"self":[{"href":"https:\/\/www.rimontgowineries.com\/blog\/wp-json\/wp\/v2\/posts\/23069"}],"collection":[{"href":"https:\/\/www.rimontgowineries.com\/blog\/wp-json\/wp\/v2\/posts"}],"about":[{"href":"https:\/\/www.rimontgowineries.com\/blog\/wp-json\/wp\/v2\/types\/post"}],"author":[{"embeddable":true,"href":"https:\/\/www.rimontgowineries.com\/blog\/wp-json\/wp\/v2\/users\/2"}],"replies":[{"embeddable":true,"href":"https:\/\/www.rimontgowineries.com\/blog\/wp-json\/wp\/v2\/comments?post=23069"}],"version-history":[{"count":1,"href":"https:\/\/www.rimontgowineries.com\/blog\/wp-json\/wp\/v2\/posts\/23069\/revisions"}],"predecessor-version":[{"id":23070,"href":"https:\/\/www.rimontgowineries.com\/blog\/wp-json\/wp\/v2\/posts\/23069\/revisions\/23070"}],"wp:featuredmedia":[{"embeddable":true,"href":"https:\/\/www.rimontgowineries.com\/blog\/wp-json\/wp\/v2\/media\/23060"}],"wp:attachment":[{"href":"https:\/\/www.rimontgowineries.com\/blog\/wp-json\/wp\/v2\/media?parent=23069"}],"wp:term":[{"taxonomy":"category","embeddable":true,"href":"https:\/\/www.rimontgowineries.com\/blog\/wp-json\/wp\/v2\/categories?post=23069"},{"taxonomy":"post_tag","embeddable":true,"href":"https:\/\/www.rimontgowineries.com\/blog\/wp-json\/wp\/v2\/tags?post=23069"}],"curies":[{"name":"wp","href":"https:\/\/api.w.org\/{rel}","templated":true}]}}