{"id":23071,"date":"2025-04-29T17:43:09","date_gmt":"2025-04-29T15:43:09","guid":{"rendered":"https:\/\/www.rimontgowineries.com\/blog\/?p=23071"},"modified":"2025-04-29T17:43:11","modified_gmt":"2025-04-29T15:43:11","slug":"os-sentidos-do-vinho-a-cor","status":"publish","type":"post","link":"https:\/\/www.rimontgowineries.com\/blog\/pt\/os-sentidos-do-vinho-a-cor\/","title":{"rendered":"Os sentidos do vinho: a cor"},"content":{"rendered":"\n<p>A cor de um vinho n\u00e3o \u00e9 uma coincid\u00eancia, mas responde a v\u00e1rios motivos. Existem vinhos com maior camada de cor; outros que apresentam borda roxa ou cereja ou preta, em graus variados; tamb\u00e9m alguns que s\u00e3o mais limpos e brilhantes. Todas estas circunst\u00e2ncias n\u00e3o s\u00e3o fortuitas, mas respondem a certos e variados factores.<\/p>\n\n\n\n<p>Cada casta tem caracter\u00edsticas pr\u00f3prias. Alguns d\u00e3o tons mais claros e outros mais escuros. Por exemplo, Pinot Noir, Nebbiolo, Grenache, Poulsard, Merenzao\/Trosseau apresentam camadas baixas, enquanto Cabernet Sauvignon, Merlot, Tempranillo, Garnacha Tintorera ou Syrah apresentam camadas altas. No entanto, devemos ter em mente que o modo de produ\u00e7\u00e3o tamb\u00e9m tem uma influ\u00eancia importante na cor final, uma vez que o tempo de macera\u00e7\u00e3o das uvas tintas proporcionar\u00e1 aos vinhos maior cor, enquanto a macera\u00e7\u00e3o das castas brancas dar\u00e1 origem aos vinhos alaranjados. .<\/p>\n\n\n\n<p>A idade do vinho tamb\u00e9m deixa a sua marca. Quanto mais velho, maior \u00e9 a oxida\u00e7\u00e3o, raz\u00e3o pela qual a cor do vinho escurece nos brancos e d\u00e1 tons escuros nos tintos. Assim, em geral, o rebordo dos vinhos brancos jovens \u00e9 mais p\u00e1lido, enquanto nos vinhos tintos jovens \u00e9 mais roxo. Regras que se aplicam tamb\u00e9m aos vinhos espumantes e aos vinhos doces.<\/p>\n\n\n\n<p>As horas de sol nas zonas vit\u00edcolas tamb\u00e9m influenciam a cor dos vinhos. Regra geral, porque \u00e9 sempre matizado, quanto mais sol mais cor, exemplo que \u00e9 palp\u00e1vel na maior parte de Espanha e Portugal, no sul de Fran\u00e7a, no sul de It\u00e1lia, na Calif\u00f3rnia, no Chile, em Argentina ou na \u00c1frica do Sul. Uma regra que, logicamente, se aplica vice-versa em zonas frias, com menos horas de sol, pois produzem vinhos com tons mais claros.<\/p>\n","protected":false},"excerpt":{"rendered":"<p>A cor do vinho n\u00e3o \u00e9 apenas uma quest\u00e3o est\u00e9tica, mas uma pista sensorial que revela a sua origem, a sua idade, a sua variedade e at\u00e9 o seu clima. Desde os tons p\u00e1lidos de um branco jovem at\u00e9 \u00e0s tonalidades taupe de um tinto envelhecido, o vinho fala atrav\u00e9s dos seus tons.<\/p>\n","protected":false},"author":2,"featured_media":23064,"comment_status":"open","ping_status":"open","sticky":false,"template":"","format":"standard","meta":{"_mi_skip_tracking":false,"_monsterinsights_sitenote_active":false,"_monsterinsights_sitenote_note":"","_monsterinsights_sitenote_category":0,"footnotes":""},"categories":[3181],"tags":[],"yoast_head":"<!-- This site is optimized with the Yoast SEO plugin v21.5 - https:\/\/yoast.com\/wordpress\/plugins\/seo\/ -->\n<title>A cor do vinho: o que a determina e o que revela | Rimontg\u00f3 Wineries<\/title>\n<meta name=\"description\" content=\"A variedade da uva, o m\u00e9todo de vinifica\u00e7\u00e3o, a idade do vinho e o clima determinam a sua cor. Um olhar sobre a linguagem visual do vinho.\" \/>\n<meta name=\"robots\" content=\"index, follow, max-snippet:-1, max-image-preview:large, max-video-preview:-1\" \/>\n<link rel=\"canonical\" href=\"https:\/\/www.rimontgowineries.com\/blog\/pt\/os-sentidos-do-vinho-a-cor\/\" \/>\n<meta property=\"og:locale\" content=\"es_ES\" \/>\n<meta property=\"og:type\" content=\"article\" \/>\n<meta property=\"og:title\" content=\"A cor do vinho: o que a determina e o que revela | Rimontg\u00f3 Wineries\" \/>\n<meta property=\"og:description\" content=\"A variedade da uva, o m\u00e9todo de vinifica\u00e7\u00e3o, a idade do vinho e o clima determinam a sua cor. Um olhar sobre a linguagem visual do vinho.\" \/>\n<meta property=\"og:url\" content=\"https:\/\/www.rimontgowineries.com\/blog\/pt\/os-sentidos-do-vinho-a-cor\/\" \/>\n<meta property=\"og:site_name\" content=\"Rimontgo Wineries\" \/>\n<meta property=\"article:published_time\" content=\"2025-04-29T15:43:09+00:00\" \/>\n<meta property=\"article:modified_time\" content=\"2025-04-29T15:43:11+00:00\" \/>\n<meta property=\"og:image\" content=\"https:\/\/www.rimontgowineries.com\/blog\/wp-content\/uploads\/2025\/04\/vino-color-1.jpg\" \/>\n\t<meta property=\"og:image:width\" content=\"2072\" \/>\n\t<meta property=\"og:image:height\" content=\"1379\" \/>\n\t<meta property=\"og:image:type\" content=\"image\/jpeg\" \/>\n<meta name=\"author\" content=\"Juan Luis Vanrell\" \/>\n<meta name=\"twitter:card\" content=\"summary_large_image\" \/>\n<meta name=\"twitter:label1\" content=\"Written by\" \/>\n\t<meta name=\"twitter:data1\" content=\"Juan Luis Vanrell\" \/>\n\t<meta name=\"twitter:label2\" content=\"Est. reading time\" \/>\n\t<meta name=\"twitter:data2\" content=\"2 minutos\" \/>\n<script type=\"application\/ld+json\" class=\"yoast-schema-graph\">{\"@context\":\"https:\/\/schema.org\",\"@graph\":[{\"@type\":\"Article\",\"@id\":\"https:\/\/www.rimontgowineries.com\/blog\/pt\/os-sentidos-do-vinho-a-cor\/#article\",\"isPartOf\":{\"@id\":\"https:\/\/www.rimontgowineries.com\/blog\/pt\/os-sentidos-do-vinho-a-cor\/\"},\"author\":{\"name\":\"Juan Luis Vanrell\",\"@id\":\"https:\/\/www.rimontgowineries.com\/blog\/#\/schema\/person\/9dc43a22f8b4b5cca821369523f3c455\"},\"headline\":\"Os sentidos do vinho: a cor\",\"datePublished\":\"2025-04-29T15:43:09+00:00\",\"dateModified\":\"2025-04-29T15:43:11+00:00\",\"mainEntityOfPage\":{\"@id\":\"https:\/\/www.rimontgowineries.com\/blog\/pt\/os-sentidos-do-vinho-a-cor\/\"},\"wordCount\":304,\"commentCount\":0,\"publisher\":{\"@id\":\"https:\/\/www.rimontgowineries.com\/blog\/#organization\"},\"articleSection\":[\"Mundo do vinho\"],\"inLanguage\":\"es\",\"potentialAction\":[{\"@type\":\"CommentAction\",\"name\":\"Comment\",\"target\":[\"https:\/\/www.rimontgowineries.com\/blog\/pt\/os-sentidos-do-vinho-a-cor\/#respond\"]}]},{\"@type\":\"WebPage\",\"@id\":\"https:\/\/www.rimontgowineries.com\/blog\/pt\/os-sentidos-do-vinho-a-cor\/\",\"url\":\"https:\/\/www.rimontgowineries.com\/blog\/pt\/os-sentidos-do-vinho-a-cor\/\",\"name\":\"A cor do vinho: o que a determina e o que revela | Rimontg\u00f3 Wineries\",\"isPartOf\":{\"@id\":\"https:\/\/www.rimontgowineries.com\/blog\/#website\"},\"datePublished\":\"2025-04-29T15:43:09+00:00\",\"dateModified\":\"2025-04-29T15:43:11+00:00\",\"description\":\"A variedade da uva, o m\u00e9todo de vinifica\u00e7\u00e3o, a idade do vinho e o clima determinam a sua cor. Um olhar sobre a linguagem visual do vinho.\",\"breadcrumb\":{\"@id\":\"https:\/\/www.rimontgowineries.com\/blog\/pt\/os-sentidos-do-vinho-a-cor\/#breadcrumb\"},\"inLanguage\":\"es\",\"potentialAction\":[{\"@type\":\"ReadAction\",\"target\":[\"https:\/\/www.rimontgowineries.com\/blog\/pt\/os-sentidos-do-vinho-a-cor\/\"]}]},{\"@type\":\"BreadcrumbList\",\"@id\":\"https:\/\/www.rimontgowineries.com\/blog\/pt\/os-sentidos-do-vinho-a-cor\/#breadcrumb\",\"itemListElement\":[{\"@type\":\"ListItem\",\"position\":1,\"name\":\"Home\",\"item\":\"https:\/\/www.rimontgowineries.com\/blog\/es\/\"},{\"@type\":\"ListItem\",\"position\":2,\"name\":\"Os sentidos do vinho: a cor\"}]},{\"@type\":\"WebSite\",\"@id\":\"https:\/\/www.rimontgowineries.com\/blog\/#website\",\"url\":\"https:\/\/www.rimontgowineries.com\/blog\/\",\"name\":\"Rimontgo Wineries\",\"description\":\"Rimontgo Wineries\",\"publisher\":{\"@id\":\"https:\/\/www.rimontgowineries.com\/blog\/#organization\"},\"potentialAction\":[{\"@type\":\"SearchAction\",\"target\":{\"@type\":\"EntryPoint\",\"urlTemplate\":\"https:\/\/www.rimontgowineries.com\/blog\/?s={search_term_string}\"},\"query-input\":\"required name=search_term_string\"}],\"inLanguage\":\"es\"},{\"@type\":\"Organization\",\"@id\":\"https:\/\/www.rimontgowineries.com\/blog\/#organization\",\"name\":\"Rimontgo Wineries\",\"url\":\"https:\/\/www.rimontgowineries.com\/blog\/\",\"logo\":{\"@type\":\"ImageObject\",\"inLanguage\":\"es\",\"@id\":\"https:\/\/www.rimontgowineries.com\/blog\/#\/schema\/logo\/image\/\",\"url\":\"https:\/\/www.rimontgowineries.com\/blog\/wp-content\/uploads\/2020\/03\/logo_bodegas_wineries_EN.svg\",\"contentUrl\":\"https:\/\/www.rimontgowineries.com\/blog\/wp-content\/uploads\/2020\/03\/logo_bodegas_wineries_EN.svg\",\"width\":134,\"height\":34,\"caption\":\"Rimontgo Wineries\"},\"image\":{\"@id\":\"https:\/\/www.rimontgowineries.com\/blog\/#\/schema\/logo\/image\/\"}},{\"@type\":\"Person\",\"@id\":\"https:\/\/www.rimontgowineries.com\/blog\/#\/schema\/person\/9dc43a22f8b4b5cca821369523f3c455\",\"name\":\"Juan Luis Vanrell\",\"image\":{\"@type\":\"ImageObject\",\"inLanguage\":\"es\",\"@id\":\"https:\/\/www.rimontgowineries.com\/blog\/#\/schema\/person\/image\/\",\"url\":\"https:\/\/secure.gravatar.com\/avatar\/ffaf84a9253780c50f123fc18a9c2266?s=96&d=mm&r=g\",\"contentUrl\":\"https:\/\/secure.gravatar.com\/avatar\/ffaf84a9253780c50f123fc18a9c2266?s=96&d=mm&r=g\",\"caption\":\"Juan Luis Vanrell\"},\"url\":\"https:\/\/www.rimontgowineries.com\/blog\/author\/juanluis\/\"}]}<\/script>\n<!-- \/ Yoast SEO plugin. -->","yoast_head_json":{"title":"A cor do vinho: o que a determina e o que revela | Rimontg\u00f3 Wineries","description":"A variedade da uva, o m\u00e9todo de vinifica\u00e7\u00e3o, a idade do vinho e o clima determinam a sua cor. Um olhar sobre a linguagem visual do vinho.","robots":{"index":"index","follow":"follow","max-snippet":"max-snippet:-1","max-image-preview":"max-image-preview:large","max-video-preview":"max-video-preview:-1"},"canonical":"https:\/\/www.rimontgowineries.com\/blog\/pt\/os-sentidos-do-vinho-a-cor\/","og_locale":"es_ES","og_type":"article","og_title":"A cor do vinho: o que a determina e o que revela | Rimontg\u00f3 Wineries","og_description":"A variedade da uva, o m\u00e9todo de vinifica\u00e7\u00e3o, a idade do vinho e o clima determinam a sua cor. Um olhar sobre a linguagem visual do vinho.","og_url":"https:\/\/www.rimontgowineries.com\/blog\/pt\/os-sentidos-do-vinho-a-cor\/","og_site_name":"Rimontgo Wineries","article_published_time":"2025-04-29T15:43:09+00:00","article_modified_time":"2025-04-29T15:43:11+00:00","og_image":[{"width":2072,"height":1379,"url":"https:\/\/www.rimontgowineries.com\/blog\/wp-content\/uploads\/2025\/04\/vino-color-1.jpg","type":"image\/jpeg"}],"author":"Juan Luis Vanrell","twitter_card":"summary_large_image","twitter_misc":{"Written by":"Juan Luis Vanrell","Est. reading time":"2 minutos"},"schema":{"@context":"https:\/\/schema.org","@graph":[{"@type":"Article","@id":"https:\/\/www.rimontgowineries.com\/blog\/pt\/os-sentidos-do-vinho-a-cor\/#article","isPartOf":{"@id":"https:\/\/www.rimontgowineries.com\/blog\/pt\/os-sentidos-do-vinho-a-cor\/"},"author":{"name":"Juan Luis Vanrell","@id":"https:\/\/www.rimontgowineries.com\/blog\/#\/schema\/person\/9dc43a22f8b4b5cca821369523f3c455"},"headline":"Os sentidos do vinho: a cor","datePublished":"2025-04-29T15:43:09+00:00","dateModified":"2025-04-29T15:43:11+00:00","mainEntityOfPage":{"@id":"https:\/\/www.rimontgowineries.com\/blog\/pt\/os-sentidos-do-vinho-a-cor\/"},"wordCount":304,"commentCount":0,"publisher":{"@id":"https:\/\/www.rimontgowineries.com\/blog\/#organization"},"articleSection":["Mundo do vinho"],"inLanguage":"es","potentialAction":[{"@type":"CommentAction","name":"Comment","target":["https:\/\/www.rimontgowineries.com\/blog\/pt\/os-sentidos-do-vinho-a-cor\/#respond"]}]},{"@type":"WebPage","@id":"https:\/\/www.rimontgowineries.com\/blog\/pt\/os-sentidos-do-vinho-a-cor\/","url":"https:\/\/www.rimontgowineries.com\/blog\/pt\/os-sentidos-do-vinho-a-cor\/","name":"A cor do vinho: o que a determina e o que revela | Rimontg\u00f3 Wineries","isPartOf":{"@id":"https:\/\/www.rimontgowineries.com\/blog\/#website"},"datePublished":"2025-04-29T15:43:09+00:00","dateModified":"2025-04-29T15:43:11+00:00","description":"A variedade da uva, o m\u00e9todo de vinifica\u00e7\u00e3o, a idade do vinho e o clima determinam a sua cor. Um olhar sobre a linguagem visual do vinho.","breadcrumb":{"@id":"https:\/\/www.rimontgowineries.com\/blog\/pt\/os-sentidos-do-vinho-a-cor\/#breadcrumb"},"inLanguage":"es","potentialAction":[{"@type":"ReadAction","target":["https:\/\/www.rimontgowineries.com\/blog\/pt\/os-sentidos-do-vinho-a-cor\/"]}]},{"@type":"BreadcrumbList","@id":"https:\/\/www.rimontgowineries.com\/blog\/pt\/os-sentidos-do-vinho-a-cor\/#breadcrumb","itemListElement":[{"@type":"ListItem","position":1,"name":"Home","item":"https:\/\/www.rimontgowineries.com\/blog\/es\/"},{"@type":"ListItem","position":2,"name":"Os sentidos do vinho: a cor"}]},{"@type":"WebSite","@id":"https:\/\/www.rimontgowineries.com\/blog\/#website","url":"https:\/\/www.rimontgowineries.com\/blog\/","name":"Rimontgo Wineries","description":"Rimontgo Wineries","publisher":{"@id":"https:\/\/www.rimontgowineries.com\/blog\/#organization"},"potentialAction":[{"@type":"SearchAction","target":{"@type":"EntryPoint","urlTemplate":"https:\/\/www.rimontgowineries.com\/blog\/?s={search_term_string}"},"query-input":"required name=search_term_string"}],"inLanguage":"es"},{"@type":"Organization","@id":"https:\/\/www.rimontgowineries.com\/blog\/#organization","name":"Rimontgo Wineries","url":"https:\/\/www.rimontgowineries.com\/blog\/","logo":{"@type":"ImageObject","inLanguage":"es","@id":"https:\/\/www.rimontgowineries.com\/blog\/#\/schema\/logo\/image\/","url":"https:\/\/www.rimontgowineries.com\/blog\/wp-content\/uploads\/2020\/03\/logo_bodegas_wineries_EN.svg","contentUrl":"https:\/\/www.rimontgowineries.com\/blog\/wp-content\/uploads\/2020\/03\/logo_bodegas_wineries_EN.svg","width":134,"height":34,"caption":"Rimontgo Wineries"},"image":{"@id":"https:\/\/www.rimontgowineries.com\/blog\/#\/schema\/logo\/image\/"}},{"@type":"Person","@id":"https:\/\/www.rimontgowineries.com\/blog\/#\/schema\/person\/9dc43a22f8b4b5cca821369523f3c455","name":"Juan Luis Vanrell","image":{"@type":"ImageObject","inLanguage":"es","@id":"https:\/\/www.rimontgowineries.com\/blog\/#\/schema\/person\/image\/","url":"https:\/\/secure.gravatar.com\/avatar\/ffaf84a9253780c50f123fc18a9c2266?s=96&d=mm&r=g","contentUrl":"https:\/\/secure.gravatar.com\/avatar\/ffaf84a9253780c50f123fc18a9c2266?s=96&d=mm&r=g","caption":"Juan Luis Vanrell"},"url":"https:\/\/www.rimontgowineries.com\/blog\/author\/juanluis\/"}]}},"_links":{"self":[{"href":"https:\/\/www.rimontgowineries.com\/blog\/wp-json\/wp\/v2\/posts\/23071"}],"collection":[{"href":"https:\/\/www.rimontgowineries.com\/blog\/wp-json\/wp\/v2\/posts"}],"about":[{"href":"https:\/\/www.rimontgowineries.com\/blog\/wp-json\/wp\/v2\/types\/post"}],"author":[{"embeddable":true,"href":"https:\/\/www.rimontgowineries.com\/blog\/wp-json\/wp\/v2\/users\/2"}],"replies":[{"embeddable":true,"href":"https:\/\/www.rimontgowineries.com\/blog\/wp-json\/wp\/v2\/comments?post=23071"}],"version-history":[{"count":1,"href":"https:\/\/www.rimontgowineries.com\/blog\/wp-json\/wp\/v2\/posts\/23071\/revisions"}],"predecessor-version":[{"id":23072,"href":"https:\/\/www.rimontgowineries.com\/blog\/wp-json\/wp\/v2\/posts\/23071\/revisions\/23072"}],"wp:featuredmedia":[{"embeddable":true,"href":"https:\/\/www.rimontgowineries.com\/blog\/wp-json\/wp\/v2\/media\/23064"}],"wp:attachment":[{"href":"https:\/\/www.rimontgowineries.com\/blog\/wp-json\/wp\/v2\/media?parent=23071"}],"wp:term":[{"taxonomy":"category","embeddable":true,"href":"https:\/\/www.rimontgowineries.com\/blog\/wp-json\/wp\/v2\/categories?post=23071"},{"taxonomy":"post_tag","embeddable":true,"href":"https:\/\/www.rimontgowineries.com\/blog\/wp-json\/wp\/v2\/tags?post=23071"}],"curies":[{"name":"wp","href":"https:\/\/api.w.org\/{rel}","templated":true}]}}