{"id":23073,"date":"2025-04-29T17:46:35","date_gmt":"2025-04-29T15:46:35","guid":{"rendered":"https:\/\/www.rimontgowineries.com\/blog\/?p=23073"},"modified":"2025-04-29T17:46:37","modified_gmt":"2025-04-29T15:46:37","slug":"i-sensi-del-vino-il-colore","status":"publish","type":"post","link":"https:\/\/www.rimontgowineries.com\/blog\/it\/i-sensi-del-vino-il-colore\/","title":{"rendered":"I sensi del vino: il colore"},"content":{"rendered":"\n<p>Il colore di un vino non \u00e8 casuale, ma risponde a diversi motivi. Ci sono vini con uno strato di colore maggiore; altri che hanno il bordo viola o ciliegia o nero, in varia misura; anche alcuni che sono pi\u00f9 puliti e luminosi. Tutte queste circostanze non sono fortuite, ma rispondono a fattori certi e diversi.<\/p>\n\n\n\n<p>Ogni vitigno ha le sue caratteristiche. Alcuni danno toni pi\u00f9 chiari e altri pi\u00f9 scuri. Ad esempio, Pinot Nero, Nebbiolo, Grenache, Poulsard, Merenzao\/Trosseau danno strati bassi, mentre Cabernet Sauvignon, Merlot, Tempranillo, Garnacha Tintorera o Syrah mostrano strati alti. Dobbiamo per\u00f2 tenere presente che anche la modalit\u00e0 di produzione ha un&#8217;influenza importante sul colore finale, poich\u00e9 il tempo di macerazione delle uve rosse fornir\u00e0 vini con maggiore colore, mentre la macerazione delle variet\u00e0 bianche dar\u00e0 origine a vini arancioni. .<\/p>\n\n\n\n<p>Anche l&#8217;et\u00e0 del vino lascia il segno. Pi\u00f9 \u00e8 invecchiato, maggiore \u00e8 l&#8217;ossidazione, motivo per cui il colore del vino scurisce nei bianchi e dona toni scuri nei rossi. Quindi, in generale, l&#8217;unghia dei vini bianchi giovani \u00e8 pi\u00f9 chiara, mentre nei vini rossi giovani \u00e8 pi\u00f9 violacea. Regole che valgono anche per gli spumanti e i vini dolci.<\/p>\n\n\n\n<p>Anche le ore di sole nelle zone viticole influiscono sul colore dei vini. In generale, poich\u00e9 \u00e8 sempre sfumato, pi\u00f9 sole c&#8217;\u00e8 pi\u00f9 colore, un esempio palpabile in gran parte delle zone della Spagna e del Portogallo, nel sud della Francia, nel sud dell&#8217;Italia, in California, in Cile, in Argentina o in Sud Africa. Una regola che, logicamente, vale viceversa nelle zone fredde, con meno ore di sole, poich\u00e9 producono vini dai toni pi\u00f9 chiari.<\/p>\n","protected":false},"excerpt":{"rendered":"<p>Il colore del vino non \u00e8 solo una questione estetica, ma un indizio sensoriale che ne rivela l&#8217;origine, l&#8217;et\u00e0, la variet\u00e0 e persino il clima. Dalle sfumature chiare di un bianco giovane alle tonalit\u00e0 tortuose di un rosso invecchiato, il vino parla attraverso i suoi toni.<\/p>\n","protected":false},"author":2,"featured_media":23062,"comment_status":"open","ping_status":"open","sticky":false,"template":"","format":"standard","meta":{"_mi_skip_tracking":false,"_monsterinsights_sitenote_active":false,"_monsterinsights_sitenote_note":"","_monsterinsights_sitenote_category":0,"footnotes":""},"categories":[3100],"tags":[],"yoast_head":"<!-- This site is optimized with the Yoast SEO plugin v21.5 - https:\/\/yoast.com\/wordpress\/plugins\/seo\/ -->\n<title>Il colore del vino: cosa lo determina e cosa rivela | Rimontg\u00f3 Wineries<\/title>\n<meta name=\"description\" content=\"Il vitigno, il metodo di vinificazione, l&#039;et\u00e0 del vino e il clima ne determinano il colore. Uno sguardo al linguaggio visivo del vino.\" \/>\n<meta name=\"robots\" content=\"index, follow, max-snippet:-1, max-image-preview:large, max-video-preview:-1\" \/>\n<link rel=\"canonical\" href=\"https:\/\/www.rimontgowineries.com\/blog\/it\/i-sensi-del-vino-il-colore\/\" \/>\n<meta property=\"og:locale\" content=\"es_ES\" \/>\n<meta property=\"og:type\" content=\"article\" \/>\n<meta property=\"og:title\" content=\"Il colore del vino: cosa lo determina e cosa rivela | Rimontg\u00f3 Wineries\" \/>\n<meta property=\"og:description\" content=\"Il vitigno, il metodo di vinificazione, l&#039;et\u00e0 del vino e il clima ne determinano il colore. Uno sguardo al linguaggio visivo del vino.\" \/>\n<meta property=\"og:url\" content=\"https:\/\/www.rimontgowineries.com\/blog\/it\/i-sensi-del-vino-il-colore\/\" \/>\n<meta property=\"og:site_name\" content=\"Rimontgo Wineries\" \/>\n<meta property=\"article:published_time\" content=\"2025-04-29T15:46:35+00:00\" \/>\n<meta property=\"article:modified_time\" content=\"2025-04-29T15:46:37+00:00\" \/>\n<meta property=\"og:image\" content=\"https:\/\/www.rimontgowineries.com\/blog\/wp-content\/uploads\/2025\/04\/vino-color-1.jpg\" \/>\n\t<meta property=\"og:image:width\" content=\"2072\" \/>\n\t<meta property=\"og:image:height\" content=\"1379\" \/>\n\t<meta property=\"og:image:type\" content=\"image\/jpeg\" \/>\n<meta name=\"author\" content=\"Juan Luis Vanrell\" \/>\n<meta name=\"twitter:card\" content=\"summary_large_image\" \/>\n<meta name=\"twitter:label1\" content=\"Written by\" \/>\n\t<meta name=\"twitter:data1\" content=\"Juan Luis Vanrell\" \/>\n\t<meta name=\"twitter:label2\" content=\"Est. reading time\" \/>\n\t<meta name=\"twitter:data2\" content=\"2 minutos\" \/>\n<script type=\"application\/ld+json\" class=\"yoast-schema-graph\">{\"@context\":\"https:\/\/schema.org\",\"@graph\":[{\"@type\":\"Article\",\"@id\":\"https:\/\/www.rimontgowineries.com\/blog\/it\/i-sensi-del-vino-il-colore\/#article\",\"isPartOf\":{\"@id\":\"https:\/\/www.rimontgowineries.com\/blog\/it\/i-sensi-del-vino-il-colore\/\"},\"author\":{\"name\":\"Juan Luis Vanrell\",\"@id\":\"https:\/\/www.rimontgowineries.com\/blog\/#\/schema\/person\/9dc43a22f8b4b5cca821369523f3c455\"},\"headline\":\"I sensi del vino: il colore\",\"datePublished\":\"2025-04-29T15:46:35+00:00\",\"dateModified\":\"2025-04-29T15:46:37+00:00\",\"mainEntityOfPage\":{\"@id\":\"https:\/\/www.rimontgowineries.com\/blog\/it\/i-sensi-del-vino-il-colore\/\"},\"wordCount\":269,\"commentCount\":0,\"publisher\":{\"@id\":\"https:\/\/www.rimontgowineries.com\/blog\/#organization\"},\"articleSection\":[\"Mondo del vino\"],\"inLanguage\":\"es\",\"potentialAction\":[{\"@type\":\"CommentAction\",\"name\":\"Comment\",\"target\":[\"https:\/\/www.rimontgowineries.com\/blog\/it\/i-sensi-del-vino-il-colore\/#respond\"]}]},{\"@type\":\"WebPage\",\"@id\":\"https:\/\/www.rimontgowineries.com\/blog\/it\/i-sensi-del-vino-il-colore\/\",\"url\":\"https:\/\/www.rimontgowineries.com\/blog\/it\/i-sensi-del-vino-il-colore\/\",\"name\":\"Il colore del vino: cosa lo determina e cosa rivela | Rimontg\u00f3 Wineries\",\"isPartOf\":{\"@id\":\"https:\/\/www.rimontgowineries.com\/blog\/#website\"},\"datePublished\":\"2025-04-29T15:46:35+00:00\",\"dateModified\":\"2025-04-29T15:46:37+00:00\",\"description\":\"Il vitigno, il metodo di vinificazione, l'et\u00e0 del vino e il clima ne determinano il colore. Uno sguardo al linguaggio visivo del vino.\",\"breadcrumb\":{\"@id\":\"https:\/\/www.rimontgowineries.com\/blog\/it\/i-sensi-del-vino-il-colore\/#breadcrumb\"},\"inLanguage\":\"es\",\"potentialAction\":[{\"@type\":\"ReadAction\",\"target\":[\"https:\/\/www.rimontgowineries.com\/blog\/it\/i-sensi-del-vino-il-colore\/\"]}]},{\"@type\":\"BreadcrumbList\",\"@id\":\"https:\/\/www.rimontgowineries.com\/blog\/it\/i-sensi-del-vino-il-colore\/#breadcrumb\",\"itemListElement\":[{\"@type\":\"ListItem\",\"position\":1,\"name\":\"Home\",\"item\":\"https:\/\/www.rimontgowineries.com\/blog\/es\/\"},{\"@type\":\"ListItem\",\"position\":2,\"name\":\"I sensi del vino: il colore\"}]},{\"@type\":\"WebSite\",\"@id\":\"https:\/\/www.rimontgowineries.com\/blog\/#website\",\"url\":\"https:\/\/www.rimontgowineries.com\/blog\/\",\"name\":\"Rimontgo Wineries\",\"description\":\"Rimontgo Wineries\",\"publisher\":{\"@id\":\"https:\/\/www.rimontgowineries.com\/blog\/#organization\"},\"potentialAction\":[{\"@type\":\"SearchAction\",\"target\":{\"@type\":\"EntryPoint\",\"urlTemplate\":\"https:\/\/www.rimontgowineries.com\/blog\/?s={search_term_string}\"},\"query-input\":\"required name=search_term_string\"}],\"inLanguage\":\"es\"},{\"@type\":\"Organization\",\"@id\":\"https:\/\/www.rimontgowineries.com\/blog\/#organization\",\"name\":\"Rimontgo Wineries\",\"url\":\"https:\/\/www.rimontgowineries.com\/blog\/\",\"logo\":{\"@type\":\"ImageObject\",\"inLanguage\":\"es\",\"@id\":\"https:\/\/www.rimontgowineries.com\/blog\/#\/schema\/logo\/image\/\",\"url\":\"https:\/\/www.rimontgowineries.com\/blog\/wp-content\/uploads\/2020\/03\/logo_bodegas_wineries_EN.svg\",\"contentUrl\":\"https:\/\/www.rimontgowineries.com\/blog\/wp-content\/uploads\/2020\/03\/logo_bodegas_wineries_EN.svg\",\"width\":134,\"height\":34,\"caption\":\"Rimontgo Wineries\"},\"image\":{\"@id\":\"https:\/\/www.rimontgowineries.com\/blog\/#\/schema\/logo\/image\/\"}},{\"@type\":\"Person\",\"@id\":\"https:\/\/www.rimontgowineries.com\/blog\/#\/schema\/person\/9dc43a22f8b4b5cca821369523f3c455\",\"name\":\"Juan Luis Vanrell\",\"image\":{\"@type\":\"ImageObject\",\"inLanguage\":\"es\",\"@id\":\"https:\/\/www.rimontgowineries.com\/blog\/#\/schema\/person\/image\/\",\"url\":\"https:\/\/secure.gravatar.com\/avatar\/ffaf84a9253780c50f123fc18a9c2266?s=96&d=mm&r=g\",\"contentUrl\":\"https:\/\/secure.gravatar.com\/avatar\/ffaf84a9253780c50f123fc18a9c2266?s=96&d=mm&r=g\",\"caption\":\"Juan Luis Vanrell\"},\"url\":\"https:\/\/www.rimontgowineries.com\/blog\/author\/juanluis\/\"}]}<\/script>\n<!-- \/ Yoast SEO plugin. -->","yoast_head_json":{"title":"Il colore del vino: cosa lo determina e cosa rivela | Rimontg\u00f3 Wineries","description":"Il vitigno, il metodo di vinificazione, l'et\u00e0 del vino e il clima ne determinano il colore. Uno sguardo al linguaggio visivo del vino.","robots":{"index":"index","follow":"follow","max-snippet":"max-snippet:-1","max-image-preview":"max-image-preview:large","max-video-preview":"max-video-preview:-1"},"canonical":"https:\/\/www.rimontgowineries.com\/blog\/it\/i-sensi-del-vino-il-colore\/","og_locale":"es_ES","og_type":"article","og_title":"Il colore del vino: cosa lo determina e cosa rivela | Rimontg\u00f3 Wineries","og_description":"Il vitigno, il metodo di vinificazione, l'et\u00e0 del vino e il clima ne determinano il colore. Uno sguardo al linguaggio visivo del vino.","og_url":"https:\/\/www.rimontgowineries.com\/blog\/it\/i-sensi-del-vino-il-colore\/","og_site_name":"Rimontgo Wineries","article_published_time":"2025-04-29T15:46:35+00:00","article_modified_time":"2025-04-29T15:46:37+00:00","og_image":[{"width":2072,"height":1379,"url":"https:\/\/www.rimontgowineries.com\/blog\/wp-content\/uploads\/2025\/04\/vino-color-1.jpg","type":"image\/jpeg"}],"author":"Juan Luis Vanrell","twitter_card":"summary_large_image","twitter_misc":{"Written by":"Juan Luis Vanrell","Est. reading time":"2 minutos"},"schema":{"@context":"https:\/\/schema.org","@graph":[{"@type":"Article","@id":"https:\/\/www.rimontgowineries.com\/blog\/it\/i-sensi-del-vino-il-colore\/#article","isPartOf":{"@id":"https:\/\/www.rimontgowineries.com\/blog\/it\/i-sensi-del-vino-il-colore\/"},"author":{"name":"Juan Luis Vanrell","@id":"https:\/\/www.rimontgowineries.com\/blog\/#\/schema\/person\/9dc43a22f8b4b5cca821369523f3c455"},"headline":"I sensi del vino: il colore","datePublished":"2025-04-29T15:46:35+00:00","dateModified":"2025-04-29T15:46:37+00:00","mainEntityOfPage":{"@id":"https:\/\/www.rimontgowineries.com\/blog\/it\/i-sensi-del-vino-il-colore\/"},"wordCount":269,"commentCount":0,"publisher":{"@id":"https:\/\/www.rimontgowineries.com\/blog\/#organization"},"articleSection":["Mondo del vino"],"inLanguage":"es","potentialAction":[{"@type":"CommentAction","name":"Comment","target":["https:\/\/www.rimontgowineries.com\/blog\/it\/i-sensi-del-vino-il-colore\/#respond"]}]},{"@type":"WebPage","@id":"https:\/\/www.rimontgowineries.com\/blog\/it\/i-sensi-del-vino-il-colore\/","url":"https:\/\/www.rimontgowineries.com\/blog\/it\/i-sensi-del-vino-il-colore\/","name":"Il colore del vino: cosa lo determina e cosa rivela | Rimontg\u00f3 Wineries","isPartOf":{"@id":"https:\/\/www.rimontgowineries.com\/blog\/#website"},"datePublished":"2025-04-29T15:46:35+00:00","dateModified":"2025-04-29T15:46:37+00:00","description":"Il vitigno, il metodo di vinificazione, l'et\u00e0 del vino e il clima ne determinano il colore. Uno sguardo al linguaggio visivo del vino.","breadcrumb":{"@id":"https:\/\/www.rimontgowineries.com\/blog\/it\/i-sensi-del-vino-il-colore\/#breadcrumb"},"inLanguage":"es","potentialAction":[{"@type":"ReadAction","target":["https:\/\/www.rimontgowineries.com\/blog\/it\/i-sensi-del-vino-il-colore\/"]}]},{"@type":"BreadcrumbList","@id":"https:\/\/www.rimontgowineries.com\/blog\/it\/i-sensi-del-vino-il-colore\/#breadcrumb","itemListElement":[{"@type":"ListItem","position":1,"name":"Home","item":"https:\/\/www.rimontgowineries.com\/blog\/es\/"},{"@type":"ListItem","position":2,"name":"I sensi del vino: il colore"}]},{"@type":"WebSite","@id":"https:\/\/www.rimontgowineries.com\/blog\/#website","url":"https:\/\/www.rimontgowineries.com\/blog\/","name":"Rimontgo Wineries","description":"Rimontgo Wineries","publisher":{"@id":"https:\/\/www.rimontgowineries.com\/blog\/#organization"},"potentialAction":[{"@type":"SearchAction","target":{"@type":"EntryPoint","urlTemplate":"https:\/\/www.rimontgowineries.com\/blog\/?s={search_term_string}"},"query-input":"required name=search_term_string"}],"inLanguage":"es"},{"@type":"Organization","@id":"https:\/\/www.rimontgowineries.com\/blog\/#organization","name":"Rimontgo Wineries","url":"https:\/\/www.rimontgowineries.com\/blog\/","logo":{"@type":"ImageObject","inLanguage":"es","@id":"https:\/\/www.rimontgowineries.com\/blog\/#\/schema\/logo\/image\/","url":"https:\/\/www.rimontgowineries.com\/blog\/wp-content\/uploads\/2020\/03\/logo_bodegas_wineries_EN.svg","contentUrl":"https:\/\/www.rimontgowineries.com\/blog\/wp-content\/uploads\/2020\/03\/logo_bodegas_wineries_EN.svg","width":134,"height":34,"caption":"Rimontgo Wineries"},"image":{"@id":"https:\/\/www.rimontgowineries.com\/blog\/#\/schema\/logo\/image\/"}},{"@type":"Person","@id":"https:\/\/www.rimontgowineries.com\/blog\/#\/schema\/person\/9dc43a22f8b4b5cca821369523f3c455","name":"Juan Luis Vanrell","image":{"@type":"ImageObject","inLanguage":"es","@id":"https:\/\/www.rimontgowineries.com\/blog\/#\/schema\/person\/image\/","url":"https:\/\/secure.gravatar.com\/avatar\/ffaf84a9253780c50f123fc18a9c2266?s=96&d=mm&r=g","contentUrl":"https:\/\/secure.gravatar.com\/avatar\/ffaf84a9253780c50f123fc18a9c2266?s=96&d=mm&r=g","caption":"Juan Luis Vanrell"},"url":"https:\/\/www.rimontgowineries.com\/blog\/author\/juanluis\/"}]}},"_links":{"self":[{"href":"https:\/\/www.rimontgowineries.com\/blog\/wp-json\/wp\/v2\/posts\/23073"}],"collection":[{"href":"https:\/\/www.rimontgowineries.com\/blog\/wp-json\/wp\/v2\/posts"}],"about":[{"href":"https:\/\/www.rimontgowineries.com\/blog\/wp-json\/wp\/v2\/types\/post"}],"author":[{"embeddable":true,"href":"https:\/\/www.rimontgowineries.com\/blog\/wp-json\/wp\/v2\/users\/2"}],"replies":[{"embeddable":true,"href":"https:\/\/www.rimontgowineries.com\/blog\/wp-json\/wp\/v2\/comments?post=23073"}],"version-history":[{"count":1,"href":"https:\/\/www.rimontgowineries.com\/blog\/wp-json\/wp\/v2\/posts\/23073\/revisions"}],"predecessor-version":[{"id":23074,"href":"https:\/\/www.rimontgowineries.com\/blog\/wp-json\/wp\/v2\/posts\/23073\/revisions\/23074"}],"wp:featuredmedia":[{"embeddable":true,"href":"https:\/\/www.rimontgowineries.com\/blog\/wp-json\/wp\/v2\/media\/23062"}],"wp:attachment":[{"href":"https:\/\/www.rimontgowineries.com\/blog\/wp-json\/wp\/v2\/media?parent=23073"}],"wp:term":[{"taxonomy":"category","embeddable":true,"href":"https:\/\/www.rimontgowineries.com\/blog\/wp-json\/wp\/v2\/categories?post=23073"},{"taxonomy":"post_tag","embeddable":true,"href":"https:\/\/www.rimontgowineries.com\/blog\/wp-json\/wp\/v2\/tags?post=23073"}],"curies":[{"name":"wp","href":"https:\/\/api.w.org\/{rel}","templated":true}]}}