{"id":23077,"date":"2025-03-21T17:58:32","date_gmt":"2025-03-21T16:58:32","guid":{"rendered":"https:\/\/www.rimontgowineries.com\/blog\/?p=23077"},"modified":"2025-04-29T18:03:56","modified_gmt":"2025-04-29T16:03:56","slug":"vinhos-de-laranja","status":"publish","type":"post","link":"https:\/\/www.rimontgowineries.com\/blog\/pt\/vinhos-de-laranja\/","title":{"rendered":"Vinhos de laranja"},"content":{"rendered":"\n<p>Quem \u00e9 que nunca ouviu falar de vinhos de laranja? Desde h\u00e1 alguns anos, este tipo de vinhos est\u00e1 na moda, no entanto, s\u00e3o vinhos com uma grande tradi\u00e7\u00e3o. Para falar de vinhos de laranja, temos de come\u00e7ar por falar de vinhos brancos. Atualmente, os vinhos brancos s\u00e3o elaborados sem macera\u00e7\u00e3o pelicular, da\u00ed a sua tonalidade p\u00e1lida, mas antigamente, o mosto dos vinhos brancos macerava com as peles, tal como acontece com os vinhos tintos. Esta forma de fazer vinhos brancos deu &#8211; e continua a dar &#8211; como resultado o vinho laranja.<\/p>\n\n\n\n<p>Os vinhos de laranja t\u00eam a sua origem na Ge\u00f3rgia, que \u00e9 tamb\u00e9m o pa\u00eds onde se presume que o vinho tenha tido origem. As t\u00e9cnicas de vinifica\u00e7\u00e3o antigas implicavam a macera\u00e7\u00e3o do mosto branco com as peles, bem como fermenta\u00e7\u00f5es lentas em \u201cqveri\u201d, \u00e2nforas de barro compridas, em forma de ovo, com uma capacidade m\u00e9dia de 1 000 litros. Este sistema de vinifica\u00e7\u00e3o foi declarado Patrim\u00f3nio Mundial pela UNESCO.<\/p>\n\n\n\n<p>Esta forma de vinifica\u00e7\u00e3o, um pouco negligenciada durante s\u00e9culos, foi retomada no final do s\u00e9culo passado em It\u00e1lia, em Collio Gorizia, na fronteira com a Eslov\u00e9nia. Desde ent\u00e3o, n\u00e3o parou de crescer, impulsionada pelas tend\u00eancias para o renascimento da viticultura tradicional, e atravessou gradualmente as fronteiras para a Hungria, a S\u00e9rvia, a Alemanha, a \u00c1ustria, a Fran\u00e7a e at\u00e9 o Novo Mundo. Figuras como Josko Gravener e Stanko Radikon foram fundamentais para a expans\u00e3o dos vinhos de laranja, baseados numa variedade como a ribolla galla, ideal para a produ\u00e7\u00e3o deste tipo de vinho, bem como na recupera\u00e7\u00e3o da vinifica\u00e7\u00e3o tradicional (fermenta\u00e7\u00e3o sem controlo de temperatura, sem filtra\u00e7\u00e3o e sem utiliza\u00e7\u00e3o de sulfatos).<\/p>\n\n\n\n<p>A produ\u00e7\u00e3o de um vinho branco com pel\u00edculas implica n\u00e3o s\u00f3 uma cor alaranjada, mas tamb\u00e9m um enriquecimento de subst\u00e2ncias presentes nas pel\u00edculas, como taninos, polifen\u00f3is e terpenos. Al\u00e9m disso, a n\u00edvel sensorial, os vinhos laranja trazem nuances de fruta cristalizada, mel, casca de citrinos, aromas de especiarias, frutos secos, canela, bem como notas de s\u00edlica e p\u00f3lvora.<\/p>\n\n\n\n<p>J\u00e1 domin\u00e1mos a teoria, agora \u00e9 preciso p\u00f4-la em pr\u00e1tica, por isso vamos experimentar os vinhos de laranja!<\/p>\n","protected":false},"excerpt":{"rendered":"<p>O vinho laranja, elaborado como os antigos vinhos brancos com macera\u00e7\u00e3o pelicular, \u00e9 origin\u00e1rio da Ge\u00f3rgia. Vinificado em \u00e2nforas de barro, a sua t\u00e9cnica foi recuperada em It\u00e1lia e difundida por toda a Europa. A sua cor \u00e2mbar e as suas notas de frutos cristalizados, especiarias e citrinos fazem dele uma express\u00e3o complexa e \u00fanica.<\/p>\n","protected":false},"author":2,"featured_media":22990,"comment_status":"open","ping_status":"open","sticky":false,"template":"","format":"standard","meta":{"_mi_skip_tracking":false,"_monsterinsights_sitenote_active":false,"_monsterinsights_sitenote_note":"","_monsterinsights_sitenote_category":0,"footnotes":""},"categories":[3181],"tags":[],"yoast_head":"<!-- This site is optimized with the Yoast SEO plugin v21.5 - https:\/\/yoast.com\/wordpress\/plugins\/seo\/ -->\n<title>Vinho de laranja: tradi\u00e7\u00e3o ancestral | Rimontg\u00f3 Wineries<\/title>\n<meta name=\"description\" content=\"O vinho de laranja recupera t\u00e9cnicas milenares com macera\u00e7\u00e3o em \u00e2nforas e um perfil \u00fanico de aromas a especiarias, frutos cristalizados e citrinos.\" \/>\n<meta name=\"robots\" content=\"index, follow, max-snippet:-1, max-image-preview:large, max-video-preview:-1\" \/>\n<link rel=\"canonical\" href=\"https:\/\/www.rimontgowineries.com\/blog\/pt\/vinhos-de-laranja\/\" \/>\n<meta property=\"og:locale\" content=\"es_ES\" \/>\n<meta property=\"og:type\" content=\"article\" \/>\n<meta property=\"og:title\" content=\"Vinho de laranja: tradi\u00e7\u00e3o ancestral | Rimontg\u00f3 Wineries\" \/>\n<meta property=\"og:description\" content=\"O vinho de laranja recupera t\u00e9cnicas milenares com macera\u00e7\u00e3o em \u00e2nforas e um perfil \u00fanico de aromas a especiarias, frutos cristalizados e citrinos.\" \/>\n<meta property=\"og:url\" content=\"https:\/\/www.rimontgowineries.com\/blog\/pt\/vinhos-de-laranja\/\" \/>\n<meta property=\"og:site_name\" content=\"Rimontgo Wineries\" \/>\n<meta property=\"article:published_time\" content=\"2025-03-21T16:58:32+00:00\" \/>\n<meta property=\"article:modified_time\" content=\"2025-04-29T16:03:56+00:00\" \/>\n<meta property=\"og:image\" content=\"https:\/\/www.rimontgowineries.com\/blog\/wp-content\/uploads\/2025\/03\/photo-1588685328095-cf9d5c09708f.jpg\" \/>\n\t<meta property=\"og:image:width\" content=\"2070\" \/>\n\t<meta property=\"og:image:height\" content=\"1380\" \/>\n\t<meta property=\"og:image:type\" content=\"image\/jpeg\" \/>\n<meta name=\"author\" content=\"Juan Luis Vanrell\" \/>\n<meta name=\"twitter:card\" content=\"summary_large_image\" \/>\n<meta name=\"twitter:label1\" content=\"Written by\" \/>\n\t<meta name=\"twitter:data1\" content=\"Juan Luis Vanrell\" \/>\n\t<meta name=\"twitter:label2\" content=\"Est. reading time\" \/>\n\t<meta name=\"twitter:data2\" content=\"2 minutos\" \/>\n<script type=\"application\/ld+json\" class=\"yoast-schema-graph\">{\"@context\":\"https:\/\/schema.org\",\"@graph\":[{\"@type\":\"Article\",\"@id\":\"https:\/\/www.rimontgowineries.com\/blog\/pt\/vinhos-de-laranja\/#article\",\"isPartOf\":{\"@id\":\"https:\/\/www.rimontgowineries.com\/blog\/pt\/vinhos-de-laranja\/\"},\"author\":{\"name\":\"Juan Luis Vanrell\",\"@id\":\"https:\/\/www.rimontgowineries.com\/blog\/#\/schema\/person\/9dc43a22f8b4b5cca821369523f3c455\"},\"headline\":\"Vinhos de laranja\",\"datePublished\":\"2025-03-21T16:58:32+00:00\",\"dateModified\":\"2025-04-29T16:03:56+00:00\",\"mainEntityOfPage\":{\"@id\":\"https:\/\/www.rimontgowineries.com\/blog\/pt\/vinhos-de-laranja\/\"},\"wordCount\":397,\"commentCount\":0,\"publisher\":{\"@id\":\"https:\/\/www.rimontgowineries.com\/blog\/#organization\"},\"articleSection\":[\"Mundo do vinho\"],\"inLanguage\":\"es\",\"potentialAction\":[{\"@type\":\"CommentAction\",\"name\":\"Comment\",\"target\":[\"https:\/\/www.rimontgowineries.com\/blog\/pt\/vinhos-de-laranja\/#respond\"]}]},{\"@type\":\"WebPage\",\"@id\":\"https:\/\/www.rimontgowineries.com\/blog\/pt\/vinhos-de-laranja\/\",\"url\":\"https:\/\/www.rimontgowineries.com\/blog\/pt\/vinhos-de-laranja\/\",\"name\":\"Vinho de laranja: tradi\u00e7\u00e3o ancestral | Rimontg\u00f3 Wineries\",\"isPartOf\":{\"@id\":\"https:\/\/www.rimontgowineries.com\/blog\/#website\"},\"datePublished\":\"2025-03-21T16:58:32+00:00\",\"dateModified\":\"2025-04-29T16:03:56+00:00\",\"description\":\"O vinho de laranja recupera t\u00e9cnicas milenares com macera\u00e7\u00e3o em \u00e2nforas e um perfil \u00fanico de aromas a especiarias, frutos cristalizados e citrinos.\",\"breadcrumb\":{\"@id\":\"https:\/\/www.rimontgowineries.com\/blog\/pt\/vinhos-de-laranja\/#breadcrumb\"},\"inLanguage\":\"es\",\"potentialAction\":[{\"@type\":\"ReadAction\",\"target\":[\"https:\/\/www.rimontgowineries.com\/blog\/pt\/vinhos-de-laranja\/\"]}]},{\"@type\":\"BreadcrumbList\",\"@id\":\"https:\/\/www.rimontgowineries.com\/blog\/pt\/vinhos-de-laranja\/#breadcrumb\",\"itemListElement\":[{\"@type\":\"ListItem\",\"position\":1,\"name\":\"Home\",\"item\":\"https:\/\/www.rimontgowineries.com\/blog\/es\/\"},{\"@type\":\"ListItem\",\"position\":2,\"name\":\"Vinhos de laranja\"}]},{\"@type\":\"WebSite\",\"@id\":\"https:\/\/www.rimontgowineries.com\/blog\/#website\",\"url\":\"https:\/\/www.rimontgowineries.com\/blog\/\",\"name\":\"Rimontgo Wineries\",\"description\":\"Rimontgo Wineries\",\"publisher\":{\"@id\":\"https:\/\/www.rimontgowineries.com\/blog\/#organization\"},\"potentialAction\":[{\"@type\":\"SearchAction\",\"target\":{\"@type\":\"EntryPoint\",\"urlTemplate\":\"https:\/\/www.rimontgowineries.com\/blog\/?s={search_term_string}\"},\"query-input\":\"required name=search_term_string\"}],\"inLanguage\":\"es\"},{\"@type\":\"Organization\",\"@id\":\"https:\/\/www.rimontgowineries.com\/blog\/#organization\",\"name\":\"Rimontgo Wineries\",\"url\":\"https:\/\/www.rimontgowineries.com\/blog\/\",\"logo\":{\"@type\":\"ImageObject\",\"inLanguage\":\"es\",\"@id\":\"https:\/\/www.rimontgowineries.com\/blog\/#\/schema\/logo\/image\/\",\"url\":\"https:\/\/www.rimontgowineries.com\/blog\/wp-content\/uploads\/2020\/03\/logo_bodegas_wineries_EN.svg\",\"contentUrl\":\"https:\/\/www.rimontgowineries.com\/blog\/wp-content\/uploads\/2020\/03\/logo_bodegas_wineries_EN.svg\",\"width\":134,\"height\":34,\"caption\":\"Rimontgo Wineries\"},\"image\":{\"@id\":\"https:\/\/www.rimontgowineries.com\/blog\/#\/schema\/logo\/image\/\"}},{\"@type\":\"Person\",\"@id\":\"https:\/\/www.rimontgowineries.com\/blog\/#\/schema\/person\/9dc43a22f8b4b5cca821369523f3c455\",\"name\":\"Juan Luis Vanrell\",\"image\":{\"@type\":\"ImageObject\",\"inLanguage\":\"es\",\"@id\":\"https:\/\/www.rimontgowineries.com\/blog\/#\/schema\/person\/image\/\",\"url\":\"https:\/\/secure.gravatar.com\/avatar\/ffaf84a9253780c50f123fc18a9c2266?s=96&d=mm&r=g\",\"contentUrl\":\"https:\/\/secure.gravatar.com\/avatar\/ffaf84a9253780c50f123fc18a9c2266?s=96&d=mm&r=g\",\"caption\":\"Juan Luis Vanrell\"},\"url\":\"https:\/\/www.rimontgowineries.com\/blog\/author\/juanluis\/\"}]}<\/script>\n<!-- \/ Yoast SEO plugin. -->","yoast_head_json":{"title":"Vinho de laranja: tradi\u00e7\u00e3o ancestral | Rimontg\u00f3 Wineries","description":"O vinho de laranja recupera t\u00e9cnicas milenares com macera\u00e7\u00e3o em \u00e2nforas e um perfil \u00fanico de aromas a especiarias, frutos cristalizados e citrinos.","robots":{"index":"index","follow":"follow","max-snippet":"max-snippet:-1","max-image-preview":"max-image-preview:large","max-video-preview":"max-video-preview:-1"},"canonical":"https:\/\/www.rimontgowineries.com\/blog\/pt\/vinhos-de-laranja\/","og_locale":"es_ES","og_type":"article","og_title":"Vinho de laranja: tradi\u00e7\u00e3o ancestral | Rimontg\u00f3 Wineries","og_description":"O vinho de laranja recupera t\u00e9cnicas milenares com macera\u00e7\u00e3o em \u00e2nforas e um perfil \u00fanico de aromas a especiarias, frutos cristalizados e citrinos.","og_url":"https:\/\/www.rimontgowineries.com\/blog\/pt\/vinhos-de-laranja\/","og_site_name":"Rimontgo Wineries","article_published_time":"2025-03-21T16:58:32+00:00","article_modified_time":"2025-04-29T16:03:56+00:00","og_image":[{"width":2070,"height":1380,"url":"https:\/\/www.rimontgowineries.com\/blog\/wp-content\/uploads\/2025\/03\/photo-1588685328095-cf9d5c09708f.jpg","type":"image\/jpeg"}],"author":"Juan Luis Vanrell","twitter_card":"summary_large_image","twitter_misc":{"Written by":"Juan Luis Vanrell","Est. reading time":"2 minutos"},"schema":{"@context":"https:\/\/schema.org","@graph":[{"@type":"Article","@id":"https:\/\/www.rimontgowineries.com\/blog\/pt\/vinhos-de-laranja\/#article","isPartOf":{"@id":"https:\/\/www.rimontgowineries.com\/blog\/pt\/vinhos-de-laranja\/"},"author":{"name":"Juan Luis Vanrell","@id":"https:\/\/www.rimontgowineries.com\/blog\/#\/schema\/person\/9dc43a22f8b4b5cca821369523f3c455"},"headline":"Vinhos de laranja","datePublished":"2025-03-21T16:58:32+00:00","dateModified":"2025-04-29T16:03:56+00:00","mainEntityOfPage":{"@id":"https:\/\/www.rimontgowineries.com\/blog\/pt\/vinhos-de-laranja\/"},"wordCount":397,"commentCount":0,"publisher":{"@id":"https:\/\/www.rimontgowineries.com\/blog\/#organization"},"articleSection":["Mundo do vinho"],"inLanguage":"es","potentialAction":[{"@type":"CommentAction","name":"Comment","target":["https:\/\/www.rimontgowineries.com\/blog\/pt\/vinhos-de-laranja\/#respond"]}]},{"@type":"WebPage","@id":"https:\/\/www.rimontgowineries.com\/blog\/pt\/vinhos-de-laranja\/","url":"https:\/\/www.rimontgowineries.com\/blog\/pt\/vinhos-de-laranja\/","name":"Vinho de laranja: tradi\u00e7\u00e3o ancestral | Rimontg\u00f3 Wineries","isPartOf":{"@id":"https:\/\/www.rimontgowineries.com\/blog\/#website"},"datePublished":"2025-03-21T16:58:32+00:00","dateModified":"2025-04-29T16:03:56+00:00","description":"O vinho de laranja recupera t\u00e9cnicas milenares com macera\u00e7\u00e3o em \u00e2nforas e um perfil \u00fanico de aromas a especiarias, frutos cristalizados e citrinos.","breadcrumb":{"@id":"https:\/\/www.rimontgowineries.com\/blog\/pt\/vinhos-de-laranja\/#breadcrumb"},"inLanguage":"es","potentialAction":[{"@type":"ReadAction","target":["https:\/\/www.rimontgowineries.com\/blog\/pt\/vinhos-de-laranja\/"]}]},{"@type":"BreadcrumbList","@id":"https:\/\/www.rimontgowineries.com\/blog\/pt\/vinhos-de-laranja\/#breadcrumb","itemListElement":[{"@type":"ListItem","position":1,"name":"Home","item":"https:\/\/www.rimontgowineries.com\/blog\/es\/"},{"@type":"ListItem","position":2,"name":"Vinhos de laranja"}]},{"@type":"WebSite","@id":"https:\/\/www.rimontgowineries.com\/blog\/#website","url":"https:\/\/www.rimontgowineries.com\/blog\/","name":"Rimontgo Wineries","description":"Rimontgo Wineries","publisher":{"@id":"https:\/\/www.rimontgowineries.com\/blog\/#organization"},"potentialAction":[{"@type":"SearchAction","target":{"@type":"EntryPoint","urlTemplate":"https:\/\/www.rimontgowineries.com\/blog\/?s={search_term_string}"},"query-input":"required name=search_term_string"}],"inLanguage":"es"},{"@type":"Organization","@id":"https:\/\/www.rimontgowineries.com\/blog\/#organization","name":"Rimontgo Wineries","url":"https:\/\/www.rimontgowineries.com\/blog\/","logo":{"@type":"ImageObject","inLanguage":"es","@id":"https:\/\/www.rimontgowineries.com\/blog\/#\/schema\/logo\/image\/","url":"https:\/\/www.rimontgowineries.com\/blog\/wp-content\/uploads\/2020\/03\/logo_bodegas_wineries_EN.svg","contentUrl":"https:\/\/www.rimontgowineries.com\/blog\/wp-content\/uploads\/2020\/03\/logo_bodegas_wineries_EN.svg","width":134,"height":34,"caption":"Rimontgo Wineries"},"image":{"@id":"https:\/\/www.rimontgowineries.com\/blog\/#\/schema\/logo\/image\/"}},{"@type":"Person","@id":"https:\/\/www.rimontgowineries.com\/blog\/#\/schema\/person\/9dc43a22f8b4b5cca821369523f3c455","name":"Juan Luis Vanrell","image":{"@type":"ImageObject","inLanguage":"es","@id":"https:\/\/www.rimontgowineries.com\/blog\/#\/schema\/person\/image\/","url":"https:\/\/secure.gravatar.com\/avatar\/ffaf84a9253780c50f123fc18a9c2266?s=96&d=mm&r=g","contentUrl":"https:\/\/secure.gravatar.com\/avatar\/ffaf84a9253780c50f123fc18a9c2266?s=96&d=mm&r=g","caption":"Juan Luis Vanrell"},"url":"https:\/\/www.rimontgowineries.com\/blog\/author\/juanluis\/"}]}},"_links":{"self":[{"href":"https:\/\/www.rimontgowineries.com\/blog\/wp-json\/wp\/v2\/posts\/23077"}],"collection":[{"href":"https:\/\/www.rimontgowineries.com\/blog\/wp-json\/wp\/v2\/posts"}],"about":[{"href":"https:\/\/www.rimontgowineries.com\/blog\/wp-json\/wp\/v2\/types\/post"}],"author":[{"embeddable":true,"href":"https:\/\/www.rimontgowineries.com\/blog\/wp-json\/wp\/v2\/users\/2"}],"replies":[{"embeddable":true,"href":"https:\/\/www.rimontgowineries.com\/blog\/wp-json\/wp\/v2\/comments?post=23077"}],"version-history":[{"count":1,"href":"https:\/\/www.rimontgowineries.com\/blog\/wp-json\/wp\/v2\/posts\/23077\/revisions"}],"predecessor-version":[{"id":23079,"href":"https:\/\/www.rimontgowineries.com\/blog\/wp-json\/wp\/v2\/posts\/23077\/revisions\/23079"}],"wp:featuredmedia":[{"embeddable":true,"href":"https:\/\/www.rimontgowineries.com\/blog\/wp-json\/wp\/v2\/media\/22990"}],"wp:attachment":[{"href":"https:\/\/www.rimontgowineries.com\/blog\/wp-json\/wp\/v2\/media?parent=23077"}],"wp:term":[{"taxonomy":"category","embeddable":true,"href":"https:\/\/www.rimontgowineries.com\/blog\/wp-json\/wp\/v2\/categories?post=23077"},{"taxonomy":"post_tag","embeddable":true,"href":"https:\/\/www.rimontgowineries.com\/blog\/wp-json\/wp\/v2\/tags?post=23077"}],"curies":[{"name":"wp","href":"https:\/\/api.w.org\/{rel}","templated":true}]}}