{"id":23081,"date":"2025-05-09T15:32:08","date_gmt":"2025-05-09T13:32:08","guid":{"rendered":"https:\/\/www.rimontgowineries.com\/blog\/?p=23081"},"modified":"2025-05-09T15:32:09","modified_gmt":"2025-05-09T13:32:09","slug":"el-campeonato-de-espana-cata-a-ciegas-2025","status":"publish","type":"post","link":"https:\/\/www.rimontgowineries.com\/blog\/es\/el-campeonato-de-espana-cata-a-ciegas-2025\/","title":{"rendered":"El campeonato de Espa\u00f1a: cata a ciegas 2025"},"content":{"rendered":"\n<p>No queda nada para la celebraci\u00f3n de la <strong>sexta edici\u00f3n del Campeonato de Espa\u00f1a de Cata a Ciegas, <\/strong>organizado por Eclectic Vins, Ribeira de Fefi\u00f1\u00e1ns y Arrabal 18. El d\u00eda se\u00f1alado es el <strong>s\u00e1bado<\/strong> <strong>24 de mayo de 2025<\/strong> y el lugar <strong>Cambados<\/strong>, en R\u00edas Baixas. All\u00ed se dar\u00e1n cita 40 equipos, marcando as\u00ed un nuevo r\u00e9cord de participaci\u00f3n, que buscan coronarse como campe\u00f3n nacional y representar a Espa\u00f1a en el Mundial de Cata a Ciegas\u00a0 organizado por \u201cLa Revue du vin de France\u201d, el d\u00eda 4 de octubre de 2025, en el Jura.<\/p>\n\n\n\n<p>En la \u00faltima edici\u00f3n, celebrada en la bodega de Pago de Carraovejas, en Pe\u00f1afiel, el equipo vencedor fue <strong>Terroir a Ciegas<\/strong>, formado por Josep Gallego, David Carril, Felipe Pardo y Juan Luis Vanrell, que logr\u00f3 la m\u00e1xima puntuaci\u00f3n de los ochos vinos seleccionados para la ocasi\u00f3n: Quinta das B\u00e1geiras Brut Nature Ros\u00e9 2021 (Portugal), Champagne Domaine Vincey Oger Grand Cru 2018, Les Petites Roches 2022 de Charles Joguet de Chinon (Francia), Trenzado 2022 de Suertes del Marqu\u00e9s del DO Valle de la Orotava en Tenerife, Savage \u2018Follow the line<em>\u2019<\/em> 2021 de Cape Town (Sud\u00e1frica), Francesco Versio 2021 DOC Langue (Italia), Penfols Bin 28 2019 de South Australia y Egon Muller Wiltinger Braune Kupp Riesling Kabinett 2022 de Mosela (Alemania).<\/p>\n\n\n\n<p>Son muchos los sumilleres, en\u00f3logos y restauradores que participan en el concurso, pero no necesariamente todos los concursantes se dedican de forma profesional al mundo enol\u00f3gico. No obstante, de lo que no cabe duda es que a todos ellos les une la pasi\u00f3n por el vino.<\/p>\n\n\n\n<p>Los conocimientos, la intuici\u00f3n y el temple marcar\u00e1n el devenir del campeonato. El objetivo es sumar la m\u00e1xima puntuaci\u00f3n posible descubriendo la variedad de uva, el pa\u00eds de origen, la denominaci\u00f3n a la que pertenecen, el productor y la a\u00f1ada de un total de ocho vinos. Todo ello en un tiempo de diez minutos por vino.<\/p>\n\n\n\n<p>Hay vinos sencillos y otros complicados, pero detr\u00e1s de cada botella existen matices que te hacen ganar o perder el campeonato. Muchas veces nada es lo que parece y otras la realidad es tan sencilla que confunde.\u00a0El razonamiento en equipo es clave para el acierto. En unas semanas tendremos nuevo campe\u00f3n de Espa\u00f1a\u2026 o tal vez el actual continue con su hegemon\u00eda \u00a1Alea jacta est!<\/p>\n","protected":false},"excerpt":{"rendered":"<p>El 24 de mayo, Cambados acoge la VI edici\u00f3n del Campeonato de Espa\u00f1a de Cata a Ciegas por Equipos. Con 40 equipos y 160 participantes, el evento bate r\u00e9cord de asistencia. Los ganadores representar\u00e1n a Espa\u00f1a en el Mundial de Cata en Jura, Francia.<\/p>\n","protected":false},"author":2,"featured_media":23084,"comment_status":"open","ping_status":"open","sticky":false,"template":"","format":"standard","meta":{"_mi_skip_tracking":false,"_monsterinsights_sitenote_active":false,"_monsterinsights_sitenote_note":"","_monsterinsights_sitenote_category":0,"footnotes":""},"categories":[3041],"tags":[],"yoast_head":"<!-- This site is optimized with the Yoast SEO plugin v21.5 - https:\/\/yoast.com\/wordpress\/plugins\/seo\/ -->\n<title>Cata a Ciegas 2025: r\u00e9cord de participaci\u00f3n | Rimontg\u00f3 Bodegas<\/title>\n<meta name=\"description\" content=\"El 24 de mayo, Cambados acoge la VI edici\u00f3n del Campeonato de Espa\u00f1a de Cata a Ciegas, con 40 equipos compitiendo por representar a Espa\u00f1a en el Mundial de Jura.\" \/>\n<meta name=\"robots\" content=\"index, follow, max-snippet:-1, max-image-preview:large, max-video-preview:-1\" \/>\n<link rel=\"canonical\" href=\"https:\/\/www.rimontgowineries.com\/blog\/es\/el-campeonato-de-espana-cata-a-ciegas-2025\/\" \/>\n<meta property=\"og:locale\" content=\"es_ES\" \/>\n<meta property=\"og:type\" content=\"article\" \/>\n<meta property=\"og:title\" content=\"Cata a Ciegas 2025: r\u00e9cord de participaci\u00f3n | Rimontg\u00f3 Bodegas\" \/>\n<meta property=\"og:description\" content=\"El 24 de mayo, Cambados acoge la VI edici\u00f3n del Campeonato de Espa\u00f1a de Cata a Ciegas, con 40 equipos compitiendo por representar a Espa\u00f1a en el Mundial de Jura.\" \/>\n<meta property=\"og:url\" content=\"https:\/\/www.rimontgowineries.com\/blog\/es\/el-campeonato-de-espana-cata-a-ciegas-2025\/\" \/>\n<meta property=\"og:site_name\" content=\"Rimontgo Wineries\" \/>\n<meta property=\"article:published_time\" content=\"2025-05-09T13:32:08+00:00\" \/>\n<meta property=\"article:modified_time\" content=\"2025-05-09T13:32:09+00:00\" \/>\n<meta property=\"og:image\" content=\"https:\/\/www.rimontgowineries.com\/blog\/wp-content\/uploads\/2025\/05\/cata-a-ciegas-2025.jpg\" \/>\n\t<meta property=\"og:image:width\" content=\"1080\" \/>\n\t<meta property=\"og:image:height\" content=\"1080\" \/>\n\t<meta property=\"og:image:type\" content=\"image\/jpeg\" \/>\n<meta name=\"author\" content=\"Juan Luis Vanrell\" \/>\n<meta name=\"twitter:card\" content=\"summary_large_image\" \/>\n<meta name=\"twitter:label1\" content=\"Written by\" \/>\n\t<meta name=\"twitter:data1\" content=\"Juan Luis Vanrell\" \/>\n\t<meta name=\"twitter:label2\" content=\"Est. reading time\" \/>\n\t<meta name=\"twitter:data2\" content=\"2 minutos\" \/>\n<script type=\"application\/ld+json\" class=\"yoast-schema-graph\">{\"@context\":\"https:\/\/schema.org\",\"@graph\":[{\"@type\":\"Article\",\"@id\":\"https:\/\/www.rimontgowineries.com\/blog\/es\/el-campeonato-de-espana-cata-a-ciegas-2025\/#article\",\"isPartOf\":{\"@id\":\"https:\/\/www.rimontgowineries.com\/blog\/es\/el-campeonato-de-espana-cata-a-ciegas-2025\/\"},\"author\":{\"name\":\"Juan Luis Vanrell\",\"@id\":\"https:\/\/www.rimontgowineries.com\/blog\/#\/schema\/person\/9dc43a22f8b4b5cca821369523f3c455\"},\"headline\":\"El campeonato de Espa\u00f1a: cata a ciegas 2025\",\"datePublished\":\"2025-05-09T13:32:08+00:00\",\"dateModified\":\"2025-05-09T13:32:09+00:00\",\"mainEntityOfPage\":{\"@id\":\"https:\/\/www.rimontgowineries.com\/blog\/es\/el-campeonato-de-espana-cata-a-ciegas-2025\/\"},\"wordCount\":410,\"commentCount\":0,\"publisher\":{\"@id\":\"https:\/\/www.rimontgowineries.com\/blog\/#organization\"},\"articleSection\":[\"Ferias y eventos\"],\"inLanguage\":\"es\",\"potentialAction\":[{\"@type\":\"CommentAction\",\"name\":\"Comment\",\"target\":[\"https:\/\/www.rimontgowineries.com\/blog\/es\/el-campeonato-de-espana-cata-a-ciegas-2025\/#respond\"]}]},{\"@type\":\"WebPage\",\"@id\":\"https:\/\/www.rimontgowineries.com\/blog\/es\/el-campeonato-de-espana-cata-a-ciegas-2025\/\",\"url\":\"https:\/\/www.rimontgowineries.com\/blog\/es\/el-campeonato-de-espana-cata-a-ciegas-2025\/\",\"name\":\"Cata a Ciegas 2025: r\u00e9cord de participaci\u00f3n | Rimontg\u00f3 Bodegas\",\"isPartOf\":{\"@id\":\"https:\/\/www.rimontgowineries.com\/blog\/#website\"},\"datePublished\":\"2025-05-09T13:32:08+00:00\",\"dateModified\":\"2025-05-09T13:32:09+00:00\",\"description\":\"El 24 de mayo, Cambados acoge la VI edici\u00f3n del Campeonato de Espa\u00f1a de Cata a Ciegas, con 40 equipos compitiendo por representar a Espa\u00f1a en el Mundial de Jura.\",\"breadcrumb\":{\"@id\":\"https:\/\/www.rimontgowineries.com\/blog\/es\/el-campeonato-de-espana-cata-a-ciegas-2025\/#breadcrumb\"},\"inLanguage\":\"es\",\"potentialAction\":[{\"@type\":\"ReadAction\",\"target\":[\"https:\/\/www.rimontgowineries.com\/blog\/es\/el-campeonato-de-espana-cata-a-ciegas-2025\/\"]}]},{\"@type\":\"BreadcrumbList\",\"@id\":\"https:\/\/www.rimontgowineries.com\/blog\/es\/el-campeonato-de-espana-cata-a-ciegas-2025\/#breadcrumb\",\"itemListElement\":[{\"@type\":\"ListItem\",\"position\":1,\"name\":\"Home\",\"item\":\"https:\/\/www.rimontgowineries.com\/blog\/es\/\"},{\"@type\":\"ListItem\",\"position\":2,\"name\":\"El campeonato de Espa\u00f1a: cata a ciegas 2025\"}]},{\"@type\":\"WebSite\",\"@id\":\"https:\/\/www.rimontgowineries.com\/blog\/#website\",\"url\":\"https:\/\/www.rimontgowineries.com\/blog\/\",\"name\":\"Rimontgo Wineries\",\"description\":\"Rimontgo Wineries\",\"publisher\":{\"@id\":\"https:\/\/www.rimontgowineries.com\/blog\/#organization\"},\"potentialAction\":[{\"@type\":\"SearchAction\",\"target\":{\"@type\":\"EntryPoint\",\"urlTemplate\":\"https:\/\/www.rimontgowineries.com\/blog\/?s={search_term_string}\"},\"query-input\":\"required name=search_term_string\"}],\"inLanguage\":\"es\"},{\"@type\":\"Organization\",\"@id\":\"https:\/\/www.rimontgowineries.com\/blog\/#organization\",\"name\":\"Rimontgo Wineries\",\"url\":\"https:\/\/www.rimontgowineries.com\/blog\/\",\"logo\":{\"@type\":\"ImageObject\",\"inLanguage\":\"es\",\"@id\":\"https:\/\/www.rimontgowineries.com\/blog\/#\/schema\/logo\/image\/\",\"url\":\"https:\/\/www.rimontgowineries.com\/blog\/wp-content\/uploads\/2020\/03\/logo_bodegas_wineries_EN.svg\",\"contentUrl\":\"https:\/\/www.rimontgowineries.com\/blog\/wp-content\/uploads\/2020\/03\/logo_bodegas_wineries_EN.svg\",\"width\":134,\"height\":34,\"caption\":\"Rimontgo Wineries\"},\"image\":{\"@id\":\"https:\/\/www.rimontgowineries.com\/blog\/#\/schema\/logo\/image\/\"}},{\"@type\":\"Person\",\"@id\":\"https:\/\/www.rimontgowineries.com\/blog\/#\/schema\/person\/9dc43a22f8b4b5cca821369523f3c455\",\"name\":\"Juan Luis Vanrell\",\"image\":{\"@type\":\"ImageObject\",\"inLanguage\":\"es\",\"@id\":\"https:\/\/www.rimontgowineries.com\/blog\/#\/schema\/person\/image\/\",\"url\":\"https:\/\/secure.gravatar.com\/avatar\/ffaf84a9253780c50f123fc18a9c2266?s=96&d=mm&r=g\",\"contentUrl\":\"https:\/\/secure.gravatar.com\/avatar\/ffaf84a9253780c50f123fc18a9c2266?s=96&d=mm&r=g\",\"caption\":\"Juan Luis Vanrell\"},\"url\":\"https:\/\/www.rimontgowineries.com\/blog\/author\/juanluis\/\"}]}<\/script>\n<!-- \/ Yoast SEO plugin. -->","yoast_head_json":{"title":"Cata a Ciegas 2025: r\u00e9cord de participaci\u00f3n | Rimontg\u00f3 Bodegas","description":"El 24 de mayo, Cambados acoge la VI edici\u00f3n del Campeonato de Espa\u00f1a de Cata a Ciegas, con 40 equipos compitiendo por representar a Espa\u00f1a en el Mundial de Jura.","robots":{"index":"index","follow":"follow","max-snippet":"max-snippet:-1","max-image-preview":"max-image-preview:large","max-video-preview":"max-video-preview:-1"},"canonical":"https:\/\/www.rimontgowineries.com\/blog\/es\/el-campeonato-de-espana-cata-a-ciegas-2025\/","og_locale":"es_ES","og_type":"article","og_title":"Cata a Ciegas 2025: r\u00e9cord de participaci\u00f3n | Rimontg\u00f3 Bodegas","og_description":"El 24 de mayo, Cambados acoge la VI edici\u00f3n del Campeonato de Espa\u00f1a de Cata a Ciegas, con 40 equipos compitiendo por representar a Espa\u00f1a en el Mundial de Jura.","og_url":"https:\/\/www.rimontgowineries.com\/blog\/es\/el-campeonato-de-espana-cata-a-ciegas-2025\/","og_site_name":"Rimontgo Wineries","article_published_time":"2025-05-09T13:32:08+00:00","article_modified_time":"2025-05-09T13:32:09+00:00","og_image":[{"width":1080,"height":1080,"url":"https:\/\/www.rimontgowineries.com\/blog\/wp-content\/uploads\/2025\/05\/cata-a-ciegas-2025.jpg","type":"image\/jpeg"}],"author":"Juan Luis Vanrell","twitter_card":"summary_large_image","twitter_misc":{"Written by":"Juan Luis Vanrell","Est. reading time":"2 minutos"},"schema":{"@context":"https:\/\/schema.org","@graph":[{"@type":"Article","@id":"https:\/\/www.rimontgowineries.com\/blog\/es\/el-campeonato-de-espana-cata-a-ciegas-2025\/#article","isPartOf":{"@id":"https:\/\/www.rimontgowineries.com\/blog\/es\/el-campeonato-de-espana-cata-a-ciegas-2025\/"},"author":{"name":"Juan Luis Vanrell","@id":"https:\/\/www.rimontgowineries.com\/blog\/#\/schema\/person\/9dc43a22f8b4b5cca821369523f3c455"},"headline":"El campeonato de Espa\u00f1a: cata a ciegas 2025","datePublished":"2025-05-09T13:32:08+00:00","dateModified":"2025-05-09T13:32:09+00:00","mainEntityOfPage":{"@id":"https:\/\/www.rimontgowineries.com\/blog\/es\/el-campeonato-de-espana-cata-a-ciegas-2025\/"},"wordCount":410,"commentCount":0,"publisher":{"@id":"https:\/\/www.rimontgowineries.com\/blog\/#organization"},"articleSection":["Ferias y eventos"],"inLanguage":"es","potentialAction":[{"@type":"CommentAction","name":"Comment","target":["https:\/\/www.rimontgowineries.com\/blog\/es\/el-campeonato-de-espana-cata-a-ciegas-2025\/#respond"]}]},{"@type":"WebPage","@id":"https:\/\/www.rimontgowineries.com\/blog\/es\/el-campeonato-de-espana-cata-a-ciegas-2025\/","url":"https:\/\/www.rimontgowineries.com\/blog\/es\/el-campeonato-de-espana-cata-a-ciegas-2025\/","name":"Cata a Ciegas 2025: r\u00e9cord de participaci\u00f3n | Rimontg\u00f3 Bodegas","isPartOf":{"@id":"https:\/\/www.rimontgowineries.com\/blog\/#website"},"datePublished":"2025-05-09T13:32:08+00:00","dateModified":"2025-05-09T13:32:09+00:00","description":"El 24 de mayo, Cambados acoge la VI edici\u00f3n del Campeonato de Espa\u00f1a de Cata a Ciegas, con 40 equipos compitiendo por representar a Espa\u00f1a en el Mundial de Jura.","breadcrumb":{"@id":"https:\/\/www.rimontgowineries.com\/blog\/es\/el-campeonato-de-espana-cata-a-ciegas-2025\/#breadcrumb"},"inLanguage":"es","potentialAction":[{"@type":"ReadAction","target":["https:\/\/www.rimontgowineries.com\/blog\/es\/el-campeonato-de-espana-cata-a-ciegas-2025\/"]}]},{"@type":"BreadcrumbList","@id":"https:\/\/www.rimontgowineries.com\/blog\/es\/el-campeonato-de-espana-cata-a-ciegas-2025\/#breadcrumb","itemListElement":[{"@type":"ListItem","position":1,"name":"Home","item":"https:\/\/www.rimontgowineries.com\/blog\/es\/"},{"@type":"ListItem","position":2,"name":"El campeonato de Espa\u00f1a: cata a ciegas 2025"}]},{"@type":"WebSite","@id":"https:\/\/www.rimontgowineries.com\/blog\/#website","url":"https:\/\/www.rimontgowineries.com\/blog\/","name":"Rimontgo Wineries","description":"Rimontgo Wineries","publisher":{"@id":"https:\/\/www.rimontgowineries.com\/blog\/#organization"},"potentialAction":[{"@type":"SearchAction","target":{"@type":"EntryPoint","urlTemplate":"https:\/\/www.rimontgowineries.com\/blog\/?s={search_term_string}"},"query-input":"required name=search_term_string"}],"inLanguage":"es"},{"@type":"Organization","@id":"https:\/\/www.rimontgowineries.com\/blog\/#organization","name":"Rimontgo Wineries","url":"https:\/\/www.rimontgowineries.com\/blog\/","logo":{"@type":"ImageObject","inLanguage":"es","@id":"https:\/\/www.rimontgowineries.com\/blog\/#\/schema\/logo\/image\/","url":"https:\/\/www.rimontgowineries.com\/blog\/wp-content\/uploads\/2020\/03\/logo_bodegas_wineries_EN.svg","contentUrl":"https:\/\/www.rimontgowineries.com\/blog\/wp-content\/uploads\/2020\/03\/logo_bodegas_wineries_EN.svg","width":134,"height":34,"caption":"Rimontgo Wineries"},"image":{"@id":"https:\/\/www.rimontgowineries.com\/blog\/#\/schema\/logo\/image\/"}},{"@type":"Person","@id":"https:\/\/www.rimontgowineries.com\/blog\/#\/schema\/person\/9dc43a22f8b4b5cca821369523f3c455","name":"Juan Luis Vanrell","image":{"@type":"ImageObject","inLanguage":"es","@id":"https:\/\/www.rimontgowineries.com\/blog\/#\/schema\/person\/image\/","url":"https:\/\/secure.gravatar.com\/avatar\/ffaf84a9253780c50f123fc18a9c2266?s=96&d=mm&r=g","contentUrl":"https:\/\/secure.gravatar.com\/avatar\/ffaf84a9253780c50f123fc18a9c2266?s=96&d=mm&r=g","caption":"Juan Luis Vanrell"},"url":"https:\/\/www.rimontgowineries.com\/blog\/author\/juanluis\/"}]}},"_links":{"self":[{"href":"https:\/\/www.rimontgowineries.com\/blog\/wp-json\/wp\/v2\/posts\/23081"}],"collection":[{"href":"https:\/\/www.rimontgowineries.com\/blog\/wp-json\/wp\/v2\/posts"}],"about":[{"href":"https:\/\/www.rimontgowineries.com\/blog\/wp-json\/wp\/v2\/types\/post"}],"author":[{"embeddable":true,"href":"https:\/\/www.rimontgowineries.com\/blog\/wp-json\/wp\/v2\/users\/2"}],"replies":[{"embeddable":true,"href":"https:\/\/www.rimontgowineries.com\/blog\/wp-json\/wp\/v2\/comments?post=23081"}],"version-history":[{"count":1,"href":"https:\/\/www.rimontgowineries.com\/blog\/wp-json\/wp\/v2\/posts\/23081\/revisions"}],"predecessor-version":[{"id":23082,"href":"https:\/\/www.rimontgowineries.com\/blog\/wp-json\/wp\/v2\/posts\/23081\/revisions\/23082"}],"wp:featuredmedia":[{"embeddable":true,"href":"https:\/\/www.rimontgowineries.com\/blog\/wp-json\/wp\/v2\/media\/23084"}],"wp:attachment":[{"href":"https:\/\/www.rimontgowineries.com\/blog\/wp-json\/wp\/v2\/media?parent=23081"}],"wp:term":[{"taxonomy":"category","embeddable":true,"href":"https:\/\/www.rimontgowineries.com\/blog\/wp-json\/wp\/v2\/categories?post=23081"},{"taxonomy":"post_tag","embeddable":true,"href":"https:\/\/www.rimontgowineries.com\/blog\/wp-json\/wp\/v2\/tags?post=23081"}],"curies":[{"name":"wp","href":"https:\/\/api.w.org\/{rel}","templated":true}]}}