{"id":23147,"date":"2025-07-11T12:44:41","date_gmt":"2025-07-11T10:44:41","guid":{"rendered":"https:\/\/www.rimontgowineries.com\/blog\/?p=23147"},"modified":"2025-07-16T16:22:25","modified_gmt":"2025-07-16T14:22:25","slug":"los-circulos-del-vino","status":"publish","type":"post","link":"https:\/\/www.rimontgowineries.com\/blog\/es\/los-circulos-del-vino\/","title":{"rendered":"Los c\u00edrculos del vino"},"content":{"rendered":"<p>El vino une y crea lazos m\u00e1gicos. Esta afirmaci\u00f3n puede parecer t\u00f3pica, pero, a su vez, resulta irrefutable. Con independencia de las relaciones fraternales que se pueden generar, cualquier reuni\u00f3n que se celebra alrededor de una botella de vino crea una conexi\u00f3n especial entre aquellas personas que comparten esta pasi\u00f3n. La deriva posterior de las relaciones depender\u00e1 de m\u00faltiples factores, pero lo que resulta indudable es que habr\u00e1 marcado un punto y seguido.<\/p>\n<p>En cualquier caso, dentro de este mundillo existen m\u00faltiples formas de sentir y de entender el vino, aunque todas ellas est\u00e1n amparadas por el denominador com\u00fan del amor enol\u00f3gico. En esta peque\u00f1a burbuja hay gente de \u00edndole muy variopinta. Est\u00e1n los que les encanta el vino, pero no ven m\u00e1s all\u00e1 de Rioja y Ribera. Otros no tienen filtro, pues son capaces de disfrutar bebiendo un vinazo exclusivo y hacer lo propio con un vino comercial. Tambi\u00e9n los hay que solo beben vinazos, o al menos lo que ellos consideran que lo son. Los hay que solo beben vinos naturales. Y, por supuesto, existe una inmensa mayor\u00eda que afirma que le encanta el vino, pero que si se les pregunta por sus productores, vi\u00f1edos o variedades favoritas son incapaces de responder con soltura. Este es el grupo m\u00e1s surtido, el de las personas que, a pesar de afirmar que son apasionados enol\u00f3gicos, beben vino comercial y no se plantean que existe un \u201c<em>Matrix<\/em>\u201d paralelo que nada tiene que ver con lo que se echan al gaznate.<\/p>\n<p>Desgraciadamente, no somos muchos los que tenemos una visi\u00f3n completa de la realidad enol\u00f3gica. Raras avis que observamos el mundo del vino como un enorme para\u00edso de cultura, de geograf\u00eda, de paisajes, de tradici\u00f3n, de respeto por el medio ambiente, de uni\u00f3n con nuestros antepasados, de conexi\u00f3n entre la tierra y el cielo. En general, de simbiosis con los elementos b\u00e1sicos de este planeta. Por supuesto, no ser\u00e9 yo quien diga lo que est\u00e1 bien y lo que est\u00e1 mal, pues cada uno disfruta de las cosas de una forma distinta, pero s\u00ed que me gustar\u00eda llamar la atenci\u00f3n para que todas aquellas personas que dicen amar el mundo del vino reflexionen sobre mis argumentaciones, tal vez no las compartan, pero al menos deber\u00edan darles una vuelta. En cualquier caso, por todas aquellas personas que disfrutan con una copa de vino, alzo la m\u00eda por ellas.<\/p>\n","protected":false},"excerpt":{"rendered":"<p>El vino une, emociona y genera v\u00ednculos que van m\u00e1s all\u00e1 de la copa. Este art\u00edculo reflexiona sobre los distintos perfiles de amantes del vino, desde quienes solo conocen Rioja y Ribera hasta los que buscan en cada sorbo una conexi\u00f3n con la tierra y la historia. M\u00e1s all\u00e1 de modas o etiquetas, hay un mundo enol\u00f3gico por descubrir, y este texto es una invitaci\u00f3n a explorarlo con la mente abierta y el coraz\u00f3n dispuesto.<\/p>\n","protected":false},"author":2,"featured_media":23148,"comment_status":"open","ping_status":"open","sticky":false,"template":"","format":"standard","meta":{"_mi_skip_tracking":false,"_monsterinsights_sitenote_active":false,"_monsterinsights_sitenote_note":"","_monsterinsights_sitenote_category":0,"footnotes":""},"categories":[3090],"tags":[],"yoast_head":"<!-- This site is optimized with the Yoast SEO plugin v21.5 - https:\/\/yoast.com\/wordpress\/plugins\/seo\/ -->\n<title>Los c\u00edrculos del vino - Rimontgo Wineries<\/title>\n<meta name=\"description\" content=\"El vino crea lazos \u00fanicos y refleja una pasi\u00f3n compartida. Reflexionamos sobre c\u00f3mo se vive y se entiende el vino, m\u00e1s all\u00e1 de etiquetas comerciales y t\u00f3picos enol\u00f3gicos.\" \/>\n<meta name=\"robots\" content=\"index, follow, max-snippet:-1, max-image-preview:large, max-video-preview:-1\" \/>\n<link rel=\"canonical\" href=\"https:\/\/www.rimontgowineries.com\/blog\/es\/los-circulos-del-vino\/\" \/>\n<meta property=\"og:locale\" content=\"es_ES\" \/>\n<meta property=\"og:type\" content=\"article\" \/>\n<meta property=\"og:title\" content=\"Los c\u00edrculos del vino - Rimontgo Wineries\" \/>\n<meta property=\"og:description\" content=\"El vino crea lazos \u00fanicos y refleja una pasi\u00f3n compartida. Reflexionamos sobre c\u00f3mo se vive y se entiende el vino, m\u00e1s all\u00e1 de etiquetas comerciales y t\u00f3picos enol\u00f3gicos.\" \/>\n<meta property=\"og:url\" content=\"https:\/\/www.rimontgowineries.com\/blog\/es\/los-circulos-del-vino\/\" \/>\n<meta property=\"og:site_name\" content=\"Rimontgo Wineries\" \/>\n<meta property=\"article:published_time\" content=\"2025-07-11T10:44:41+00:00\" \/>\n<meta property=\"article:modified_time\" content=\"2025-07-16T14:22:25+00:00\" \/>\n<meta property=\"og:image\" content=\"https:\/\/www.rimontgowineries.com\/blog\/wp-content\/uploads\/2025\/07\/Circulos-del-vino.jpg\" \/>\n\t<meta property=\"og:image:width\" content=\"969\" \/>\n\t<meta property=\"og:image:height\" content=\"672\" \/>\n\t<meta property=\"og:image:type\" content=\"image\/jpeg\" \/>\n<meta name=\"author\" content=\"Juan Luis Vanrell\" \/>\n<meta name=\"twitter:card\" content=\"summary_large_image\" \/>\n<meta name=\"twitter:label1\" content=\"Written by\" \/>\n\t<meta name=\"twitter:data1\" content=\"Juan Luis Vanrell\" \/>\n\t<meta name=\"twitter:label2\" content=\"Est. reading time\" \/>\n\t<meta name=\"twitter:data2\" content=\"2 minutos\" \/>\n<script type=\"application\/ld+json\" class=\"yoast-schema-graph\">{\"@context\":\"https:\/\/schema.org\",\"@graph\":[{\"@type\":\"Article\",\"@id\":\"https:\/\/www.rimontgowineries.com\/blog\/es\/los-circulos-del-vino\/#article\",\"isPartOf\":{\"@id\":\"https:\/\/www.rimontgowineries.com\/blog\/es\/los-circulos-del-vino\/\"},\"author\":{\"name\":\"Juan Luis Vanrell\",\"@id\":\"https:\/\/www.rimontgowineries.com\/blog\/#\/schema\/person\/9dc43a22f8b4b5cca821369523f3c455\"},\"headline\":\"Los c\u00edrculos del vino\",\"datePublished\":\"2025-07-11T10:44:41+00:00\",\"dateModified\":\"2025-07-16T14:22:25+00:00\",\"mainEntityOfPage\":{\"@id\":\"https:\/\/www.rimontgowineries.com\/blog\/es\/los-circulos-del-vino\/\"},\"wordCount\":431,\"commentCount\":0,\"publisher\":{\"@id\":\"https:\/\/www.rimontgowineries.com\/blog\/#organization\"},\"articleSection\":[\"Mundo del vino\"],\"inLanguage\":\"es\",\"potentialAction\":[{\"@type\":\"CommentAction\",\"name\":\"Comment\",\"target\":[\"https:\/\/www.rimontgowineries.com\/blog\/es\/los-circulos-del-vino\/#respond\"]}]},{\"@type\":\"WebPage\",\"@id\":\"https:\/\/www.rimontgowineries.com\/blog\/es\/los-circulos-del-vino\/\",\"url\":\"https:\/\/www.rimontgowineries.com\/blog\/es\/los-circulos-del-vino\/\",\"name\":\"Los c\u00edrculos del vino - Rimontgo Wineries\",\"isPartOf\":{\"@id\":\"https:\/\/www.rimontgowineries.com\/blog\/#website\"},\"datePublished\":\"2025-07-11T10:44:41+00:00\",\"dateModified\":\"2025-07-16T14:22:25+00:00\",\"description\":\"El vino crea lazos \u00fanicos y refleja una pasi\u00f3n compartida. Reflexionamos sobre c\u00f3mo se vive y se entiende el vino, m\u00e1s all\u00e1 de etiquetas comerciales y t\u00f3picos enol\u00f3gicos.\",\"breadcrumb\":{\"@id\":\"https:\/\/www.rimontgowineries.com\/blog\/es\/los-circulos-del-vino\/#breadcrumb\"},\"inLanguage\":\"es\",\"potentialAction\":[{\"@type\":\"ReadAction\",\"target\":[\"https:\/\/www.rimontgowineries.com\/blog\/es\/los-circulos-del-vino\/\"]}]},{\"@type\":\"BreadcrumbList\",\"@id\":\"https:\/\/www.rimontgowineries.com\/blog\/es\/los-circulos-del-vino\/#breadcrumb\",\"itemListElement\":[{\"@type\":\"ListItem\",\"position\":1,\"name\":\"Home\",\"item\":\"https:\/\/www.rimontgowineries.com\/blog\/es\/\"},{\"@type\":\"ListItem\",\"position\":2,\"name\":\"Los c\u00edrculos del vino\"}]},{\"@type\":\"WebSite\",\"@id\":\"https:\/\/www.rimontgowineries.com\/blog\/#website\",\"url\":\"https:\/\/www.rimontgowineries.com\/blog\/\",\"name\":\"Rimontgo Wineries\",\"description\":\"Rimontgo Wineries\",\"publisher\":{\"@id\":\"https:\/\/www.rimontgowineries.com\/blog\/#organization\"},\"potentialAction\":[{\"@type\":\"SearchAction\",\"target\":{\"@type\":\"EntryPoint\",\"urlTemplate\":\"https:\/\/www.rimontgowineries.com\/blog\/?s={search_term_string}\"},\"query-input\":\"required name=search_term_string\"}],\"inLanguage\":\"es\"},{\"@type\":\"Organization\",\"@id\":\"https:\/\/www.rimontgowineries.com\/blog\/#organization\",\"name\":\"Rimontgo Wineries\",\"url\":\"https:\/\/www.rimontgowineries.com\/blog\/\",\"logo\":{\"@type\":\"ImageObject\",\"inLanguage\":\"es\",\"@id\":\"https:\/\/www.rimontgowineries.com\/blog\/#\/schema\/logo\/image\/\",\"url\":\"https:\/\/www.rimontgowineries.com\/blog\/wp-content\/uploads\/2020\/03\/logo_bodegas_wineries_EN.svg\",\"contentUrl\":\"https:\/\/www.rimontgowineries.com\/blog\/wp-content\/uploads\/2020\/03\/logo_bodegas_wineries_EN.svg\",\"width\":134,\"height\":34,\"caption\":\"Rimontgo Wineries\"},\"image\":{\"@id\":\"https:\/\/www.rimontgowineries.com\/blog\/#\/schema\/logo\/image\/\"}},{\"@type\":\"Person\",\"@id\":\"https:\/\/www.rimontgowineries.com\/blog\/#\/schema\/person\/9dc43a22f8b4b5cca821369523f3c455\",\"name\":\"Juan Luis Vanrell\",\"image\":{\"@type\":\"ImageObject\",\"inLanguage\":\"es\",\"@id\":\"https:\/\/www.rimontgowineries.com\/blog\/#\/schema\/person\/image\/\",\"url\":\"https:\/\/secure.gravatar.com\/avatar\/ffaf84a9253780c50f123fc18a9c2266?s=96&d=mm&r=g\",\"contentUrl\":\"https:\/\/secure.gravatar.com\/avatar\/ffaf84a9253780c50f123fc18a9c2266?s=96&d=mm&r=g\",\"caption\":\"Juan Luis Vanrell\"},\"url\":\"https:\/\/www.rimontgowineries.com\/blog\/author\/juanluis\/\"}]}<\/script>\n<!-- \/ Yoast SEO plugin. -->","yoast_head_json":{"title":"Los c\u00edrculos del vino - Rimontgo Wineries","description":"El vino crea lazos \u00fanicos y refleja una pasi\u00f3n compartida. Reflexionamos sobre c\u00f3mo se vive y se entiende el vino, m\u00e1s all\u00e1 de etiquetas comerciales y t\u00f3picos enol\u00f3gicos.","robots":{"index":"index","follow":"follow","max-snippet":"max-snippet:-1","max-image-preview":"max-image-preview:large","max-video-preview":"max-video-preview:-1"},"canonical":"https:\/\/www.rimontgowineries.com\/blog\/es\/los-circulos-del-vino\/","og_locale":"es_ES","og_type":"article","og_title":"Los c\u00edrculos del vino - Rimontgo Wineries","og_description":"El vino crea lazos \u00fanicos y refleja una pasi\u00f3n compartida. Reflexionamos sobre c\u00f3mo se vive y se entiende el vino, m\u00e1s all\u00e1 de etiquetas comerciales y t\u00f3picos enol\u00f3gicos.","og_url":"https:\/\/www.rimontgowineries.com\/blog\/es\/los-circulos-del-vino\/","og_site_name":"Rimontgo Wineries","article_published_time":"2025-07-11T10:44:41+00:00","article_modified_time":"2025-07-16T14:22:25+00:00","og_image":[{"width":969,"height":672,"url":"https:\/\/www.rimontgowineries.com\/blog\/wp-content\/uploads\/2025\/07\/Circulos-del-vino.jpg","type":"image\/jpeg"}],"author":"Juan Luis Vanrell","twitter_card":"summary_large_image","twitter_misc":{"Written by":"Juan Luis Vanrell","Est. reading time":"2 minutos"},"schema":{"@context":"https:\/\/schema.org","@graph":[{"@type":"Article","@id":"https:\/\/www.rimontgowineries.com\/blog\/es\/los-circulos-del-vino\/#article","isPartOf":{"@id":"https:\/\/www.rimontgowineries.com\/blog\/es\/los-circulos-del-vino\/"},"author":{"name":"Juan Luis Vanrell","@id":"https:\/\/www.rimontgowineries.com\/blog\/#\/schema\/person\/9dc43a22f8b4b5cca821369523f3c455"},"headline":"Los c\u00edrculos del vino","datePublished":"2025-07-11T10:44:41+00:00","dateModified":"2025-07-16T14:22:25+00:00","mainEntityOfPage":{"@id":"https:\/\/www.rimontgowineries.com\/blog\/es\/los-circulos-del-vino\/"},"wordCount":431,"commentCount":0,"publisher":{"@id":"https:\/\/www.rimontgowineries.com\/blog\/#organization"},"articleSection":["Mundo del vino"],"inLanguage":"es","potentialAction":[{"@type":"CommentAction","name":"Comment","target":["https:\/\/www.rimontgowineries.com\/blog\/es\/los-circulos-del-vino\/#respond"]}]},{"@type":"WebPage","@id":"https:\/\/www.rimontgowineries.com\/blog\/es\/los-circulos-del-vino\/","url":"https:\/\/www.rimontgowineries.com\/blog\/es\/los-circulos-del-vino\/","name":"Los c\u00edrculos del vino - Rimontgo Wineries","isPartOf":{"@id":"https:\/\/www.rimontgowineries.com\/blog\/#website"},"datePublished":"2025-07-11T10:44:41+00:00","dateModified":"2025-07-16T14:22:25+00:00","description":"El vino crea lazos \u00fanicos y refleja una pasi\u00f3n compartida. Reflexionamos sobre c\u00f3mo se vive y se entiende el vino, m\u00e1s all\u00e1 de etiquetas comerciales y t\u00f3picos enol\u00f3gicos.","breadcrumb":{"@id":"https:\/\/www.rimontgowineries.com\/blog\/es\/los-circulos-del-vino\/#breadcrumb"},"inLanguage":"es","potentialAction":[{"@type":"ReadAction","target":["https:\/\/www.rimontgowineries.com\/blog\/es\/los-circulos-del-vino\/"]}]},{"@type":"BreadcrumbList","@id":"https:\/\/www.rimontgowineries.com\/blog\/es\/los-circulos-del-vino\/#breadcrumb","itemListElement":[{"@type":"ListItem","position":1,"name":"Home","item":"https:\/\/www.rimontgowineries.com\/blog\/es\/"},{"@type":"ListItem","position":2,"name":"Los c\u00edrculos del vino"}]},{"@type":"WebSite","@id":"https:\/\/www.rimontgowineries.com\/blog\/#website","url":"https:\/\/www.rimontgowineries.com\/blog\/","name":"Rimontgo Wineries","description":"Rimontgo Wineries","publisher":{"@id":"https:\/\/www.rimontgowineries.com\/blog\/#organization"},"potentialAction":[{"@type":"SearchAction","target":{"@type":"EntryPoint","urlTemplate":"https:\/\/www.rimontgowineries.com\/blog\/?s={search_term_string}"},"query-input":"required name=search_term_string"}],"inLanguage":"es"},{"@type":"Organization","@id":"https:\/\/www.rimontgowineries.com\/blog\/#organization","name":"Rimontgo Wineries","url":"https:\/\/www.rimontgowineries.com\/blog\/","logo":{"@type":"ImageObject","inLanguage":"es","@id":"https:\/\/www.rimontgowineries.com\/blog\/#\/schema\/logo\/image\/","url":"https:\/\/www.rimontgowineries.com\/blog\/wp-content\/uploads\/2020\/03\/logo_bodegas_wineries_EN.svg","contentUrl":"https:\/\/www.rimontgowineries.com\/blog\/wp-content\/uploads\/2020\/03\/logo_bodegas_wineries_EN.svg","width":134,"height":34,"caption":"Rimontgo Wineries"},"image":{"@id":"https:\/\/www.rimontgowineries.com\/blog\/#\/schema\/logo\/image\/"}},{"@type":"Person","@id":"https:\/\/www.rimontgowineries.com\/blog\/#\/schema\/person\/9dc43a22f8b4b5cca821369523f3c455","name":"Juan Luis Vanrell","image":{"@type":"ImageObject","inLanguage":"es","@id":"https:\/\/www.rimontgowineries.com\/blog\/#\/schema\/person\/image\/","url":"https:\/\/secure.gravatar.com\/avatar\/ffaf84a9253780c50f123fc18a9c2266?s=96&d=mm&r=g","contentUrl":"https:\/\/secure.gravatar.com\/avatar\/ffaf84a9253780c50f123fc18a9c2266?s=96&d=mm&r=g","caption":"Juan Luis Vanrell"},"url":"https:\/\/www.rimontgowineries.com\/blog\/author\/juanluis\/"}]}},"_links":{"self":[{"href":"https:\/\/www.rimontgowineries.com\/blog\/wp-json\/wp\/v2\/posts\/23147"}],"collection":[{"href":"https:\/\/www.rimontgowineries.com\/blog\/wp-json\/wp\/v2\/posts"}],"about":[{"href":"https:\/\/www.rimontgowineries.com\/blog\/wp-json\/wp\/v2\/types\/post"}],"author":[{"embeddable":true,"href":"https:\/\/www.rimontgowineries.com\/blog\/wp-json\/wp\/v2\/users\/2"}],"replies":[{"embeddable":true,"href":"https:\/\/www.rimontgowineries.com\/blog\/wp-json\/wp\/v2\/comments?post=23147"}],"version-history":[{"count":1,"href":"https:\/\/www.rimontgowineries.com\/blog\/wp-json\/wp\/v2\/posts\/23147\/revisions"}],"predecessor-version":[{"id":23149,"href":"https:\/\/www.rimontgowineries.com\/blog\/wp-json\/wp\/v2\/posts\/23147\/revisions\/23149"}],"wp:featuredmedia":[{"embeddable":true,"href":"https:\/\/www.rimontgowineries.com\/blog\/wp-json\/wp\/v2\/media\/23148"}],"wp:attachment":[{"href":"https:\/\/www.rimontgowineries.com\/blog\/wp-json\/wp\/v2\/media?parent=23147"}],"wp:term":[{"taxonomy":"category","embeddable":true,"href":"https:\/\/www.rimontgowineries.com\/blog\/wp-json\/wp\/v2\/categories?post=23147"},{"taxonomy":"post_tag","embeddable":true,"href":"https:\/\/www.rimontgowineries.com\/blog\/wp-json\/wp\/v2\/tags?post=23147"}],"curies":[{"name":"wp","href":"https:\/\/api.w.org\/{rel}","templated":true}]}}