{"id":23354,"date":"2025-10-20T13:16:48","date_gmt":"2025-10-20T11:16:48","guid":{"rendered":"https:\/\/www.rimontgowineries.com\/blog\/?p=23354"},"modified":"2025-10-20T13:16:49","modified_gmt":"2025-10-20T11:16:49","slug":"la-ceremonie-du-vin","status":"publish","type":"post","link":"https:\/\/www.rimontgowineries.com\/blog\/fr\/la-ceremonie-du-vin\/","title":{"rendered":"La c\u00e9r\u00e9monie du vin"},"content":{"rendered":"\n<p>J&#8217;ai r\u00e9cemment eu l&#8217;honneur et la chance de c\u00e9l\u00e9brer symboliquement le mariage de mes amis Paco et Alexandra. Mon r\u00f4le consistait \u00e0 officier en tant que ma\u00eetre de c\u00e9r\u00e9monie en suivant le sc\u00e9nario \u00e9labor\u00e9 par Paco. Une c\u00e9r\u00e9monie simple et \u00e9l\u00e9gante, \u00e0 El Morro de Burriana, \u00e0 la pointe qui embrasse la mer. Un cadre idyllique.<\/p>\n\n\n\n<p>Paco et moi nous connaissons depuis pr\u00e8s de vingt ans. La vie nous a r\u00e9unis gr\u00e2ce \u00e0 notre passion commune pour le vin, c&#8217;est pourquoi j&#8217;ai pens\u00e9 que ce mariage devait comporter un clin d&#8217;\u0153il \u00e0 leur passion pour cet univers. D&#8217;autant plus qu&#8217;un voyage qu&#8217;Alexandra et Paco ont fait dans le Priorat a \u00e9t\u00e9 le d\u00e9clencheur qui les a pouss\u00e9s \u00e0 officialiser leur amour. Il suffit de dire que les vins servis lors du mariage \u00e9taient deux excellentes bouteilles Mathusalem (6 litres), l&#8217;une de grenache blanc de 2024 (Plantadeta) et l&#8217;autre, merveilleuse, de grenache et de carignan de 2006, toutes deux du Celler Sabat\u00e9.<\/p>\n\n\n\n<p>Tout le monde sait que les rituels du mariage sont multiples (religieux, civil, balines, etc.), mais il en existe un autre qui est fait sur mesure pour ceux d&#8217;entre nous qui aiment le monde \u0153nologique : la c\u00e9r\u00e9monie du vin. J&#8217;ai donc pens\u00e9 que, pour cr\u00e9er la surprise, je devais renforcer le lien entre Paco et Alexandra par ce beau rituel.<\/p>\n\n\n\n<p>Pour mener \u00e0 bien la c\u00e9r\u00e9monie, il faut deux verres, un pour chaque mari\u00e9. Dans ce cas, j&#8217;ai utilis\u00e9 deux Spiegelau Universal et un verre plus grand, un Spiegelau Bourgogne, en plus du vin, le grenache blanc Plantadeta, bien s\u00fbr. Chacun des verres de vin a \u00e9t\u00e9 remis aux mari\u00e9s par leur parrain et leur marraine, respectivement, puis j&#8217;ai prononc\u00e9 ces mots :<\/p>\n\n\n\n<p>\u00ab Aujourd&#8217;hui, alors que vos vies s&#8217;entrem\u00ealent, nous allons symboliser votre union \u00e0 travers ce vin. Le vin de chacun de ces deux verres repr\u00e9sente votre pass\u00e9 et t\u00e9moigne du cheminement personnel que vous avez parcouru pour arriver jusqu&#8217;ici.<\/p>\n\n\n\n<p>Prenez vos coupes et videz le vin dans le nouveau r\u00e9cipient, o\u00f9 les deux vins se m\u00e9langeront pour toujours et ne pourront plus \u00eatre s\u00e9par\u00e9s. Ils deviendront un nouveau vin ins\u00e9parable, fruit de votre amour et de votre engagement. En unissant vos vins, vous d\u00e9clarez devant vos proches l&#8217;amour et l&#8217;engagement que vous prenez pour l&#8217;avenir qui vous attend.<\/p>\n\n\n\n<p>Maintenant que ces vins ont fusionn\u00e9 en un seul, je vous invite \u00e0 boire \u00e0 votre union pour sceller ce mariage en t\u00e9moignant \u00e0 tous ceux qui sont pr\u00e9sents de votre amour. \u00bb<\/p>\n\n\n\n<p>La c\u00e9r\u00e9monie a \u00e9t\u00e9 accompagn\u00e9e par la musique de \u00ab Summer Wine \u00bb, de Nancy Sinatra &amp; Lee Hazlewood.<\/p>\n\n\n\n<p>Je n&#8217;avais jamais offici\u00e9 lors d&#8217;une c\u00e9r\u00e9monie auparavant, mais j&#8217;ai \u00e9t\u00e9 profond\u00e9ment \u00e9mu par cet acte qui symbolise l&#8217;amour, le pass\u00e9, le pr\u00e9sent et l&#8217;avenir, gr\u00e2ce \u00e0 un \u00e9l\u00e9ment liquide, le vin, qui est le r\u00e9sultat de l&#8217;union du ciel et de la terre canalis\u00e9e par la main de l&#8217;homme.<\/p>\n","protected":false},"excerpt":{"rendered":"<p>Dans un cadre idyllique au bord de la mer, le vin est devenu le protagoniste d&#8217;une c\u00e9r\u00e9monie unique : deux verres, deux vies, une union \u00e9ternelle. Inspir\u00e9e par la passion que nous partageons pour le monde \u0153nologique, cette \u00ab c\u00e9r\u00e9monie du vin \u00bb a scell\u00e9 leur amour par un geste aussi po\u00e9tique que profond, o\u00f9 chaque gorg\u00e9e \u00e9voquait l&#8217;union entre le ciel, la terre et l&#8217;\u00e2me humaine.<\/p>\n","protected":false},"author":2,"featured_media":23345,"comment_status":"open","ping_status":"open","sticky":false,"template":"","format":"standard","meta":{"_mi_skip_tracking":false,"_monsterinsights_sitenote_active":false,"_monsterinsights_sitenote_note":"","_monsterinsights_sitenote_category":0,"footnotes":""},"categories":[3047],"tags":[],"yoast_head":"<!-- This site is optimized with the Yoast SEO plugin v21.5 - https:\/\/yoast.com\/wordpress\/plugins\/seo\/ -->\n<title>La c\u00e9r\u00e9monie du vin | Rimontg\u00f3 Wineries<\/title>\n<meta name=\"description\" content=\"Lorsque l&#039;amour et le vin se fondent dans un m\u00eame rituel, une c\u00e9r\u00e9monie symbolique voit le jour, c\u00e9l\u00e9brant l&#039;union \u00e9ternelle de deux \u00e2mes \u00e0 travers le vin, la terre et le ciel.\" \/>\n<meta name=\"robots\" content=\"index, follow, max-snippet:-1, max-image-preview:large, max-video-preview:-1\" \/>\n<link rel=\"canonical\" href=\"https:\/\/www.rimontgowineries.com\/blog\/fr\/la-ceremonie-du-vin\/\" \/>\n<meta property=\"og:locale\" content=\"es_ES\" \/>\n<meta property=\"og:type\" content=\"article\" \/>\n<meta property=\"og:title\" content=\"La c\u00e9r\u00e9monie du vin | Rimontg\u00f3 Wineries\" \/>\n<meta property=\"og:description\" content=\"Lorsque l&#039;amour et le vin se fondent dans un m\u00eame rituel, une c\u00e9r\u00e9monie symbolique voit le jour, c\u00e9l\u00e9brant l&#039;union \u00e9ternelle de deux \u00e2mes \u00e0 travers le vin, la terre et le ciel.\" \/>\n<meta property=\"og:url\" content=\"https:\/\/www.rimontgowineries.com\/blog\/fr\/la-ceremonie-du-vin\/\" \/>\n<meta property=\"og:site_name\" content=\"Rimontgo Wineries\" \/>\n<meta property=\"article:published_time\" content=\"2025-10-20T11:16:48+00:00\" \/>\n<meta property=\"article:modified_time\" content=\"2025-10-20T11:16:49+00:00\" \/>\n<meta property=\"og:image\" content=\"https:\/\/www.rimontgowineries.com\/blog\/wp-content\/uploads\/2025\/10\/Ceremonia-del-vino.jpg\" \/>\n\t<meta property=\"og:image:width\" content=\"2358\" \/>\n\t<meta property=\"og:image:height\" content=\"1522\" \/>\n\t<meta property=\"og:image:type\" content=\"image\/jpeg\" \/>\n<meta name=\"author\" content=\"Juan Luis Vanrell\" \/>\n<meta name=\"twitter:card\" content=\"summary_large_image\" \/>\n<meta name=\"twitter:label1\" content=\"Written by\" \/>\n\t<meta name=\"twitter:data1\" content=\"Juan Luis Vanrell\" \/>\n\t<meta name=\"twitter:label2\" content=\"Est. reading time\" \/>\n\t<meta name=\"twitter:data2\" content=\"3 minutos\" \/>\n<script type=\"application\/ld+json\" class=\"yoast-schema-graph\">{\"@context\":\"https:\/\/schema.org\",\"@graph\":[{\"@type\":\"Article\",\"@id\":\"https:\/\/www.rimontgowineries.com\/blog\/fr\/la-ceremonie-du-vin\/#article\",\"isPartOf\":{\"@id\":\"https:\/\/www.rimontgowineries.com\/blog\/fr\/la-ceremonie-du-vin\/\"},\"author\":{\"name\":\"Juan Luis Vanrell\",\"@id\":\"https:\/\/www.rimontgowineries.com\/blog\/#\/schema\/person\/9dc43a22f8b4b5cca821369523f3c455\"},\"headline\":\"La c\u00e9r\u00e9monie du vin\",\"datePublished\":\"2025-10-20T11:16:48+00:00\",\"dateModified\":\"2025-10-20T11:16:49+00:00\",\"mainEntityOfPage\":{\"@id\":\"https:\/\/www.rimontgowineries.com\/blog\/fr\/la-ceremonie-du-vin\/\"},\"wordCount\":516,\"commentCount\":0,\"publisher\":{\"@id\":\"https:\/\/www.rimontgowineries.com\/blog\/#organization\"},\"articleSection\":[\"Festivals et \u00e9v\u00e9nements\"],\"inLanguage\":\"es\",\"potentialAction\":[{\"@type\":\"CommentAction\",\"name\":\"Comment\",\"target\":[\"https:\/\/www.rimontgowineries.com\/blog\/fr\/la-ceremonie-du-vin\/#respond\"]}]},{\"@type\":\"WebPage\",\"@id\":\"https:\/\/www.rimontgowineries.com\/blog\/fr\/la-ceremonie-du-vin\/\",\"url\":\"https:\/\/www.rimontgowineries.com\/blog\/fr\/la-ceremonie-du-vin\/\",\"name\":\"La c\u00e9r\u00e9monie du vin | Rimontg\u00f3 Wineries\",\"isPartOf\":{\"@id\":\"https:\/\/www.rimontgowineries.com\/blog\/#website\"},\"datePublished\":\"2025-10-20T11:16:48+00:00\",\"dateModified\":\"2025-10-20T11:16:49+00:00\",\"description\":\"Lorsque l'amour et le vin se fondent dans un m\u00eame rituel, une c\u00e9r\u00e9monie symbolique voit le jour, c\u00e9l\u00e9brant l'union \u00e9ternelle de deux \u00e2mes \u00e0 travers le vin, la terre et le ciel.\",\"breadcrumb\":{\"@id\":\"https:\/\/www.rimontgowineries.com\/blog\/fr\/la-ceremonie-du-vin\/#breadcrumb\"},\"inLanguage\":\"es\",\"potentialAction\":[{\"@type\":\"ReadAction\",\"target\":[\"https:\/\/www.rimontgowineries.com\/blog\/fr\/la-ceremonie-du-vin\/\"]}]},{\"@type\":\"BreadcrumbList\",\"@id\":\"https:\/\/www.rimontgowineries.com\/blog\/fr\/la-ceremonie-du-vin\/#breadcrumb\",\"itemListElement\":[{\"@type\":\"ListItem\",\"position\":1,\"name\":\"Home\",\"item\":\"https:\/\/www.rimontgowineries.com\/blog\/es\/\"},{\"@type\":\"ListItem\",\"position\":2,\"name\":\"La c\u00e9r\u00e9monie du vin\"}]},{\"@type\":\"WebSite\",\"@id\":\"https:\/\/www.rimontgowineries.com\/blog\/#website\",\"url\":\"https:\/\/www.rimontgowineries.com\/blog\/\",\"name\":\"Rimontgo Wineries\",\"description\":\"Rimontgo Wineries\",\"publisher\":{\"@id\":\"https:\/\/www.rimontgowineries.com\/blog\/#organization\"},\"potentialAction\":[{\"@type\":\"SearchAction\",\"target\":{\"@type\":\"EntryPoint\",\"urlTemplate\":\"https:\/\/www.rimontgowineries.com\/blog\/?s={search_term_string}\"},\"query-input\":\"required name=search_term_string\"}],\"inLanguage\":\"es\"},{\"@type\":\"Organization\",\"@id\":\"https:\/\/www.rimontgowineries.com\/blog\/#organization\",\"name\":\"Rimontgo Wineries\",\"url\":\"https:\/\/www.rimontgowineries.com\/blog\/\",\"logo\":{\"@type\":\"ImageObject\",\"inLanguage\":\"es\",\"@id\":\"https:\/\/www.rimontgowineries.com\/blog\/#\/schema\/logo\/image\/\",\"url\":\"https:\/\/www.rimontgowineries.com\/blog\/wp-content\/uploads\/2020\/03\/logo_bodegas_wineries_EN.svg\",\"contentUrl\":\"https:\/\/www.rimontgowineries.com\/blog\/wp-content\/uploads\/2020\/03\/logo_bodegas_wineries_EN.svg\",\"width\":134,\"height\":34,\"caption\":\"Rimontgo Wineries\"},\"image\":{\"@id\":\"https:\/\/www.rimontgowineries.com\/blog\/#\/schema\/logo\/image\/\"}},{\"@type\":\"Person\",\"@id\":\"https:\/\/www.rimontgowineries.com\/blog\/#\/schema\/person\/9dc43a22f8b4b5cca821369523f3c455\",\"name\":\"Juan Luis Vanrell\",\"image\":{\"@type\":\"ImageObject\",\"inLanguage\":\"es\",\"@id\":\"https:\/\/www.rimontgowineries.com\/blog\/#\/schema\/person\/image\/\",\"url\":\"https:\/\/secure.gravatar.com\/avatar\/ffaf84a9253780c50f123fc18a9c2266?s=96&d=mm&r=g\",\"contentUrl\":\"https:\/\/secure.gravatar.com\/avatar\/ffaf84a9253780c50f123fc18a9c2266?s=96&d=mm&r=g\",\"caption\":\"Juan Luis Vanrell\"},\"url\":\"https:\/\/www.rimontgowineries.com\/blog\/author\/juanluis\/\"}]}<\/script>\n<!-- \/ Yoast SEO plugin. -->","yoast_head_json":{"title":"La c\u00e9r\u00e9monie du vin | Rimontg\u00f3 Wineries","description":"Lorsque l'amour et le vin se fondent dans un m\u00eame rituel, une c\u00e9r\u00e9monie symbolique voit le jour, c\u00e9l\u00e9brant l'union \u00e9ternelle de deux \u00e2mes \u00e0 travers le vin, la terre et le ciel.","robots":{"index":"index","follow":"follow","max-snippet":"max-snippet:-1","max-image-preview":"max-image-preview:large","max-video-preview":"max-video-preview:-1"},"canonical":"https:\/\/www.rimontgowineries.com\/blog\/fr\/la-ceremonie-du-vin\/","og_locale":"es_ES","og_type":"article","og_title":"La c\u00e9r\u00e9monie du vin | Rimontg\u00f3 Wineries","og_description":"Lorsque l'amour et le vin se fondent dans un m\u00eame rituel, une c\u00e9r\u00e9monie symbolique voit le jour, c\u00e9l\u00e9brant l'union \u00e9ternelle de deux \u00e2mes \u00e0 travers le vin, la terre et le ciel.","og_url":"https:\/\/www.rimontgowineries.com\/blog\/fr\/la-ceremonie-du-vin\/","og_site_name":"Rimontgo Wineries","article_published_time":"2025-10-20T11:16:48+00:00","article_modified_time":"2025-10-20T11:16:49+00:00","og_image":[{"width":2358,"height":1522,"url":"https:\/\/www.rimontgowineries.com\/blog\/wp-content\/uploads\/2025\/10\/Ceremonia-del-vino.jpg","type":"image\/jpeg"}],"author":"Juan Luis Vanrell","twitter_card":"summary_large_image","twitter_misc":{"Written by":"Juan Luis Vanrell","Est. reading time":"3 minutos"},"schema":{"@context":"https:\/\/schema.org","@graph":[{"@type":"Article","@id":"https:\/\/www.rimontgowineries.com\/blog\/fr\/la-ceremonie-du-vin\/#article","isPartOf":{"@id":"https:\/\/www.rimontgowineries.com\/blog\/fr\/la-ceremonie-du-vin\/"},"author":{"name":"Juan Luis Vanrell","@id":"https:\/\/www.rimontgowineries.com\/blog\/#\/schema\/person\/9dc43a22f8b4b5cca821369523f3c455"},"headline":"La c\u00e9r\u00e9monie du vin","datePublished":"2025-10-20T11:16:48+00:00","dateModified":"2025-10-20T11:16:49+00:00","mainEntityOfPage":{"@id":"https:\/\/www.rimontgowineries.com\/blog\/fr\/la-ceremonie-du-vin\/"},"wordCount":516,"commentCount":0,"publisher":{"@id":"https:\/\/www.rimontgowineries.com\/blog\/#organization"},"articleSection":["Festivals et \u00e9v\u00e9nements"],"inLanguage":"es","potentialAction":[{"@type":"CommentAction","name":"Comment","target":["https:\/\/www.rimontgowineries.com\/blog\/fr\/la-ceremonie-du-vin\/#respond"]}]},{"@type":"WebPage","@id":"https:\/\/www.rimontgowineries.com\/blog\/fr\/la-ceremonie-du-vin\/","url":"https:\/\/www.rimontgowineries.com\/blog\/fr\/la-ceremonie-du-vin\/","name":"La c\u00e9r\u00e9monie du vin | Rimontg\u00f3 Wineries","isPartOf":{"@id":"https:\/\/www.rimontgowineries.com\/blog\/#website"},"datePublished":"2025-10-20T11:16:48+00:00","dateModified":"2025-10-20T11:16:49+00:00","description":"Lorsque l'amour et le vin se fondent dans un m\u00eame rituel, une c\u00e9r\u00e9monie symbolique voit le jour, c\u00e9l\u00e9brant l'union \u00e9ternelle de deux \u00e2mes \u00e0 travers le vin, la terre et le ciel.","breadcrumb":{"@id":"https:\/\/www.rimontgowineries.com\/blog\/fr\/la-ceremonie-du-vin\/#breadcrumb"},"inLanguage":"es","potentialAction":[{"@type":"ReadAction","target":["https:\/\/www.rimontgowineries.com\/blog\/fr\/la-ceremonie-du-vin\/"]}]},{"@type":"BreadcrumbList","@id":"https:\/\/www.rimontgowineries.com\/blog\/fr\/la-ceremonie-du-vin\/#breadcrumb","itemListElement":[{"@type":"ListItem","position":1,"name":"Home","item":"https:\/\/www.rimontgowineries.com\/blog\/es\/"},{"@type":"ListItem","position":2,"name":"La c\u00e9r\u00e9monie du vin"}]},{"@type":"WebSite","@id":"https:\/\/www.rimontgowineries.com\/blog\/#website","url":"https:\/\/www.rimontgowineries.com\/blog\/","name":"Rimontgo Wineries","description":"Rimontgo Wineries","publisher":{"@id":"https:\/\/www.rimontgowineries.com\/blog\/#organization"},"potentialAction":[{"@type":"SearchAction","target":{"@type":"EntryPoint","urlTemplate":"https:\/\/www.rimontgowineries.com\/blog\/?s={search_term_string}"},"query-input":"required name=search_term_string"}],"inLanguage":"es"},{"@type":"Organization","@id":"https:\/\/www.rimontgowineries.com\/blog\/#organization","name":"Rimontgo Wineries","url":"https:\/\/www.rimontgowineries.com\/blog\/","logo":{"@type":"ImageObject","inLanguage":"es","@id":"https:\/\/www.rimontgowineries.com\/blog\/#\/schema\/logo\/image\/","url":"https:\/\/www.rimontgowineries.com\/blog\/wp-content\/uploads\/2020\/03\/logo_bodegas_wineries_EN.svg","contentUrl":"https:\/\/www.rimontgowineries.com\/blog\/wp-content\/uploads\/2020\/03\/logo_bodegas_wineries_EN.svg","width":134,"height":34,"caption":"Rimontgo Wineries"},"image":{"@id":"https:\/\/www.rimontgowineries.com\/blog\/#\/schema\/logo\/image\/"}},{"@type":"Person","@id":"https:\/\/www.rimontgowineries.com\/blog\/#\/schema\/person\/9dc43a22f8b4b5cca821369523f3c455","name":"Juan Luis Vanrell","image":{"@type":"ImageObject","inLanguage":"es","@id":"https:\/\/www.rimontgowineries.com\/blog\/#\/schema\/person\/image\/","url":"https:\/\/secure.gravatar.com\/avatar\/ffaf84a9253780c50f123fc18a9c2266?s=96&d=mm&r=g","contentUrl":"https:\/\/secure.gravatar.com\/avatar\/ffaf84a9253780c50f123fc18a9c2266?s=96&d=mm&r=g","caption":"Juan Luis Vanrell"},"url":"https:\/\/www.rimontgowineries.com\/blog\/author\/juanluis\/"}]}},"_links":{"self":[{"href":"https:\/\/www.rimontgowineries.com\/blog\/wp-json\/wp\/v2\/posts\/23354"}],"collection":[{"href":"https:\/\/www.rimontgowineries.com\/blog\/wp-json\/wp\/v2\/posts"}],"about":[{"href":"https:\/\/www.rimontgowineries.com\/blog\/wp-json\/wp\/v2\/types\/post"}],"author":[{"embeddable":true,"href":"https:\/\/www.rimontgowineries.com\/blog\/wp-json\/wp\/v2\/users\/2"}],"replies":[{"embeddable":true,"href":"https:\/\/www.rimontgowineries.com\/blog\/wp-json\/wp\/v2\/comments?post=23354"}],"version-history":[{"count":1,"href":"https:\/\/www.rimontgowineries.com\/blog\/wp-json\/wp\/v2\/posts\/23354\/revisions"}],"predecessor-version":[{"id":23355,"href":"https:\/\/www.rimontgowineries.com\/blog\/wp-json\/wp\/v2\/posts\/23354\/revisions\/23355"}],"wp:featuredmedia":[{"embeddable":true,"href":"https:\/\/www.rimontgowineries.com\/blog\/wp-json\/wp\/v2\/media\/23345"}],"wp:attachment":[{"href":"https:\/\/www.rimontgowineries.com\/blog\/wp-json\/wp\/v2\/media?parent=23354"}],"wp:term":[{"taxonomy":"category","embeddable":true,"href":"https:\/\/www.rimontgowineries.com\/blog\/wp-json\/wp\/v2\/categories?post=23354"},{"taxonomy":"post_tag","embeddable":true,"href":"https:\/\/www.rimontgowineries.com\/blog\/wp-json\/wp\/v2\/tags?post=23354"}],"curies":[{"name":"wp","href":"https:\/\/api.w.org\/{rel}","templated":true}]}}