{"id":23659,"date":"2026-03-13T10:00:00","date_gmt":"2026-03-13T09:00:00","guid":{"rendered":"https:\/\/www.rimontgowineries.com\/blog\/?p=23659"},"modified":"2026-03-12T12:29:52","modified_gmt":"2026-03-12T11:29:52","slug":"una-cata-a-ciegas-en-rimontgo","status":"publish","type":"post","link":"https:\/\/www.rimontgowineries.com\/blog\/es\/una-cata-a-ciegas-en-rimontgo\/","title":{"rendered":"Una cata a ciegas en Rimontg\u00f3"},"content":{"rendered":"\n<p>Esta semana hemos tenido un entrenamiento muy especial, ya que lo ha organizado Pepe Ribes en la sede de Rimontg\u00f3 en Valencia. Tres de los miembros de Terroir a Ciegas estuvimos presentes para participar en una cata a ciegas que no result\u00f3 nada f\u00e1cil y que nos llev\u00f3 por buena parte de Uruguay y Argentina. Junto a nosotros estuvieron presentes insignes personajes valencianos, que no solo disfrutaron, sino que, incluso, demostraron sus aptitudes para la cata. Los vinos elegidos por Pepe fueron los siguientes:<\/p>\n\n\n\n<p>1.- Albari\u00f1o 2024. Uruguay<\/p>\n\n\n\n<p>2.- Pinot Noir 2023. Uruguay<\/p>\n\n\n\n<p>3.- Casa de Uco. Salvaje. Valle de Uco, Mendoza. Argentina<\/p>\n\n\n\n<p>4.- Mariflor 2021. Cabernet Franc. Michel Rolland. Argentina<\/p>\n\n\n\n<p>5.- Marqu\u00e9s de Riscal 2021. Tempranillo. Espa\u00f1a<\/p>\n\n\n\n<p>6.- Mariflor 2022. Merlot. Michel Rolland. Argentina.<\/p>\n\n\n\n<p>7.- Mariflor 2021. Cabernet Sauvignon. Michel Rolland. Argentina.<\/p>\n\n\n\n<p>8.- Val de Flores 2020. Malbec. Michel Rolland. Valle de Uco, Mendoza. Argentina.<\/p>\n\n\n\n<p>La cata fue complicada, especialmente en los vinos intermedios. Con el \u00fanico blanco, el albari\u00f1o, acertamos la variedad y la a\u00f1ada, pero no el pa\u00eds. Lo mismo sucedi\u00f3 con la pinot noir. A partir de aqu\u00ed se nos complic\u00f3 el tema. Vinos tintos muy parecidos que nos generaron muchos problemas. Con el Salvaje dudamos entre un vino de garnacha, syrah y monastrell o con una malbec. Las cabernets, tanto franc como sauvignon, nos marearon bastante, m\u00e1s cuando en medio hubo un rioja y una merlot. El vino que mejor vimos fue el Val de Flores de Michel Roland, una malbec que se expres\u00f3 con mayor claridad que el resto.<\/p>\n\n\n\n<p>Todos los invitados participaron opinando y preguntando sobre nuestra manera de afrontar los vinos, sus matices y caracter\u00edsticas para descifrar las botellas a ciegas. Explicamos como trabajamos cada vino; hablamos de las capas de los vinos; tambi\u00e9n de la estructura de los blancos y tintos; de las notas caracter\u00edsticas de cada una de las variedades y, por supuesto, de la confianza que implica catar a ciegas en equipo.<\/p>\n\n\n\n<figure class=\"wp-block-image size-large\"><img loading=\"lazy\" decoding=\"async\" width=\"1024\" height=\"689\" src=\"https:\/\/www.rimontgowineries.com\/blog\/wp-content\/uploads\/2026\/03\/cata-a-ciegas-rimontgo-1024x689.jpg\" alt=\"cata a ciegas rimontgo\" class=\"wp-image-23661\" srcset=\"https:\/\/www.rimontgowineries.com\/blog\/wp-content\/uploads\/2026\/03\/cata-a-ciegas-rimontgo-1024x689.jpg 1024w, https:\/\/www.rimontgowineries.com\/blog\/wp-content\/uploads\/2026\/03\/cata-a-ciegas-rimontgo-300x202.jpg 300w, https:\/\/www.rimontgowineries.com\/blog\/wp-content\/uploads\/2026\/03\/cata-a-ciegas-rimontgo-768x517.jpg 768w, https:\/\/www.rimontgowineries.com\/blog\/wp-content\/uploads\/2026\/03\/cata-a-ciegas-rimontgo.jpg 1484w\" sizes=\"(max-width: 1024px) 100vw, 1024px\" \/><\/figure>\n\n\n\n<p>Para nosotros fue un gran entrenamiento de vinos de Nuevo Mundo. Para los invitados una experiencia en la que pudieron ver la infinidad de conexiones que implica catar a ciegas. El evento result\u00f3 muy gratificante para todos, as\u00ed que esperemos que Pepe Ribes siga organizando estos eventos que a todos nos hacen felices.<\/p>\n","protected":false},"excerpt":{"rendered":"<p>En la sede de Rimontg\u00f3 en Valencia celebramos una cata a ciegas organizada por Pepe Ribes que nos llev\u00f3 por Uruguay, Argentina y Espa\u00f1a. Una sesi\u00f3n exigente en la que los vinos de Michel Rolland y el Valle de Uco pusieron a prueba a los catadores y generaron un interesante debate sobre variedades, estructura y m\u00e9todo de cata.<\/p>\n","protected":false},"author":2,"featured_media":23660,"comment_status":"open","ping_status":"open","sticky":false,"template":"","format":"standard","meta":{"_mi_skip_tracking":false,"_monsterinsights_sitenote_active":false,"_monsterinsights_sitenote_note":"","_monsterinsights_sitenote_category":0,"footnotes":""},"categories":[3041],"tags":[],"yoast_head":"<!-- This site is optimized with the Yoast SEO plugin v21.5 - https:\/\/yoast.com\/wordpress\/plugins\/seo\/ -->\n<title>Cata a ciegas en Rimontg\u00f3 | Rimontg\u00f3 Bodegas<\/title>\n<meta name=\"description\" content=\"Cr\u00f3nica de una cata a ciegas en la oficina de Rimontg\u00f3 en Valencia. Un entrenamiento que puso a prueba a los catadores.\" \/>\n<meta name=\"robots\" content=\"index, follow, max-snippet:-1, max-image-preview:large, max-video-preview:-1\" \/>\n<link rel=\"canonical\" href=\"https:\/\/www.rimontgowineries.com\/blog\/es\/una-cata-a-ciegas-en-rimontgo\/\" \/>\n<meta property=\"og:locale\" content=\"es_ES\" \/>\n<meta property=\"og:type\" content=\"article\" \/>\n<meta property=\"og:title\" content=\"Cata a ciegas en Rimontg\u00f3 | Rimontg\u00f3 Bodegas\" \/>\n<meta property=\"og:description\" content=\"Cr\u00f3nica de una cata a ciegas en la oficina de Rimontg\u00f3 en Valencia. Un entrenamiento que puso a prueba a los catadores.\" \/>\n<meta property=\"og:url\" content=\"https:\/\/www.rimontgowineries.com\/blog\/es\/una-cata-a-ciegas-en-rimontgo\/\" \/>\n<meta property=\"og:site_name\" content=\"Rimontgo Wineries\" \/>\n<meta property=\"article:published_time\" content=\"2026-03-13T09:00:00+00:00\" \/>\n<meta property=\"article:modified_time\" content=\"2026-03-12T11:29:52+00:00\" \/>\n<meta property=\"og:image\" content=\"https:\/\/www.rimontgowineries.com\/blog\/wp-content\/uploads\/2026\/03\/cata-a-ciegas.jpg\" \/>\n\t<meta property=\"og:image:width\" content=\"1483\" \/>\n\t<meta property=\"og:image:height\" content=\"989\" \/>\n\t<meta property=\"og:image:type\" content=\"image\/jpeg\" \/>\n<meta name=\"author\" content=\"Juan Luis Vanrell\" \/>\n<meta name=\"twitter:card\" content=\"summary_large_image\" \/>\n<meta name=\"twitter:label1\" content=\"Written by\" \/>\n\t<meta name=\"twitter:data1\" content=\"Juan Luis Vanrell\" \/>\n\t<meta name=\"twitter:label2\" content=\"Est. reading time\" \/>\n\t<meta name=\"twitter:data2\" content=\"2 minutos\" \/>\n<script type=\"application\/ld+json\" class=\"yoast-schema-graph\">{\"@context\":\"https:\/\/schema.org\",\"@graph\":[{\"@type\":\"Article\",\"@id\":\"https:\/\/www.rimontgowineries.com\/blog\/es\/una-cata-a-ciegas-en-rimontgo\/#article\",\"isPartOf\":{\"@id\":\"https:\/\/www.rimontgowineries.com\/blog\/es\/una-cata-a-ciegas-en-rimontgo\/\"},\"author\":{\"name\":\"Juan Luis Vanrell\",\"@id\":\"https:\/\/www.rimontgowineries.com\/blog\/#\/schema\/person\/9dc43a22f8b4b5cca821369523f3c455\"},\"headline\":\"Una cata a ciegas en Rimontg\u00f3\",\"datePublished\":\"2026-03-13T09:00:00+00:00\",\"dateModified\":\"2026-03-12T11:29:52+00:00\",\"mainEntityOfPage\":{\"@id\":\"https:\/\/www.rimontgowineries.com\/blog\/es\/una-cata-a-ciegas-en-rimontgo\/\"},\"wordCount\":386,\"commentCount\":0,\"publisher\":{\"@id\":\"https:\/\/www.rimontgowineries.com\/blog\/#organization\"},\"articleSection\":[\"Ferias y eventos\"],\"inLanguage\":\"es\",\"potentialAction\":[{\"@type\":\"CommentAction\",\"name\":\"Comment\",\"target\":[\"https:\/\/www.rimontgowineries.com\/blog\/es\/una-cata-a-ciegas-en-rimontgo\/#respond\"]}]},{\"@type\":\"WebPage\",\"@id\":\"https:\/\/www.rimontgowineries.com\/blog\/es\/una-cata-a-ciegas-en-rimontgo\/\",\"url\":\"https:\/\/www.rimontgowineries.com\/blog\/es\/una-cata-a-ciegas-en-rimontgo\/\",\"name\":\"Cata a ciegas en Rimontg\u00f3 | Rimontg\u00f3 Bodegas\",\"isPartOf\":{\"@id\":\"https:\/\/www.rimontgowineries.com\/blog\/#website\"},\"datePublished\":\"2026-03-13T09:00:00+00:00\",\"dateModified\":\"2026-03-12T11:29:52+00:00\",\"description\":\"Cr\u00f3nica de una cata a ciegas en la oficina de Rimontg\u00f3 en Valencia. Un entrenamiento que puso a prueba a los catadores.\",\"breadcrumb\":{\"@id\":\"https:\/\/www.rimontgowineries.com\/blog\/es\/una-cata-a-ciegas-en-rimontgo\/#breadcrumb\"},\"inLanguage\":\"es\",\"potentialAction\":[{\"@type\":\"ReadAction\",\"target\":[\"https:\/\/www.rimontgowineries.com\/blog\/es\/una-cata-a-ciegas-en-rimontgo\/\"]}]},{\"@type\":\"BreadcrumbList\",\"@id\":\"https:\/\/www.rimontgowineries.com\/blog\/es\/una-cata-a-ciegas-en-rimontgo\/#breadcrumb\",\"itemListElement\":[{\"@type\":\"ListItem\",\"position\":1,\"name\":\"Home\",\"item\":\"https:\/\/www.rimontgowineries.com\/blog\/es\/\"},{\"@type\":\"ListItem\",\"position\":2,\"name\":\"Una cata a ciegas en Rimontg\u00f3\"}]},{\"@type\":\"WebSite\",\"@id\":\"https:\/\/www.rimontgowineries.com\/blog\/#website\",\"url\":\"https:\/\/www.rimontgowineries.com\/blog\/\",\"name\":\"Rimontgo Wineries\",\"description\":\"Rimontgo Wineries\",\"publisher\":{\"@id\":\"https:\/\/www.rimontgowineries.com\/blog\/#organization\"},\"potentialAction\":[{\"@type\":\"SearchAction\",\"target\":{\"@type\":\"EntryPoint\",\"urlTemplate\":\"https:\/\/www.rimontgowineries.com\/blog\/?s={search_term_string}\"},\"query-input\":\"required name=search_term_string\"}],\"inLanguage\":\"es\"},{\"@type\":\"Organization\",\"@id\":\"https:\/\/www.rimontgowineries.com\/blog\/#organization\",\"name\":\"Rimontgo Wineries\",\"url\":\"https:\/\/www.rimontgowineries.com\/blog\/\",\"logo\":{\"@type\":\"ImageObject\",\"inLanguage\":\"es\",\"@id\":\"https:\/\/www.rimontgowineries.com\/blog\/#\/schema\/logo\/image\/\",\"url\":\"https:\/\/www.rimontgowineries.com\/blog\/wp-content\/uploads\/2020\/03\/logo_bodegas_wineries_EN.svg\",\"contentUrl\":\"https:\/\/www.rimontgowineries.com\/blog\/wp-content\/uploads\/2020\/03\/logo_bodegas_wineries_EN.svg\",\"width\":134,\"height\":34,\"caption\":\"Rimontgo Wineries\"},\"image\":{\"@id\":\"https:\/\/www.rimontgowineries.com\/blog\/#\/schema\/logo\/image\/\"}},{\"@type\":\"Person\",\"@id\":\"https:\/\/www.rimontgowineries.com\/blog\/#\/schema\/person\/9dc43a22f8b4b5cca821369523f3c455\",\"name\":\"Juan Luis Vanrell\",\"image\":{\"@type\":\"ImageObject\",\"inLanguage\":\"es\",\"@id\":\"https:\/\/www.rimontgowineries.com\/blog\/#\/schema\/person\/image\/\",\"url\":\"https:\/\/secure.gravatar.com\/avatar\/ffaf84a9253780c50f123fc18a9c2266?s=96&d=mm&r=g\",\"contentUrl\":\"https:\/\/secure.gravatar.com\/avatar\/ffaf84a9253780c50f123fc18a9c2266?s=96&d=mm&r=g\",\"caption\":\"Juan Luis Vanrell\"},\"url\":\"https:\/\/www.rimontgowineries.com\/blog\/author\/juanluis\/\"}]}<\/script>\n<!-- \/ Yoast SEO plugin. -->","yoast_head_json":{"title":"Cata a ciegas en Rimontg\u00f3 | Rimontg\u00f3 Bodegas","description":"Cr\u00f3nica de una cata a ciegas en la oficina de Rimontg\u00f3 en Valencia. Un entrenamiento que puso a prueba a los catadores.","robots":{"index":"index","follow":"follow","max-snippet":"max-snippet:-1","max-image-preview":"max-image-preview:large","max-video-preview":"max-video-preview:-1"},"canonical":"https:\/\/www.rimontgowineries.com\/blog\/es\/una-cata-a-ciegas-en-rimontgo\/","og_locale":"es_ES","og_type":"article","og_title":"Cata a ciegas en Rimontg\u00f3 | Rimontg\u00f3 Bodegas","og_description":"Cr\u00f3nica de una cata a ciegas en la oficina de Rimontg\u00f3 en Valencia. Un entrenamiento que puso a prueba a los catadores.","og_url":"https:\/\/www.rimontgowineries.com\/blog\/es\/una-cata-a-ciegas-en-rimontgo\/","og_site_name":"Rimontgo Wineries","article_published_time":"2026-03-13T09:00:00+00:00","article_modified_time":"2026-03-12T11:29:52+00:00","og_image":[{"width":1483,"height":989,"url":"https:\/\/www.rimontgowineries.com\/blog\/wp-content\/uploads\/2026\/03\/cata-a-ciegas.jpg","type":"image\/jpeg"}],"author":"Juan Luis Vanrell","twitter_card":"summary_large_image","twitter_misc":{"Written by":"Juan Luis Vanrell","Est. reading time":"2 minutos"},"schema":{"@context":"https:\/\/schema.org","@graph":[{"@type":"Article","@id":"https:\/\/www.rimontgowineries.com\/blog\/es\/una-cata-a-ciegas-en-rimontgo\/#article","isPartOf":{"@id":"https:\/\/www.rimontgowineries.com\/blog\/es\/una-cata-a-ciegas-en-rimontgo\/"},"author":{"name":"Juan Luis Vanrell","@id":"https:\/\/www.rimontgowineries.com\/blog\/#\/schema\/person\/9dc43a22f8b4b5cca821369523f3c455"},"headline":"Una cata a ciegas en Rimontg\u00f3","datePublished":"2026-03-13T09:00:00+00:00","dateModified":"2026-03-12T11:29:52+00:00","mainEntityOfPage":{"@id":"https:\/\/www.rimontgowineries.com\/blog\/es\/una-cata-a-ciegas-en-rimontgo\/"},"wordCount":386,"commentCount":0,"publisher":{"@id":"https:\/\/www.rimontgowineries.com\/blog\/#organization"},"articleSection":["Ferias y eventos"],"inLanguage":"es","potentialAction":[{"@type":"CommentAction","name":"Comment","target":["https:\/\/www.rimontgowineries.com\/blog\/es\/una-cata-a-ciegas-en-rimontgo\/#respond"]}]},{"@type":"WebPage","@id":"https:\/\/www.rimontgowineries.com\/blog\/es\/una-cata-a-ciegas-en-rimontgo\/","url":"https:\/\/www.rimontgowineries.com\/blog\/es\/una-cata-a-ciegas-en-rimontgo\/","name":"Cata a ciegas en Rimontg\u00f3 | Rimontg\u00f3 Bodegas","isPartOf":{"@id":"https:\/\/www.rimontgowineries.com\/blog\/#website"},"datePublished":"2026-03-13T09:00:00+00:00","dateModified":"2026-03-12T11:29:52+00:00","description":"Cr\u00f3nica de una cata a ciegas en la oficina de Rimontg\u00f3 en Valencia. Un entrenamiento que puso a prueba a los catadores.","breadcrumb":{"@id":"https:\/\/www.rimontgowineries.com\/blog\/es\/una-cata-a-ciegas-en-rimontgo\/#breadcrumb"},"inLanguage":"es","potentialAction":[{"@type":"ReadAction","target":["https:\/\/www.rimontgowineries.com\/blog\/es\/una-cata-a-ciegas-en-rimontgo\/"]}]},{"@type":"BreadcrumbList","@id":"https:\/\/www.rimontgowineries.com\/blog\/es\/una-cata-a-ciegas-en-rimontgo\/#breadcrumb","itemListElement":[{"@type":"ListItem","position":1,"name":"Home","item":"https:\/\/www.rimontgowineries.com\/blog\/es\/"},{"@type":"ListItem","position":2,"name":"Una cata a ciegas en Rimontg\u00f3"}]},{"@type":"WebSite","@id":"https:\/\/www.rimontgowineries.com\/blog\/#website","url":"https:\/\/www.rimontgowineries.com\/blog\/","name":"Rimontgo Wineries","description":"Rimontgo Wineries","publisher":{"@id":"https:\/\/www.rimontgowineries.com\/blog\/#organization"},"potentialAction":[{"@type":"SearchAction","target":{"@type":"EntryPoint","urlTemplate":"https:\/\/www.rimontgowineries.com\/blog\/?s={search_term_string}"},"query-input":"required name=search_term_string"}],"inLanguage":"es"},{"@type":"Organization","@id":"https:\/\/www.rimontgowineries.com\/blog\/#organization","name":"Rimontgo Wineries","url":"https:\/\/www.rimontgowineries.com\/blog\/","logo":{"@type":"ImageObject","inLanguage":"es","@id":"https:\/\/www.rimontgowineries.com\/blog\/#\/schema\/logo\/image\/","url":"https:\/\/www.rimontgowineries.com\/blog\/wp-content\/uploads\/2020\/03\/logo_bodegas_wineries_EN.svg","contentUrl":"https:\/\/www.rimontgowineries.com\/blog\/wp-content\/uploads\/2020\/03\/logo_bodegas_wineries_EN.svg","width":134,"height":34,"caption":"Rimontgo Wineries"},"image":{"@id":"https:\/\/www.rimontgowineries.com\/blog\/#\/schema\/logo\/image\/"}},{"@type":"Person","@id":"https:\/\/www.rimontgowineries.com\/blog\/#\/schema\/person\/9dc43a22f8b4b5cca821369523f3c455","name":"Juan Luis Vanrell","image":{"@type":"ImageObject","inLanguage":"es","@id":"https:\/\/www.rimontgowineries.com\/blog\/#\/schema\/person\/image\/","url":"https:\/\/secure.gravatar.com\/avatar\/ffaf84a9253780c50f123fc18a9c2266?s=96&d=mm&r=g","contentUrl":"https:\/\/secure.gravatar.com\/avatar\/ffaf84a9253780c50f123fc18a9c2266?s=96&d=mm&r=g","caption":"Juan Luis Vanrell"},"url":"https:\/\/www.rimontgowineries.com\/blog\/author\/juanluis\/"}]}},"_links":{"self":[{"href":"https:\/\/www.rimontgowineries.com\/blog\/wp-json\/wp\/v2\/posts\/23659"}],"collection":[{"href":"https:\/\/www.rimontgowineries.com\/blog\/wp-json\/wp\/v2\/posts"}],"about":[{"href":"https:\/\/www.rimontgowineries.com\/blog\/wp-json\/wp\/v2\/types\/post"}],"author":[{"embeddable":true,"href":"https:\/\/www.rimontgowineries.com\/blog\/wp-json\/wp\/v2\/users\/2"}],"replies":[{"embeddable":true,"href":"https:\/\/www.rimontgowineries.com\/blog\/wp-json\/wp\/v2\/comments?post=23659"}],"version-history":[{"count":3,"href":"https:\/\/www.rimontgowineries.com\/blog\/wp-json\/wp\/v2\/posts\/23659\/revisions"}],"predecessor-version":[{"id":23666,"href":"https:\/\/www.rimontgowineries.com\/blog\/wp-json\/wp\/v2\/posts\/23659\/revisions\/23666"}],"wp:featuredmedia":[{"embeddable":true,"href":"https:\/\/www.rimontgowineries.com\/blog\/wp-json\/wp\/v2\/media\/23660"}],"wp:attachment":[{"href":"https:\/\/www.rimontgowineries.com\/blog\/wp-json\/wp\/v2\/media?parent=23659"}],"wp:term":[{"taxonomy":"category","embeddable":true,"href":"https:\/\/www.rimontgowineries.com\/blog\/wp-json\/wp\/v2\/categories?post=23659"},{"taxonomy":"post_tag","embeddable":true,"href":"https:\/\/www.rimontgowineries.com\/blog\/wp-json\/wp\/v2\/tags?post=23659"}],"curies":[{"name":"wp","href":"https:\/\/api.w.org\/{rel}","templated":true}]}}