{"id":23676,"date":"2026-03-13T10:05:00","date_gmt":"2026-03-13T09:05:00","guid":{"rendered":"https:\/\/www.rimontgowineries.com\/blog\/?p=23676"},"modified":"2026-03-13T10:01:32","modified_gmt":"2026-03-13T09:01:32","slug":"une-degustation-a-laveugle-a-rimontgo","status":"publish","type":"post","link":"https:\/\/www.rimontgowineries.com\/blog\/fr\/une-degustation-a-laveugle-a-rimontgo\/","title":{"rendered":"Une d\u00e9gustation \u00e0 l&#8217;aveugle \u00e0 Rimontg\u00f3"},"content":{"rendered":"\n<p>Cette semaine, nous avons eu droit \u00e0 une formation tr\u00e8s sp\u00e9ciale, organis\u00e9e par Pepe Ribes au si\u00e8ge de Rimontg\u00f3 \u00e0 Valence. Trois membres de Terroir a Ciegas \u00e9taient pr\u00e9sents pour participer \u00e0 une d\u00e9gustation \u00e0 l&#8217;aveugle qui s&#8217;est av\u00e9r\u00e9e tr\u00e8s difficile et qui nous a fait voyager \u00e0 travers une grande partie de l&#8217;Uruguay et de l&#8217;Argentine. \u00c0 nos c\u00f4t\u00e9s se trouvaient d&#8217;\u00e9minentes personnalit\u00e9s valenciennes, qui ont non seulement appr\u00e9ci\u00e9 la d\u00e9gustation, mais ont \u00e9galement d\u00e9montr\u00e9 leurs talents en la mati\u00e8re. Les vins choisis par Pepe \u00e9taient les suivants :<\/p>\n\n\n\n<p>1.- Albari\u00f1o 2024. Uruguay<\/p>\n\n\n\n<p>2.- Pinot Noir 2023. Uruguay<\/p>\n\n\n\n<p>3.- Casa de Uco. Salvaje. Vall\u00e9e de Uco, Mendoza. Argentine<\/p>\n\n\n\n<p>4.- Mariflor 2021. Cabernet Franc. Michel Rolland. Argentine<\/p>\n\n\n\n<p>5.- Marqu\u00e9s de Riscal 2021. Tempranillo. Espagne<\/p>\n\n\n\n<p>6.- Mariflor 2022. Merlot. Michel Rolland. Argentine.<\/p>\n\n\n\n<p>7.- Mariflor 2021. Cabernet Sauvignon. Michel Rolland. Argentine.<\/p>\n\n\n\n<p>8.- Val de Flores 2020. Malbec. Michel Rolland. Vall\u00e9e de Uco, Mendoza. Argentine.<\/p>\n\n\n\n<p>La d\u00e9gustation s&#8217;est av\u00e9r\u00e9e compliqu\u00e9e, en particulier pour les vins interm\u00e9diaires. Pour le seul vin blanc, l&#8217;albari\u00f1o, nous avons devin\u00e9 le c\u00e9page et le mill\u00e9sime, mais pas le pays. Il en a \u00e9t\u00e9 de m\u00eame pour le pinot noir. \u00c0 partir de l\u00e0, les choses se sont compliqu\u00e9es. Des vins rouges tr\u00e8s similaires nous ont pos\u00e9 beaucoup de probl\u00e8mes. Avec le Salvaje, nous avons h\u00e9sit\u00e9 entre un vin de grenache, syrah et monastrell ou un malbec. Les cabernets, tant franc que sauvignon, nous ont donn\u00e9 le tournis, d&#8217;autant plus qu&#8217;il y avait un rioja et un merlot entre les deux. Le vin que nous avons le mieux appr\u00e9ci\u00e9 \u00e9tait le Val de Flores de Michel Roland, un malbec qui s&#8217;est exprim\u00e9 plus clairement que les autres.<\/p>\n\n\n\n<p>Tous les invit\u00e9s ont particip\u00e9 en donnant leur avis et en posant des questions sur notre fa\u00e7on d&#8217;aborder les vins, leurs nuances et leurs caract\u00e9ristiques afin de d\u00e9chiffrer les bouteilles \u00e0 l&#8217;aveugle. Nous avons expliqu\u00e9 comment nous travaillons chaque vin, nous avons parl\u00e9 des couches des vins, mais aussi de la structure des blancs et des rouges, des notes caract\u00e9ristiques de chacun des c\u00e9pages et, bien s\u00fbr, de la confiance qu&#8217;implique la d\u00e9gustation \u00e0 l&#8217;aveugle en \u00e9quipe.<\/p>\n\n\n\n<figure class=\"wp-block-image size-large\"><img loading=\"lazy\" decoding=\"async\" width=\"1024\" height=\"689\" src=\"https:\/\/www.rimontgowineries.com\/blog\/wp-content\/uploads\/2026\/03\/cata-a-ciegas-rimontgo-1024x689.jpg\" alt=\"d\u00e9gustation \u00e0 l'aveugle rimontg\u00f3\" class=\"wp-image-23682\" srcset=\"https:\/\/www.rimontgowineries.com\/blog\/wp-content\/uploads\/2026\/03\/cata-a-ciegas-rimontgo-1024x689.jpg 1024w, https:\/\/www.rimontgowineries.com\/blog\/wp-content\/uploads\/2026\/03\/cata-a-ciegas-rimontgo-300x202.jpg 300w, https:\/\/www.rimontgowineries.com\/blog\/wp-content\/uploads\/2026\/03\/cata-a-ciegas-rimontgo-768x517.jpg 768w, https:\/\/www.rimontgowineries.com\/blog\/wp-content\/uploads\/2026\/03\/cata-a-ciegas-rimontgo.jpg 1484w\" sizes=\"(max-width: 1024px) 100vw, 1024px\" \/><\/figure>\n\n\n\n<p>Pour nous, ce fut une excellente formation sur les vins du Nouveau Monde. Pour les invit\u00e9s, ce fut une exp\u00e9rience qui leur a permis de d\u00e9couvrir les innombrables liens que rec\u00e8le la d\u00e9gustation \u00e0 l&#8217;aveugle. L&#8217;\u00e9v\u00e9nement s&#8217;est av\u00e9r\u00e9 tr\u00e8s enrichissant pour tous, alors esp\u00e9rons que Pepe Ribes continuera \u00e0 organiser ces \u00e9v\u00e9nements qui font le bonheur de tous.<\/p>\n","protected":false},"excerpt":{"rendered":"<p>Au si\u00e8ge de Rimontg\u00f3 \u00e0 Valence, nous avons organis\u00e9 une d\u00e9gustation \u00e0 l&#8217;aveugle anim\u00e9e par Pepe Ribes qui nous a fait voyager \u00e0 travers l&#8217;Uruguay, l&#8217;Argentine et l&#8217;Espagne. Une s\u00e9ance exigeante au cours de laquelle les vins de Michel Rolland et de la vall\u00e9e de Uco ont mis les d\u00e9gustateurs \u00e0 l&#8217;\u00e9preuve et suscit\u00e9 un d\u00e9bat int\u00e9ressant sur les c\u00e9pages, la structure et la m\u00e9thode de d\u00e9gustation.<\/p>\n","protected":false},"author":2,"featured_media":23670,"comment_status":"open","ping_status":"open","sticky":false,"template":"","format":"standard","meta":{"_mi_skip_tracking":false,"_monsterinsights_sitenote_active":false,"_monsterinsights_sitenote_note":"","_monsterinsights_sitenote_category":0,"footnotes":""},"categories":[3047],"tags":[],"yoast_head":"<!-- This site is optimized with the Yoast SEO plugin v21.5 - https:\/\/yoast.com\/wordpress\/plugins\/seo\/ -->\n<title>D\u00e9gustation \u00e0 l&#039;aveugle \u00e0 Rimontg\u00f3 | Rimontg\u00f3 Wineries<\/title>\n<meta name=\"description\" content=\"Chronique d&#039;une d\u00e9gustation \u00e0 l&#039;aveugle dans les bureaux de Rimontg\u00f3 \u00e0 Valence. Une formation qui a mis les d\u00e9gustateurs \u00e0 l&#039;\u00e9preuve.\" \/>\n<meta name=\"robots\" content=\"index, follow, max-snippet:-1, max-image-preview:large, max-video-preview:-1\" \/>\n<link rel=\"canonical\" href=\"https:\/\/www.rimontgowineries.com\/blog\/fr\/une-degustation-a-laveugle-a-rimontgo\/\" \/>\n<meta property=\"og:locale\" content=\"es_ES\" \/>\n<meta property=\"og:type\" content=\"article\" \/>\n<meta property=\"og:title\" content=\"D\u00e9gustation \u00e0 l&#039;aveugle \u00e0 Rimontg\u00f3 | Rimontg\u00f3 Wineries\" \/>\n<meta property=\"og:description\" content=\"Chronique d&#039;une d\u00e9gustation \u00e0 l&#039;aveugle dans les bureaux de Rimontg\u00f3 \u00e0 Valence. Une formation qui a mis les d\u00e9gustateurs \u00e0 l&#039;\u00e9preuve.\" \/>\n<meta property=\"og:url\" content=\"https:\/\/www.rimontgowineries.com\/blog\/fr\/une-degustation-a-laveugle-a-rimontgo\/\" \/>\n<meta property=\"og:site_name\" content=\"Rimontgo Wineries\" \/>\n<meta property=\"article:published_time\" content=\"2026-03-13T09:05:00+00:00\" \/>\n<meta property=\"article:modified_time\" content=\"2026-03-13T09:01:32+00:00\" \/>\n<meta property=\"og:image\" content=\"https:\/\/www.rimontgowineries.com\/blog\/wp-content\/uploads\/2026\/03\/cata-a-ciegas.jpg\" \/>\n\t<meta property=\"og:image:width\" content=\"1483\" \/>\n\t<meta property=\"og:image:height\" content=\"989\" \/>\n\t<meta property=\"og:image:type\" content=\"image\/jpeg\" \/>\n<meta name=\"author\" content=\"Juan Luis Vanrell\" \/>\n<meta name=\"twitter:card\" content=\"summary_large_image\" \/>\n<meta name=\"twitter:label1\" content=\"Written by\" \/>\n\t<meta name=\"twitter:data1\" content=\"Juan Luis Vanrell\" \/>\n\t<meta name=\"twitter:label2\" content=\"Est. reading time\" \/>\n\t<meta name=\"twitter:data2\" content=\"3 minutos\" \/>\n<script type=\"application\/ld+json\" class=\"yoast-schema-graph\">{\"@context\":\"https:\/\/schema.org\",\"@graph\":[{\"@type\":\"Article\",\"@id\":\"https:\/\/www.rimontgowineries.com\/blog\/fr\/une-degustation-a-laveugle-a-rimontgo\/#article\",\"isPartOf\":{\"@id\":\"https:\/\/www.rimontgowineries.com\/blog\/fr\/une-degustation-a-laveugle-a-rimontgo\/\"},\"author\":{\"name\":\"Juan Luis Vanrell\",\"@id\":\"https:\/\/www.rimontgowineries.com\/blog\/#\/schema\/person\/9dc43a22f8b4b5cca821369523f3c455\"},\"headline\":\"Une d\u00e9gustation \u00e0 l&#8217;aveugle \u00e0 Rimontg\u00f3\",\"datePublished\":\"2026-03-13T09:05:00+00:00\",\"dateModified\":\"2026-03-13T09:01:32+00:00\",\"mainEntityOfPage\":{\"@id\":\"https:\/\/www.rimontgowineries.com\/blog\/fr\/une-degustation-a-laveugle-a-rimontgo\/\"},\"wordCount\":453,\"commentCount\":0,\"publisher\":{\"@id\":\"https:\/\/www.rimontgowineries.com\/blog\/#organization\"},\"articleSection\":[\"Festivals et \u00e9v\u00e9nements\"],\"inLanguage\":\"es\",\"potentialAction\":[{\"@type\":\"CommentAction\",\"name\":\"Comment\",\"target\":[\"https:\/\/www.rimontgowineries.com\/blog\/fr\/une-degustation-a-laveugle-a-rimontgo\/#respond\"]}]},{\"@type\":\"WebPage\",\"@id\":\"https:\/\/www.rimontgowineries.com\/blog\/fr\/une-degustation-a-laveugle-a-rimontgo\/\",\"url\":\"https:\/\/www.rimontgowineries.com\/blog\/fr\/une-degustation-a-laveugle-a-rimontgo\/\",\"name\":\"D\u00e9gustation \u00e0 l'aveugle \u00e0 Rimontg\u00f3 | Rimontg\u00f3 Wineries\",\"isPartOf\":{\"@id\":\"https:\/\/www.rimontgowineries.com\/blog\/#website\"},\"datePublished\":\"2026-03-13T09:05:00+00:00\",\"dateModified\":\"2026-03-13T09:01:32+00:00\",\"description\":\"Chronique d'une d\u00e9gustation \u00e0 l'aveugle dans les bureaux de Rimontg\u00f3 \u00e0 Valence. Une formation qui a mis les d\u00e9gustateurs \u00e0 l'\u00e9preuve.\",\"breadcrumb\":{\"@id\":\"https:\/\/www.rimontgowineries.com\/blog\/fr\/une-degustation-a-laveugle-a-rimontgo\/#breadcrumb\"},\"inLanguage\":\"es\",\"potentialAction\":[{\"@type\":\"ReadAction\",\"target\":[\"https:\/\/www.rimontgowineries.com\/blog\/fr\/une-degustation-a-laveugle-a-rimontgo\/\"]}]},{\"@type\":\"BreadcrumbList\",\"@id\":\"https:\/\/www.rimontgowineries.com\/blog\/fr\/une-degustation-a-laveugle-a-rimontgo\/#breadcrumb\",\"itemListElement\":[{\"@type\":\"ListItem\",\"position\":1,\"name\":\"Home\",\"item\":\"https:\/\/www.rimontgowineries.com\/blog\/es\/\"},{\"@type\":\"ListItem\",\"position\":2,\"name\":\"Une d\u00e9gustation \u00e0 l&#8217;aveugle \u00e0 Rimontg\u00f3\"}]},{\"@type\":\"WebSite\",\"@id\":\"https:\/\/www.rimontgowineries.com\/blog\/#website\",\"url\":\"https:\/\/www.rimontgowineries.com\/blog\/\",\"name\":\"Rimontgo Wineries\",\"description\":\"Rimontgo Wineries\",\"publisher\":{\"@id\":\"https:\/\/www.rimontgowineries.com\/blog\/#organization\"},\"potentialAction\":[{\"@type\":\"SearchAction\",\"target\":{\"@type\":\"EntryPoint\",\"urlTemplate\":\"https:\/\/www.rimontgowineries.com\/blog\/?s={search_term_string}\"},\"query-input\":\"required name=search_term_string\"}],\"inLanguage\":\"es\"},{\"@type\":\"Organization\",\"@id\":\"https:\/\/www.rimontgowineries.com\/blog\/#organization\",\"name\":\"Rimontgo Wineries\",\"url\":\"https:\/\/www.rimontgowineries.com\/blog\/\",\"logo\":{\"@type\":\"ImageObject\",\"inLanguage\":\"es\",\"@id\":\"https:\/\/www.rimontgowineries.com\/blog\/#\/schema\/logo\/image\/\",\"url\":\"https:\/\/www.rimontgowineries.com\/blog\/wp-content\/uploads\/2020\/03\/logo_bodegas_wineries_EN.svg\",\"contentUrl\":\"https:\/\/www.rimontgowineries.com\/blog\/wp-content\/uploads\/2020\/03\/logo_bodegas_wineries_EN.svg\",\"width\":134,\"height\":34,\"caption\":\"Rimontgo Wineries\"},\"image\":{\"@id\":\"https:\/\/www.rimontgowineries.com\/blog\/#\/schema\/logo\/image\/\"}},{\"@type\":\"Person\",\"@id\":\"https:\/\/www.rimontgowineries.com\/blog\/#\/schema\/person\/9dc43a22f8b4b5cca821369523f3c455\",\"name\":\"Juan Luis Vanrell\",\"image\":{\"@type\":\"ImageObject\",\"inLanguage\":\"es\",\"@id\":\"https:\/\/www.rimontgowineries.com\/blog\/#\/schema\/person\/image\/\",\"url\":\"https:\/\/secure.gravatar.com\/avatar\/ffaf84a9253780c50f123fc18a9c2266?s=96&d=mm&r=g\",\"contentUrl\":\"https:\/\/secure.gravatar.com\/avatar\/ffaf84a9253780c50f123fc18a9c2266?s=96&d=mm&r=g\",\"caption\":\"Juan Luis Vanrell\"},\"url\":\"https:\/\/www.rimontgowineries.com\/blog\/author\/juanluis\/\"}]}<\/script>\n<!-- \/ Yoast SEO plugin. -->","yoast_head_json":{"title":"D\u00e9gustation \u00e0 l'aveugle \u00e0 Rimontg\u00f3 | Rimontg\u00f3 Wineries","description":"Chronique d'une d\u00e9gustation \u00e0 l'aveugle dans les bureaux de Rimontg\u00f3 \u00e0 Valence. Une formation qui a mis les d\u00e9gustateurs \u00e0 l'\u00e9preuve.","robots":{"index":"index","follow":"follow","max-snippet":"max-snippet:-1","max-image-preview":"max-image-preview:large","max-video-preview":"max-video-preview:-1"},"canonical":"https:\/\/www.rimontgowineries.com\/blog\/fr\/une-degustation-a-laveugle-a-rimontgo\/","og_locale":"es_ES","og_type":"article","og_title":"D\u00e9gustation \u00e0 l'aveugle \u00e0 Rimontg\u00f3 | Rimontg\u00f3 Wineries","og_description":"Chronique d'une d\u00e9gustation \u00e0 l'aveugle dans les bureaux de Rimontg\u00f3 \u00e0 Valence. Une formation qui a mis les d\u00e9gustateurs \u00e0 l'\u00e9preuve.","og_url":"https:\/\/www.rimontgowineries.com\/blog\/fr\/une-degustation-a-laveugle-a-rimontgo\/","og_site_name":"Rimontgo Wineries","article_published_time":"2026-03-13T09:05:00+00:00","article_modified_time":"2026-03-13T09:01:32+00:00","og_image":[{"width":1483,"height":989,"url":"https:\/\/www.rimontgowineries.com\/blog\/wp-content\/uploads\/2026\/03\/cata-a-ciegas.jpg","type":"image\/jpeg"}],"author":"Juan Luis Vanrell","twitter_card":"summary_large_image","twitter_misc":{"Written by":"Juan Luis Vanrell","Est. reading time":"3 minutos"},"schema":{"@context":"https:\/\/schema.org","@graph":[{"@type":"Article","@id":"https:\/\/www.rimontgowineries.com\/blog\/fr\/une-degustation-a-laveugle-a-rimontgo\/#article","isPartOf":{"@id":"https:\/\/www.rimontgowineries.com\/blog\/fr\/une-degustation-a-laveugle-a-rimontgo\/"},"author":{"name":"Juan Luis Vanrell","@id":"https:\/\/www.rimontgowineries.com\/blog\/#\/schema\/person\/9dc43a22f8b4b5cca821369523f3c455"},"headline":"Une d\u00e9gustation \u00e0 l&#8217;aveugle \u00e0 Rimontg\u00f3","datePublished":"2026-03-13T09:05:00+00:00","dateModified":"2026-03-13T09:01:32+00:00","mainEntityOfPage":{"@id":"https:\/\/www.rimontgowineries.com\/blog\/fr\/une-degustation-a-laveugle-a-rimontgo\/"},"wordCount":453,"commentCount":0,"publisher":{"@id":"https:\/\/www.rimontgowineries.com\/blog\/#organization"},"articleSection":["Festivals et \u00e9v\u00e9nements"],"inLanguage":"es","potentialAction":[{"@type":"CommentAction","name":"Comment","target":["https:\/\/www.rimontgowineries.com\/blog\/fr\/une-degustation-a-laveugle-a-rimontgo\/#respond"]}]},{"@type":"WebPage","@id":"https:\/\/www.rimontgowineries.com\/blog\/fr\/une-degustation-a-laveugle-a-rimontgo\/","url":"https:\/\/www.rimontgowineries.com\/blog\/fr\/une-degustation-a-laveugle-a-rimontgo\/","name":"D\u00e9gustation \u00e0 l'aveugle \u00e0 Rimontg\u00f3 | Rimontg\u00f3 Wineries","isPartOf":{"@id":"https:\/\/www.rimontgowineries.com\/blog\/#website"},"datePublished":"2026-03-13T09:05:00+00:00","dateModified":"2026-03-13T09:01:32+00:00","description":"Chronique d'une d\u00e9gustation \u00e0 l'aveugle dans les bureaux de Rimontg\u00f3 \u00e0 Valence. Une formation qui a mis les d\u00e9gustateurs \u00e0 l'\u00e9preuve.","breadcrumb":{"@id":"https:\/\/www.rimontgowineries.com\/blog\/fr\/une-degustation-a-laveugle-a-rimontgo\/#breadcrumb"},"inLanguage":"es","potentialAction":[{"@type":"ReadAction","target":["https:\/\/www.rimontgowineries.com\/blog\/fr\/une-degustation-a-laveugle-a-rimontgo\/"]}]},{"@type":"BreadcrumbList","@id":"https:\/\/www.rimontgowineries.com\/blog\/fr\/une-degustation-a-laveugle-a-rimontgo\/#breadcrumb","itemListElement":[{"@type":"ListItem","position":1,"name":"Home","item":"https:\/\/www.rimontgowineries.com\/blog\/es\/"},{"@type":"ListItem","position":2,"name":"Une d\u00e9gustation \u00e0 l&#8217;aveugle \u00e0 Rimontg\u00f3"}]},{"@type":"WebSite","@id":"https:\/\/www.rimontgowineries.com\/blog\/#website","url":"https:\/\/www.rimontgowineries.com\/blog\/","name":"Rimontgo Wineries","description":"Rimontgo Wineries","publisher":{"@id":"https:\/\/www.rimontgowineries.com\/blog\/#organization"},"potentialAction":[{"@type":"SearchAction","target":{"@type":"EntryPoint","urlTemplate":"https:\/\/www.rimontgowineries.com\/blog\/?s={search_term_string}"},"query-input":"required name=search_term_string"}],"inLanguage":"es"},{"@type":"Organization","@id":"https:\/\/www.rimontgowineries.com\/blog\/#organization","name":"Rimontgo Wineries","url":"https:\/\/www.rimontgowineries.com\/blog\/","logo":{"@type":"ImageObject","inLanguage":"es","@id":"https:\/\/www.rimontgowineries.com\/blog\/#\/schema\/logo\/image\/","url":"https:\/\/www.rimontgowineries.com\/blog\/wp-content\/uploads\/2020\/03\/logo_bodegas_wineries_EN.svg","contentUrl":"https:\/\/www.rimontgowineries.com\/blog\/wp-content\/uploads\/2020\/03\/logo_bodegas_wineries_EN.svg","width":134,"height":34,"caption":"Rimontgo Wineries"},"image":{"@id":"https:\/\/www.rimontgowineries.com\/blog\/#\/schema\/logo\/image\/"}},{"@type":"Person","@id":"https:\/\/www.rimontgowineries.com\/blog\/#\/schema\/person\/9dc43a22f8b4b5cca821369523f3c455","name":"Juan Luis Vanrell","image":{"@type":"ImageObject","inLanguage":"es","@id":"https:\/\/www.rimontgowineries.com\/blog\/#\/schema\/person\/image\/","url":"https:\/\/secure.gravatar.com\/avatar\/ffaf84a9253780c50f123fc18a9c2266?s=96&d=mm&r=g","contentUrl":"https:\/\/secure.gravatar.com\/avatar\/ffaf84a9253780c50f123fc18a9c2266?s=96&d=mm&r=g","caption":"Juan Luis Vanrell"},"url":"https:\/\/www.rimontgowineries.com\/blog\/author\/juanluis\/"}]}},"_links":{"self":[{"href":"https:\/\/www.rimontgowineries.com\/blog\/wp-json\/wp\/v2\/posts\/23676"}],"collection":[{"href":"https:\/\/www.rimontgowineries.com\/blog\/wp-json\/wp\/v2\/posts"}],"about":[{"href":"https:\/\/www.rimontgowineries.com\/blog\/wp-json\/wp\/v2\/types\/post"}],"author":[{"embeddable":true,"href":"https:\/\/www.rimontgowineries.com\/blog\/wp-json\/wp\/v2\/users\/2"}],"replies":[{"embeddable":true,"href":"https:\/\/www.rimontgowineries.com\/blog\/wp-json\/wp\/v2\/comments?post=23676"}],"version-history":[{"count":1,"href":"https:\/\/www.rimontgowineries.com\/blog\/wp-json\/wp\/v2\/posts\/23676\/revisions"}],"predecessor-version":[{"id":23687,"href":"https:\/\/www.rimontgowineries.com\/blog\/wp-json\/wp\/v2\/posts\/23676\/revisions\/23687"}],"wp:featuredmedia":[{"embeddable":true,"href":"https:\/\/www.rimontgowineries.com\/blog\/wp-json\/wp\/v2\/media\/23670"}],"wp:attachment":[{"href":"https:\/\/www.rimontgowineries.com\/blog\/wp-json\/wp\/v2\/media?parent=23676"}],"wp:term":[{"taxonomy":"category","embeddable":true,"href":"https:\/\/www.rimontgowineries.com\/blog\/wp-json\/wp\/v2\/categories?post=23676"},{"taxonomy":"post_tag","embeddable":true,"href":"https:\/\/www.rimontgowineries.com\/blog\/wp-json\/wp\/v2\/tags?post=23676"}],"curies":[{"name":"wp","href":"https:\/\/api.w.org\/{rel}","templated":true}]}}