{"id":23677,"date":"2026-03-13T10:03:25","date_gmt":"2026-03-13T09:03:25","guid":{"rendered":"https:\/\/www.rimontgowineries.com\/blog\/?p=23677"},"modified":"2026-03-13T10:03:26","modified_gmt":"2026-03-13T09:03:26","slug":"una-degustazione-alla-cieca-a-rimontgo","status":"publish","type":"post","link":"https:\/\/www.rimontgowineries.com\/blog\/it\/una-degustazione-alla-cieca-a-rimontgo\/","title":{"rendered":"Una degustazione alla cieca a Rimontg\u00f3"},"content":{"rendered":"\n<p>Questa settimana abbiamo avuto un allenamento molto speciale, organizzato da Pepe Ribes nella sede di Rimontg\u00f3 a Valencia. Tre membri di Terroir a Ciegas erano presenti per partecipare a una degustazione alla cieca che non \u00e8 stata affatto facile e che ci ha portato in gran parte dell&#8217;Uruguay e dell&#8217;Argentina. Insieme a noi c&#8217;erano illustri personaggi valenciani, che non solo si sono divertiti, ma hanno anche dimostrato le loro capacit\u00e0 di degustazione. I vini scelti da Pepe erano i seguenti:<\/p>\n\n\n\n<p>1.- Albari\u00f1o 2024. Uruguay<\/p>\n\n\n\n<p>2.- Pinot Noir 2023. Uruguay<\/p>\n\n\n\n<p>3.- Casa de Uco. Salvaje. Valle de Uco, Mendoza. Argentina<\/p>\n\n\n\n<p>4.- Mariflor 2021. Cabernet Franc. Michel Rolland. Argentina<\/p>\n\n\n\n<p>5.- Marqu\u00e9s de Riscal 2021. Tempranillo. Spagna<\/p>\n\n\n\n<p>6.- Mariflor 2022. Merlot. Michel Rolland. Argentina.<\/p>\n\n\n\n<p>7.- Mariflor 2021. Cabernet Sauvignon. Michel Rolland. Argentina.<\/p>\n\n\n\n<p>8.- Val de Flores 2020. Malbec. Michel Rolland. Valle di Uco, Mendoza. Argentina.<\/p>\n\n\n\n<p>La degustazione \u00e8 stata complicata, specialmente per i vini intermedi. Con l&#8217;unico bianco, l&#8217;Albari\u00f1o, abbiamo indovinato la variet\u00e0 e l&#8217;annata, ma non il paese. Lo stesso \u00e8 successo con il Pinot Noir. Da qui in poi la cosa si \u00e8 complicata. I vini rossi molto simili ci hanno creato molti problemi. Con il Salvaje abbiamo esitato tra un vino di garnacha, syrah e monastrell o un malbec. I cabernet, sia franc che sauvignon, ci hanno confuso non poco, soprattutto quando in mezzo c&#8217;erano un rioja e un merlot. Il vino che abbiamo apprezzato di pi\u00f9 \u00e8 stato il Val de Flores di Michel Roland, un malbec che si \u00e8 espresso con maggiore chiarezza rispetto agli altri.<\/p>\n\n\n\n<p>Tutti gli ospiti hanno partecipato esprimendo opinioni e facendo domande sul nostro modo di affrontare i vini, le loro sfumature e caratteristiche per decifrare le bottiglie alla cieca. Abbiamo spiegato come lavoriamo ogni vino; abbiamo parlato delle sfumature dei vini; anche della struttura dei bianchi e dei rossi; delle note caratteristiche di ciascuna delle variet\u00e0 e, naturalmente, della fiducia che implica la degustazione alla cieca in squadra.<\/p>\n\n\n\n<figure class=\"wp-block-image size-large\"><img loading=\"lazy\" decoding=\"async\" width=\"1024\" height=\"689\" src=\"https:\/\/www.rimontgowineries.com\/blog\/wp-content\/uploads\/2026\/03\/cata-a-ciegas-rimontgo-1024x689.jpg\" alt=\"degustazione alla cieca rimontg\u00f3\" class=\"wp-image-23683\" srcset=\"https:\/\/www.rimontgowineries.com\/blog\/wp-content\/uploads\/2026\/03\/cata-a-ciegas-rimontgo-1024x689.jpg 1024w, https:\/\/www.rimontgowineries.com\/blog\/wp-content\/uploads\/2026\/03\/cata-a-ciegas-rimontgo-300x202.jpg 300w, https:\/\/www.rimontgowineries.com\/blog\/wp-content\/uploads\/2026\/03\/cata-a-ciegas-rimontgo-768x517.jpg 768w, https:\/\/www.rimontgowineries.com\/blog\/wp-content\/uploads\/2026\/03\/cata-a-ciegas-rimontgo.jpg 1484w\" sizes=\"(max-width: 1024px) 100vw, 1024px\" \/><\/figure>\n\n\n\n<p>Per noi \u00e8 stata un&#8217;ottima occasione per imparare a conoscere i vini del Nuovo Mondo. Per gli ospiti \u00e8 stata un&#8217;esperienza che ha permesso loro di scoprire le infinite connessioni che comporta la degustazione alla cieca. L&#8217;evento \u00e8 stato molto gratificante per tutti, quindi speriamo che Pepe Ribes continui a organizzare questi eventi che rendono felici tutti noi.<\/p>\n","protected":false},"excerpt":{"rendered":"<p>Nella sede di Rimontg\u00f3 a Valencia abbiamo organizzato una degustazione alla cieca guidata da Pepe Ribes che ci ha portato in Uruguay, Argentina e Spagna. Una sessione impegnativa in cui i vini di Michel Rolland e della Valle di Uco hanno messo alla prova i degustatori e hanno generato un interessante dibattito sulle variet\u00e0, la struttura e il metodo di degustazione.<\/p>\n","protected":false},"author":2,"featured_media":23671,"comment_status":"open","ping_status":"open","sticky":false,"template":"","format":"standard","meta":{"_mi_skip_tracking":false,"_monsterinsights_sitenote_active":false,"_monsterinsights_sitenote_note":"","_monsterinsights_sitenote_category":0,"footnotes":""},"categories":[3039],"tags":[],"yoast_head":"<!-- This site is optimized with the Yoast SEO plugin v21.5 - https:\/\/yoast.com\/wordpress\/plugins\/seo\/ -->\n<title>Degustazione alla cieca a Rimontg\u00f3 | Rimontg\u00f3 Wineries<\/title>\n<meta name=\"description\" content=\"Resoconto di una degustazione alla cieca nell&#039;ufficio di Rimontg\u00f3 a Valencia. Un allenamento che ha messo alla prova i degustatori.\" \/>\n<meta name=\"robots\" content=\"index, follow, max-snippet:-1, max-image-preview:large, max-video-preview:-1\" \/>\n<link rel=\"canonical\" href=\"https:\/\/www.rimontgowineries.com\/blog\/it\/una-degustazione-alla-cieca-a-rimontgo\/\" \/>\n<meta property=\"og:locale\" content=\"es_ES\" \/>\n<meta property=\"og:type\" content=\"article\" \/>\n<meta property=\"og:title\" content=\"Degustazione alla cieca a Rimontg\u00f3 | Rimontg\u00f3 Wineries\" \/>\n<meta property=\"og:description\" content=\"Resoconto di una degustazione alla cieca nell&#039;ufficio di Rimontg\u00f3 a Valencia. Un allenamento che ha messo alla prova i degustatori.\" \/>\n<meta property=\"og:url\" content=\"https:\/\/www.rimontgowineries.com\/blog\/it\/una-degustazione-alla-cieca-a-rimontgo\/\" \/>\n<meta property=\"og:site_name\" content=\"Rimontgo Wineries\" \/>\n<meta property=\"article:published_time\" content=\"2026-03-13T09:03:25+00:00\" \/>\n<meta property=\"article:modified_time\" content=\"2026-03-13T09:03:26+00:00\" \/>\n<meta property=\"og:image\" content=\"https:\/\/www.rimontgowineries.com\/blog\/wp-content\/uploads\/2026\/03\/cata-a-ciegas.jpg\" \/>\n\t<meta property=\"og:image:width\" content=\"1483\" \/>\n\t<meta property=\"og:image:height\" content=\"989\" \/>\n\t<meta property=\"og:image:type\" content=\"image\/jpeg\" \/>\n<meta name=\"author\" content=\"Juan Luis Vanrell\" \/>\n<meta name=\"twitter:card\" content=\"summary_large_image\" \/>\n<meta name=\"twitter:label1\" content=\"Written by\" \/>\n\t<meta name=\"twitter:data1\" content=\"Juan Luis Vanrell\" \/>\n\t<meta name=\"twitter:label2\" content=\"Est. reading time\" \/>\n\t<meta name=\"twitter:data2\" content=\"2 minutos\" \/>\n<script type=\"application\/ld+json\" class=\"yoast-schema-graph\">{\"@context\":\"https:\/\/schema.org\",\"@graph\":[{\"@type\":\"Article\",\"@id\":\"https:\/\/www.rimontgowineries.com\/blog\/it\/una-degustazione-alla-cieca-a-rimontgo\/#article\",\"isPartOf\":{\"@id\":\"https:\/\/www.rimontgowineries.com\/blog\/it\/una-degustazione-alla-cieca-a-rimontgo\/\"},\"author\":{\"name\":\"Juan Luis Vanrell\",\"@id\":\"https:\/\/www.rimontgowineries.com\/blog\/#\/schema\/person\/9dc43a22f8b4b5cca821369523f3c455\"},\"headline\":\"Una degustazione alla cieca a Rimontg\u00f3\",\"datePublished\":\"2026-03-13T09:03:25+00:00\",\"dateModified\":\"2026-03-13T09:03:26+00:00\",\"mainEntityOfPage\":{\"@id\":\"https:\/\/www.rimontgowineries.com\/blog\/it\/una-degustazione-alla-cieca-a-rimontgo\/\"},\"wordCount\":376,\"commentCount\":0,\"publisher\":{\"@id\":\"https:\/\/www.rimontgowineries.com\/blog\/#organization\"},\"articleSection\":[\"Fiere ed eventi\"],\"inLanguage\":\"es\",\"potentialAction\":[{\"@type\":\"CommentAction\",\"name\":\"Comment\",\"target\":[\"https:\/\/www.rimontgowineries.com\/blog\/it\/una-degustazione-alla-cieca-a-rimontgo\/#respond\"]}]},{\"@type\":\"WebPage\",\"@id\":\"https:\/\/www.rimontgowineries.com\/blog\/it\/una-degustazione-alla-cieca-a-rimontgo\/\",\"url\":\"https:\/\/www.rimontgowineries.com\/blog\/it\/una-degustazione-alla-cieca-a-rimontgo\/\",\"name\":\"Degustazione alla cieca a Rimontg\u00f3 | Rimontg\u00f3 Wineries\",\"isPartOf\":{\"@id\":\"https:\/\/www.rimontgowineries.com\/blog\/#website\"},\"datePublished\":\"2026-03-13T09:03:25+00:00\",\"dateModified\":\"2026-03-13T09:03:26+00:00\",\"description\":\"Resoconto di una degustazione alla cieca nell'ufficio di Rimontg\u00f3 a Valencia. Un allenamento che ha messo alla prova i degustatori.\",\"breadcrumb\":{\"@id\":\"https:\/\/www.rimontgowineries.com\/blog\/it\/una-degustazione-alla-cieca-a-rimontgo\/#breadcrumb\"},\"inLanguage\":\"es\",\"potentialAction\":[{\"@type\":\"ReadAction\",\"target\":[\"https:\/\/www.rimontgowineries.com\/blog\/it\/una-degustazione-alla-cieca-a-rimontgo\/\"]}]},{\"@type\":\"BreadcrumbList\",\"@id\":\"https:\/\/www.rimontgowineries.com\/blog\/it\/una-degustazione-alla-cieca-a-rimontgo\/#breadcrumb\",\"itemListElement\":[{\"@type\":\"ListItem\",\"position\":1,\"name\":\"Home\",\"item\":\"https:\/\/www.rimontgowineries.com\/blog\/es\/\"},{\"@type\":\"ListItem\",\"position\":2,\"name\":\"Una degustazione alla cieca a Rimontg\u00f3\"}]},{\"@type\":\"WebSite\",\"@id\":\"https:\/\/www.rimontgowineries.com\/blog\/#website\",\"url\":\"https:\/\/www.rimontgowineries.com\/blog\/\",\"name\":\"Rimontgo Wineries\",\"description\":\"Rimontgo Wineries\",\"publisher\":{\"@id\":\"https:\/\/www.rimontgowineries.com\/blog\/#organization\"},\"potentialAction\":[{\"@type\":\"SearchAction\",\"target\":{\"@type\":\"EntryPoint\",\"urlTemplate\":\"https:\/\/www.rimontgowineries.com\/blog\/?s={search_term_string}\"},\"query-input\":\"required name=search_term_string\"}],\"inLanguage\":\"es\"},{\"@type\":\"Organization\",\"@id\":\"https:\/\/www.rimontgowineries.com\/blog\/#organization\",\"name\":\"Rimontgo Wineries\",\"url\":\"https:\/\/www.rimontgowineries.com\/blog\/\",\"logo\":{\"@type\":\"ImageObject\",\"inLanguage\":\"es\",\"@id\":\"https:\/\/www.rimontgowineries.com\/blog\/#\/schema\/logo\/image\/\",\"url\":\"https:\/\/www.rimontgowineries.com\/blog\/wp-content\/uploads\/2020\/03\/logo_bodegas_wineries_EN.svg\",\"contentUrl\":\"https:\/\/www.rimontgowineries.com\/blog\/wp-content\/uploads\/2020\/03\/logo_bodegas_wineries_EN.svg\",\"width\":134,\"height\":34,\"caption\":\"Rimontgo Wineries\"},\"image\":{\"@id\":\"https:\/\/www.rimontgowineries.com\/blog\/#\/schema\/logo\/image\/\"}},{\"@type\":\"Person\",\"@id\":\"https:\/\/www.rimontgowineries.com\/blog\/#\/schema\/person\/9dc43a22f8b4b5cca821369523f3c455\",\"name\":\"Juan Luis Vanrell\",\"image\":{\"@type\":\"ImageObject\",\"inLanguage\":\"es\",\"@id\":\"https:\/\/www.rimontgowineries.com\/blog\/#\/schema\/person\/image\/\",\"url\":\"https:\/\/secure.gravatar.com\/avatar\/ffaf84a9253780c50f123fc18a9c2266?s=96&d=mm&r=g\",\"contentUrl\":\"https:\/\/secure.gravatar.com\/avatar\/ffaf84a9253780c50f123fc18a9c2266?s=96&d=mm&r=g\",\"caption\":\"Juan Luis Vanrell\"},\"url\":\"https:\/\/www.rimontgowineries.com\/blog\/author\/juanluis\/\"}]}<\/script>\n<!-- \/ Yoast SEO plugin. -->","yoast_head_json":{"title":"Degustazione alla cieca a Rimontg\u00f3 | Rimontg\u00f3 Wineries","description":"Resoconto di una degustazione alla cieca nell'ufficio di Rimontg\u00f3 a Valencia. Un allenamento che ha messo alla prova i degustatori.","robots":{"index":"index","follow":"follow","max-snippet":"max-snippet:-1","max-image-preview":"max-image-preview:large","max-video-preview":"max-video-preview:-1"},"canonical":"https:\/\/www.rimontgowineries.com\/blog\/it\/una-degustazione-alla-cieca-a-rimontgo\/","og_locale":"es_ES","og_type":"article","og_title":"Degustazione alla cieca a Rimontg\u00f3 | Rimontg\u00f3 Wineries","og_description":"Resoconto di una degustazione alla cieca nell'ufficio di Rimontg\u00f3 a Valencia. Un allenamento che ha messo alla prova i degustatori.","og_url":"https:\/\/www.rimontgowineries.com\/blog\/it\/una-degustazione-alla-cieca-a-rimontgo\/","og_site_name":"Rimontgo Wineries","article_published_time":"2026-03-13T09:03:25+00:00","article_modified_time":"2026-03-13T09:03:26+00:00","og_image":[{"width":1483,"height":989,"url":"https:\/\/www.rimontgowineries.com\/blog\/wp-content\/uploads\/2026\/03\/cata-a-ciegas.jpg","type":"image\/jpeg"}],"author":"Juan Luis Vanrell","twitter_card":"summary_large_image","twitter_misc":{"Written by":"Juan Luis Vanrell","Est. reading time":"2 minutos"},"schema":{"@context":"https:\/\/schema.org","@graph":[{"@type":"Article","@id":"https:\/\/www.rimontgowineries.com\/blog\/it\/una-degustazione-alla-cieca-a-rimontgo\/#article","isPartOf":{"@id":"https:\/\/www.rimontgowineries.com\/blog\/it\/una-degustazione-alla-cieca-a-rimontgo\/"},"author":{"name":"Juan Luis Vanrell","@id":"https:\/\/www.rimontgowineries.com\/blog\/#\/schema\/person\/9dc43a22f8b4b5cca821369523f3c455"},"headline":"Una degustazione alla cieca a Rimontg\u00f3","datePublished":"2026-03-13T09:03:25+00:00","dateModified":"2026-03-13T09:03:26+00:00","mainEntityOfPage":{"@id":"https:\/\/www.rimontgowineries.com\/blog\/it\/una-degustazione-alla-cieca-a-rimontgo\/"},"wordCount":376,"commentCount":0,"publisher":{"@id":"https:\/\/www.rimontgowineries.com\/blog\/#organization"},"articleSection":["Fiere ed eventi"],"inLanguage":"es","potentialAction":[{"@type":"CommentAction","name":"Comment","target":["https:\/\/www.rimontgowineries.com\/blog\/it\/una-degustazione-alla-cieca-a-rimontgo\/#respond"]}]},{"@type":"WebPage","@id":"https:\/\/www.rimontgowineries.com\/blog\/it\/una-degustazione-alla-cieca-a-rimontgo\/","url":"https:\/\/www.rimontgowineries.com\/blog\/it\/una-degustazione-alla-cieca-a-rimontgo\/","name":"Degustazione alla cieca a Rimontg\u00f3 | Rimontg\u00f3 Wineries","isPartOf":{"@id":"https:\/\/www.rimontgowineries.com\/blog\/#website"},"datePublished":"2026-03-13T09:03:25+00:00","dateModified":"2026-03-13T09:03:26+00:00","description":"Resoconto di una degustazione alla cieca nell'ufficio di Rimontg\u00f3 a Valencia. Un allenamento che ha messo alla prova i degustatori.","breadcrumb":{"@id":"https:\/\/www.rimontgowineries.com\/blog\/it\/una-degustazione-alla-cieca-a-rimontgo\/#breadcrumb"},"inLanguage":"es","potentialAction":[{"@type":"ReadAction","target":["https:\/\/www.rimontgowineries.com\/blog\/it\/una-degustazione-alla-cieca-a-rimontgo\/"]}]},{"@type":"BreadcrumbList","@id":"https:\/\/www.rimontgowineries.com\/blog\/it\/una-degustazione-alla-cieca-a-rimontgo\/#breadcrumb","itemListElement":[{"@type":"ListItem","position":1,"name":"Home","item":"https:\/\/www.rimontgowineries.com\/blog\/es\/"},{"@type":"ListItem","position":2,"name":"Una degustazione alla cieca a Rimontg\u00f3"}]},{"@type":"WebSite","@id":"https:\/\/www.rimontgowineries.com\/blog\/#website","url":"https:\/\/www.rimontgowineries.com\/blog\/","name":"Rimontgo Wineries","description":"Rimontgo Wineries","publisher":{"@id":"https:\/\/www.rimontgowineries.com\/blog\/#organization"},"potentialAction":[{"@type":"SearchAction","target":{"@type":"EntryPoint","urlTemplate":"https:\/\/www.rimontgowineries.com\/blog\/?s={search_term_string}"},"query-input":"required name=search_term_string"}],"inLanguage":"es"},{"@type":"Organization","@id":"https:\/\/www.rimontgowineries.com\/blog\/#organization","name":"Rimontgo Wineries","url":"https:\/\/www.rimontgowineries.com\/blog\/","logo":{"@type":"ImageObject","inLanguage":"es","@id":"https:\/\/www.rimontgowineries.com\/blog\/#\/schema\/logo\/image\/","url":"https:\/\/www.rimontgowineries.com\/blog\/wp-content\/uploads\/2020\/03\/logo_bodegas_wineries_EN.svg","contentUrl":"https:\/\/www.rimontgowineries.com\/blog\/wp-content\/uploads\/2020\/03\/logo_bodegas_wineries_EN.svg","width":134,"height":34,"caption":"Rimontgo Wineries"},"image":{"@id":"https:\/\/www.rimontgowineries.com\/blog\/#\/schema\/logo\/image\/"}},{"@type":"Person","@id":"https:\/\/www.rimontgowineries.com\/blog\/#\/schema\/person\/9dc43a22f8b4b5cca821369523f3c455","name":"Juan Luis Vanrell","image":{"@type":"ImageObject","inLanguage":"es","@id":"https:\/\/www.rimontgowineries.com\/blog\/#\/schema\/person\/image\/","url":"https:\/\/secure.gravatar.com\/avatar\/ffaf84a9253780c50f123fc18a9c2266?s=96&d=mm&r=g","contentUrl":"https:\/\/secure.gravatar.com\/avatar\/ffaf84a9253780c50f123fc18a9c2266?s=96&d=mm&r=g","caption":"Juan Luis Vanrell"},"url":"https:\/\/www.rimontgowineries.com\/blog\/author\/juanluis\/"}]}},"_links":{"self":[{"href":"https:\/\/www.rimontgowineries.com\/blog\/wp-json\/wp\/v2\/posts\/23677"}],"collection":[{"href":"https:\/\/www.rimontgowineries.com\/blog\/wp-json\/wp\/v2\/posts"}],"about":[{"href":"https:\/\/www.rimontgowineries.com\/blog\/wp-json\/wp\/v2\/types\/post"}],"author":[{"embeddable":true,"href":"https:\/\/www.rimontgowineries.com\/blog\/wp-json\/wp\/v2\/users\/2"}],"replies":[{"embeddable":true,"href":"https:\/\/www.rimontgowineries.com\/blog\/wp-json\/wp\/v2\/comments?post=23677"}],"version-history":[{"count":1,"href":"https:\/\/www.rimontgowineries.com\/blog\/wp-json\/wp\/v2\/posts\/23677\/revisions"}],"predecessor-version":[{"id":23689,"href":"https:\/\/www.rimontgowineries.com\/blog\/wp-json\/wp\/v2\/posts\/23677\/revisions\/23689"}],"wp:featuredmedia":[{"embeddable":true,"href":"https:\/\/www.rimontgowineries.com\/blog\/wp-json\/wp\/v2\/media\/23671"}],"wp:attachment":[{"href":"https:\/\/www.rimontgowineries.com\/blog\/wp-json\/wp\/v2\/media?parent=23677"}],"wp:term":[{"taxonomy":"category","embeddable":true,"href":"https:\/\/www.rimontgowineries.com\/blog\/wp-json\/wp\/v2\/categories?post=23677"},{"taxonomy":"post_tag","embeddable":true,"href":"https:\/\/www.rimontgowineries.com\/blog\/wp-json\/wp\/v2\/tags?post=23677"}],"curies":[{"name":"wp","href":"https:\/\/api.w.org\/{rel}","templated":true}]}}