{"id":23678,"date":"2026-03-13T10:04:44","date_gmt":"2026-03-13T09:04:44","guid":{"rendered":"https:\/\/www.rimontgowineries.com\/blog\/?p=23678"},"modified":"2026-03-13T10:04:45","modified_gmt":"2026-03-13T09:04:45","slug":"slepa-degustacja-w-rimontgo","status":"publish","type":"post","link":"https:\/\/www.rimontgowineries.com\/blog\/pl\/slepa-degustacja-w-rimontgo\/","title":{"rendered":"\u015alepa degustacja w Rimontg\u00f3"},"content":{"rendered":"\n<p>W tym tygodniu odby\u0142o si\u0119 wyj\u0105tkowe szkolenie, zorganizowane przez Pepe Ribesa w siedzibie Rimontg\u00f3 w Walencji. Trzech cz\u0142onk\u00f3w Terroir a Ciegas wzi\u0119\u0142o udzia\u0142 w degustacji w ciemno, kt\u00f3ra nie by\u0142a \u0142atwa i zaprowadzi\u0142a nas do wielu miejsc w Urugwaju i Argentynie. Wraz z nami obecne by\u0142y znane osobisto\u015bci z Walencji, kt\u00f3re nie tylko dobrze si\u0119 bawi\u0142y, ale tak\u017ce wykaza\u0142y si\u0119 swoimi umiej\u0119tno\u015bciami degustacyjnymi. Wina wybrane przez Pepe to:<\/p>\n\n\n\n<p>1.- Albari\u00f1o 2024. Urugwaj<\/p>\n\n\n\n<p>2.- Pinot Noir 2023. Urugwaj<\/p>\n\n\n\n<p>3.- Casa de Uco. Salvaje. Valle de Uco, Mendoza. Argentyna<\/p>\n\n\n\n<p>4.- Mariflor 2021. Cabernet Franc. Michel Rolland. Argentyna<\/p>\n\n\n\n<p>5.- Marqu\u00e9s de Riscal 2021. Tempranillo. Hiszpania<\/p>\n\n\n\n<p>6.- Mariflor 2022. Merlot. Michel Rolland. Argentyna.<\/p>\n\n\n\n<p>7.- Mariflor 2021. Cabernet Sauvignon. Michel Rolland. Argentyna.<\/p>\n\n\n\n<p>8.- Val de Flores 2020. Malbec. Michel Rolland. Valle de Uco, Mendoza. Argentyna.<\/p>\n\n\n\n<p>Degustacja by\u0142a trudna, zw\u0142aszcza w przypadku win po\u015brednich. W przypadku jedynego bia\u0142ego wina, albari\u00f1o, trafili\u015bmy odmian\u0119 i rocznik, ale nie kraj pochodzenia. To samo dotyczy\u0142o pinot noir. Od tego momentu sprawa si\u0119 skomplikowa\u0142a. Bardzo podobne wina czerwone sprawi\u0142y nam wiele problem\u00f3w. W przypadku Salvaje wahali\u015bmy si\u0119 mi\u0119dzy winem z odmiany garnacha, syrah i monastrell a malbec. Cabernety, zar\u00f3wno franc, jak i sauvignon, do\u015b\u0107 nas zdezorientowa\u0142y, zw\u0142aszcza \u017ce pomi\u0119dzy nimi znalaz\u0142o si\u0119 rioja i merlot. Najlepiej wypad\u0142o wino Val de Flores Michel Rolanda, malbec, kt\u00f3re wyra\u017ca\u0142o si\u0119 ja\u015bniej ni\u017c pozosta\u0142e.<\/p>\n\n\n\n<p>Wszyscy go\u015bcie brali udzia\u0142 w dyskusji, wyra\u017caj\u0105c swoje opinie i zadaj\u0105c pytania dotycz\u0105ce naszego podej\u015bcia do win, ich niuans\u00f3w i cech charakterystycznych, aby rozszyfrowa\u0107 butelki w ciemno. Wyja\u015bnili\u015bmy, jak pracujemy z ka\u017cdym winem; rozmawiali\u015bmy o warstwach win; o strukturze win bia\u0142ych i czerwonych; o charakterystycznych nutach ka\u017cdej z odmian i, oczywi\u015bcie, o zaufaniu, jakie wymaga degustacja w ciemno w zespole.<\/p>\n\n\n\n<figure class=\"wp-block-image size-large\"><img loading=\"lazy\" decoding=\"async\" width=\"1024\" height=\"689\" src=\"https:\/\/www.rimontgowineries.com\/blog\/wp-content\/uploads\/2026\/03\/cata-a-ciegas-rimontgo-1024x689.jpg\" alt=\"degustacja w ciemno rimontg\u00f3\" class=\"wp-image-23684\" srcset=\"https:\/\/www.rimontgowineries.com\/blog\/wp-content\/uploads\/2026\/03\/cata-a-ciegas-rimontgo-1024x689.jpg 1024w, https:\/\/www.rimontgowineries.com\/blog\/wp-content\/uploads\/2026\/03\/cata-a-ciegas-rimontgo-300x202.jpg 300w, https:\/\/www.rimontgowineries.com\/blog\/wp-content\/uploads\/2026\/03\/cata-a-ciegas-rimontgo-768x517.jpg 768w, https:\/\/www.rimontgowineries.com\/blog\/wp-content\/uploads\/2026\/03\/cata-a-ciegas-rimontgo.jpg 1484w\" sizes=\"(max-width: 1024px) 100vw, 1024px\" \/><\/figure>\n\n\n\n<p>Dla nas by\u0142o to \u015bwietne szkolenie dotycz\u0105ce win z Nowego \u015awiata. Dla go\u015bci by\u0142o to do\u015bwiadczenie, podczas kt\u00f3rego mogli dostrzec niesko\u0144czon\u0105 liczb\u0119 powi\u0105za\u0144 zwi\u0105zanych z degustacj\u0105 w ciemno. Wydarzenie okaza\u0142o si\u0119 bardzo satysfakcjonuj\u0105ce dla wszystkich, wi\u0119c miejmy nadziej\u0119, \u017ce Pepe Ribes b\u0119dzie nadal organizowa\u0142 takie imprezy, kt\u00f3re sprawiaj\u0105 nam wszystkim rado\u015b\u0107.<\/p>\n","protected":false},"excerpt":{"rendered":"<p>W siedzibie Rimontg\u00f3 w Walencji odby\u0142a si\u0119 degustacja w ciemno zorganizowana przez Pepe Ribesa, kt\u00f3ra zabra\u0142a nas w podr\u00f3\u017c po Urugwaju, Argentynie i Hiszpanii. By\u0142a to wymagaj\u0105ca sesja, podczas kt\u00f3rej wina Michela Rollanda i z doliny Uco wystawi\u0142y degustator\u00f3w na pr\u00f3b\u0119 i wywo\u0142a\u0142y interesuj\u0105c\u0105 dyskusj\u0119 na temat odmian, struktury i metody degustacji.<\/p>\n","protected":false},"author":2,"featured_media":23672,"comment_status":"open","ping_status":"open","sticky":false,"template":"","format":"standard","meta":{"_mi_skip_tracking":false,"_monsterinsights_sitenote_active":false,"_monsterinsights_sitenote_note":"","_monsterinsights_sitenote_category":0,"footnotes":""},"categories":[3050],"tags":[],"yoast_head":"<!-- This site is optimized with the Yoast SEO plugin v21.5 - https:\/\/yoast.com\/wordpress\/plugins\/seo\/ -->\n<title>\u015alepa degustacja w Rimontg\u00f3 | Rimontg\u00f3 Wineries<\/title>\n<meta name=\"description\" content=\"Relacja z degustacji w ciemno w biurze Rimontg\u00f3 w Walencji. Trening, kt\u00f3ry wystawi\u0142 degustator\u00f3w na pr\u00f3b\u0119.\" \/>\n<meta name=\"robots\" content=\"index, follow, max-snippet:-1, max-image-preview:large, max-video-preview:-1\" \/>\n<link rel=\"canonical\" href=\"https:\/\/www.rimontgowineries.com\/blog\/pl\/slepa-degustacja-w-rimontgo\/\" \/>\n<meta property=\"og:locale\" content=\"es_ES\" \/>\n<meta property=\"og:type\" content=\"article\" \/>\n<meta property=\"og:title\" content=\"\u015alepa degustacja w Rimontg\u00f3 | Rimontg\u00f3 Wineries\" \/>\n<meta property=\"og:description\" content=\"Relacja z degustacji w ciemno w biurze Rimontg\u00f3 w Walencji. Trening, kt\u00f3ry wystawi\u0142 degustator\u00f3w na pr\u00f3b\u0119.\" \/>\n<meta property=\"og:url\" content=\"https:\/\/www.rimontgowineries.com\/blog\/pl\/slepa-degustacja-w-rimontgo\/\" \/>\n<meta property=\"og:site_name\" content=\"Rimontgo Wineries\" \/>\n<meta property=\"article:published_time\" content=\"2026-03-13T09:04:44+00:00\" \/>\n<meta property=\"article:modified_time\" content=\"2026-03-13T09:04:45+00:00\" \/>\n<meta property=\"og:image\" content=\"https:\/\/www.rimontgowineries.com\/blog\/wp-content\/uploads\/2026\/03\/cata-a-ciegas.jpg\" \/>\n\t<meta property=\"og:image:width\" content=\"1483\" \/>\n\t<meta property=\"og:image:height\" content=\"989\" \/>\n\t<meta property=\"og:image:type\" content=\"image\/jpeg\" \/>\n<meta name=\"author\" content=\"Juan Luis Vanrell\" \/>\n<meta name=\"twitter:card\" content=\"summary_large_image\" \/>\n<meta name=\"twitter:label1\" content=\"Written by\" \/>\n\t<meta name=\"twitter:data1\" content=\"Juan Luis Vanrell\" \/>\n\t<meta name=\"twitter:label2\" content=\"Est. reading time\" \/>\n\t<meta name=\"twitter:data2\" content=\"2 minutos\" \/>\n<script type=\"application\/ld+json\" class=\"yoast-schema-graph\">{\"@context\":\"https:\/\/schema.org\",\"@graph\":[{\"@type\":\"Article\",\"@id\":\"https:\/\/www.rimontgowineries.com\/blog\/pl\/slepa-degustacja-w-rimontgo\/#article\",\"isPartOf\":{\"@id\":\"https:\/\/www.rimontgowineries.com\/blog\/pl\/slepa-degustacja-w-rimontgo\/\"},\"author\":{\"name\":\"Juan Luis Vanrell\",\"@id\":\"https:\/\/www.rimontgowineries.com\/blog\/#\/schema\/person\/9dc43a22f8b4b5cca821369523f3c455\"},\"headline\":\"\u015alepa degustacja w Rimontg\u00f3\",\"datePublished\":\"2026-03-13T09:04:44+00:00\",\"dateModified\":\"2026-03-13T09:04:45+00:00\",\"mainEntityOfPage\":{\"@id\":\"https:\/\/www.rimontgowineries.com\/blog\/pl\/slepa-degustacja-w-rimontgo\/\"},\"wordCount\":396,\"commentCount\":0,\"publisher\":{\"@id\":\"https:\/\/www.rimontgowineries.com\/blog\/#organization\"},\"articleSection\":[\"Imprezy i wydarzenia\"],\"inLanguage\":\"es\",\"potentialAction\":[{\"@type\":\"CommentAction\",\"name\":\"Comment\",\"target\":[\"https:\/\/www.rimontgowineries.com\/blog\/pl\/slepa-degustacja-w-rimontgo\/#respond\"]}]},{\"@type\":\"WebPage\",\"@id\":\"https:\/\/www.rimontgowineries.com\/blog\/pl\/slepa-degustacja-w-rimontgo\/\",\"url\":\"https:\/\/www.rimontgowineries.com\/blog\/pl\/slepa-degustacja-w-rimontgo\/\",\"name\":\"\u015alepa degustacja w Rimontg\u00f3 | Rimontg\u00f3 Wineries\",\"isPartOf\":{\"@id\":\"https:\/\/www.rimontgowineries.com\/blog\/#website\"},\"datePublished\":\"2026-03-13T09:04:44+00:00\",\"dateModified\":\"2026-03-13T09:04:45+00:00\",\"description\":\"Relacja z degustacji w ciemno w biurze Rimontg\u00f3 w Walencji. Trening, kt\u00f3ry wystawi\u0142 degustator\u00f3w na pr\u00f3b\u0119.\",\"breadcrumb\":{\"@id\":\"https:\/\/www.rimontgowineries.com\/blog\/pl\/slepa-degustacja-w-rimontgo\/#breadcrumb\"},\"inLanguage\":\"es\",\"potentialAction\":[{\"@type\":\"ReadAction\",\"target\":[\"https:\/\/www.rimontgowineries.com\/blog\/pl\/slepa-degustacja-w-rimontgo\/\"]}]},{\"@type\":\"BreadcrumbList\",\"@id\":\"https:\/\/www.rimontgowineries.com\/blog\/pl\/slepa-degustacja-w-rimontgo\/#breadcrumb\",\"itemListElement\":[{\"@type\":\"ListItem\",\"position\":1,\"name\":\"Home\",\"item\":\"https:\/\/www.rimontgowineries.com\/blog\/es\/\"},{\"@type\":\"ListItem\",\"position\":2,\"name\":\"\u015alepa degustacja w Rimontg\u00f3\"}]},{\"@type\":\"WebSite\",\"@id\":\"https:\/\/www.rimontgowineries.com\/blog\/#website\",\"url\":\"https:\/\/www.rimontgowineries.com\/blog\/\",\"name\":\"Rimontgo Wineries\",\"description\":\"Rimontgo Wineries\",\"publisher\":{\"@id\":\"https:\/\/www.rimontgowineries.com\/blog\/#organization\"},\"potentialAction\":[{\"@type\":\"SearchAction\",\"target\":{\"@type\":\"EntryPoint\",\"urlTemplate\":\"https:\/\/www.rimontgowineries.com\/blog\/?s={search_term_string}\"},\"query-input\":\"required name=search_term_string\"}],\"inLanguage\":\"es\"},{\"@type\":\"Organization\",\"@id\":\"https:\/\/www.rimontgowineries.com\/blog\/#organization\",\"name\":\"Rimontgo Wineries\",\"url\":\"https:\/\/www.rimontgowineries.com\/blog\/\",\"logo\":{\"@type\":\"ImageObject\",\"inLanguage\":\"es\",\"@id\":\"https:\/\/www.rimontgowineries.com\/blog\/#\/schema\/logo\/image\/\",\"url\":\"https:\/\/www.rimontgowineries.com\/blog\/wp-content\/uploads\/2020\/03\/logo_bodegas_wineries_EN.svg\",\"contentUrl\":\"https:\/\/www.rimontgowineries.com\/blog\/wp-content\/uploads\/2020\/03\/logo_bodegas_wineries_EN.svg\",\"width\":134,\"height\":34,\"caption\":\"Rimontgo Wineries\"},\"image\":{\"@id\":\"https:\/\/www.rimontgowineries.com\/blog\/#\/schema\/logo\/image\/\"}},{\"@type\":\"Person\",\"@id\":\"https:\/\/www.rimontgowineries.com\/blog\/#\/schema\/person\/9dc43a22f8b4b5cca821369523f3c455\",\"name\":\"Juan Luis Vanrell\",\"image\":{\"@type\":\"ImageObject\",\"inLanguage\":\"es\",\"@id\":\"https:\/\/www.rimontgowineries.com\/blog\/#\/schema\/person\/image\/\",\"url\":\"https:\/\/secure.gravatar.com\/avatar\/ffaf84a9253780c50f123fc18a9c2266?s=96&d=mm&r=g\",\"contentUrl\":\"https:\/\/secure.gravatar.com\/avatar\/ffaf84a9253780c50f123fc18a9c2266?s=96&d=mm&r=g\",\"caption\":\"Juan Luis Vanrell\"},\"url\":\"https:\/\/www.rimontgowineries.com\/blog\/author\/juanluis\/\"}]}<\/script>\n<!-- \/ Yoast SEO plugin. -->","yoast_head_json":{"title":"\u015alepa degustacja w Rimontg\u00f3 | Rimontg\u00f3 Wineries","description":"Relacja z degustacji w ciemno w biurze Rimontg\u00f3 w Walencji. Trening, kt\u00f3ry wystawi\u0142 degustator\u00f3w na pr\u00f3b\u0119.","robots":{"index":"index","follow":"follow","max-snippet":"max-snippet:-1","max-image-preview":"max-image-preview:large","max-video-preview":"max-video-preview:-1"},"canonical":"https:\/\/www.rimontgowineries.com\/blog\/pl\/slepa-degustacja-w-rimontgo\/","og_locale":"es_ES","og_type":"article","og_title":"\u015alepa degustacja w Rimontg\u00f3 | Rimontg\u00f3 Wineries","og_description":"Relacja z degustacji w ciemno w biurze Rimontg\u00f3 w Walencji. Trening, kt\u00f3ry wystawi\u0142 degustator\u00f3w na pr\u00f3b\u0119.","og_url":"https:\/\/www.rimontgowineries.com\/blog\/pl\/slepa-degustacja-w-rimontgo\/","og_site_name":"Rimontgo Wineries","article_published_time":"2026-03-13T09:04:44+00:00","article_modified_time":"2026-03-13T09:04:45+00:00","og_image":[{"width":1483,"height":989,"url":"https:\/\/www.rimontgowineries.com\/blog\/wp-content\/uploads\/2026\/03\/cata-a-ciegas.jpg","type":"image\/jpeg"}],"author":"Juan Luis Vanrell","twitter_card":"summary_large_image","twitter_misc":{"Written by":"Juan Luis Vanrell","Est. reading time":"2 minutos"},"schema":{"@context":"https:\/\/schema.org","@graph":[{"@type":"Article","@id":"https:\/\/www.rimontgowineries.com\/blog\/pl\/slepa-degustacja-w-rimontgo\/#article","isPartOf":{"@id":"https:\/\/www.rimontgowineries.com\/blog\/pl\/slepa-degustacja-w-rimontgo\/"},"author":{"name":"Juan Luis Vanrell","@id":"https:\/\/www.rimontgowineries.com\/blog\/#\/schema\/person\/9dc43a22f8b4b5cca821369523f3c455"},"headline":"\u015alepa degustacja w Rimontg\u00f3","datePublished":"2026-03-13T09:04:44+00:00","dateModified":"2026-03-13T09:04:45+00:00","mainEntityOfPage":{"@id":"https:\/\/www.rimontgowineries.com\/blog\/pl\/slepa-degustacja-w-rimontgo\/"},"wordCount":396,"commentCount":0,"publisher":{"@id":"https:\/\/www.rimontgowineries.com\/blog\/#organization"},"articleSection":["Imprezy i wydarzenia"],"inLanguage":"es","potentialAction":[{"@type":"CommentAction","name":"Comment","target":["https:\/\/www.rimontgowineries.com\/blog\/pl\/slepa-degustacja-w-rimontgo\/#respond"]}]},{"@type":"WebPage","@id":"https:\/\/www.rimontgowineries.com\/blog\/pl\/slepa-degustacja-w-rimontgo\/","url":"https:\/\/www.rimontgowineries.com\/blog\/pl\/slepa-degustacja-w-rimontgo\/","name":"\u015alepa degustacja w Rimontg\u00f3 | Rimontg\u00f3 Wineries","isPartOf":{"@id":"https:\/\/www.rimontgowineries.com\/blog\/#website"},"datePublished":"2026-03-13T09:04:44+00:00","dateModified":"2026-03-13T09:04:45+00:00","description":"Relacja z degustacji w ciemno w biurze Rimontg\u00f3 w Walencji. Trening, kt\u00f3ry wystawi\u0142 degustator\u00f3w na pr\u00f3b\u0119.","breadcrumb":{"@id":"https:\/\/www.rimontgowineries.com\/blog\/pl\/slepa-degustacja-w-rimontgo\/#breadcrumb"},"inLanguage":"es","potentialAction":[{"@type":"ReadAction","target":["https:\/\/www.rimontgowineries.com\/blog\/pl\/slepa-degustacja-w-rimontgo\/"]}]},{"@type":"BreadcrumbList","@id":"https:\/\/www.rimontgowineries.com\/blog\/pl\/slepa-degustacja-w-rimontgo\/#breadcrumb","itemListElement":[{"@type":"ListItem","position":1,"name":"Home","item":"https:\/\/www.rimontgowineries.com\/blog\/es\/"},{"@type":"ListItem","position":2,"name":"\u015alepa degustacja w Rimontg\u00f3"}]},{"@type":"WebSite","@id":"https:\/\/www.rimontgowineries.com\/blog\/#website","url":"https:\/\/www.rimontgowineries.com\/blog\/","name":"Rimontgo Wineries","description":"Rimontgo Wineries","publisher":{"@id":"https:\/\/www.rimontgowineries.com\/blog\/#organization"},"potentialAction":[{"@type":"SearchAction","target":{"@type":"EntryPoint","urlTemplate":"https:\/\/www.rimontgowineries.com\/blog\/?s={search_term_string}"},"query-input":"required name=search_term_string"}],"inLanguage":"es"},{"@type":"Organization","@id":"https:\/\/www.rimontgowineries.com\/blog\/#organization","name":"Rimontgo Wineries","url":"https:\/\/www.rimontgowineries.com\/blog\/","logo":{"@type":"ImageObject","inLanguage":"es","@id":"https:\/\/www.rimontgowineries.com\/blog\/#\/schema\/logo\/image\/","url":"https:\/\/www.rimontgowineries.com\/blog\/wp-content\/uploads\/2020\/03\/logo_bodegas_wineries_EN.svg","contentUrl":"https:\/\/www.rimontgowineries.com\/blog\/wp-content\/uploads\/2020\/03\/logo_bodegas_wineries_EN.svg","width":134,"height":34,"caption":"Rimontgo Wineries"},"image":{"@id":"https:\/\/www.rimontgowineries.com\/blog\/#\/schema\/logo\/image\/"}},{"@type":"Person","@id":"https:\/\/www.rimontgowineries.com\/blog\/#\/schema\/person\/9dc43a22f8b4b5cca821369523f3c455","name":"Juan Luis Vanrell","image":{"@type":"ImageObject","inLanguage":"es","@id":"https:\/\/www.rimontgowineries.com\/blog\/#\/schema\/person\/image\/","url":"https:\/\/secure.gravatar.com\/avatar\/ffaf84a9253780c50f123fc18a9c2266?s=96&d=mm&r=g","contentUrl":"https:\/\/secure.gravatar.com\/avatar\/ffaf84a9253780c50f123fc18a9c2266?s=96&d=mm&r=g","caption":"Juan Luis Vanrell"},"url":"https:\/\/www.rimontgowineries.com\/blog\/author\/juanluis\/"}]}},"_links":{"self":[{"href":"https:\/\/www.rimontgowineries.com\/blog\/wp-json\/wp\/v2\/posts\/23678"}],"collection":[{"href":"https:\/\/www.rimontgowineries.com\/blog\/wp-json\/wp\/v2\/posts"}],"about":[{"href":"https:\/\/www.rimontgowineries.com\/blog\/wp-json\/wp\/v2\/types\/post"}],"author":[{"embeddable":true,"href":"https:\/\/www.rimontgowineries.com\/blog\/wp-json\/wp\/v2\/users\/2"}],"replies":[{"embeddable":true,"href":"https:\/\/www.rimontgowineries.com\/blog\/wp-json\/wp\/v2\/comments?post=23678"}],"version-history":[{"count":1,"href":"https:\/\/www.rimontgowineries.com\/blog\/wp-json\/wp\/v2\/posts\/23678\/revisions"}],"predecessor-version":[{"id":23691,"href":"https:\/\/www.rimontgowineries.com\/blog\/wp-json\/wp\/v2\/posts\/23678\/revisions\/23691"}],"wp:featuredmedia":[{"embeddable":true,"href":"https:\/\/www.rimontgowineries.com\/blog\/wp-json\/wp\/v2\/media\/23672"}],"wp:attachment":[{"href":"https:\/\/www.rimontgowineries.com\/blog\/wp-json\/wp\/v2\/media?parent=23678"}],"wp:term":[{"taxonomy":"category","embeddable":true,"href":"https:\/\/www.rimontgowineries.com\/blog\/wp-json\/wp\/v2\/categories?post=23678"},{"taxonomy":"post_tag","embeddable":true,"href":"https:\/\/www.rimontgowineries.com\/blog\/wp-json\/wp\/v2\/tags?post=23678"}],"curies":[{"name":"wp","href":"https:\/\/api.w.org\/{rel}","templated":true}]}}