{"id":23679,"date":"2026-03-13T10:04:13","date_gmt":"2026-03-13T09:04:13","guid":{"rendered":"https:\/\/www.rimontgowineries.com\/blog\/?p=23679"},"modified":"2026-03-13T10:04:14","modified_gmt":"2026-03-13T09:04:14","slug":"uma-prova-cega-em-rimontgo","status":"publish","type":"post","link":"https:\/\/www.rimontgowineries.com\/blog\/pt\/uma-prova-cega-em-rimontgo\/","title":{"rendered":"Uma prova cega em Rimontg\u00f3"},"content":{"rendered":"\n<p>Esta semana tivemos um treino muito especial, organizado por Pepe Ribes na sede da Rimontg\u00f3, em Val\u00eancia. Tr\u00eas dos membros da Terroir a Ciegas estiveram presentes para participar numa prova cega que n\u00e3o foi nada f\u00e1cil e que nos levou por boa parte do Uruguai e da Argentina. Junto connosco estavam presentes personalidades valencianas ilustres, que n\u00e3o s\u00f3 apreciaram, como tamb\u00e9m demonstraram as suas aptid\u00f5es para a degusta\u00e7\u00e3o. Os vinhos escolhidos por Pepe foram os seguintes:<\/p>\n\n\n\n<p>1.- Albari\u00f1o 2024. Uruguai<\/p>\n\n\n\n<p>2.- Pinot Noir 2023. Uruguai<\/p>\n\n\n\n<p>3.- Casa de Uco. Salvaje. Vale de Uco, Mendoza. Argentina<\/p>\n\n\n\n<p>4.- Mariflor 2021. Cabernet Franc. Michel Rolland. Argentina<\/p>\n\n\n\n<p>5.- Marqu\u00e9s de Riscal 2021. Tempranillo. Espanha<\/p>\n\n\n\n<p>6.- Mariflor 2022. Merlot. Michel Rolland. Argentina.<\/p>\n\n\n\n<p>7.- Mariflor 2021. Cabernet Sauvignon. Michel Rolland. Argentina.<\/p>\n\n\n\n<p>8.- Val de Flores 2020. Malbec. Michel Rolland. Vale de Uco, Mendoza. Argentina.<\/p>\n\n\n\n<p>A degusta\u00e7\u00e3o foi complicada, especialmente nos vinhos intermedi\u00e1rios. Com o \u00fanico branco, o albari\u00f1o, acert\u00e1mos a variedade e a colheita, mas n\u00e3o o pa\u00eds. O mesmo aconteceu com o pinot noir. A partir da\u00ed, a coisa complicou-se. Vinhos tintos muito semelhantes que nos causaram muitos problemas. Com o Salvaje, hesit\u00e1mos entre um vinho de garnacha, syrah e monastrell ou um malbec. Os cabernets, tanto franc como sauvignon, confundiram-nos bastante, ainda mais quando no meio havia um rioja e um merlot. O vinho que melhor identific\u00e1mos foi o Val de Flores de Michel Roland, um malbec que se expressou com maior clareza do que os restantes.<\/p>\n\n\n\n<p>Todos os convidados participaram, dando a sua opini\u00e3o e fazendo perguntas sobre a nossa forma de abordar os vinhos, as suas nuances e caracter\u00edsticas para decifrar as garrafas \u00e0s cegas. Explic\u00e1mos como trabalhamos cada vinho; fal\u00e1mos das camadas dos vinhos; tamb\u00e9m da estrutura dos brancos e tintos; das notas caracter\u00edsticas de cada uma das variedades e, claro, da confian\u00e7a que implica a prova \u00e0s cegas em equipa.<\/p>\n\n\n\n<figure class=\"wp-block-image size-large\"><img loading=\"lazy\" decoding=\"async\" width=\"1024\" height=\"689\" src=\"https:\/\/www.rimontgowineries.com\/blog\/wp-content\/uploads\/2026\/03\/cata-a-ciegas-rimontgo-1024x689.jpg\" alt=\"degusta\u00e7\u00e3o \u00e0s cegas rimontg\u00f3\" class=\"wp-image-23685\" srcset=\"https:\/\/www.rimontgowineries.com\/blog\/wp-content\/uploads\/2026\/03\/cata-a-ciegas-rimontgo-1024x689.jpg 1024w, https:\/\/www.rimontgowineries.com\/blog\/wp-content\/uploads\/2026\/03\/cata-a-ciegas-rimontgo-300x202.jpg 300w, https:\/\/www.rimontgowineries.com\/blog\/wp-content\/uploads\/2026\/03\/cata-a-ciegas-rimontgo-768x517.jpg 768w, https:\/\/www.rimontgowineries.com\/blog\/wp-content\/uploads\/2026\/03\/cata-a-ciegas-rimontgo.jpg 1484w\" sizes=\"(max-width: 1024px) 100vw, 1024px\" \/><\/figure>\n\n\n\n<p>Para n\u00f3s, foi um excelente treino sobre vinhos do Novo Mundo. Para os convidados, uma experi\u00eancia em que puderam ver as infinitas conex\u00f5es que envolve uma degusta\u00e7\u00e3o \u00e0s cegas. O evento foi muito gratificante para todos, por isso esperamos que Pepe Ribes continue a organizar estes eventos que nos fazem felizes a todos.<\/p>\n","protected":false},"excerpt":{"rendered":"<p>Na sede da Rimontg\u00f3, em Val\u00eancia, realiz\u00e1mos uma prova cega organizada por Pepe Ribes que nos levou pelo Uruguai, Argentina e Espanha. Uma sess\u00e3o exigente em que os vinhos de Michel Rolland e do Vale de Uco puseram \u00e0 prova os provadores e geraram um debate interessante sobre variedades, estrutura e m\u00e9todo de prova.<\/p>\n","protected":false},"author":2,"featured_media":23673,"comment_status":"open","ping_status":"open","sticky":false,"template":"","format":"standard","meta":{"_mi_skip_tracking":false,"_monsterinsights_sitenote_active":false,"_monsterinsights_sitenote_note":"","_monsterinsights_sitenote_category":0,"footnotes":""},"categories":[3179],"tags":[],"yoast_head":"<!-- This site is optimized with the Yoast SEO plugin v21.5 - https:\/\/yoast.com\/wordpress\/plugins\/seo\/ -->\n<title>Prova cega em Rimontg\u00f3 | Rimontg\u00f3 Wineries<\/title>\n<meta name=\"description\" content=\"Cr\u00f3nica de uma prova cega no escrit\u00f3rio da Rimontg\u00f3 em Val\u00eancia. Um treino que colocou \u00e0 prova os provadores.\" \/>\n<meta name=\"robots\" content=\"index, follow, max-snippet:-1, max-image-preview:large, max-video-preview:-1\" \/>\n<link rel=\"canonical\" href=\"https:\/\/www.rimontgowineries.com\/blog\/pt\/uma-prova-cega-em-rimontgo\/\" \/>\n<meta property=\"og:locale\" content=\"es_ES\" \/>\n<meta property=\"og:type\" content=\"article\" \/>\n<meta property=\"og:title\" content=\"Prova cega em Rimontg\u00f3 | Rimontg\u00f3 Wineries\" \/>\n<meta property=\"og:description\" content=\"Cr\u00f3nica de uma prova cega no escrit\u00f3rio da Rimontg\u00f3 em Val\u00eancia. Um treino que colocou \u00e0 prova os provadores.\" \/>\n<meta property=\"og:url\" content=\"https:\/\/www.rimontgowineries.com\/blog\/pt\/uma-prova-cega-em-rimontgo\/\" \/>\n<meta property=\"og:site_name\" content=\"Rimontgo Wineries\" \/>\n<meta property=\"article:published_time\" content=\"2026-03-13T09:04:13+00:00\" \/>\n<meta property=\"article:modified_time\" content=\"2026-03-13T09:04:14+00:00\" \/>\n<meta property=\"og:image\" content=\"https:\/\/www.rimontgowineries.com\/blog\/wp-content\/uploads\/2026\/03\/cata-a-ciegas.jpg\" \/>\n\t<meta property=\"og:image:width\" content=\"1483\" \/>\n\t<meta property=\"og:image:height\" content=\"989\" \/>\n\t<meta property=\"og:image:type\" content=\"image\/jpeg\" \/>\n<meta name=\"author\" content=\"Juan Luis Vanrell\" \/>\n<meta name=\"twitter:card\" content=\"summary_large_image\" \/>\n<meta name=\"twitter:label1\" content=\"Written by\" \/>\n\t<meta name=\"twitter:data1\" content=\"Juan Luis Vanrell\" \/>\n\t<meta name=\"twitter:label2\" content=\"Est. reading time\" \/>\n\t<meta name=\"twitter:data2\" content=\"2 minutos\" \/>\n<script type=\"application\/ld+json\" class=\"yoast-schema-graph\">{\"@context\":\"https:\/\/schema.org\",\"@graph\":[{\"@type\":\"Article\",\"@id\":\"https:\/\/www.rimontgowineries.com\/blog\/pt\/uma-prova-cega-em-rimontgo\/#article\",\"isPartOf\":{\"@id\":\"https:\/\/www.rimontgowineries.com\/blog\/pt\/uma-prova-cega-em-rimontgo\/\"},\"author\":{\"name\":\"Juan Luis Vanrell\",\"@id\":\"https:\/\/www.rimontgowineries.com\/blog\/#\/schema\/person\/9dc43a22f8b4b5cca821369523f3c455\"},\"headline\":\"Uma prova cega em Rimontg\u00f3\",\"datePublished\":\"2026-03-13T09:04:13+00:00\",\"dateModified\":\"2026-03-13T09:04:14+00:00\",\"mainEntityOfPage\":{\"@id\":\"https:\/\/www.rimontgowineries.com\/blog\/pt\/uma-prova-cega-em-rimontgo\/\"},\"wordCount\":390,\"commentCount\":0,\"publisher\":{\"@id\":\"https:\/\/www.rimontgowineries.com\/blog\/#organization\"},\"articleSection\":[\"Feiras e eventos\"],\"inLanguage\":\"es\",\"potentialAction\":[{\"@type\":\"CommentAction\",\"name\":\"Comment\",\"target\":[\"https:\/\/www.rimontgowineries.com\/blog\/pt\/uma-prova-cega-em-rimontgo\/#respond\"]}]},{\"@type\":\"WebPage\",\"@id\":\"https:\/\/www.rimontgowineries.com\/blog\/pt\/uma-prova-cega-em-rimontgo\/\",\"url\":\"https:\/\/www.rimontgowineries.com\/blog\/pt\/uma-prova-cega-em-rimontgo\/\",\"name\":\"Prova cega em Rimontg\u00f3 | Rimontg\u00f3 Wineries\",\"isPartOf\":{\"@id\":\"https:\/\/www.rimontgowineries.com\/blog\/#website\"},\"datePublished\":\"2026-03-13T09:04:13+00:00\",\"dateModified\":\"2026-03-13T09:04:14+00:00\",\"description\":\"Cr\u00f3nica de uma prova cega no escrit\u00f3rio da Rimontg\u00f3 em Val\u00eancia. Um treino que colocou \u00e0 prova os provadores.\",\"breadcrumb\":{\"@id\":\"https:\/\/www.rimontgowineries.com\/blog\/pt\/uma-prova-cega-em-rimontgo\/#breadcrumb\"},\"inLanguage\":\"es\",\"potentialAction\":[{\"@type\":\"ReadAction\",\"target\":[\"https:\/\/www.rimontgowineries.com\/blog\/pt\/uma-prova-cega-em-rimontgo\/\"]}]},{\"@type\":\"BreadcrumbList\",\"@id\":\"https:\/\/www.rimontgowineries.com\/blog\/pt\/uma-prova-cega-em-rimontgo\/#breadcrumb\",\"itemListElement\":[{\"@type\":\"ListItem\",\"position\":1,\"name\":\"Home\",\"item\":\"https:\/\/www.rimontgowineries.com\/blog\/es\/\"},{\"@type\":\"ListItem\",\"position\":2,\"name\":\"Uma prova cega em Rimontg\u00f3\"}]},{\"@type\":\"WebSite\",\"@id\":\"https:\/\/www.rimontgowineries.com\/blog\/#website\",\"url\":\"https:\/\/www.rimontgowineries.com\/blog\/\",\"name\":\"Rimontgo Wineries\",\"description\":\"Rimontgo Wineries\",\"publisher\":{\"@id\":\"https:\/\/www.rimontgowineries.com\/blog\/#organization\"},\"potentialAction\":[{\"@type\":\"SearchAction\",\"target\":{\"@type\":\"EntryPoint\",\"urlTemplate\":\"https:\/\/www.rimontgowineries.com\/blog\/?s={search_term_string}\"},\"query-input\":\"required name=search_term_string\"}],\"inLanguage\":\"es\"},{\"@type\":\"Organization\",\"@id\":\"https:\/\/www.rimontgowineries.com\/blog\/#organization\",\"name\":\"Rimontgo Wineries\",\"url\":\"https:\/\/www.rimontgowineries.com\/blog\/\",\"logo\":{\"@type\":\"ImageObject\",\"inLanguage\":\"es\",\"@id\":\"https:\/\/www.rimontgowineries.com\/blog\/#\/schema\/logo\/image\/\",\"url\":\"https:\/\/www.rimontgowineries.com\/blog\/wp-content\/uploads\/2020\/03\/logo_bodegas_wineries_EN.svg\",\"contentUrl\":\"https:\/\/www.rimontgowineries.com\/blog\/wp-content\/uploads\/2020\/03\/logo_bodegas_wineries_EN.svg\",\"width\":134,\"height\":34,\"caption\":\"Rimontgo Wineries\"},\"image\":{\"@id\":\"https:\/\/www.rimontgowineries.com\/blog\/#\/schema\/logo\/image\/\"}},{\"@type\":\"Person\",\"@id\":\"https:\/\/www.rimontgowineries.com\/blog\/#\/schema\/person\/9dc43a22f8b4b5cca821369523f3c455\",\"name\":\"Juan Luis Vanrell\",\"image\":{\"@type\":\"ImageObject\",\"inLanguage\":\"es\",\"@id\":\"https:\/\/www.rimontgowineries.com\/blog\/#\/schema\/person\/image\/\",\"url\":\"https:\/\/secure.gravatar.com\/avatar\/ffaf84a9253780c50f123fc18a9c2266?s=96&d=mm&r=g\",\"contentUrl\":\"https:\/\/secure.gravatar.com\/avatar\/ffaf84a9253780c50f123fc18a9c2266?s=96&d=mm&r=g\",\"caption\":\"Juan Luis Vanrell\"},\"url\":\"https:\/\/www.rimontgowineries.com\/blog\/author\/juanluis\/\"}]}<\/script>\n<!-- \/ Yoast SEO plugin. -->","yoast_head_json":{"title":"Prova cega em Rimontg\u00f3 | Rimontg\u00f3 Wineries","description":"Cr\u00f3nica de uma prova cega no escrit\u00f3rio da Rimontg\u00f3 em Val\u00eancia. Um treino que colocou \u00e0 prova os provadores.","robots":{"index":"index","follow":"follow","max-snippet":"max-snippet:-1","max-image-preview":"max-image-preview:large","max-video-preview":"max-video-preview:-1"},"canonical":"https:\/\/www.rimontgowineries.com\/blog\/pt\/uma-prova-cega-em-rimontgo\/","og_locale":"es_ES","og_type":"article","og_title":"Prova cega em Rimontg\u00f3 | Rimontg\u00f3 Wineries","og_description":"Cr\u00f3nica de uma prova cega no escrit\u00f3rio da Rimontg\u00f3 em Val\u00eancia. Um treino que colocou \u00e0 prova os provadores.","og_url":"https:\/\/www.rimontgowineries.com\/blog\/pt\/uma-prova-cega-em-rimontgo\/","og_site_name":"Rimontgo Wineries","article_published_time":"2026-03-13T09:04:13+00:00","article_modified_time":"2026-03-13T09:04:14+00:00","og_image":[{"width":1483,"height":989,"url":"https:\/\/www.rimontgowineries.com\/blog\/wp-content\/uploads\/2026\/03\/cata-a-ciegas.jpg","type":"image\/jpeg"}],"author":"Juan Luis Vanrell","twitter_card":"summary_large_image","twitter_misc":{"Written by":"Juan Luis Vanrell","Est. reading time":"2 minutos"},"schema":{"@context":"https:\/\/schema.org","@graph":[{"@type":"Article","@id":"https:\/\/www.rimontgowineries.com\/blog\/pt\/uma-prova-cega-em-rimontgo\/#article","isPartOf":{"@id":"https:\/\/www.rimontgowineries.com\/blog\/pt\/uma-prova-cega-em-rimontgo\/"},"author":{"name":"Juan Luis Vanrell","@id":"https:\/\/www.rimontgowineries.com\/blog\/#\/schema\/person\/9dc43a22f8b4b5cca821369523f3c455"},"headline":"Uma prova cega em Rimontg\u00f3","datePublished":"2026-03-13T09:04:13+00:00","dateModified":"2026-03-13T09:04:14+00:00","mainEntityOfPage":{"@id":"https:\/\/www.rimontgowineries.com\/blog\/pt\/uma-prova-cega-em-rimontgo\/"},"wordCount":390,"commentCount":0,"publisher":{"@id":"https:\/\/www.rimontgowineries.com\/blog\/#organization"},"articleSection":["Feiras e eventos"],"inLanguage":"es","potentialAction":[{"@type":"CommentAction","name":"Comment","target":["https:\/\/www.rimontgowineries.com\/blog\/pt\/uma-prova-cega-em-rimontgo\/#respond"]}]},{"@type":"WebPage","@id":"https:\/\/www.rimontgowineries.com\/blog\/pt\/uma-prova-cega-em-rimontgo\/","url":"https:\/\/www.rimontgowineries.com\/blog\/pt\/uma-prova-cega-em-rimontgo\/","name":"Prova cega em Rimontg\u00f3 | Rimontg\u00f3 Wineries","isPartOf":{"@id":"https:\/\/www.rimontgowineries.com\/blog\/#website"},"datePublished":"2026-03-13T09:04:13+00:00","dateModified":"2026-03-13T09:04:14+00:00","description":"Cr\u00f3nica de uma prova cega no escrit\u00f3rio da Rimontg\u00f3 em Val\u00eancia. Um treino que colocou \u00e0 prova os provadores.","breadcrumb":{"@id":"https:\/\/www.rimontgowineries.com\/blog\/pt\/uma-prova-cega-em-rimontgo\/#breadcrumb"},"inLanguage":"es","potentialAction":[{"@type":"ReadAction","target":["https:\/\/www.rimontgowineries.com\/blog\/pt\/uma-prova-cega-em-rimontgo\/"]}]},{"@type":"BreadcrumbList","@id":"https:\/\/www.rimontgowineries.com\/blog\/pt\/uma-prova-cega-em-rimontgo\/#breadcrumb","itemListElement":[{"@type":"ListItem","position":1,"name":"Home","item":"https:\/\/www.rimontgowineries.com\/blog\/es\/"},{"@type":"ListItem","position":2,"name":"Uma prova cega em Rimontg\u00f3"}]},{"@type":"WebSite","@id":"https:\/\/www.rimontgowineries.com\/blog\/#website","url":"https:\/\/www.rimontgowineries.com\/blog\/","name":"Rimontgo Wineries","description":"Rimontgo Wineries","publisher":{"@id":"https:\/\/www.rimontgowineries.com\/blog\/#organization"},"potentialAction":[{"@type":"SearchAction","target":{"@type":"EntryPoint","urlTemplate":"https:\/\/www.rimontgowineries.com\/blog\/?s={search_term_string}"},"query-input":"required name=search_term_string"}],"inLanguage":"es"},{"@type":"Organization","@id":"https:\/\/www.rimontgowineries.com\/blog\/#organization","name":"Rimontgo Wineries","url":"https:\/\/www.rimontgowineries.com\/blog\/","logo":{"@type":"ImageObject","inLanguage":"es","@id":"https:\/\/www.rimontgowineries.com\/blog\/#\/schema\/logo\/image\/","url":"https:\/\/www.rimontgowineries.com\/blog\/wp-content\/uploads\/2020\/03\/logo_bodegas_wineries_EN.svg","contentUrl":"https:\/\/www.rimontgowineries.com\/blog\/wp-content\/uploads\/2020\/03\/logo_bodegas_wineries_EN.svg","width":134,"height":34,"caption":"Rimontgo Wineries"},"image":{"@id":"https:\/\/www.rimontgowineries.com\/blog\/#\/schema\/logo\/image\/"}},{"@type":"Person","@id":"https:\/\/www.rimontgowineries.com\/blog\/#\/schema\/person\/9dc43a22f8b4b5cca821369523f3c455","name":"Juan Luis Vanrell","image":{"@type":"ImageObject","inLanguage":"es","@id":"https:\/\/www.rimontgowineries.com\/blog\/#\/schema\/person\/image\/","url":"https:\/\/secure.gravatar.com\/avatar\/ffaf84a9253780c50f123fc18a9c2266?s=96&d=mm&r=g","contentUrl":"https:\/\/secure.gravatar.com\/avatar\/ffaf84a9253780c50f123fc18a9c2266?s=96&d=mm&r=g","caption":"Juan Luis Vanrell"},"url":"https:\/\/www.rimontgowineries.com\/blog\/author\/juanluis\/"}]}},"_links":{"self":[{"href":"https:\/\/www.rimontgowineries.com\/blog\/wp-json\/wp\/v2\/posts\/23679"}],"collection":[{"href":"https:\/\/www.rimontgowineries.com\/blog\/wp-json\/wp\/v2\/posts"}],"about":[{"href":"https:\/\/www.rimontgowineries.com\/blog\/wp-json\/wp\/v2\/types\/post"}],"author":[{"embeddable":true,"href":"https:\/\/www.rimontgowineries.com\/blog\/wp-json\/wp\/v2\/users\/2"}],"replies":[{"embeddable":true,"href":"https:\/\/www.rimontgowineries.com\/blog\/wp-json\/wp\/v2\/comments?post=23679"}],"version-history":[{"count":1,"href":"https:\/\/www.rimontgowineries.com\/blog\/wp-json\/wp\/v2\/posts\/23679\/revisions"}],"predecessor-version":[{"id":23690,"href":"https:\/\/www.rimontgowineries.com\/blog\/wp-json\/wp\/v2\/posts\/23679\/revisions\/23690"}],"wp:featuredmedia":[{"embeddable":true,"href":"https:\/\/www.rimontgowineries.com\/blog\/wp-json\/wp\/v2\/media\/23673"}],"wp:attachment":[{"href":"https:\/\/www.rimontgowineries.com\/blog\/wp-json\/wp\/v2\/media?parent=23679"}],"wp:term":[{"taxonomy":"category","embeddable":true,"href":"https:\/\/www.rimontgowineries.com\/blog\/wp-json\/wp\/v2\/categories?post=23679"},{"taxonomy":"post_tag","embeddable":true,"href":"https:\/\/www.rimontgowineries.com\/blog\/wp-json\/wp\/v2\/tags?post=23679"}],"curies":[{"name":"wp","href":"https:\/\/api.w.org\/{rel}","templated":true}]}}