{"id":9725,"date":"2017-04-21T11:16:38","date_gmt":"2017-04-21T09:16:38","guid":{"rendered":"https:\/\/www.rimontgo.fr\/info\/?p=9725"},"modified":"2020-07-27T13:14:14","modified_gmt":"2020-07-27T11:14:14","slug":"eleconomista-entrevista-purificacion-mancebo-responsable-caves-viticoles-rimontgo-invest","status":"publish","type":"post","link":"https:\/\/www.rimontgowineries.com\/blog\/fr\/eleconomista-entrevista-purificacion-mancebo-responsable-caves-viticoles-rimontgo-invest\/","title":{"rendered":"El Economista interview Purificaci\u00f3n Mancebo, responsable des caves viticoles \u00e0 Rimontg\u00f3 Invest"},"content":{"rendered":"<p>Le dernier num\u00e9ro du magazine en ligne El Economista Comunidad Valenciana paru en avril, publie un entretien avec Purificaci\u00f3n Mancebo, responsable du d\u00e9partement des caves viticoles \u00e0 Rimontg\u00f3 Invest, division de Rimontg\u00f3 qui g\u00e8re l\u2019investissement international dans les biens singuliers en Espagne.<\/p>\n<p>L\u2019article, sign\u00e9 par la journaliste Olivia Fontanillo, refl\u00e8te l\u2019attrait des investisseurs \u00e9trangers pour le secteur viticole espagnol, en particulier pour les r\u00e9gions d\u2019appellation d\u2019origine de la Rioja et de la Ribera del Duero. \u00c0 ces derni\u00e8res s\u2019est rajout\u00e9e r\u00e9cemment l\u2019appellation d\u2019origine Utiel-Requena gr\u00e2ce \u00e0 une projection internationale croissante bas\u00e9e sur la qualit\u00e9 de ses crus, un bon rapport qualit\u00e9-prix, un potentiel de croissance et son pari pour l\u2019\u00e9laboration du cava.<\/p>\n<p>Au cours de l\u2019entretien, Purificaci\u00f3n Mancebo \u00e9num\u00e8re les raisons pour lesquelles l\u2019Espagne n\u2019a pas connu jusqu\u2019\u00e0 pr\u00e9sent un afflux d\u2019investisseurs internationaux dans le secteur viticole, contrairement \u00e0 d\u2019autres r\u00e9gions comme celle de Bordeaux. Mancebo expose dans cet article les diff\u00e9rentes motivations des investisseurs pour acqu\u00e9rir partiellement ou en int\u00e9gralit\u00e9 une cave viticole, ainsi que les caract\u00e9ristiques les plus demand\u00e9es par ces acheteurs lors de l\u2019\u00e9valuation d\u2019un \u00e9ventuel investissement.<\/p>\n<p><img loading=\"lazy\" decoding=\"async\" class=\"aligncenter wp-image-19367 size-large\" title=\"Cave viticole en D.O. Rioja\" src=\"https:\/\/www.rimontgowineries.com\/blog\/wp-content\/uploads\/2020\/03\/26.-cual-es-el-perfil-de-las-bodegas-que-interesan-al-inversor-internacional-3-e1585043119565-1024x576.jpg\" alt=\"Cave viticole \u00e0 vendre en D.O. Rioja - El Economista\" width=\"780\" height=\"439\" srcset=\"https:\/\/www.rimontgowineries.com\/blog\/wp-content\/uploads\/2020\/03\/26.-cual-es-el-perfil-de-las-bodegas-que-interesan-al-inversor-internacional-3-e1585043119565-1024x576.jpg 1024w, https:\/\/www.rimontgowineries.com\/blog\/wp-content\/uploads\/2020\/03\/26.-cual-es-el-perfil-de-las-bodegas-que-interesan-al-inversor-internacional-3-e1585043119565-300x169.jpg 300w, https:\/\/www.rimontgowineries.com\/blog\/wp-content\/uploads\/2020\/03\/26.-cual-es-el-perfil-de-las-bodegas-que-interesan-al-inversor-internacional-3-e1585043119565-768x432.jpg 768w, https:\/\/www.rimontgowineries.com\/blog\/wp-content\/uploads\/2020\/03\/26.-cual-es-el-perfil-de-las-bodegas-que-interesan-al-inversor-internacional-3-e1585043119565.jpg 1280w\" sizes=\"(max-width: 780px) 100vw, 780px\" \/><\/p>\n<p>L\u2019article dans El Economista aborde \u00e9galement la philosophie de travail de <a href=\"http:\/\/www.rimontgoinvest.com\/\" target=\"_blank\" rel=\"noopener noreferrer\">Rimontg\u00f3 Invest<\/a> quant \u00e0 la gestion de l\u2019investissement dans les caves viticoles, un long processus qui exige une connaissance approfondie du march\u00e9, un agenda international de contacts de premier ordre et la plus haute confidentialit\u00e9. L\u2019article recueille \u00e9galement les propos de Zilu Wang, responsable des op\u00e9rations avec les clients chinois de Rimontg\u00f3 Invest, qui livre sa vision quant aux motivations des investisseurs de ce pays par rapport au secteur viticole espagnol.<\/p>\n<p>L\u2019article est disponible dans son int\u00e9gralit\u00e9 sur <a href=\"http:\/\/diario.eleconomista.es\/i\/805494-eleconomista-comunitat-valenciana-31-marzo-2017?token=\" target=\"_blank\" rel=\"noopener noreferrer\">ce lien<\/a> qui vous permettra \u00e9galement de t\u00e9l\u00e9charger la publication (disponible seulement en espagnol).<\/p>\n","protected":false},"excerpt":{"rendered":"<p>Le magazine El Economista recueille les propos de Purificaci\u00f3n Mancebo de Rimontg\u00f3 Invest sur l\u2019investissement \u00e9tranger dans le secteur viticole espagnol.<\/p>\n","protected":false},"author":1,"featured_media":19408,"comment_status":"closed","ping_status":"closed","sticky":false,"template":"","format":"standard","meta":{"_mi_skip_tracking":false,"_monsterinsights_sitenote_active":false,"_monsterinsights_sitenote_note":"","_monsterinsights_sitenote_category":0,"footnotes":""},"categories":[3088],"tags":[],"yoast_head":"<!-- This site is optimized with the Yoast SEO plugin v21.5 - https:\/\/yoast.com\/wordpress\/plugins\/seo\/ -->\n<title>Purificacion Mancebo pour El Economista| Rimontg\u00f3<\/title>\n<meta name=\"description\" content=\"Purificaci\u00f3n Mancebo, chef du d\u00e9partement des vins \u00e0 Rimontg\u00f3, propose une interview pour El Economista Comunidad Valenciana.\" \/>\n<meta name=\"robots\" content=\"index, follow, max-snippet:-1, max-image-preview:large, max-video-preview:-1\" \/>\n<link rel=\"canonical\" href=\"https:\/\/www.rimontgowineries.com\/blog\/fr\/eleconomista-entrevista-purificacion-mancebo-responsable-caves-viticoles-rimontgo-invest\/\" \/>\n<meta property=\"og:locale\" content=\"es_ES\" \/>\n<meta property=\"og:type\" content=\"article\" \/>\n<meta property=\"og:title\" content=\"Purificacion Mancebo pour El Economista| Rimontg\u00f3\" \/>\n<meta property=\"og:description\" content=\"Purificaci\u00f3n Mancebo, chef du d\u00e9partement des vins \u00e0 Rimontg\u00f3, propose une interview pour El Economista Comunidad Valenciana.\" \/>\n<meta property=\"og:url\" content=\"https:\/\/www.rimontgowineries.com\/blog\/fr\/eleconomista-entrevista-purificacion-mancebo-responsable-caves-viticoles-rimontgo-invest\/\" \/>\n<meta property=\"og:site_name\" content=\"Rimontgo Wineries\" \/>\n<meta property=\"article:published_time\" content=\"2017-04-21T09:16:38+00:00\" \/>\n<meta property=\"article:modified_time\" content=\"2020-07-27T11:14:14+00:00\" \/>\n<meta property=\"og:image\" content=\"https:\/\/www.rimontgowineries.com\/blog\/wp-content\/uploads\/2020\/03\/24.-el-economista-entrevista-a-purificacion-mancebo-responsable-de-bodegas-en-rimontgo-invest2-e1585046417611.jpg\" \/>\n\t<meta property=\"og:image:width\" content=\"1280\" \/>\n\t<meta property=\"og:image:height\" content=\"720\" \/>\n\t<meta property=\"og:image:type\" content=\"image\/jpeg\" \/>\n<meta name=\"author\" content=\"Rimontg\u00f3\" \/>\n<meta name=\"twitter:card\" content=\"summary_large_image\" \/>\n<meta name=\"twitter:label1\" content=\"Written by\" \/>\n\t<meta name=\"twitter:data1\" content=\"Rimontg\u00f3\" \/>\n\t<meta name=\"twitter:label2\" content=\"Est. reading time\" \/>\n\t<meta name=\"twitter:data2\" content=\"2 minutos\" \/>\n<script type=\"application\/ld+json\" class=\"yoast-schema-graph\">{\"@context\":\"https:\/\/schema.org\",\"@graph\":[{\"@type\":\"Article\",\"@id\":\"https:\/\/www.rimontgowineries.com\/blog\/fr\/eleconomista-entrevista-purificacion-mancebo-responsable-caves-viticoles-rimontgo-invest\/#article\",\"isPartOf\":{\"@id\":\"https:\/\/www.rimontgowineries.com\/blog\/fr\/eleconomista-entrevista-purificacion-mancebo-responsable-caves-viticoles-rimontgo-invest\/\"},\"author\":{\"name\":\"Rimontg\u00f3\",\"@id\":\"https:\/\/www.rimontgowineries.com\/blog\/#\/schema\/person\/6a5818c38bd30c858e2236707d38658d\"},\"headline\":\"El Economista interview Purificaci\u00f3n Mancebo, responsable des caves viticoles \u00e0 Rimontg\u00f3 Invest\",\"datePublished\":\"2017-04-21T09:16:38+00:00\",\"dateModified\":\"2020-07-27T11:14:14+00:00\",\"mainEntityOfPage\":{\"@id\":\"https:\/\/www.rimontgowineries.com\/blog\/fr\/eleconomista-entrevista-purificacion-mancebo-responsable-caves-viticoles-rimontgo-invest\/\"},\"wordCount\":335,\"publisher\":{\"@id\":\"https:\/\/www.rimontgowineries.com\/blog\/#organization\"},\"articleSection\":[\"Actualit\u00e9\"],\"inLanguage\":\"es\"},{\"@type\":\"WebPage\",\"@id\":\"https:\/\/www.rimontgowineries.com\/blog\/fr\/eleconomista-entrevista-purificacion-mancebo-responsable-caves-viticoles-rimontgo-invest\/\",\"url\":\"https:\/\/www.rimontgowineries.com\/blog\/fr\/eleconomista-entrevista-purificacion-mancebo-responsable-caves-viticoles-rimontgo-invest\/\",\"name\":\"Purificacion Mancebo pour El Economista| Rimontg\u00f3\",\"isPartOf\":{\"@id\":\"https:\/\/www.rimontgowineries.com\/blog\/#website\"},\"datePublished\":\"2017-04-21T09:16:38+00:00\",\"dateModified\":\"2020-07-27T11:14:14+00:00\",\"description\":\"Purificaci\u00f3n Mancebo, chef du d\u00e9partement des vins \u00e0 Rimontg\u00f3, propose une interview pour El Economista Comunidad Valenciana.\",\"breadcrumb\":{\"@id\":\"https:\/\/www.rimontgowineries.com\/blog\/fr\/eleconomista-entrevista-purificacion-mancebo-responsable-caves-viticoles-rimontgo-invest\/#breadcrumb\"},\"inLanguage\":\"es\",\"potentialAction\":[{\"@type\":\"ReadAction\",\"target\":[\"https:\/\/www.rimontgowineries.com\/blog\/fr\/eleconomista-entrevista-purificacion-mancebo-responsable-caves-viticoles-rimontgo-invest\/\"]}]},{\"@type\":\"BreadcrumbList\",\"@id\":\"https:\/\/www.rimontgowineries.com\/blog\/fr\/eleconomista-entrevista-purificacion-mancebo-responsable-caves-viticoles-rimontgo-invest\/#breadcrumb\",\"itemListElement\":[{\"@type\":\"ListItem\",\"position\":1,\"name\":\"Home\",\"item\":\"https:\/\/www.rimontgowineries.com\/blog\/es\/\"},{\"@type\":\"ListItem\",\"position\":2,\"name\":\"El Economista interview Purificaci\u00f3n Mancebo, responsable des caves viticoles \u00e0 Rimontg\u00f3 Invest\"}]},{\"@type\":\"WebSite\",\"@id\":\"https:\/\/www.rimontgowineries.com\/blog\/#website\",\"url\":\"https:\/\/www.rimontgowineries.com\/blog\/\",\"name\":\"Rimontgo Wineries\",\"description\":\"Rimontgo Wineries\",\"publisher\":{\"@id\":\"https:\/\/www.rimontgowineries.com\/blog\/#organization\"},\"potentialAction\":[{\"@type\":\"SearchAction\",\"target\":{\"@type\":\"EntryPoint\",\"urlTemplate\":\"https:\/\/www.rimontgowineries.com\/blog\/?s={search_term_string}\"},\"query-input\":\"required name=search_term_string\"}],\"inLanguage\":\"es\"},{\"@type\":\"Organization\",\"@id\":\"https:\/\/www.rimontgowineries.com\/blog\/#organization\",\"name\":\"Rimontgo Wineries\",\"url\":\"https:\/\/www.rimontgowineries.com\/blog\/\",\"logo\":{\"@type\":\"ImageObject\",\"inLanguage\":\"es\",\"@id\":\"https:\/\/www.rimontgowineries.com\/blog\/#\/schema\/logo\/image\/\",\"url\":\"https:\/\/www.rimontgowineries.com\/blog\/wp-content\/uploads\/2020\/03\/logo_bodegas_wineries_EN.svg\",\"contentUrl\":\"https:\/\/www.rimontgowineries.com\/blog\/wp-content\/uploads\/2020\/03\/logo_bodegas_wineries_EN.svg\",\"width\":134,\"height\":34,\"caption\":\"Rimontgo Wineries\"},\"image\":{\"@id\":\"https:\/\/www.rimontgowineries.com\/blog\/#\/schema\/logo\/image\/\"}},{\"@type\":\"Person\",\"@id\":\"https:\/\/www.rimontgowineries.com\/blog\/#\/schema\/person\/6a5818c38bd30c858e2236707d38658d\",\"name\":\"Rimontg\u00f3\",\"image\":{\"@type\":\"ImageObject\",\"inLanguage\":\"es\",\"@id\":\"https:\/\/www.rimontgowineries.com\/blog\/#\/schema\/person\/image\/\",\"url\":\"https:\/\/secure.gravatar.com\/avatar\/13d3e33b6bb55067dd20ab7a5d23c488?s=96&d=mm&r=g\",\"contentUrl\":\"https:\/\/secure.gravatar.com\/avatar\/13d3e33b6bb55067dd20ab7a5d23c488?s=96&d=mm&r=g\",\"caption\":\"Rimontg\u00f3\"},\"url\":\"https:\/\/www.rimontgowineries.com\/blog\/author\/tecnicos\/\"}]}<\/script>\n<!-- \/ Yoast SEO plugin. -->","yoast_head_json":{"title":"Purificacion Mancebo pour El Economista| Rimontg\u00f3","description":"Purificaci\u00f3n Mancebo, chef du d\u00e9partement des vins \u00e0 Rimontg\u00f3, propose une interview pour El Economista Comunidad Valenciana.","robots":{"index":"index","follow":"follow","max-snippet":"max-snippet:-1","max-image-preview":"max-image-preview:large","max-video-preview":"max-video-preview:-1"},"canonical":"https:\/\/www.rimontgowineries.com\/blog\/fr\/eleconomista-entrevista-purificacion-mancebo-responsable-caves-viticoles-rimontgo-invest\/","og_locale":"es_ES","og_type":"article","og_title":"Purificacion Mancebo pour El Economista| Rimontg\u00f3","og_description":"Purificaci\u00f3n Mancebo, chef du d\u00e9partement des vins \u00e0 Rimontg\u00f3, propose une interview pour El Economista Comunidad Valenciana.","og_url":"https:\/\/www.rimontgowineries.com\/blog\/fr\/eleconomista-entrevista-purificacion-mancebo-responsable-caves-viticoles-rimontgo-invest\/","og_site_name":"Rimontgo Wineries","article_published_time":"2017-04-21T09:16:38+00:00","article_modified_time":"2020-07-27T11:14:14+00:00","og_image":[{"width":1280,"height":720,"url":"https:\/\/www.rimontgowineries.com\/blog\/wp-content\/uploads\/2020\/03\/24.-el-economista-entrevista-a-purificacion-mancebo-responsable-de-bodegas-en-rimontgo-invest2-e1585046417611.jpg","type":"image\/jpeg"}],"author":"Rimontg\u00f3","twitter_card":"summary_large_image","twitter_misc":{"Written by":"Rimontg\u00f3","Est. reading time":"2 minutos"},"schema":{"@context":"https:\/\/schema.org","@graph":[{"@type":"Article","@id":"https:\/\/www.rimontgowineries.com\/blog\/fr\/eleconomista-entrevista-purificacion-mancebo-responsable-caves-viticoles-rimontgo-invest\/#article","isPartOf":{"@id":"https:\/\/www.rimontgowineries.com\/blog\/fr\/eleconomista-entrevista-purificacion-mancebo-responsable-caves-viticoles-rimontgo-invest\/"},"author":{"name":"Rimontg\u00f3","@id":"https:\/\/www.rimontgowineries.com\/blog\/#\/schema\/person\/6a5818c38bd30c858e2236707d38658d"},"headline":"El Economista interview Purificaci\u00f3n Mancebo, responsable des caves viticoles \u00e0 Rimontg\u00f3 Invest","datePublished":"2017-04-21T09:16:38+00:00","dateModified":"2020-07-27T11:14:14+00:00","mainEntityOfPage":{"@id":"https:\/\/www.rimontgowineries.com\/blog\/fr\/eleconomista-entrevista-purificacion-mancebo-responsable-caves-viticoles-rimontgo-invest\/"},"wordCount":335,"publisher":{"@id":"https:\/\/www.rimontgowineries.com\/blog\/#organization"},"articleSection":["Actualit\u00e9"],"inLanguage":"es"},{"@type":"WebPage","@id":"https:\/\/www.rimontgowineries.com\/blog\/fr\/eleconomista-entrevista-purificacion-mancebo-responsable-caves-viticoles-rimontgo-invest\/","url":"https:\/\/www.rimontgowineries.com\/blog\/fr\/eleconomista-entrevista-purificacion-mancebo-responsable-caves-viticoles-rimontgo-invest\/","name":"Purificacion Mancebo pour El Economista| Rimontg\u00f3","isPartOf":{"@id":"https:\/\/www.rimontgowineries.com\/blog\/#website"},"datePublished":"2017-04-21T09:16:38+00:00","dateModified":"2020-07-27T11:14:14+00:00","description":"Purificaci\u00f3n Mancebo, chef du d\u00e9partement des vins \u00e0 Rimontg\u00f3, propose une interview pour El Economista Comunidad Valenciana.","breadcrumb":{"@id":"https:\/\/www.rimontgowineries.com\/blog\/fr\/eleconomista-entrevista-purificacion-mancebo-responsable-caves-viticoles-rimontgo-invest\/#breadcrumb"},"inLanguage":"es","potentialAction":[{"@type":"ReadAction","target":["https:\/\/www.rimontgowineries.com\/blog\/fr\/eleconomista-entrevista-purificacion-mancebo-responsable-caves-viticoles-rimontgo-invest\/"]}]},{"@type":"BreadcrumbList","@id":"https:\/\/www.rimontgowineries.com\/blog\/fr\/eleconomista-entrevista-purificacion-mancebo-responsable-caves-viticoles-rimontgo-invest\/#breadcrumb","itemListElement":[{"@type":"ListItem","position":1,"name":"Home","item":"https:\/\/www.rimontgowineries.com\/blog\/es\/"},{"@type":"ListItem","position":2,"name":"El Economista interview Purificaci\u00f3n Mancebo, responsable des caves viticoles \u00e0 Rimontg\u00f3 Invest"}]},{"@type":"WebSite","@id":"https:\/\/www.rimontgowineries.com\/blog\/#website","url":"https:\/\/www.rimontgowineries.com\/blog\/","name":"Rimontgo Wineries","description":"Rimontgo Wineries","publisher":{"@id":"https:\/\/www.rimontgowineries.com\/blog\/#organization"},"potentialAction":[{"@type":"SearchAction","target":{"@type":"EntryPoint","urlTemplate":"https:\/\/www.rimontgowineries.com\/blog\/?s={search_term_string}"},"query-input":"required name=search_term_string"}],"inLanguage":"es"},{"@type":"Organization","@id":"https:\/\/www.rimontgowineries.com\/blog\/#organization","name":"Rimontgo Wineries","url":"https:\/\/www.rimontgowineries.com\/blog\/","logo":{"@type":"ImageObject","inLanguage":"es","@id":"https:\/\/www.rimontgowineries.com\/blog\/#\/schema\/logo\/image\/","url":"https:\/\/www.rimontgowineries.com\/blog\/wp-content\/uploads\/2020\/03\/logo_bodegas_wineries_EN.svg","contentUrl":"https:\/\/www.rimontgowineries.com\/blog\/wp-content\/uploads\/2020\/03\/logo_bodegas_wineries_EN.svg","width":134,"height":34,"caption":"Rimontgo Wineries"},"image":{"@id":"https:\/\/www.rimontgowineries.com\/blog\/#\/schema\/logo\/image\/"}},{"@type":"Person","@id":"https:\/\/www.rimontgowineries.com\/blog\/#\/schema\/person\/6a5818c38bd30c858e2236707d38658d","name":"Rimontg\u00f3","image":{"@type":"ImageObject","inLanguage":"es","@id":"https:\/\/www.rimontgowineries.com\/blog\/#\/schema\/person\/image\/","url":"https:\/\/secure.gravatar.com\/avatar\/13d3e33b6bb55067dd20ab7a5d23c488?s=96&d=mm&r=g","contentUrl":"https:\/\/secure.gravatar.com\/avatar\/13d3e33b6bb55067dd20ab7a5d23c488?s=96&d=mm&r=g","caption":"Rimontg\u00f3"},"url":"https:\/\/www.rimontgowineries.com\/blog\/author\/tecnicos\/"}]}},"_links":{"self":[{"href":"https:\/\/www.rimontgowineries.com\/blog\/wp-json\/wp\/v2\/posts\/9725"}],"collection":[{"href":"https:\/\/www.rimontgowineries.com\/blog\/wp-json\/wp\/v2\/posts"}],"about":[{"href":"https:\/\/www.rimontgowineries.com\/blog\/wp-json\/wp\/v2\/types\/post"}],"author":[{"embeddable":true,"href":"https:\/\/www.rimontgowineries.com\/blog\/wp-json\/wp\/v2\/users\/1"}],"replies":[{"embeddable":true,"href":"https:\/\/www.rimontgowineries.com\/blog\/wp-json\/wp\/v2\/comments?post=9725"}],"version-history":[{"count":3,"href":"https:\/\/www.rimontgowineries.com\/blog\/wp-json\/wp\/v2\/posts\/9725\/revisions"}],"predecessor-version":[{"id":20163,"href":"https:\/\/www.rimontgowineries.com\/blog\/wp-json\/wp\/v2\/posts\/9725\/revisions\/20163"}],"wp:featuredmedia":[{"embeddable":true,"href":"https:\/\/www.rimontgowineries.com\/blog\/wp-json\/wp\/v2\/media\/19408"}],"wp:attachment":[{"href":"https:\/\/www.rimontgowineries.com\/blog\/wp-json\/wp\/v2\/media?parent=9725"}],"wp:term":[{"taxonomy":"category","embeddable":true,"href":"https:\/\/www.rimontgowineries.com\/blog\/wp-json\/wp\/v2\/categories?post=9725"},{"taxonomy":"post_tag","embeddable":true,"href":"https:\/\/www.rimontgowineries.com\/blog\/wp-json\/wp\/v2\/tags?post=9725"}],"curies":[{"name":"wp","href":"https:\/\/api.w.org\/{rel}","templated":true}]}}